{"id":4618,"date":"2023-01-13T19:41:12","date_gmt":"2023-01-13T18:41:12","guid":{"rendered":"https:\/\/hierostrasbourg.com\/index.php\/2023\/01\/13\/fall-intro-nouvelle-video-de-te-az-pop-strasbourg-2\/"},"modified":"2023-01-13T19:41:12","modified_gmt":"2023-01-13T18:41:12","slug":"fall-intro-nouvelle-video-de-te-az-pop-strasbourg-2","status":"publish","type":"post","link":"https:\/\/hierostrasbourg.com\/index.php\/2023\/01\/13\/fall-intro-nouvelle-video-de-te-az-pop-strasbourg-2\/","title":{"rendered":"\u201cFall Intro\u201d, nouvelle vid\u00e9o de TE\/AZ [pop \/ Strasbourg]"},"content":{"rendered":"<p><span>communiqu\u00e9<\/span><br \/><em>La chute qui, en cet endroit, remplie d\u2019ombre, offrait l\u2019aspect le plus \u00e9trange. \u00c9troitement enserr\u00e9e par de bizarres rochers aux formes fantastiques, elle semblait infiniment profonde. Ces immenses blocs qui surplombaient la vue donnaient des \u00e9motions fortes.<\/em><br \/><em>Sombre, Hardent, \u00e9l\u00e9mentaire. Voil\u00e0 ce qui repr\u00e9sente mon Ep. Une ann\u00e9e a m\u2019enfermer dans l\u2019Oisans (alpe Is\u00e8re) \u00e0 ressentir la duret\u00e9 de ces montagnes, cascades, torrents. Essayant de vivre et traduire cette fantastique froideur d\u2019hiver, je vous laisse chuter dans mon univers, mon monde.<\/em><\/p>\n<p><span>autoportrait<\/span><br \/><em>L\u2019\u0153uvre de Teaz est une \u00e9vasion, \u00e0 l\u2019image de l\u2019Artiste qui \u00e0 travers sa musique, s\u2019\u00e9vade et nous transporte all\u00e9grement avec lui pour visiter ses premiers amours : la montagne, la nature, les voyages, la vie en van et le sport outdoor !<\/em><br \/><em>Et nous voil\u00e0 entrain\u00e9.e.s par ces th\u00e8mes a\u00e9riens, ces m\u00e9lodies orchestrales, et ces envol\u00e9es pop oniriques.<\/em><br \/><em>Apr\u00e8s 10 ans de travail dans l\u2019ombre dans la musique \u00e0 l\u2019image en se consacrant \u00e0 des documentaires voyage, sport et \u00e9galement des g\u00e9n\u00e9riques\u2026 Teaz d\u00e9voile enfin son univers \u00e0 travers VIATOREM son premier opus<\/em><\/p>\n<p><a href=\"https:\/\/www.facebook.com\/TEAZ.MUSIQ\/\">facebook<\/a><\/p>\n<p><span class=\"mce_SELRES_start\">\ufeff<\/span><\/p>\n<p>\u00a0<\/p>\n<p>L\u2019article <a href=\"https:\/\/musiquesactuelles.net\/fall-intro-nouvelle-video-de-te-az-pop-strasbourg\/\">\u201cFall Intro\u201d, nouvelle vid\u00e9o de TE\/AZ [pop \/ Strasbourg]<\/a> est apparu en premier sur <a href=\"https:\/\/musiquesactuelles.net\/\">PLATE-FORME MUSIQUES ACTUELLES GRAND EST ALSACE CHAMPAGNE ARDENNE LORRAINE<\/a>.<\/p>\n<p>L\u2019article <a href=\"https:\/\/popburo.fr\/fall-intro-nouvelle-video-de-te-az-pop-strasbourg\/\">\u201cFall Intro\u201d, nouvelle vid\u00e9o de TE\/AZ [pop \/ Strasbourg]<\/a> est apparu en premier sur <a href=\"https:\/\/popburo.fr\/\">POP B\u00dcRO<\/a>.<\/p>\n","protected":false},"excerpt":{"rendered":"<p>communiqu\u00e9La chute qui, en cet endroit, remplie d\u2019ombre, offrait l\u2019aspect le plus \u00e9trange. \u00c9troitement enserr\u00e9e par de bizarres rochers aux formes fantastiques, elle semblait infiniment profonde. Ces immenses blocs qui surplombaient la vue donnaient des \u00e9motions fortes.Sombre, Hardent, \u00e9l\u00e9mentaire. Voil\u00e0 ce qui repr\u00e9sente mon Ep. Une ann\u00e9e a m\u2019enfermer dans l\u2019Oisans (alpe Is\u00e8re) \u00e0 ressentir la duret\u00e9 de ces montagnes, cascades, torrents. Essayant de vivre et traduire cette fantastique froideur d\u2019hiver, je vous laisse chuter dans mon univers, mon monde. [&hellip;]<\/p>\n","protected":false},"author":0,"featured_media":0,"comment_status":"closed","ping_status":"open","sticky":false,"template":"","format":"standard","meta":{"footnotes":""},"categories":[1],"tags":[],"class_list":["post-4618","post","type-post","status-publish","format-standard","hentry","category-non-classe"],"yoast_head":"<!-- This site is optimized with the Yoast SEO plugin v27.5 - https:\/\/yoast.com\/product\/yoast-seo-wordpress\/ -->\n<title>\u201cFall Intro\u201d, nouvelle vid\u00e9o de TE\/AZ [pop \/ Strasbourg] - HIERO STRASBOURG<\/title>\n<meta name=\"robots\" content=\"index, follow, max-snippet:-1, max-image-preview:large, max-video-preview:-1\" \/>\n<link rel=\"canonical\" href=\"https:\/\/hierostrasbourg.com\/index.php\/2023\/01\/13\/fall-intro-nouvelle-video-de-te-az-pop-strasbourg-2\/\" \/>\n<meta property=\"og:locale\" content=\"fr_FR\" \/>\n<meta property=\"og:type\" content=\"article\" \/>\n<meta property=\"og:title\" content=\"\u201cFall Intro\u201d, nouvelle vid\u00e9o de TE\/AZ [pop \/ Strasbourg] - HIERO STRASBOURG\" \/>\n<meta property=\"og:description\" content=\"communiqu\u00e9La chute qui, en cet endroit, remplie d\u2019ombre, offrait l\u2019aspect le plus \u00e9trange. \u00c9troitement enserr\u00e9e par de bizarres rochers aux formes fantastiques, elle semblait infiniment profonde. Ces immenses blocs qui surplombaient la vue donnaient des \u00e9motions fortes.Sombre, Hardent, \u00e9l\u00e9mentaire. Voil\u00e0 ce qui repr\u00e9sente mon Ep. Une ann\u00e9e a m\u2019enfermer dans l\u2019Oisans (alpe Is\u00e8re) \u00e0 ressentir la duret\u00e9 de ces montagnes, cascades, torrents. Essayant de vivre et traduire cette fantastique froideur d\u2019hiver, je vous laisse chuter dans mon univers, mon monde. [&hellip;]\" \/>\n<meta property=\"og:url\" content=\"https:\/\/hierostrasbourg.com\/index.php\/2023\/01\/13\/fall-intro-nouvelle-video-de-te-az-pop-strasbourg-2\/\" \/>\n<meta property=\"og:site_name\" content=\"HIERO STRASBOURG\" \/>\n<meta property=\"article:publisher\" content=\"https:\/\/www.facebook.com\/fedehierostrasbourg\" \/>\n<meta property=\"article:published_time\" content=\"2023-01-13T18:41:12+00:00\" \/>\n<meta name=\"twitter:card\" content=\"summary_large_image\" \/>\n<meta name=\"twitter:creator\" content=\"@hierostrasbourg\" \/>\n<meta name=\"twitter:site\" content=\"@hierostrasbourg\" \/>\n<meta name=\"twitter:label1\" content=\"Dur\u00e9e de lecture estim\u00e9e\" \/>\n\t<meta name=\"twitter:data1\" content=\"1 minute\" \/>\n<script type=\"application\/ld+json\" class=\"yoast-schema-graph\">{\"@context\":\"https:\\\/\\\/schema.org\",\"@graph\":[{\"@type\":\"Article\",\"@id\":\"https:\\\/\\\/hierostrasbourg.com\\\/index.php\\\/2023\\\/01\\\/13\\\/fall-intro-nouvelle-video-de-te-az-pop-strasbourg-2\\\/#article\",\"isPartOf\":{\"@id\":\"https:\\\/\\\/hierostrasbourg.com\\\/index.php\\\/2023\\\/01\\\/13\\\/fall-intro-nouvelle-video-de-te-az-pop-strasbourg-2\\\/\"},\"author\":{\"name\":\"\",\"@id\":\"\"},\"headline\":\"\u201cFall Intro\u201d, nouvelle vid\u00e9o de TE\\\/AZ [pop \\\/ Strasbourg]\",\"datePublished\":\"2023-01-13T18:41:12+00:00\",\"mainEntityOfPage\":{\"@id\":\"https:\\\/\\\/hierostrasbourg.com\\\/index.php\\\/2023\\\/01\\\/13\\\/fall-intro-nouvelle-video-de-te-az-pop-strasbourg-2\\\/\"},\"wordCount\":252,\"publisher\":{\"@id\":\"https:\\\/\\\/hierostrasbourg.com\\\/#organization\"},\"inLanguage\":\"fr-FR\"},{\"@type\":\"WebPage\",\"@id\":\"https:\\\/\\\/hierostrasbourg.com\\\/index.php\\\/2023\\\/01\\\/13\\\/fall-intro-nouvelle-video-de-te-az-pop-strasbourg-2\\\/\",\"url\":\"https:\\\/\\\/hierostrasbourg.com\\\/index.php\\\/2023\\\/01\\\/13\\\/fall-intro-nouvelle-video-de-te-az-pop-strasbourg-2\\\/\",\"name\":\"\u201cFall Intro\u201d, nouvelle vid\u00e9o de TE\\\/AZ [pop \\\/ Strasbourg] - HIERO STRASBOURG\",\"isPartOf\":{\"@id\":\"https:\\\/\\\/hierostrasbourg.com\\\/#website\"},\"datePublished\":\"2023-01-13T18:41:12+00:00\",\"breadcrumb\":{\"@id\":\"https:\\\/\\\/hierostrasbourg.com\\\/index.php\\\/2023\\\/01\\\/13\\\/fall-intro-nouvelle-video-de-te-az-pop-strasbourg-2\\\/#breadcrumb\"},\"inLanguage\":\"fr-FR\",\"potentialAction\":[{\"@type\":\"ReadAction\",\"target\":[\"https:\\\/\\\/hierostrasbourg.com\\\/index.php\\\/2023\\\/01\\\/13\\\/fall-intro-nouvelle-video-de-te-az-pop-strasbourg-2\\\/\"]}]},{\"@type\":\"BreadcrumbList\",\"@id\":\"https:\\\/\\\/hierostrasbourg.com\\\/index.php\\\/2023\\\/01\\\/13\\\/fall-intro-nouvelle-video-de-te-az-pop-strasbourg-2\\\/#breadcrumb\",\"itemListElement\":[{\"@type\":\"ListItem\",\"position\":1,\"name\":\"Accueil\",\"item\":\"https:\\\/\\\/hierostrasbourg.com\\\/\"},{\"@type\":\"ListItem\",\"position\":2,\"name\":\"\u201cFall Intro\u201d, nouvelle vid\u00e9o de TE\\\/AZ [pop \\\/ Strasbourg]\"}]},{\"@type\":\"WebSite\",\"@id\":\"https:\\\/\\\/hierostrasbourg.com\\\/#website\",\"url\":\"https:\\\/\\\/hierostrasbourg.com\\\/\",\"name\":\"HIERO STRASBOURG\",\"description\":\"Centre de Ressources Musiques Actuelles\",\"publisher\":{\"@id\":\"https:\\\/\\\/hierostrasbourg.com\\\/#organization\"},\"potentialAction\":[{\"@type\":\"SearchAction\",\"target\":{\"@type\":\"EntryPoint\",\"urlTemplate\":\"https:\\\/\\\/hierostrasbourg.com\\\/?s={search_term_string}\"},\"query-input\":{\"@type\":\"PropertyValueSpecification\",\"valueRequired\":true,\"valueName\":\"search_term_string\"}}],\"inLanguage\":\"fr-FR\"},{\"@type\":\"Organization\",\"@id\":\"https:\\\/\\\/hierostrasbourg.com\\\/#organization\",\"name\":\"F\u00e9d\u00e9ration Hi\u00e9ro Strasbourg\",\"url\":\"https:\\\/\\\/hierostrasbourg.com\\\/\",\"logo\":{\"@type\":\"ImageObject\",\"inLanguage\":\"fr-FR\",\"@id\":\"https:\\\/\\\/hierostrasbourg.com\\\/#\\\/schema\\\/logo\\\/image\\\/\",\"url\":\"https:\\\/\\\/hierostrasbourg.com\\\/wp-content\\\/uploads\\\/2026\\\/04\\\/logo-hiero-strasbourg.jpg\",\"contentUrl\":\"https:\\\/\\\/hierostrasbourg.com\\\/wp-content\\\/uploads\\\/2026\\\/04\\\/logo-hiero-strasbourg.jpg\",\"width\":204,\"height\":192,\"caption\":\"F\u00e9d\u00e9ration Hi\u00e9ro Strasbourg\"},\"image\":{\"@id\":\"https:\\\/\\\/hierostrasbourg.com\\\/#\\\/schema\\\/logo\\\/image\\\/\"},\"sameAs\":[\"https:\\\/\\\/www.facebook.com\\\/fedehierostrasbourg\",\"https:\\\/\\\/x.com\\\/hierostrasbourg\"]}]}<\/script>\n<!-- \/ Yoast SEO plugin. -->","yoast_head_json":{"title":"\u201cFall Intro\u201d, nouvelle vid\u00e9o de TE\/AZ [pop \/ Strasbourg] - HIERO STRASBOURG","robots":{"index":"index","follow":"follow","max-snippet":"max-snippet:-1","max-image-preview":"max-image-preview:large","max-video-preview":"max-video-preview:-1"},"canonical":"https:\/\/hierostrasbourg.com\/index.php\/2023\/01\/13\/fall-intro-nouvelle-video-de-te-az-pop-strasbourg-2\/","og_locale":"fr_FR","og_type":"article","og_title":"\u201cFall Intro\u201d, nouvelle vid\u00e9o de TE\/AZ [pop \/ Strasbourg] - HIERO STRASBOURG","og_description":"communiqu\u00e9La chute qui, en cet endroit, remplie d\u2019ombre, offrait l\u2019aspect le plus \u00e9trange. \u00c9troitement enserr\u00e9e par de bizarres rochers aux formes fantastiques, elle semblait infiniment profonde. Ces immenses blocs qui surplombaient la vue donnaient des \u00e9motions fortes.Sombre, Hardent, \u00e9l\u00e9mentaire. Voil\u00e0 ce qui repr\u00e9sente mon Ep. Une ann\u00e9e a m\u2019enfermer dans l\u2019Oisans (alpe Is\u00e8re) \u00e0 ressentir la duret\u00e9 de ces montagnes, cascades, torrents. Essayant de vivre et traduire cette fantastique froideur d\u2019hiver, je vous laisse chuter dans mon univers, mon monde. [&hellip;]","og_url":"https:\/\/hierostrasbourg.com\/index.php\/2023\/01\/13\/fall-intro-nouvelle-video-de-te-az-pop-strasbourg-2\/","og_site_name":"HIERO STRASBOURG","article_publisher":"https:\/\/www.facebook.com\/fedehierostrasbourg","article_published_time":"2023-01-13T18:41:12+00:00","twitter_card":"summary_large_image","twitter_creator":"@hierostrasbourg","twitter_site":"@hierostrasbourg","twitter_misc":{"Dur\u00e9e de lecture estim\u00e9e":"1 minute"},"schema":{"@context":"https:\/\/schema.org","@graph":[{"@type":"Article","@id":"https:\/\/hierostrasbourg.com\/index.php\/2023\/01\/13\/fall-intro-nouvelle-video-de-te-az-pop-strasbourg-2\/#article","isPartOf":{"@id":"https:\/\/hierostrasbourg.com\/index.php\/2023\/01\/13\/fall-intro-nouvelle-video-de-te-az-pop-strasbourg-2\/"},"author":{"name":"","@id":""},"headline":"\u201cFall Intro\u201d, nouvelle vid\u00e9o de TE\/AZ [pop \/ Strasbourg]","datePublished":"2023-01-13T18:41:12+00:00","mainEntityOfPage":{"@id":"https:\/\/hierostrasbourg.com\/index.php\/2023\/01\/13\/fall-intro-nouvelle-video-de-te-az-pop-strasbourg-2\/"},"wordCount":252,"publisher":{"@id":"https:\/\/hierostrasbourg.com\/#organization"},"inLanguage":"fr-FR"},{"@type":"WebPage","@id":"https:\/\/hierostrasbourg.com\/index.php\/2023\/01\/13\/fall-intro-nouvelle-video-de-te-az-pop-strasbourg-2\/","url":"https:\/\/hierostrasbourg.com\/index.php\/2023\/01\/13\/fall-intro-nouvelle-video-de-te-az-pop-strasbourg-2\/","name":"\u201cFall Intro\u201d, nouvelle vid\u00e9o de TE\/AZ [pop \/ Strasbourg] - HIERO STRASBOURG","isPartOf":{"@id":"https:\/\/hierostrasbourg.com\/#website"},"datePublished":"2023-01-13T18:41:12+00:00","breadcrumb":{"@id":"https:\/\/hierostrasbourg.com\/index.php\/2023\/01\/13\/fall-intro-nouvelle-video-de-te-az-pop-strasbourg-2\/#breadcrumb"},"inLanguage":"fr-FR","potentialAction":[{"@type":"ReadAction","target":["https:\/\/hierostrasbourg.com\/index.php\/2023\/01\/13\/fall-intro-nouvelle-video-de-te-az-pop-strasbourg-2\/"]}]},{"@type":"BreadcrumbList","@id":"https:\/\/hierostrasbourg.com\/index.php\/2023\/01\/13\/fall-intro-nouvelle-video-de-te-az-pop-strasbourg-2\/#breadcrumb","itemListElement":[{"@type":"ListItem","position":1,"name":"Accueil","item":"https:\/\/hierostrasbourg.com\/"},{"@type":"ListItem","position":2,"name":"\u201cFall Intro\u201d, nouvelle vid\u00e9o de TE\/AZ [pop \/ Strasbourg]"}]},{"@type":"WebSite","@id":"https:\/\/hierostrasbourg.com\/#website","url":"https:\/\/hierostrasbourg.com\/","name":"HIERO STRASBOURG","description":"Centre de Ressources Musiques Actuelles","publisher":{"@id":"https:\/\/hierostrasbourg.com\/#organization"},"potentialAction":[{"@type":"SearchAction","target":{"@type":"EntryPoint","urlTemplate":"https:\/\/hierostrasbourg.com\/?s={search_term_string}"},"query-input":{"@type":"PropertyValueSpecification","valueRequired":true,"valueName":"search_term_string"}}],"inLanguage":"fr-FR"},{"@type":"Organization","@id":"https:\/\/hierostrasbourg.com\/#organization","name":"F\u00e9d\u00e9ration Hi\u00e9ro Strasbourg","url":"https:\/\/hierostrasbourg.com\/","logo":{"@type":"ImageObject","inLanguage":"fr-FR","@id":"https:\/\/hierostrasbourg.com\/#\/schema\/logo\/image\/","url":"https:\/\/hierostrasbourg.com\/wp-content\/uploads\/2026\/04\/logo-hiero-strasbourg.jpg","contentUrl":"https:\/\/hierostrasbourg.com\/wp-content\/uploads\/2026\/04\/logo-hiero-strasbourg.jpg","width":204,"height":192,"caption":"F\u00e9d\u00e9ration Hi\u00e9ro Strasbourg"},"image":{"@id":"https:\/\/hierostrasbourg.com\/#\/schema\/logo\/image\/"},"sameAs":["https:\/\/www.facebook.com\/fedehierostrasbourg","https:\/\/x.com\/hierostrasbourg"]}]}},"_links":{"self":[{"href":"https:\/\/hierostrasbourg.com\/index.php\/wp-json\/wp\/v2\/posts\/4618","targetHints":{"allow":["GET"]}}],"collection":[{"href":"https:\/\/hierostrasbourg.com\/index.php\/wp-json\/wp\/v2\/posts"}],"about":[{"href":"https:\/\/hierostrasbourg.com\/index.php\/wp-json\/wp\/v2\/types\/post"}],"replies":[{"embeddable":true,"href":"https:\/\/hierostrasbourg.com\/index.php\/wp-json\/wp\/v2\/comments?post=4618"}],"version-history":[{"count":0,"href":"https:\/\/hierostrasbourg.com\/index.php\/wp-json\/wp\/v2\/posts\/4618\/revisions"}],"wp:attachment":[{"href":"https:\/\/hierostrasbourg.com\/index.php\/wp-json\/wp\/v2\/media?parent=4618"}],"wp:term":[{"taxonomy":"category","embeddable":true,"href":"https:\/\/hierostrasbourg.com\/index.php\/wp-json\/wp\/v2\/categories?post=4618"},{"taxonomy":"post_tag","embeddable":true,"href":"https:\/\/hierostrasbourg.com\/index.php\/wp-json\/wp\/v2\/tags?post=4618"}],"curies":[{"name":"wp","href":"https:\/\/api.w.org\/{rel}","templated":true}]}}