{"id":4616,"date":"2023-01-13T17:44:11","date_gmt":"2023-01-13T16:44:11","guid":{"rendered":"https:\/\/hierostrasbourg.com\/index.php\/2023\/01\/13\/le-barometre-du-mecenat-dentreprise-en-france-en-2022-2\/"},"modified":"2023-01-13T17:44:11","modified_gmt":"2023-01-13T16:44:11","slug":"le-barometre-du-mecenat-dentreprise-en-france-en-2022-2","status":"publish","type":"post","link":"https:\/\/hierostrasbourg.com\/index.php\/2023\/01\/13\/le-barometre-du-mecenat-dentreprise-en-france-en-2022-2\/","title":{"rendered":"Le barom\u00e8tre du m\u00e9c\u00e9nat d\u2019entreprise en France en 2022"},"content":{"rendered":"<p><a href=\"https:\/\/musiquesactuelles.alsace\/le-barometre-du-mecenat-dentreprise-en-france-en-2022\/\" title=\"Le barom\u00e8tre du m\u00e9c\u00e9nat d'entreprise en France en 2022\"><\/a><\/p>\n<p>\u00c9dito Le me\u0301ce\u0301nat d\u2019entreprise n\u2019est pas une niche fiscale, c\u2019est un levier majeur d\u2019engagement socie\u0301tal des entreprises ! Cette 10e\u0300me e\u0301dition du Barome\u0300tre du me\u0301ce\u0301nat d\u2019entreprise indique que plus d\u2019un tiers des entreprises ne font pas jouer le me\u0301canisme de re\u0301duction d\u2019impo\u0302t sur les socie\u0301te\u0301s. Elle confirme ainsi que les raisons qui ame\u0300nent une entreprise a\u0300 s\u2019engager dans une action de me\u0301ce\u0301nat sont ailleurs. Re\u0301pondre aux enjeux spe\u0301cifiques de son territoire, satisfaire l\u2019envie des collaborateurs de s\u2019engager dans des causes [\u2026]<\/p>\n<p>L\u2019article <a href=\"https:\/\/musiquesactuelles.alsace\/le-barometre-du-mecenat-dentreprise-en-france-en-2022\/\">Le barom\u00e8tre du m\u00e9c\u00e9nat d\u2019entreprise en France en 2022<\/a> est apparu en premier sur <a href=\"https:\/\/musiquesactuelles.alsace\/\">Musiques Actuelles en Alsace<\/a>.<\/p>\n<p>L\u2019article <a href=\"https:\/\/popburo.fr\/le-barometre-du-mecenat-dentreprise-en-france-en-2022-2\/\">Le barom\u00e8tre du m\u00e9c\u00e9nat d\u2019entreprise en France en 2022<\/a> est apparu en premier sur <a href=\"https:\/\/popburo.fr\/\">POP B\u00dcRO<\/a>.<\/p>\n","protected":false},"excerpt":{"rendered":"<p>\u00c9dito Le me\u0301ce\u0301nat d\u2019entreprise n\u2019est pas une niche fiscale, c\u2019est un levier majeur d\u2019engagement socie\u0301tal des entreprises ! Cette 10e\u0300me e\u0301dition du Barome\u0300tre du me\u0301ce\u0301nat d\u2019entreprise indique que plus d\u2019un tiers des entreprises ne font pas jouer le me\u0301canisme de re\u0301duction d\u2019impo\u0302t sur les socie\u0301te\u0301s. Elle confirme ainsi que les raisons qui ame\u0300nent une entreprise a\u0300 s\u2019engager dans une action de me\u0301ce\u0301nat sont ailleurs. Re\u0301pondre aux enjeux spe\u0301cifiques de son territoire, satisfaire l\u2019envie des collaborateurs de s\u2019engager dans des causes [&hellip;]<\/p>\n","protected":false},"author":0,"featured_media":0,"comment_status":"closed","ping_status":"open","sticky":false,"template":"","format":"standard","meta":{"footnotes":""},"categories":[1],"tags":[],"class_list":["post-4616","post","type-post","status-publish","format-standard","hentry","category-non-classe"],"yoast_head":"<!-- This site is optimized with the Yoast SEO plugin v27.5 - https:\/\/yoast.com\/product\/yoast-seo-wordpress\/ -->\n<title>Le barom\u00e8tre du m\u00e9c\u00e9nat d\u2019entreprise en France en 2022 - HIERO STRASBOURG<\/title>\n<meta name=\"robots\" content=\"index, follow, max-snippet:-1, max-image-preview:large, max-video-preview:-1\" \/>\n<link rel=\"canonical\" href=\"https:\/\/hierostrasbourg.com\/index.php\/2023\/01\/13\/le-barometre-du-mecenat-dentreprise-en-france-en-2022-2\/\" \/>\n<meta property=\"og:locale\" content=\"fr_FR\" \/>\n<meta property=\"og:type\" content=\"article\" \/>\n<meta property=\"og:title\" content=\"Le barom\u00e8tre du m\u00e9c\u00e9nat d\u2019entreprise en France en 2022 - HIERO STRASBOURG\" \/>\n<meta property=\"og:description\" content=\"\u00c9dito Le me\u0301ce\u0301nat d\u2019entreprise n\u2019est pas une niche fiscale, c\u2019est un levier majeur d\u2019engagement socie\u0301tal des entreprises ! Cette 10e\u0300me e\u0301dition du Barome\u0300tre du me\u0301ce\u0301nat d\u2019entreprise indique que plus d\u2019un tiers des entreprises ne font pas jouer le me\u0301canisme de re\u0301duction d\u2019impo\u0302t sur les socie\u0301te\u0301s. Elle confirme ainsi que les raisons qui ame\u0300nent une entreprise a\u0300 s\u2019engager dans une action de me\u0301ce\u0301nat sont ailleurs. Re\u0301pondre aux enjeux spe\u0301cifiques de son territoire, satisfaire l\u2019envie des collaborateurs de s\u2019engager dans des causes [&hellip;]\" \/>\n<meta property=\"og:url\" content=\"https:\/\/hierostrasbourg.com\/index.php\/2023\/01\/13\/le-barometre-du-mecenat-dentreprise-en-france-en-2022-2\/\" \/>\n<meta property=\"og:site_name\" content=\"HIERO STRASBOURG\" \/>\n<meta property=\"article:publisher\" content=\"https:\/\/www.facebook.com\/fedehierostrasbourg\" \/>\n<meta property=\"article:published_time\" content=\"2023-01-13T16:44:11+00:00\" \/>\n<meta name=\"twitter:card\" content=\"summary_large_image\" \/>\n<meta name=\"twitter:creator\" content=\"@hierostrasbourg\" \/>\n<meta name=\"twitter:site\" content=\"@hierostrasbourg\" \/>\n<meta name=\"twitter:label1\" content=\"Dur\u00e9e de lecture estim\u00e9e\" \/>\n\t<meta name=\"twitter:data1\" content=\"1 minute\" \/>\n<script type=\"application\/ld+json\" class=\"yoast-schema-graph\">{\"@context\":\"https:\\\/\\\/schema.org\",\"@graph\":[{\"@type\":\"Article\",\"@id\":\"https:\\\/\\\/hierostrasbourg.com\\\/index.php\\\/2023\\\/01\\\/13\\\/le-barometre-du-mecenat-dentreprise-en-france-en-2022-2\\\/#article\",\"isPartOf\":{\"@id\":\"https:\\\/\\\/hierostrasbourg.com\\\/index.php\\\/2023\\\/01\\\/13\\\/le-barometre-du-mecenat-dentreprise-en-france-en-2022-2\\\/\"},\"author\":{\"name\":\"\",\"@id\":\"\"},\"headline\":\"Le barom\u00e8tre du m\u00e9c\u00e9nat d\u2019entreprise en France en 2022\",\"datePublished\":\"2023-01-13T16:44:11+00:00\",\"mainEntityOfPage\":{\"@id\":\"https:\\\/\\\/hierostrasbourg.com\\\/index.php\\\/2023\\\/01\\\/13\\\/le-barometre-du-mecenat-dentreprise-en-france-en-2022-2\\\/\"},\"wordCount\":164,\"publisher\":{\"@id\":\"https:\\\/\\\/hierostrasbourg.com\\\/#organization\"},\"inLanguage\":\"fr-FR\"},{\"@type\":\"WebPage\",\"@id\":\"https:\\\/\\\/hierostrasbourg.com\\\/index.php\\\/2023\\\/01\\\/13\\\/le-barometre-du-mecenat-dentreprise-en-france-en-2022-2\\\/\",\"url\":\"https:\\\/\\\/hierostrasbourg.com\\\/index.php\\\/2023\\\/01\\\/13\\\/le-barometre-du-mecenat-dentreprise-en-france-en-2022-2\\\/\",\"name\":\"Le barom\u00e8tre du m\u00e9c\u00e9nat d\u2019entreprise en France en 2022 - HIERO STRASBOURG\",\"isPartOf\":{\"@id\":\"https:\\\/\\\/hierostrasbourg.com\\\/#website\"},\"datePublished\":\"2023-01-13T16:44:11+00:00\",\"breadcrumb\":{\"@id\":\"https:\\\/\\\/hierostrasbourg.com\\\/index.php\\\/2023\\\/01\\\/13\\\/le-barometre-du-mecenat-dentreprise-en-france-en-2022-2\\\/#breadcrumb\"},\"inLanguage\":\"fr-FR\",\"potentialAction\":[{\"@type\":\"ReadAction\",\"target\":[\"https:\\\/\\\/hierostrasbourg.com\\\/index.php\\\/2023\\\/01\\\/13\\\/le-barometre-du-mecenat-dentreprise-en-france-en-2022-2\\\/\"]}]},{\"@type\":\"BreadcrumbList\",\"@id\":\"https:\\\/\\\/hierostrasbourg.com\\\/index.php\\\/2023\\\/01\\\/13\\\/le-barometre-du-mecenat-dentreprise-en-france-en-2022-2\\\/#breadcrumb\",\"itemListElement\":[{\"@type\":\"ListItem\",\"position\":1,\"name\":\"Accueil\",\"item\":\"https:\\\/\\\/hierostrasbourg.com\\\/\"},{\"@type\":\"ListItem\",\"position\":2,\"name\":\"Le barom\u00e8tre du m\u00e9c\u00e9nat d\u2019entreprise en France en 2022\"}]},{\"@type\":\"WebSite\",\"@id\":\"https:\\\/\\\/hierostrasbourg.com\\\/#website\",\"url\":\"https:\\\/\\\/hierostrasbourg.com\\\/\",\"name\":\"HIERO STRASBOURG\",\"description\":\"Centre de Ressources Musiques Actuelles\",\"publisher\":{\"@id\":\"https:\\\/\\\/hierostrasbourg.com\\\/#organization\"},\"potentialAction\":[{\"@type\":\"SearchAction\",\"target\":{\"@type\":\"EntryPoint\",\"urlTemplate\":\"https:\\\/\\\/hierostrasbourg.com\\\/?s={search_term_string}\"},\"query-input\":{\"@type\":\"PropertyValueSpecification\",\"valueRequired\":true,\"valueName\":\"search_term_string\"}}],\"inLanguage\":\"fr-FR\"},{\"@type\":\"Organization\",\"@id\":\"https:\\\/\\\/hierostrasbourg.com\\\/#organization\",\"name\":\"F\u00e9d\u00e9ration Hi\u00e9ro Strasbourg\",\"url\":\"https:\\\/\\\/hierostrasbourg.com\\\/\",\"logo\":{\"@type\":\"ImageObject\",\"inLanguage\":\"fr-FR\",\"@id\":\"https:\\\/\\\/hierostrasbourg.com\\\/#\\\/schema\\\/logo\\\/image\\\/\",\"url\":\"https:\\\/\\\/hierostrasbourg.com\\\/wp-content\\\/uploads\\\/2026\\\/04\\\/logo-hiero-strasbourg.jpg\",\"contentUrl\":\"https:\\\/\\\/hierostrasbourg.com\\\/wp-content\\\/uploads\\\/2026\\\/04\\\/logo-hiero-strasbourg.jpg\",\"width\":204,\"height\":192,\"caption\":\"F\u00e9d\u00e9ration Hi\u00e9ro Strasbourg\"},\"image\":{\"@id\":\"https:\\\/\\\/hierostrasbourg.com\\\/#\\\/schema\\\/logo\\\/image\\\/\"},\"sameAs\":[\"https:\\\/\\\/www.facebook.com\\\/fedehierostrasbourg\",\"https:\\\/\\\/x.com\\\/hierostrasbourg\"]}]}<\/script>\n<!-- \/ Yoast SEO plugin. -->","yoast_head_json":{"title":"Le barom\u00e8tre du m\u00e9c\u00e9nat d\u2019entreprise en France en 2022 - HIERO STRASBOURG","robots":{"index":"index","follow":"follow","max-snippet":"max-snippet:-1","max-image-preview":"max-image-preview:large","max-video-preview":"max-video-preview:-1"},"canonical":"https:\/\/hierostrasbourg.com\/index.php\/2023\/01\/13\/le-barometre-du-mecenat-dentreprise-en-france-en-2022-2\/","og_locale":"fr_FR","og_type":"article","og_title":"Le barom\u00e8tre du m\u00e9c\u00e9nat d\u2019entreprise en France en 2022 - HIERO STRASBOURG","og_description":"\u00c9dito Le me\u0301ce\u0301nat d\u2019entreprise n\u2019est pas une niche fiscale, c\u2019est un levier majeur d\u2019engagement socie\u0301tal des entreprises ! Cette 10e\u0300me e\u0301dition du Barome\u0300tre du me\u0301ce\u0301nat d\u2019entreprise indique que plus d\u2019un tiers des entreprises ne font pas jouer le me\u0301canisme de re\u0301duction d\u2019impo\u0302t sur les socie\u0301te\u0301s. Elle confirme ainsi que les raisons qui ame\u0300nent une entreprise a\u0300 s\u2019engager dans une action de me\u0301ce\u0301nat sont ailleurs. Re\u0301pondre aux enjeux spe\u0301cifiques de son territoire, satisfaire l\u2019envie des collaborateurs de s\u2019engager dans des causes [&hellip;]","og_url":"https:\/\/hierostrasbourg.com\/index.php\/2023\/01\/13\/le-barometre-du-mecenat-dentreprise-en-france-en-2022-2\/","og_site_name":"HIERO STRASBOURG","article_publisher":"https:\/\/www.facebook.com\/fedehierostrasbourg","article_published_time":"2023-01-13T16:44:11+00:00","twitter_card":"summary_large_image","twitter_creator":"@hierostrasbourg","twitter_site":"@hierostrasbourg","twitter_misc":{"Dur\u00e9e de lecture estim\u00e9e":"1 minute"},"schema":{"@context":"https:\/\/schema.org","@graph":[{"@type":"Article","@id":"https:\/\/hierostrasbourg.com\/index.php\/2023\/01\/13\/le-barometre-du-mecenat-dentreprise-en-france-en-2022-2\/#article","isPartOf":{"@id":"https:\/\/hierostrasbourg.com\/index.php\/2023\/01\/13\/le-barometre-du-mecenat-dentreprise-en-france-en-2022-2\/"},"author":{"name":"","@id":""},"headline":"Le barom\u00e8tre du m\u00e9c\u00e9nat d\u2019entreprise en France en 2022","datePublished":"2023-01-13T16:44:11+00:00","mainEntityOfPage":{"@id":"https:\/\/hierostrasbourg.com\/index.php\/2023\/01\/13\/le-barometre-du-mecenat-dentreprise-en-france-en-2022-2\/"},"wordCount":164,"publisher":{"@id":"https:\/\/hierostrasbourg.com\/#organization"},"inLanguage":"fr-FR"},{"@type":"WebPage","@id":"https:\/\/hierostrasbourg.com\/index.php\/2023\/01\/13\/le-barometre-du-mecenat-dentreprise-en-france-en-2022-2\/","url":"https:\/\/hierostrasbourg.com\/index.php\/2023\/01\/13\/le-barometre-du-mecenat-dentreprise-en-france-en-2022-2\/","name":"Le barom\u00e8tre du m\u00e9c\u00e9nat d\u2019entreprise en France en 2022 - HIERO STRASBOURG","isPartOf":{"@id":"https:\/\/hierostrasbourg.com\/#website"},"datePublished":"2023-01-13T16:44:11+00:00","breadcrumb":{"@id":"https:\/\/hierostrasbourg.com\/index.php\/2023\/01\/13\/le-barometre-du-mecenat-dentreprise-en-france-en-2022-2\/#breadcrumb"},"inLanguage":"fr-FR","potentialAction":[{"@type":"ReadAction","target":["https:\/\/hierostrasbourg.com\/index.php\/2023\/01\/13\/le-barometre-du-mecenat-dentreprise-en-france-en-2022-2\/"]}]},{"@type":"BreadcrumbList","@id":"https:\/\/hierostrasbourg.com\/index.php\/2023\/01\/13\/le-barometre-du-mecenat-dentreprise-en-france-en-2022-2\/#breadcrumb","itemListElement":[{"@type":"ListItem","position":1,"name":"Accueil","item":"https:\/\/hierostrasbourg.com\/"},{"@type":"ListItem","position":2,"name":"Le barom\u00e8tre du m\u00e9c\u00e9nat d\u2019entreprise en France en 2022"}]},{"@type":"WebSite","@id":"https:\/\/hierostrasbourg.com\/#website","url":"https:\/\/hierostrasbourg.com\/","name":"HIERO STRASBOURG","description":"Centre de Ressources Musiques Actuelles","publisher":{"@id":"https:\/\/hierostrasbourg.com\/#organization"},"potentialAction":[{"@type":"SearchAction","target":{"@type":"EntryPoint","urlTemplate":"https:\/\/hierostrasbourg.com\/?s={search_term_string}"},"query-input":{"@type":"PropertyValueSpecification","valueRequired":true,"valueName":"search_term_string"}}],"inLanguage":"fr-FR"},{"@type":"Organization","@id":"https:\/\/hierostrasbourg.com\/#organization","name":"F\u00e9d\u00e9ration Hi\u00e9ro Strasbourg","url":"https:\/\/hierostrasbourg.com\/","logo":{"@type":"ImageObject","inLanguage":"fr-FR","@id":"https:\/\/hierostrasbourg.com\/#\/schema\/logo\/image\/","url":"https:\/\/hierostrasbourg.com\/wp-content\/uploads\/2026\/04\/logo-hiero-strasbourg.jpg","contentUrl":"https:\/\/hierostrasbourg.com\/wp-content\/uploads\/2026\/04\/logo-hiero-strasbourg.jpg","width":204,"height":192,"caption":"F\u00e9d\u00e9ration Hi\u00e9ro Strasbourg"},"image":{"@id":"https:\/\/hierostrasbourg.com\/#\/schema\/logo\/image\/"},"sameAs":["https:\/\/www.facebook.com\/fedehierostrasbourg","https:\/\/x.com\/hierostrasbourg"]}]}},"_links":{"self":[{"href":"https:\/\/hierostrasbourg.com\/index.php\/wp-json\/wp\/v2\/posts\/4616","targetHints":{"allow":["GET"]}}],"collection":[{"href":"https:\/\/hierostrasbourg.com\/index.php\/wp-json\/wp\/v2\/posts"}],"about":[{"href":"https:\/\/hierostrasbourg.com\/index.php\/wp-json\/wp\/v2\/types\/post"}],"replies":[{"embeddable":true,"href":"https:\/\/hierostrasbourg.com\/index.php\/wp-json\/wp\/v2\/comments?post=4616"}],"version-history":[{"count":0,"href":"https:\/\/hierostrasbourg.com\/index.php\/wp-json\/wp\/v2\/posts\/4616\/revisions"}],"wp:attachment":[{"href":"https:\/\/hierostrasbourg.com\/index.php\/wp-json\/wp\/v2\/media?parent=4616"}],"wp:term":[{"taxonomy":"category","embeddable":true,"href":"https:\/\/hierostrasbourg.com\/index.php\/wp-json\/wp\/v2\/categories?post=4616"},{"taxonomy":"post_tag","embeddable":true,"href":"https:\/\/hierostrasbourg.com\/index.php\/wp-json\/wp\/v2\/tags?post=4616"}],"curies":[{"name":"wp","href":"https:\/\/api.w.org\/{rel}","templated":true}]}}