{"id":4611,"date":"2023-01-13T12:43:31","date_gmt":"2023-01-13T11:43:31","guid":{"rendered":"https:\/\/hierostrasbourg.com\/index.php\/2023\/01\/13\/aux-biennales-internationales-du-spectacle-le-blues-du-secteur\/"},"modified":"2023-01-13T12:43:31","modified_gmt":"2023-01-13T11:43:31","slug":"aux-biennales-internationales-du-spectacle-le-blues-du-secteur","status":"publish","type":"post","link":"https:\/\/hierostrasbourg.com\/index.php\/2023\/01\/13\/aux-biennales-internationales-du-spectacle-le-blues-du-secteur\/","title":{"rendered":"Aux Biennales internationales du spectacle, le blues du secteur"},"content":{"rendered":"<p><a href=\"https:\/\/musiquesactuelles.alsace\/aux-biennales-internationales-du-spectacle-le-blues-du-secteur\/\" title=\"Aux Biennales internationales du spectacle, le blues du secteur\"><\/a><\/p>\n<p>A Nantes, pr\u00e8s de 15 000 professionnels du secteur ont partag\u00e9 pendant deux jours leurs inqui\u00e9tudes et leurs propositions pour sortir de la crise. \u00ab\u00a0Le spectacle vivant est face \u00e0 une crise d\u2019une ampleur sans pr\u00e9c\u00e9dent. La p\u00e9riode du Covid n\u2019\u00e9tait qu\u2019un galop d\u2019essai. La crise est d\u00e9sormais multifactorielle.\u00a0\u00bb\u00a0D\u2019un ton calme mais ferme, Nicolas Marc, cr\u00e9ateur et directeur des Biennales internationales du spectacle (BIS), observateur depuis plus de vingt ans de ce secteur culturel, ne cache pas sa forte inqui\u00e9tude. [\u2026]<\/p>\n<p>L\u2019article <a href=\"https:\/\/musiquesactuelles.alsace\/aux-biennales-internationales-du-spectacle-le-blues-du-secteur\/\">Aux Biennales internationales du spectacle, le blues du secteur<\/a> est apparu en premier sur <a href=\"https:\/\/musiquesactuelles.alsace\/\">Musiques Actuelles en Alsace<\/a>.<\/p>\n<p>L\u2019article <a href=\"https:\/\/popburo.fr\/aux-biennales-internationales-du-spectacle-le-blues-du-secteur\/\">Aux Biennales internationales du spectacle, le blues du secteur<\/a> est apparu en premier sur <a href=\"https:\/\/popburo.fr\/\">POP B\u00dcRO<\/a>.<\/p>\n","protected":false},"excerpt":{"rendered":"<p>A Nantes, pr\u00e8s de 15 000 professionnels du secteur ont partag\u00e9 pendant deux jours leurs inqui\u00e9tudes et leurs propositions pour sortir de la crise. \u00ab\u00a0Le spectacle vivant est face \u00e0 une crise d\u2019une ampleur sans pr\u00e9c\u00e9dent. La p\u00e9riode du Covid n\u2019\u00e9tait qu\u2019un galop d\u2019essai. La crise est d\u00e9sormais multifactorielle.\u00a0\u00bb\u00a0D\u2019un ton calme mais ferme, Nicolas Marc, cr\u00e9ateur et directeur des Biennales internationales du spectacle (BIS), observateur depuis plus de vingt ans de ce secteur culturel, ne cache pas sa forte inqui\u00e9tude. [&hellip;]<\/p>\n","protected":false},"author":0,"featured_media":0,"comment_status":"closed","ping_status":"open","sticky":false,"template":"","format":"standard","meta":{"footnotes":""},"categories":[1],"tags":[],"class_list":["post-4611","post","type-post","status-publish","format-standard","hentry","category-non-classe"],"yoast_head":"<!-- This site is optimized with the Yoast SEO plugin v27.5 - https:\/\/yoast.com\/product\/yoast-seo-wordpress\/ -->\n<title>Aux Biennales internationales du spectacle, le blues du secteur - HIERO STRASBOURG<\/title>\n<meta name=\"robots\" content=\"index, follow, max-snippet:-1, max-image-preview:large, max-video-preview:-1\" \/>\n<link rel=\"canonical\" href=\"https:\/\/hierostrasbourg.com\/index.php\/2023\/01\/13\/aux-biennales-internationales-du-spectacle-le-blues-du-secteur\/\" \/>\n<meta property=\"og:locale\" content=\"fr_FR\" \/>\n<meta property=\"og:type\" content=\"article\" \/>\n<meta property=\"og:title\" content=\"Aux Biennales internationales du spectacle, le blues du secteur - HIERO STRASBOURG\" \/>\n<meta property=\"og:description\" content=\"A Nantes, pr\u00e8s de 15 000 professionnels du secteur ont partag\u00e9 pendant deux jours leurs inqui\u00e9tudes et leurs propositions pour sortir de la crise. \u00ab\u00a0Le spectacle vivant est face \u00e0 une crise d\u2019une ampleur sans pr\u00e9c\u00e9dent. La p\u00e9riode du Covid n\u2019\u00e9tait qu\u2019un galop d\u2019essai. La crise est d\u00e9sormais multifactorielle.\u00a0\u00bb\u00a0D\u2019un ton calme mais ferme, Nicolas Marc, cr\u00e9ateur et directeur des Biennales internationales du spectacle (BIS), observateur depuis plus de vingt ans de ce secteur culturel, ne cache pas sa forte inqui\u00e9tude. [&hellip;]\" \/>\n<meta property=\"og:url\" content=\"https:\/\/hierostrasbourg.com\/index.php\/2023\/01\/13\/aux-biennales-internationales-du-spectacle-le-blues-du-secteur\/\" \/>\n<meta property=\"og:site_name\" content=\"HIERO STRASBOURG\" \/>\n<meta property=\"article:publisher\" content=\"https:\/\/www.facebook.com\/fedehierostrasbourg\" \/>\n<meta property=\"article:published_time\" content=\"2023-01-13T11:43:31+00:00\" \/>\n<meta name=\"twitter:card\" content=\"summary_large_image\" \/>\n<meta name=\"twitter:creator\" content=\"@hierostrasbourg\" \/>\n<meta name=\"twitter:site\" content=\"@hierostrasbourg\" \/>\n<meta name=\"twitter:label1\" content=\"Dur\u00e9e de lecture estim\u00e9e\" \/>\n\t<meta name=\"twitter:data1\" content=\"1 minute\" \/>\n<script type=\"application\/ld+json\" class=\"yoast-schema-graph\">{\"@context\":\"https:\\\/\\\/schema.org\",\"@graph\":[{\"@type\":\"Article\",\"@id\":\"https:\\\/\\\/hierostrasbourg.com\\\/index.php\\\/2023\\\/01\\\/13\\\/aux-biennales-internationales-du-spectacle-le-blues-du-secteur\\\/#article\",\"isPartOf\":{\"@id\":\"https:\\\/\\\/hierostrasbourg.com\\\/index.php\\\/2023\\\/01\\\/13\\\/aux-biennales-internationales-du-spectacle-le-blues-du-secteur\\\/\"},\"author\":{\"name\":\"\",\"@id\":\"\"},\"headline\":\"Aux Biennales internationales du spectacle, le blues du secteur\",\"datePublished\":\"2023-01-13T11:43:31+00:00\",\"mainEntityOfPage\":{\"@id\":\"https:\\\/\\\/hierostrasbourg.com\\\/index.php\\\/2023\\\/01\\\/13\\\/aux-biennales-internationales-du-spectacle-le-blues-du-secteur\\\/\"},\"wordCount\":139,\"publisher\":{\"@id\":\"https:\\\/\\\/hierostrasbourg.com\\\/#organization\"},\"inLanguage\":\"fr-FR\"},{\"@type\":\"WebPage\",\"@id\":\"https:\\\/\\\/hierostrasbourg.com\\\/index.php\\\/2023\\\/01\\\/13\\\/aux-biennales-internationales-du-spectacle-le-blues-du-secteur\\\/\",\"url\":\"https:\\\/\\\/hierostrasbourg.com\\\/index.php\\\/2023\\\/01\\\/13\\\/aux-biennales-internationales-du-spectacle-le-blues-du-secteur\\\/\",\"name\":\"Aux Biennales internationales du spectacle, le blues du secteur - HIERO STRASBOURG\",\"isPartOf\":{\"@id\":\"https:\\\/\\\/hierostrasbourg.com\\\/#website\"},\"datePublished\":\"2023-01-13T11:43:31+00:00\",\"breadcrumb\":{\"@id\":\"https:\\\/\\\/hierostrasbourg.com\\\/index.php\\\/2023\\\/01\\\/13\\\/aux-biennales-internationales-du-spectacle-le-blues-du-secteur\\\/#breadcrumb\"},\"inLanguage\":\"fr-FR\",\"potentialAction\":[{\"@type\":\"ReadAction\",\"target\":[\"https:\\\/\\\/hierostrasbourg.com\\\/index.php\\\/2023\\\/01\\\/13\\\/aux-biennales-internationales-du-spectacle-le-blues-du-secteur\\\/\"]}]},{\"@type\":\"BreadcrumbList\",\"@id\":\"https:\\\/\\\/hierostrasbourg.com\\\/index.php\\\/2023\\\/01\\\/13\\\/aux-biennales-internationales-du-spectacle-le-blues-du-secteur\\\/#breadcrumb\",\"itemListElement\":[{\"@type\":\"ListItem\",\"position\":1,\"name\":\"Accueil\",\"item\":\"https:\\\/\\\/hierostrasbourg.com\\\/\"},{\"@type\":\"ListItem\",\"position\":2,\"name\":\"Aux Biennales internationales du spectacle, le blues du secteur\"}]},{\"@type\":\"WebSite\",\"@id\":\"https:\\\/\\\/hierostrasbourg.com\\\/#website\",\"url\":\"https:\\\/\\\/hierostrasbourg.com\\\/\",\"name\":\"HIERO STRASBOURG\",\"description\":\"Centre de Ressources Musiques Actuelles\",\"publisher\":{\"@id\":\"https:\\\/\\\/hierostrasbourg.com\\\/#organization\"},\"potentialAction\":[{\"@type\":\"SearchAction\",\"target\":{\"@type\":\"EntryPoint\",\"urlTemplate\":\"https:\\\/\\\/hierostrasbourg.com\\\/?s={search_term_string}\"},\"query-input\":{\"@type\":\"PropertyValueSpecification\",\"valueRequired\":true,\"valueName\":\"search_term_string\"}}],\"inLanguage\":\"fr-FR\"},{\"@type\":\"Organization\",\"@id\":\"https:\\\/\\\/hierostrasbourg.com\\\/#organization\",\"name\":\"F\u00e9d\u00e9ration Hi\u00e9ro Strasbourg\",\"url\":\"https:\\\/\\\/hierostrasbourg.com\\\/\",\"logo\":{\"@type\":\"ImageObject\",\"inLanguage\":\"fr-FR\",\"@id\":\"https:\\\/\\\/hierostrasbourg.com\\\/#\\\/schema\\\/logo\\\/image\\\/\",\"url\":\"https:\\\/\\\/hierostrasbourg.com\\\/wp-content\\\/uploads\\\/2026\\\/04\\\/logo-hiero-strasbourg.jpg\",\"contentUrl\":\"https:\\\/\\\/hierostrasbourg.com\\\/wp-content\\\/uploads\\\/2026\\\/04\\\/logo-hiero-strasbourg.jpg\",\"width\":204,\"height\":192,\"caption\":\"F\u00e9d\u00e9ration Hi\u00e9ro Strasbourg\"},\"image\":{\"@id\":\"https:\\\/\\\/hierostrasbourg.com\\\/#\\\/schema\\\/logo\\\/image\\\/\"},\"sameAs\":[\"https:\\\/\\\/www.facebook.com\\\/fedehierostrasbourg\",\"https:\\\/\\\/x.com\\\/hierostrasbourg\"]}]}<\/script>\n<!-- \/ Yoast SEO plugin. -->","yoast_head_json":{"title":"Aux Biennales internationales du spectacle, le blues du secteur - HIERO STRASBOURG","robots":{"index":"index","follow":"follow","max-snippet":"max-snippet:-1","max-image-preview":"max-image-preview:large","max-video-preview":"max-video-preview:-1"},"canonical":"https:\/\/hierostrasbourg.com\/index.php\/2023\/01\/13\/aux-biennales-internationales-du-spectacle-le-blues-du-secteur\/","og_locale":"fr_FR","og_type":"article","og_title":"Aux Biennales internationales du spectacle, le blues du secteur - HIERO STRASBOURG","og_description":"A Nantes, pr\u00e8s de 15 000 professionnels du secteur ont partag\u00e9 pendant deux jours leurs inqui\u00e9tudes et leurs propositions pour sortir de la crise. \u00ab\u00a0Le spectacle vivant est face \u00e0 une crise d\u2019une ampleur sans pr\u00e9c\u00e9dent. La p\u00e9riode du Covid n\u2019\u00e9tait qu\u2019un galop d\u2019essai. La crise est d\u00e9sormais multifactorielle.\u00a0\u00bb\u00a0D\u2019un ton calme mais ferme, Nicolas Marc, cr\u00e9ateur et directeur des Biennales internationales du spectacle (BIS), observateur depuis plus de vingt ans de ce secteur culturel, ne cache pas sa forte inqui\u00e9tude. [&hellip;]","og_url":"https:\/\/hierostrasbourg.com\/index.php\/2023\/01\/13\/aux-biennales-internationales-du-spectacle-le-blues-du-secteur\/","og_site_name":"HIERO STRASBOURG","article_publisher":"https:\/\/www.facebook.com\/fedehierostrasbourg","article_published_time":"2023-01-13T11:43:31+00:00","twitter_card":"summary_large_image","twitter_creator":"@hierostrasbourg","twitter_site":"@hierostrasbourg","twitter_misc":{"Dur\u00e9e de lecture estim\u00e9e":"1 minute"},"schema":{"@context":"https:\/\/schema.org","@graph":[{"@type":"Article","@id":"https:\/\/hierostrasbourg.com\/index.php\/2023\/01\/13\/aux-biennales-internationales-du-spectacle-le-blues-du-secteur\/#article","isPartOf":{"@id":"https:\/\/hierostrasbourg.com\/index.php\/2023\/01\/13\/aux-biennales-internationales-du-spectacle-le-blues-du-secteur\/"},"author":{"name":"","@id":""},"headline":"Aux Biennales internationales du spectacle, le blues du secteur","datePublished":"2023-01-13T11:43:31+00:00","mainEntityOfPage":{"@id":"https:\/\/hierostrasbourg.com\/index.php\/2023\/01\/13\/aux-biennales-internationales-du-spectacle-le-blues-du-secteur\/"},"wordCount":139,"publisher":{"@id":"https:\/\/hierostrasbourg.com\/#organization"},"inLanguage":"fr-FR"},{"@type":"WebPage","@id":"https:\/\/hierostrasbourg.com\/index.php\/2023\/01\/13\/aux-biennales-internationales-du-spectacle-le-blues-du-secteur\/","url":"https:\/\/hierostrasbourg.com\/index.php\/2023\/01\/13\/aux-biennales-internationales-du-spectacle-le-blues-du-secteur\/","name":"Aux Biennales internationales du spectacle, le blues du secteur - HIERO STRASBOURG","isPartOf":{"@id":"https:\/\/hierostrasbourg.com\/#website"},"datePublished":"2023-01-13T11:43:31+00:00","breadcrumb":{"@id":"https:\/\/hierostrasbourg.com\/index.php\/2023\/01\/13\/aux-biennales-internationales-du-spectacle-le-blues-du-secteur\/#breadcrumb"},"inLanguage":"fr-FR","potentialAction":[{"@type":"ReadAction","target":["https:\/\/hierostrasbourg.com\/index.php\/2023\/01\/13\/aux-biennales-internationales-du-spectacle-le-blues-du-secteur\/"]}]},{"@type":"BreadcrumbList","@id":"https:\/\/hierostrasbourg.com\/index.php\/2023\/01\/13\/aux-biennales-internationales-du-spectacle-le-blues-du-secteur\/#breadcrumb","itemListElement":[{"@type":"ListItem","position":1,"name":"Accueil","item":"https:\/\/hierostrasbourg.com\/"},{"@type":"ListItem","position":2,"name":"Aux Biennales internationales du spectacle, le blues du secteur"}]},{"@type":"WebSite","@id":"https:\/\/hierostrasbourg.com\/#website","url":"https:\/\/hierostrasbourg.com\/","name":"HIERO STRASBOURG","description":"Centre de Ressources Musiques Actuelles","publisher":{"@id":"https:\/\/hierostrasbourg.com\/#organization"},"potentialAction":[{"@type":"SearchAction","target":{"@type":"EntryPoint","urlTemplate":"https:\/\/hierostrasbourg.com\/?s={search_term_string}"},"query-input":{"@type":"PropertyValueSpecification","valueRequired":true,"valueName":"search_term_string"}}],"inLanguage":"fr-FR"},{"@type":"Organization","@id":"https:\/\/hierostrasbourg.com\/#organization","name":"F\u00e9d\u00e9ration Hi\u00e9ro Strasbourg","url":"https:\/\/hierostrasbourg.com\/","logo":{"@type":"ImageObject","inLanguage":"fr-FR","@id":"https:\/\/hierostrasbourg.com\/#\/schema\/logo\/image\/","url":"https:\/\/hierostrasbourg.com\/wp-content\/uploads\/2026\/04\/logo-hiero-strasbourg.jpg","contentUrl":"https:\/\/hierostrasbourg.com\/wp-content\/uploads\/2026\/04\/logo-hiero-strasbourg.jpg","width":204,"height":192,"caption":"F\u00e9d\u00e9ration Hi\u00e9ro Strasbourg"},"image":{"@id":"https:\/\/hierostrasbourg.com\/#\/schema\/logo\/image\/"},"sameAs":["https:\/\/www.facebook.com\/fedehierostrasbourg","https:\/\/x.com\/hierostrasbourg"]}]}},"_links":{"self":[{"href":"https:\/\/hierostrasbourg.com\/index.php\/wp-json\/wp\/v2\/posts\/4611","targetHints":{"allow":["GET"]}}],"collection":[{"href":"https:\/\/hierostrasbourg.com\/index.php\/wp-json\/wp\/v2\/posts"}],"about":[{"href":"https:\/\/hierostrasbourg.com\/index.php\/wp-json\/wp\/v2\/types\/post"}],"replies":[{"embeddable":true,"href":"https:\/\/hierostrasbourg.com\/index.php\/wp-json\/wp\/v2\/comments?post=4611"}],"version-history":[{"count":0,"href":"https:\/\/hierostrasbourg.com\/index.php\/wp-json\/wp\/v2\/posts\/4611\/revisions"}],"wp:attachment":[{"href":"https:\/\/hierostrasbourg.com\/index.php\/wp-json\/wp\/v2\/media?parent=4611"}],"wp:term":[{"taxonomy":"category","embeddable":true,"href":"https:\/\/hierostrasbourg.com\/index.php\/wp-json\/wp\/v2\/categories?post=4611"},{"taxonomy":"post_tag","embeddable":true,"href":"https:\/\/hierostrasbourg.com\/index.php\/wp-json\/wp\/v2\/tags?post=4611"}],"curies":[{"name":"wp","href":"https:\/\/api.w.org\/{rel}","templated":true}]}}