{"id":4603,"date":"2023-01-12T15:43:08","date_gmt":"2023-01-12T14:43:08","guid":{"rendered":"https:\/\/hierostrasbourg.com\/index.php\/2023\/01\/12\/13e-sens-obernai-propose-un-stage-assistant-administration-billetterie-f-h\/"},"modified":"2023-01-12T15:43:08","modified_gmt":"2023-01-12T14:43:08","slug":"13e-sens-obernai-propose-un-stage-assistant-administration-billetterie-f-h","status":"publish","type":"post","link":"https:\/\/hierostrasbourg.com\/index.php\/2023\/01\/12\/13e-sens-obernai-propose-un-stage-assistant-administration-billetterie-f-h\/","title":{"rendered":"13e SENS [Obernai] propose un stage \u00ab\u00a0assistant administration \u2013 billetterie\u00a0\u00bb [F\/H]"},"content":{"rendered":"<h2>Description de l\u2019association culturelle 13e sens<\/h2>\n<p>L\u2019association 13e sens porte une saison culturelle pluridisciplinaire de plus d\u2019une quinzaine de spectacles de septembre \u00e0 avril. + d\u2019infos sur https:\/\/13esens.com\/<br \/>\nDu 21 avril au 1er mai aura lieu la 26\u00e8 \u00e9dition du festival des arts du cirque Pisteurs d\u2019Etoiles (avec un temps de r\u00e9sidence, des repr\u00e9sentations scolaires, et ateliers artistiques en amont). Chaque ann\u00e9e plus de 8000 spectateurs viennent participer au festival. + d\u2019infos sur www.pisteursdetoiles.com<\/p>\n<h2>Description du poste<\/h2>\n<p>Il ou elle assistera la charg\u00e9e d\u2019administration dans ses diff\u00e9rentes missions :<\/p>\n<h4>Administration \/ Production<\/h4>\n<p>gestion administrative : participer \u00e0 la r\u00e9alisation des contrats de cession, cor\u00e9alisation, coproduction et conventions<br \/>\nparticipation \u00e0 la logistique d\u2019accueil de compagnies, dans le cadre de la saison culturelle (r\u00e9servation des h\u00e9bergements et repas ; \u00e9tablissement des feuilles de route)<br \/>\ngestion sociale : assister pour l\u2019embauche d\u2019intermittents du spectacle, \u00e9tablissement des DUE, dans le cadre du festival Pisteurs d\u2019Etoiles<br \/>\n\u00e9tablissement des factures, suivi, classement<br \/>\nd\u00e9claration des droits d\u2019auteur \/ droits voisins<\/p>\n<h4>Billetterie et accueil public<\/h4>\n<p>pr\u00e9sence en billetterie durant le festival (vente de billets, gestion invitation\u2026), en soutien \u00e0 la charg\u00e9e de billetterie<br \/>\naccueil du public<\/p>\n<h2>Profil<\/h2>\n<p>Comp\u00e9tences en gestion de projets culturels<br \/>\nMa\u00eetrise de l\u2019informatique et des outils de bureautique<br \/>\nRigueur, aisance relationnelle et esprit d\u2019initiative<br \/>\nDisponibilit\u00e9 et ponctualit\u00e9<br \/>\nInt\u00e9r\u00eat pour le spectacle vivant<br \/>\nPermis B serait un plus<\/p>\n<p>Dur\u00e9e : 3 mois<br \/>\nDate de d\u00e9but : 15 f\u00e9vrier ou 1er mars 2023<br \/>\nEntretiens 30 et 31 janvier 2023 apr\u00e8s-midi<br \/>\nEnvoyez lettre de motivation + CV par mail ou voie postale avant le 25 janvier 2023,<br \/>\nAdresser \u00e0 :<br \/>\n13e sens \u2013 sc\u00e8ne et cin\u00e9<br \/>\nA l\u2019attention de Sabine HASENFRATZ<br \/>\nRue Athic \u2013 67210 Obernai France<br \/>\nou par mail \u00e0 administration@13esens.com<br \/>\n13e sens \u2013 sc\u00e8ne et cin\u00e9<\/p>\n<p>L\u2019article <a href=\"https:\/\/popburo.fr\/13e-sens-obernai-propose-un-stage-assistant-administration-billetterie-f-h\/\">13e SENS [Obernai] propose un stage \u00ab\u00a0assistant administration \u2013 billetterie\u00a0\u00bb [F\/H]<\/a> est apparu en premier sur <a href=\"https:\/\/popburo.fr\/\">POP B\u00dcRO<\/a>.<\/p>\n","protected":false},"excerpt":{"rendered":"<p>Description de l\u2019association culturelle 13e sens L\u2019association 13e sens porte une saison culturelle pluridisciplinaire de plus d\u2019une quinzaine de spectacles de septembre \u00e0 avril. + d\u2019infos sur https:\/\/13esens.com\/ Du 21 avril au 1er mai aura lieu la 26\u00e8 \u00e9dition du festival des arts du cirque Pisteurs d\u2019Etoiles (avec un temps de r\u00e9sidence, des repr\u00e9sentations scolaires, et ateliers artistiques en amont). Chaque ann\u00e9e plus de 8000 spectateurs viennent participer au festival. + d\u2019infos sur www.pisteursdetoiles.com Description du poste Il ou elle [&hellip;]<\/p>\n","protected":false},"author":0,"featured_media":0,"comment_status":"closed","ping_status":"open","sticky":false,"template":"","format":"standard","meta":{"footnotes":""},"categories":[1],"tags":[],"class_list":["post-4603","post","type-post","status-publish","format-standard","hentry","category-non-classe"],"yoast_head":"<!-- This site is optimized with the Yoast SEO plugin v27.5 - https:\/\/yoast.com\/product\/yoast-seo-wordpress\/ -->\n<title>13e SENS [Obernai] propose un stage &quot;assistant administration \u2013 billetterie&quot; [F\/H] - HIERO STRASBOURG<\/title>\n<meta name=\"robots\" content=\"index, follow, max-snippet:-1, max-image-preview:large, max-video-preview:-1\" \/>\n<link rel=\"canonical\" href=\"https:\/\/hierostrasbourg.com\/index.php\/2023\/01\/12\/13e-sens-obernai-propose-un-stage-assistant-administration-billetterie-f-h\/\" \/>\n<meta property=\"og:locale\" content=\"fr_FR\" \/>\n<meta property=\"og:type\" content=\"article\" \/>\n<meta property=\"og:title\" content=\"13e SENS [Obernai] propose un stage &quot;assistant administration \u2013 billetterie&quot; [F\/H] - HIERO STRASBOURG\" \/>\n<meta property=\"og:description\" content=\"Description de l\u2019association culturelle 13e sens L\u2019association 13e sens porte une saison culturelle pluridisciplinaire de plus d\u2019une quinzaine de spectacles de septembre \u00e0 avril. + d\u2019infos sur https:\/\/13esens.com\/ Du 21 avril au 1er mai aura lieu la 26\u00e8 \u00e9dition du festival des arts du cirque Pisteurs d\u2019Etoiles (avec un temps de r\u00e9sidence, des repr\u00e9sentations scolaires, et ateliers artistiques en amont). Chaque ann\u00e9e plus de 8000 spectateurs viennent participer au festival. + d\u2019infos sur www.pisteursdetoiles.com Description du poste Il ou elle [&hellip;]\" \/>\n<meta property=\"og:url\" content=\"https:\/\/hierostrasbourg.com\/index.php\/2023\/01\/12\/13e-sens-obernai-propose-un-stage-assistant-administration-billetterie-f-h\/\" \/>\n<meta property=\"og:site_name\" content=\"HIERO STRASBOURG\" \/>\n<meta property=\"article:publisher\" content=\"https:\/\/www.facebook.com\/fedehierostrasbourg\" \/>\n<meta property=\"article:published_time\" content=\"2023-01-12T14:43:08+00:00\" \/>\n<meta name=\"twitter:card\" content=\"summary_large_image\" \/>\n<meta name=\"twitter:creator\" content=\"@hierostrasbourg\" \/>\n<meta name=\"twitter:site\" content=\"@hierostrasbourg\" \/>\n<meta name=\"twitter:label1\" content=\"Dur\u00e9e de lecture estim\u00e9e\" \/>\n\t<meta name=\"twitter:data1\" content=\"2 minutes\" \/>\n<script type=\"application\/ld+json\" class=\"yoast-schema-graph\">{\"@context\":\"https:\\\/\\\/schema.org\",\"@graph\":[{\"@type\":\"Article\",\"@id\":\"https:\\\/\\\/hierostrasbourg.com\\\/index.php\\\/2023\\\/01\\\/12\\\/13e-sens-obernai-propose-un-stage-assistant-administration-billetterie-f-h\\\/#article\",\"isPartOf\":{\"@id\":\"https:\\\/\\\/hierostrasbourg.com\\\/index.php\\\/2023\\\/01\\\/12\\\/13e-sens-obernai-propose-un-stage-assistant-administration-billetterie-f-h\\\/\"},\"author\":{\"name\":\"\",\"@id\":\"\"},\"headline\":\"13e SENS [Obernai] propose un stage \u00ab\u00a0assistant administration \u2013 billetterie\u00a0\u00bb [F\\\/H]\",\"datePublished\":\"2023-01-12T14:43:08+00:00\",\"mainEntityOfPage\":{\"@id\":\"https:\\\/\\\/hierostrasbourg.com\\\/index.php\\\/2023\\\/01\\\/12\\\/13e-sens-obernai-propose-un-stage-assistant-administration-billetterie-f-h\\\/\"},\"wordCount\":332,\"publisher\":{\"@id\":\"https:\\\/\\\/hierostrasbourg.com\\\/#organization\"},\"inLanguage\":\"fr-FR\"},{\"@type\":\"WebPage\",\"@id\":\"https:\\\/\\\/hierostrasbourg.com\\\/index.php\\\/2023\\\/01\\\/12\\\/13e-sens-obernai-propose-un-stage-assistant-administration-billetterie-f-h\\\/\",\"url\":\"https:\\\/\\\/hierostrasbourg.com\\\/index.php\\\/2023\\\/01\\\/12\\\/13e-sens-obernai-propose-un-stage-assistant-administration-billetterie-f-h\\\/\",\"name\":\"13e SENS [Obernai] propose un stage \\\"assistant administration \u2013 billetterie\\\" [F\\\/H] - HIERO STRASBOURG\",\"isPartOf\":{\"@id\":\"https:\\\/\\\/hierostrasbourg.com\\\/#website\"},\"datePublished\":\"2023-01-12T14:43:08+00:00\",\"breadcrumb\":{\"@id\":\"https:\\\/\\\/hierostrasbourg.com\\\/index.php\\\/2023\\\/01\\\/12\\\/13e-sens-obernai-propose-un-stage-assistant-administration-billetterie-f-h\\\/#breadcrumb\"},\"inLanguage\":\"fr-FR\",\"potentialAction\":[{\"@type\":\"ReadAction\",\"target\":[\"https:\\\/\\\/hierostrasbourg.com\\\/index.php\\\/2023\\\/01\\\/12\\\/13e-sens-obernai-propose-un-stage-assistant-administration-billetterie-f-h\\\/\"]}]},{\"@type\":\"BreadcrumbList\",\"@id\":\"https:\\\/\\\/hierostrasbourg.com\\\/index.php\\\/2023\\\/01\\\/12\\\/13e-sens-obernai-propose-un-stage-assistant-administration-billetterie-f-h\\\/#breadcrumb\",\"itemListElement\":[{\"@type\":\"ListItem\",\"position\":1,\"name\":\"Accueil\",\"item\":\"https:\\\/\\\/hierostrasbourg.com\\\/\"},{\"@type\":\"ListItem\",\"position\":2,\"name\":\"13e SENS [Obernai] propose un stage &#8220;assistant administration \u2013 billetterie&#8221; [F\\\/H]\"}]},{\"@type\":\"WebSite\",\"@id\":\"https:\\\/\\\/hierostrasbourg.com\\\/#website\",\"url\":\"https:\\\/\\\/hierostrasbourg.com\\\/\",\"name\":\"HIERO STRASBOURG\",\"description\":\"Centre de Ressources Musiques Actuelles\",\"publisher\":{\"@id\":\"https:\\\/\\\/hierostrasbourg.com\\\/#organization\"},\"potentialAction\":[{\"@type\":\"SearchAction\",\"target\":{\"@type\":\"EntryPoint\",\"urlTemplate\":\"https:\\\/\\\/hierostrasbourg.com\\\/?s={search_term_string}\"},\"query-input\":{\"@type\":\"PropertyValueSpecification\",\"valueRequired\":true,\"valueName\":\"search_term_string\"}}],\"inLanguage\":\"fr-FR\"},{\"@type\":\"Organization\",\"@id\":\"https:\\\/\\\/hierostrasbourg.com\\\/#organization\",\"name\":\"F\u00e9d\u00e9ration Hi\u00e9ro Strasbourg\",\"url\":\"https:\\\/\\\/hierostrasbourg.com\\\/\",\"logo\":{\"@type\":\"ImageObject\",\"inLanguage\":\"fr-FR\",\"@id\":\"https:\\\/\\\/hierostrasbourg.com\\\/#\\\/schema\\\/logo\\\/image\\\/\",\"url\":\"https:\\\/\\\/hierostrasbourg.com\\\/wp-content\\\/uploads\\\/2026\\\/04\\\/logo-hiero-strasbourg.jpg\",\"contentUrl\":\"https:\\\/\\\/hierostrasbourg.com\\\/wp-content\\\/uploads\\\/2026\\\/04\\\/logo-hiero-strasbourg.jpg\",\"width\":204,\"height\":192,\"caption\":\"F\u00e9d\u00e9ration Hi\u00e9ro Strasbourg\"},\"image\":{\"@id\":\"https:\\\/\\\/hierostrasbourg.com\\\/#\\\/schema\\\/logo\\\/image\\\/\"},\"sameAs\":[\"https:\\\/\\\/www.facebook.com\\\/fedehierostrasbourg\",\"https:\\\/\\\/x.com\\\/hierostrasbourg\"]}]}<\/script>\n<!-- \/ Yoast SEO plugin. -->","yoast_head_json":{"title":"13e SENS [Obernai] propose un stage \"assistant administration \u2013 billetterie\" [F\/H] - HIERO STRASBOURG","robots":{"index":"index","follow":"follow","max-snippet":"max-snippet:-1","max-image-preview":"max-image-preview:large","max-video-preview":"max-video-preview:-1"},"canonical":"https:\/\/hierostrasbourg.com\/index.php\/2023\/01\/12\/13e-sens-obernai-propose-un-stage-assistant-administration-billetterie-f-h\/","og_locale":"fr_FR","og_type":"article","og_title":"13e SENS [Obernai] propose un stage \"assistant administration \u2013 billetterie\" [F\/H] - HIERO STRASBOURG","og_description":"Description de l\u2019association culturelle 13e sens L\u2019association 13e sens porte une saison culturelle pluridisciplinaire de plus d\u2019une quinzaine de spectacles de septembre \u00e0 avril. + d\u2019infos sur https:\/\/13esens.com\/ Du 21 avril au 1er mai aura lieu la 26\u00e8 \u00e9dition du festival des arts du cirque Pisteurs d\u2019Etoiles (avec un temps de r\u00e9sidence, des repr\u00e9sentations scolaires, et ateliers artistiques en amont). Chaque ann\u00e9e plus de 8000 spectateurs viennent participer au festival. + d\u2019infos sur www.pisteursdetoiles.com Description du poste Il ou elle [&hellip;]","og_url":"https:\/\/hierostrasbourg.com\/index.php\/2023\/01\/12\/13e-sens-obernai-propose-un-stage-assistant-administration-billetterie-f-h\/","og_site_name":"HIERO STRASBOURG","article_publisher":"https:\/\/www.facebook.com\/fedehierostrasbourg","article_published_time":"2023-01-12T14:43:08+00:00","twitter_card":"summary_large_image","twitter_creator":"@hierostrasbourg","twitter_site":"@hierostrasbourg","twitter_misc":{"Dur\u00e9e de lecture estim\u00e9e":"2 minutes"},"schema":{"@context":"https:\/\/schema.org","@graph":[{"@type":"Article","@id":"https:\/\/hierostrasbourg.com\/index.php\/2023\/01\/12\/13e-sens-obernai-propose-un-stage-assistant-administration-billetterie-f-h\/#article","isPartOf":{"@id":"https:\/\/hierostrasbourg.com\/index.php\/2023\/01\/12\/13e-sens-obernai-propose-un-stage-assistant-administration-billetterie-f-h\/"},"author":{"name":"","@id":""},"headline":"13e SENS [Obernai] propose un stage \u00ab\u00a0assistant administration \u2013 billetterie\u00a0\u00bb [F\/H]","datePublished":"2023-01-12T14:43:08+00:00","mainEntityOfPage":{"@id":"https:\/\/hierostrasbourg.com\/index.php\/2023\/01\/12\/13e-sens-obernai-propose-un-stage-assistant-administration-billetterie-f-h\/"},"wordCount":332,"publisher":{"@id":"https:\/\/hierostrasbourg.com\/#organization"},"inLanguage":"fr-FR"},{"@type":"WebPage","@id":"https:\/\/hierostrasbourg.com\/index.php\/2023\/01\/12\/13e-sens-obernai-propose-un-stage-assistant-administration-billetterie-f-h\/","url":"https:\/\/hierostrasbourg.com\/index.php\/2023\/01\/12\/13e-sens-obernai-propose-un-stage-assistant-administration-billetterie-f-h\/","name":"13e SENS [Obernai] propose un stage \"assistant administration \u2013 billetterie\" [F\/H] - HIERO STRASBOURG","isPartOf":{"@id":"https:\/\/hierostrasbourg.com\/#website"},"datePublished":"2023-01-12T14:43:08+00:00","breadcrumb":{"@id":"https:\/\/hierostrasbourg.com\/index.php\/2023\/01\/12\/13e-sens-obernai-propose-un-stage-assistant-administration-billetterie-f-h\/#breadcrumb"},"inLanguage":"fr-FR","potentialAction":[{"@type":"ReadAction","target":["https:\/\/hierostrasbourg.com\/index.php\/2023\/01\/12\/13e-sens-obernai-propose-un-stage-assistant-administration-billetterie-f-h\/"]}]},{"@type":"BreadcrumbList","@id":"https:\/\/hierostrasbourg.com\/index.php\/2023\/01\/12\/13e-sens-obernai-propose-un-stage-assistant-administration-billetterie-f-h\/#breadcrumb","itemListElement":[{"@type":"ListItem","position":1,"name":"Accueil","item":"https:\/\/hierostrasbourg.com\/"},{"@type":"ListItem","position":2,"name":"13e SENS [Obernai] propose un stage &#8220;assistant administration \u2013 billetterie&#8221; [F\/H]"}]},{"@type":"WebSite","@id":"https:\/\/hierostrasbourg.com\/#website","url":"https:\/\/hierostrasbourg.com\/","name":"HIERO STRASBOURG","description":"Centre de Ressources Musiques Actuelles","publisher":{"@id":"https:\/\/hierostrasbourg.com\/#organization"},"potentialAction":[{"@type":"SearchAction","target":{"@type":"EntryPoint","urlTemplate":"https:\/\/hierostrasbourg.com\/?s={search_term_string}"},"query-input":{"@type":"PropertyValueSpecification","valueRequired":true,"valueName":"search_term_string"}}],"inLanguage":"fr-FR"},{"@type":"Organization","@id":"https:\/\/hierostrasbourg.com\/#organization","name":"F\u00e9d\u00e9ration Hi\u00e9ro Strasbourg","url":"https:\/\/hierostrasbourg.com\/","logo":{"@type":"ImageObject","inLanguage":"fr-FR","@id":"https:\/\/hierostrasbourg.com\/#\/schema\/logo\/image\/","url":"https:\/\/hierostrasbourg.com\/wp-content\/uploads\/2026\/04\/logo-hiero-strasbourg.jpg","contentUrl":"https:\/\/hierostrasbourg.com\/wp-content\/uploads\/2026\/04\/logo-hiero-strasbourg.jpg","width":204,"height":192,"caption":"F\u00e9d\u00e9ration Hi\u00e9ro Strasbourg"},"image":{"@id":"https:\/\/hierostrasbourg.com\/#\/schema\/logo\/image\/"},"sameAs":["https:\/\/www.facebook.com\/fedehierostrasbourg","https:\/\/x.com\/hierostrasbourg"]}]}},"_links":{"self":[{"href":"https:\/\/hierostrasbourg.com\/index.php\/wp-json\/wp\/v2\/posts\/4603","targetHints":{"allow":["GET"]}}],"collection":[{"href":"https:\/\/hierostrasbourg.com\/index.php\/wp-json\/wp\/v2\/posts"}],"about":[{"href":"https:\/\/hierostrasbourg.com\/index.php\/wp-json\/wp\/v2\/types\/post"}],"replies":[{"embeddable":true,"href":"https:\/\/hierostrasbourg.com\/index.php\/wp-json\/wp\/v2\/comments?post=4603"}],"version-history":[{"count":0,"href":"https:\/\/hierostrasbourg.com\/index.php\/wp-json\/wp\/v2\/posts\/4603\/revisions"}],"wp:attachment":[{"href":"https:\/\/hierostrasbourg.com\/index.php\/wp-json\/wp\/v2\/media?parent=4603"}],"wp:term":[{"taxonomy":"category","embeddable":true,"href":"https:\/\/hierostrasbourg.com\/index.php\/wp-json\/wp\/v2\/categories?post=4603"},{"taxonomy":"post_tag","embeddable":true,"href":"https:\/\/hierostrasbourg.com\/index.php\/wp-json\/wp\/v2\/tags?post=4603"}],"curies":[{"name":"wp","href":"https:\/\/api.w.org\/{rel}","templated":true}]}}