{"id":4601,"date":"2023-01-12T14:44:14","date_gmt":"2023-01-12T13:44:14","guid":{"rendered":"https:\/\/hierostrasbourg.com\/index.php\/2023\/01\/12\/droits-culturels-et-citoyennete-differenciee-vers-une-redecouverte-dun-agir-culturel-commun\/"},"modified":"2023-01-12T14:44:14","modified_gmt":"2023-01-12T13:44:14","slug":"droits-culturels-et-citoyennete-differenciee-vers-une-redecouverte-dun-agir-culturel-commun","status":"publish","type":"post","link":"https:\/\/hierostrasbourg.com\/index.php\/2023\/01\/12\/droits-culturels-et-citoyennete-differenciee-vers-une-redecouverte-dun-agir-culturel-commun\/","title":{"rendered":"Droits culturels et citoyennet\u00e9 diff\u00e9renci\u00e9e : vers une red\u00e9couverte d\u2019un agir culturel commun ?"},"content":{"rendered":"<p><a href=\"https:\/\/musiquesactuelles.alsace\/droits-culturels-et-citoyennete-differenciee-vers-une-redecouverte-dun-agir-culturel-commun\/\" title=\"Droits culturels et citoyennet\u00e9 diff\u00e9renci\u00e9e : vers une red\u00e9couverte d\u2019un agir culturel commun ?\"><\/a><\/p>\n<p>Les droits culturels ont bouscul\u00e9 une vision de la culture model\u00e9e par l\u2019\u00c9tat-nation. Pour Lionel Arnaud, ils constituent m\u00eame aujourd\u2019hui un \u00ab antidote \u00bb \u00e0 la mainmise de l\u2019\u00c9tat et du march\u00e9 sur la vie culturelle pour reconqu\u00e9rir un \u00ab agir culturel commun \u00bb. Une participation \u00e0 la vie culturelle ouverte sur la diversit\u00e9 des imaginaires, apte \u00e0 refonder une nouvelle citoyennet\u00e9. Source \/ Lire la suite : Droits culturels et citoyennet\u00e9 diff\u00e9renci\u00e9e : vers une red\u00e9couverte d\u2019un agir culturel [\u2026]<\/p>\n<p>L\u2019article <a href=\"https:\/\/musiquesactuelles.alsace\/droits-culturels-et-citoyennete-differenciee-vers-une-redecouverte-dun-agir-culturel-commun\/\">Droits culturels et citoyennet\u00e9 diff\u00e9renci\u00e9e : vers une red\u00e9couverte d\u2019un agir culturel commun ?<\/a> est apparu en premier sur <a href=\"https:\/\/musiquesactuelles.alsace\/\">Musiques Actuelles en Alsace<\/a>.<\/p>\n<p>L\u2019article <a href=\"https:\/\/popburo.fr\/droits-culturels-et-citoyennete-differenciee-vers-une-redecouverte-dun-agir-culturel-commun\/\">Droits culturels et citoyennet\u00e9 diff\u00e9renci\u00e9e : vers une red\u00e9couverte d\u2019un agir culturel commun ?<\/a> est apparu en premier sur <a href=\"https:\/\/popburo.fr\/\">POP B\u00dcRO<\/a>.<\/p>\n","protected":false},"excerpt":{"rendered":"<p>Les droits culturels ont bouscul\u00e9 une vision de la culture model\u00e9e par l\u2019\u00c9tat-nation. Pour Lionel Arnaud, ils constituent m\u00eame aujourd\u2019hui un \u00ab antidote \u00bb \u00e0 la mainmise de l\u2019\u00c9tat et du march\u00e9 sur la vie culturelle pour reconqu\u00e9rir un \u00ab agir culturel commun \u00bb. Une participation \u00e0 la vie culturelle ouverte sur la diversit\u00e9 des imaginaires, apte \u00e0 refonder une nouvelle citoyennet\u00e9. Source \/ Lire la suite : Droits culturels et citoyennet\u00e9 diff\u00e9renci\u00e9e : vers une red\u00e9couverte d\u2019un agir culturel [&hellip;]<\/p>\n","protected":false},"author":0,"featured_media":0,"comment_status":"closed","ping_status":"open","sticky":false,"template":"","format":"standard","meta":{"footnotes":""},"categories":[1],"tags":[],"class_list":["post-4601","post","type-post","status-publish","format-standard","hentry","category-non-classe"],"yoast_head":"<!-- This site is optimized with the Yoast SEO plugin v27.5 - https:\/\/yoast.com\/product\/yoast-seo-wordpress\/ -->\n<title>Droits culturels et citoyennet\u00e9 diff\u00e9renci\u00e9e : vers une red\u00e9couverte d\u2019un agir culturel commun ? - HIERO STRASBOURG<\/title>\n<meta name=\"robots\" content=\"index, follow, max-snippet:-1, max-image-preview:large, max-video-preview:-1\" \/>\n<link rel=\"canonical\" href=\"https:\/\/hierostrasbourg.com\/index.php\/2023\/01\/12\/droits-culturels-et-citoyennete-differenciee-vers-une-redecouverte-dun-agir-culturel-commun\/\" \/>\n<meta property=\"og:locale\" content=\"fr_FR\" \/>\n<meta property=\"og:type\" content=\"article\" \/>\n<meta property=\"og:title\" content=\"Droits culturels et citoyennet\u00e9 diff\u00e9renci\u00e9e : vers une red\u00e9couverte d\u2019un agir culturel commun ? - HIERO STRASBOURG\" \/>\n<meta property=\"og:description\" content=\"Les droits culturels ont bouscul\u00e9 une vision de la culture model\u00e9e par l\u2019\u00c9tat-nation. Pour Lionel Arnaud, ils constituent m\u00eame aujourd\u2019hui un \u00ab antidote \u00bb \u00e0 la mainmise de l\u2019\u00c9tat et du march\u00e9 sur la vie culturelle pour reconqu\u00e9rir un \u00ab agir culturel commun \u00bb. Une participation \u00e0 la vie culturelle ouverte sur la diversit\u00e9 des imaginaires, apte \u00e0 refonder une nouvelle citoyennet\u00e9. Source \/ Lire la suite : Droits culturels et citoyennet\u00e9 diff\u00e9renci\u00e9e : vers une red\u00e9couverte d\u2019un agir culturel [&hellip;]\" \/>\n<meta property=\"og:url\" content=\"https:\/\/hierostrasbourg.com\/index.php\/2023\/01\/12\/droits-culturels-et-citoyennete-differenciee-vers-une-redecouverte-dun-agir-culturel-commun\/\" \/>\n<meta property=\"og:site_name\" content=\"HIERO STRASBOURG\" \/>\n<meta property=\"article:publisher\" content=\"https:\/\/www.facebook.com\/fedehierostrasbourg\" \/>\n<meta property=\"article:published_time\" content=\"2023-01-12T13:44:14+00:00\" \/>\n<meta name=\"twitter:card\" content=\"summary_large_image\" \/>\n<meta name=\"twitter:creator\" content=\"@hierostrasbourg\" \/>\n<meta name=\"twitter:site\" content=\"@hierostrasbourg\" \/>\n<meta name=\"twitter:label1\" content=\"Dur\u00e9e de lecture estim\u00e9e\" \/>\n\t<meta name=\"twitter:data1\" content=\"1 minute\" \/>\n<script type=\"application\/ld+json\" class=\"yoast-schema-graph\">{\"@context\":\"https:\\\/\\\/schema.org\",\"@graph\":[{\"@type\":\"Article\",\"@id\":\"https:\\\/\\\/hierostrasbourg.com\\\/index.php\\\/2023\\\/01\\\/12\\\/droits-culturels-et-citoyennete-differenciee-vers-une-redecouverte-dun-agir-culturel-commun\\\/#article\",\"isPartOf\":{\"@id\":\"https:\\\/\\\/hierostrasbourg.com\\\/index.php\\\/2023\\\/01\\\/12\\\/droits-culturels-et-citoyennete-differenciee-vers-une-redecouverte-dun-agir-culturel-commun\\\/\"},\"author\":{\"name\":\"\",\"@id\":\"\"},\"headline\":\"Droits culturels et citoyennet\u00e9 diff\u00e9renci\u00e9e : vers une red\u00e9couverte d\u2019un agir culturel commun ?\",\"datePublished\":\"2023-01-12T13:44:14+00:00\",\"mainEntityOfPage\":{\"@id\":\"https:\\\/\\\/hierostrasbourg.com\\\/index.php\\\/2023\\\/01\\\/12\\\/droits-culturels-et-citoyennete-differenciee-vers-une-redecouverte-dun-agir-culturel-commun\\\/\"},\"wordCount\":149,\"publisher\":{\"@id\":\"https:\\\/\\\/hierostrasbourg.com\\\/#organization\"},\"inLanguage\":\"fr-FR\"},{\"@type\":\"WebPage\",\"@id\":\"https:\\\/\\\/hierostrasbourg.com\\\/index.php\\\/2023\\\/01\\\/12\\\/droits-culturels-et-citoyennete-differenciee-vers-une-redecouverte-dun-agir-culturel-commun\\\/\",\"url\":\"https:\\\/\\\/hierostrasbourg.com\\\/index.php\\\/2023\\\/01\\\/12\\\/droits-culturels-et-citoyennete-differenciee-vers-une-redecouverte-dun-agir-culturel-commun\\\/\",\"name\":\"Droits culturels et citoyennet\u00e9 diff\u00e9renci\u00e9e : vers une red\u00e9couverte d\u2019un agir culturel commun ? - HIERO STRASBOURG\",\"isPartOf\":{\"@id\":\"https:\\\/\\\/hierostrasbourg.com\\\/#website\"},\"datePublished\":\"2023-01-12T13:44:14+00:00\",\"breadcrumb\":{\"@id\":\"https:\\\/\\\/hierostrasbourg.com\\\/index.php\\\/2023\\\/01\\\/12\\\/droits-culturels-et-citoyennete-differenciee-vers-une-redecouverte-dun-agir-culturel-commun\\\/#breadcrumb\"},\"inLanguage\":\"fr-FR\",\"potentialAction\":[{\"@type\":\"ReadAction\",\"target\":[\"https:\\\/\\\/hierostrasbourg.com\\\/index.php\\\/2023\\\/01\\\/12\\\/droits-culturels-et-citoyennete-differenciee-vers-une-redecouverte-dun-agir-culturel-commun\\\/\"]}]},{\"@type\":\"BreadcrumbList\",\"@id\":\"https:\\\/\\\/hierostrasbourg.com\\\/index.php\\\/2023\\\/01\\\/12\\\/droits-culturels-et-citoyennete-differenciee-vers-une-redecouverte-dun-agir-culturel-commun\\\/#breadcrumb\",\"itemListElement\":[{\"@type\":\"ListItem\",\"position\":1,\"name\":\"Accueil\",\"item\":\"https:\\\/\\\/hierostrasbourg.com\\\/\"},{\"@type\":\"ListItem\",\"position\":2,\"name\":\"Droits culturels et citoyennet\u00e9 diff\u00e9renci\u00e9e : vers une red\u00e9couverte d\u2019un agir culturel commun ?\"}]},{\"@type\":\"WebSite\",\"@id\":\"https:\\\/\\\/hierostrasbourg.com\\\/#website\",\"url\":\"https:\\\/\\\/hierostrasbourg.com\\\/\",\"name\":\"HIERO STRASBOURG\",\"description\":\"Centre de Ressources Musiques Actuelles\",\"publisher\":{\"@id\":\"https:\\\/\\\/hierostrasbourg.com\\\/#organization\"},\"potentialAction\":[{\"@type\":\"SearchAction\",\"target\":{\"@type\":\"EntryPoint\",\"urlTemplate\":\"https:\\\/\\\/hierostrasbourg.com\\\/?s={search_term_string}\"},\"query-input\":{\"@type\":\"PropertyValueSpecification\",\"valueRequired\":true,\"valueName\":\"search_term_string\"}}],\"inLanguage\":\"fr-FR\"},{\"@type\":\"Organization\",\"@id\":\"https:\\\/\\\/hierostrasbourg.com\\\/#organization\",\"name\":\"F\u00e9d\u00e9ration Hi\u00e9ro Strasbourg\",\"url\":\"https:\\\/\\\/hierostrasbourg.com\\\/\",\"logo\":{\"@type\":\"ImageObject\",\"inLanguage\":\"fr-FR\",\"@id\":\"https:\\\/\\\/hierostrasbourg.com\\\/#\\\/schema\\\/logo\\\/image\\\/\",\"url\":\"https:\\\/\\\/hierostrasbourg.com\\\/wp-content\\\/uploads\\\/2026\\\/04\\\/logo-hiero-strasbourg.jpg\",\"contentUrl\":\"https:\\\/\\\/hierostrasbourg.com\\\/wp-content\\\/uploads\\\/2026\\\/04\\\/logo-hiero-strasbourg.jpg\",\"width\":204,\"height\":192,\"caption\":\"F\u00e9d\u00e9ration Hi\u00e9ro Strasbourg\"},\"image\":{\"@id\":\"https:\\\/\\\/hierostrasbourg.com\\\/#\\\/schema\\\/logo\\\/image\\\/\"},\"sameAs\":[\"https:\\\/\\\/www.facebook.com\\\/fedehierostrasbourg\",\"https:\\\/\\\/x.com\\\/hierostrasbourg\"]}]}<\/script>\n<!-- \/ Yoast SEO plugin. -->","yoast_head_json":{"title":"Droits culturels et citoyennet\u00e9 diff\u00e9renci\u00e9e : vers une red\u00e9couverte d\u2019un agir culturel commun ? - HIERO STRASBOURG","robots":{"index":"index","follow":"follow","max-snippet":"max-snippet:-1","max-image-preview":"max-image-preview:large","max-video-preview":"max-video-preview:-1"},"canonical":"https:\/\/hierostrasbourg.com\/index.php\/2023\/01\/12\/droits-culturels-et-citoyennete-differenciee-vers-une-redecouverte-dun-agir-culturel-commun\/","og_locale":"fr_FR","og_type":"article","og_title":"Droits culturels et citoyennet\u00e9 diff\u00e9renci\u00e9e : vers une red\u00e9couverte d\u2019un agir culturel commun ? - HIERO STRASBOURG","og_description":"Les droits culturels ont bouscul\u00e9 une vision de la culture model\u00e9e par l\u2019\u00c9tat-nation. Pour Lionel Arnaud, ils constituent m\u00eame aujourd\u2019hui un \u00ab antidote \u00bb \u00e0 la mainmise de l\u2019\u00c9tat et du march\u00e9 sur la vie culturelle pour reconqu\u00e9rir un \u00ab agir culturel commun \u00bb. Une participation \u00e0 la vie culturelle ouverte sur la diversit\u00e9 des imaginaires, apte \u00e0 refonder une nouvelle citoyennet\u00e9. Source \/ Lire la suite : Droits culturels et citoyennet\u00e9 diff\u00e9renci\u00e9e : vers une red\u00e9couverte d\u2019un agir culturel [&hellip;]","og_url":"https:\/\/hierostrasbourg.com\/index.php\/2023\/01\/12\/droits-culturels-et-citoyennete-differenciee-vers-une-redecouverte-dun-agir-culturel-commun\/","og_site_name":"HIERO STRASBOURG","article_publisher":"https:\/\/www.facebook.com\/fedehierostrasbourg","article_published_time":"2023-01-12T13:44:14+00:00","twitter_card":"summary_large_image","twitter_creator":"@hierostrasbourg","twitter_site":"@hierostrasbourg","twitter_misc":{"Dur\u00e9e de lecture estim\u00e9e":"1 minute"},"schema":{"@context":"https:\/\/schema.org","@graph":[{"@type":"Article","@id":"https:\/\/hierostrasbourg.com\/index.php\/2023\/01\/12\/droits-culturels-et-citoyennete-differenciee-vers-une-redecouverte-dun-agir-culturel-commun\/#article","isPartOf":{"@id":"https:\/\/hierostrasbourg.com\/index.php\/2023\/01\/12\/droits-culturels-et-citoyennete-differenciee-vers-une-redecouverte-dun-agir-culturel-commun\/"},"author":{"name":"","@id":""},"headline":"Droits culturels et citoyennet\u00e9 diff\u00e9renci\u00e9e : vers une red\u00e9couverte d\u2019un agir culturel commun ?","datePublished":"2023-01-12T13:44:14+00:00","mainEntityOfPage":{"@id":"https:\/\/hierostrasbourg.com\/index.php\/2023\/01\/12\/droits-culturels-et-citoyennete-differenciee-vers-une-redecouverte-dun-agir-culturel-commun\/"},"wordCount":149,"publisher":{"@id":"https:\/\/hierostrasbourg.com\/#organization"},"inLanguage":"fr-FR"},{"@type":"WebPage","@id":"https:\/\/hierostrasbourg.com\/index.php\/2023\/01\/12\/droits-culturels-et-citoyennete-differenciee-vers-une-redecouverte-dun-agir-culturel-commun\/","url":"https:\/\/hierostrasbourg.com\/index.php\/2023\/01\/12\/droits-culturels-et-citoyennete-differenciee-vers-une-redecouverte-dun-agir-culturel-commun\/","name":"Droits culturels et citoyennet\u00e9 diff\u00e9renci\u00e9e : vers une red\u00e9couverte d\u2019un agir culturel commun ? - HIERO STRASBOURG","isPartOf":{"@id":"https:\/\/hierostrasbourg.com\/#website"},"datePublished":"2023-01-12T13:44:14+00:00","breadcrumb":{"@id":"https:\/\/hierostrasbourg.com\/index.php\/2023\/01\/12\/droits-culturels-et-citoyennete-differenciee-vers-une-redecouverte-dun-agir-culturel-commun\/#breadcrumb"},"inLanguage":"fr-FR","potentialAction":[{"@type":"ReadAction","target":["https:\/\/hierostrasbourg.com\/index.php\/2023\/01\/12\/droits-culturels-et-citoyennete-differenciee-vers-une-redecouverte-dun-agir-culturel-commun\/"]}]},{"@type":"BreadcrumbList","@id":"https:\/\/hierostrasbourg.com\/index.php\/2023\/01\/12\/droits-culturels-et-citoyennete-differenciee-vers-une-redecouverte-dun-agir-culturel-commun\/#breadcrumb","itemListElement":[{"@type":"ListItem","position":1,"name":"Accueil","item":"https:\/\/hierostrasbourg.com\/"},{"@type":"ListItem","position":2,"name":"Droits culturels et citoyennet\u00e9 diff\u00e9renci\u00e9e : vers une red\u00e9couverte d\u2019un agir culturel commun ?"}]},{"@type":"WebSite","@id":"https:\/\/hierostrasbourg.com\/#website","url":"https:\/\/hierostrasbourg.com\/","name":"HIERO STRASBOURG","description":"Centre de Ressources Musiques Actuelles","publisher":{"@id":"https:\/\/hierostrasbourg.com\/#organization"},"potentialAction":[{"@type":"SearchAction","target":{"@type":"EntryPoint","urlTemplate":"https:\/\/hierostrasbourg.com\/?s={search_term_string}"},"query-input":{"@type":"PropertyValueSpecification","valueRequired":true,"valueName":"search_term_string"}}],"inLanguage":"fr-FR"},{"@type":"Organization","@id":"https:\/\/hierostrasbourg.com\/#organization","name":"F\u00e9d\u00e9ration Hi\u00e9ro Strasbourg","url":"https:\/\/hierostrasbourg.com\/","logo":{"@type":"ImageObject","inLanguage":"fr-FR","@id":"https:\/\/hierostrasbourg.com\/#\/schema\/logo\/image\/","url":"https:\/\/hierostrasbourg.com\/wp-content\/uploads\/2026\/04\/logo-hiero-strasbourg.jpg","contentUrl":"https:\/\/hierostrasbourg.com\/wp-content\/uploads\/2026\/04\/logo-hiero-strasbourg.jpg","width":204,"height":192,"caption":"F\u00e9d\u00e9ration Hi\u00e9ro Strasbourg"},"image":{"@id":"https:\/\/hierostrasbourg.com\/#\/schema\/logo\/image\/"},"sameAs":["https:\/\/www.facebook.com\/fedehierostrasbourg","https:\/\/x.com\/hierostrasbourg"]}]}},"_links":{"self":[{"href":"https:\/\/hierostrasbourg.com\/index.php\/wp-json\/wp\/v2\/posts\/4601","targetHints":{"allow":["GET"]}}],"collection":[{"href":"https:\/\/hierostrasbourg.com\/index.php\/wp-json\/wp\/v2\/posts"}],"about":[{"href":"https:\/\/hierostrasbourg.com\/index.php\/wp-json\/wp\/v2\/types\/post"}],"replies":[{"embeddable":true,"href":"https:\/\/hierostrasbourg.com\/index.php\/wp-json\/wp\/v2\/comments?post=4601"}],"version-history":[{"count":0,"href":"https:\/\/hierostrasbourg.com\/index.php\/wp-json\/wp\/v2\/posts\/4601\/revisions"}],"wp:attachment":[{"href":"https:\/\/hierostrasbourg.com\/index.php\/wp-json\/wp\/v2\/media?parent=4601"}],"wp:term":[{"taxonomy":"category","embeddable":true,"href":"https:\/\/hierostrasbourg.com\/index.php\/wp-json\/wp\/v2\/categories?post=4601"},{"taxonomy":"post_tag","embeddable":true,"href":"https:\/\/hierostrasbourg.com\/index.php\/wp-json\/wp\/v2\/tags?post=4601"}],"curies":[{"name":"wp","href":"https:\/\/api.w.org\/{rel}","templated":true}]}}