{"id":4599,"date":"2023-01-11T19:41:49","date_gmt":"2023-01-11T18:41:49","guid":{"rendered":"https:\/\/hierostrasbourg.com\/index.php\/2023\/01\/11\/le-syndicat-de-cooperation-pour-le-parc-naturel-regional-des-vosges-du-nord-recrute-un-charge-de-mission-mediation-culturelle-f-h-2\/"},"modified":"2023-01-11T19:41:49","modified_gmt":"2023-01-11T18:41:49","slug":"le-syndicat-de-cooperation-pour-le-parc-naturel-regional-des-vosges-du-nord-recrute-un-charge-de-mission-mediation-culturelle-f-h-2","status":"publish","type":"post","link":"https:\/\/hierostrasbourg.com\/index.php\/2023\/01\/11\/le-syndicat-de-cooperation-pour-le-parc-naturel-regional-des-vosges-du-nord-recrute-un-charge-de-mission-mediation-culturelle-f-h-2\/","title":{"rendered":"Le SYNDICAT DE COOPERATION POUR LE PARC NATUREL REGIONAL DES VOSGES DU NORD recrute un charg\u00e9 de mission m\u00e9diation culturelle [F\/H]"},"content":{"rendered":"<p><a href=\"https:\/\/musiquesactuelles.alsace\/le-syndicat-de-cooperation-pour-le-parc-naturel-regional-des-vosges-du-nord-recrute-un-charge-de-mission-mediation-culturelle-f-h\/\" title=\"Le SYNDICAT DE COOPERATION POUR LE PARC NATUREL REGIONAL DES VOSGES DU NORD recrute un charg\u00e9 de mission m\u00e9diation culturelle [F\/H]\"><\/a><\/p>\n<p>Descriptif de l\u2019emploi Poste de Charg\u00e9(e) de mission m\u00e9diation culturelle, au sein de l\u2019\u00e9quipe du parc naturel r\u00e9gional des Vosges du Nord, compos\u00e9e d\u2019une cinquantaine d\u2019agents aux comp\u00e9tences th\u00e9matiques riches (\u00e9cologues, naturalistes, architectes, paysagistes, conservateurs, m\u00e9diateurs\u2026) afin de cr\u00e9er un projet culturel et une offre \u00e9v\u00e9nementielle partag\u00e9s \u00e0 l\u2019\u00e9chelle du r\u00e9seau des \u00e9quipements patrimoniaux du Parc notamment en travaillant sur les publics emp\u00each\u00e9s et la connaissance des 10 mus\u00e9es du dispositif de la conservation mutualis\u00e9e. Le poste est int\u00e9gr\u00e9 au [\u2026]<\/p>\n<p>L\u2019article <a href=\"https:\/\/musiquesactuelles.alsace\/le-syndicat-de-cooperation-pour-le-parc-naturel-regional-des-vosges-du-nord-recrute-un-charge-de-mission-mediation-culturelle-f-h\/\">Le SYNDICAT DE COOPERATION POUR LE PARC NATUREL REGIONAL DES VOSGES DU NORD recrute un charg\u00e9 de mission m\u00e9diation culturelle [F\/H]<\/a> est apparu en premier sur <a href=\"https:\/\/musiquesactuelles.alsace\/\">Musiques Actuelles en Alsace<\/a>.<\/p>\n<p>L\u2019article <a href=\"https:\/\/popburo.fr\/le-syndicat-de-cooperation-pour-le-parc-naturel-regional-des-vosges-du-nord-recrute-un-charge-de-mission-mediation-culturelle-f-h-2\/\">Le SYNDICAT DE COOPERATION POUR LE PARC NATUREL REGIONAL DES VOSGES DU NORD recrute un charg\u00e9 de mission m\u00e9diation culturelle [F\/H]<\/a> est apparu en premier sur <a href=\"https:\/\/popburo.fr\/\">POP B\u00dcRO<\/a>.<\/p>\n","protected":false},"excerpt":{"rendered":"<p>Descriptif de l\u2019emploi Poste de Charg\u00e9(e) de mission m\u00e9diation culturelle, au sein de l\u2019\u00e9quipe du parc naturel r\u00e9gional des Vosges du Nord, compos\u00e9e d\u2019une cinquantaine d\u2019agents aux comp\u00e9tences th\u00e9matiques riches (\u00e9cologues, naturalistes, architectes, paysagistes, conservateurs, m\u00e9diateurs\u2026) afin de cr\u00e9er un projet culturel et une offre \u00e9v\u00e9nementielle partag\u00e9s \u00e0 l\u2019\u00e9chelle du r\u00e9seau des \u00e9quipements patrimoniaux du Parc notamment en travaillant sur les publics emp\u00each\u00e9s et la connaissance des 10 mus\u00e9es du dispositif de la conservation mutualis\u00e9e. Le poste est int\u00e9gr\u00e9 au [&hellip;]<\/p>\n","protected":false},"author":0,"featured_media":0,"comment_status":"closed","ping_status":"open","sticky":false,"template":"","format":"standard","meta":{"footnotes":""},"categories":[1],"tags":[],"class_list":["post-4599","post","type-post","status-publish","format-standard","hentry","category-non-classe"],"yoast_head":"<!-- This site is optimized with the Yoast SEO plugin v27.5 - https:\/\/yoast.com\/product\/yoast-seo-wordpress\/ -->\n<title>Le SYNDICAT DE COOPERATION POUR LE PARC NATUREL REGIONAL DES VOSGES DU NORD recrute un charg\u00e9 de mission m\u00e9diation culturelle [F\/H] - HIERO STRASBOURG<\/title>\n<meta name=\"robots\" content=\"index, follow, max-snippet:-1, max-image-preview:large, max-video-preview:-1\" \/>\n<link rel=\"canonical\" href=\"https:\/\/hierostrasbourg.com\/index.php\/2023\/01\/11\/le-syndicat-de-cooperation-pour-le-parc-naturel-regional-des-vosges-du-nord-recrute-un-charge-de-mission-mediation-culturelle-f-h-2\/\" \/>\n<meta property=\"og:locale\" content=\"fr_FR\" \/>\n<meta property=\"og:type\" content=\"article\" \/>\n<meta property=\"og:title\" content=\"Le SYNDICAT DE COOPERATION POUR LE PARC NATUREL REGIONAL DES VOSGES DU NORD recrute un charg\u00e9 de mission m\u00e9diation culturelle [F\/H] - HIERO STRASBOURG\" \/>\n<meta property=\"og:description\" content=\"Descriptif de l\u2019emploi Poste de Charg\u00e9(e) de mission m\u00e9diation culturelle, au sein de l\u2019\u00e9quipe du parc naturel r\u00e9gional des Vosges du Nord, compos\u00e9e d\u2019une cinquantaine d\u2019agents aux comp\u00e9tences th\u00e9matiques riches (\u00e9cologues, naturalistes, architectes, paysagistes, conservateurs, m\u00e9diateurs\u2026) afin de cr\u00e9er un projet culturel et une offre \u00e9v\u00e9nementielle partag\u00e9s \u00e0 l\u2019\u00e9chelle du r\u00e9seau des \u00e9quipements patrimoniaux du Parc notamment en travaillant sur les publics emp\u00each\u00e9s et la connaissance des 10 mus\u00e9es du dispositif de la conservation mutualis\u00e9e. Le poste est int\u00e9gr\u00e9 au [&hellip;]\" \/>\n<meta property=\"og:url\" content=\"https:\/\/hierostrasbourg.com\/index.php\/2023\/01\/11\/le-syndicat-de-cooperation-pour-le-parc-naturel-regional-des-vosges-du-nord-recrute-un-charge-de-mission-mediation-culturelle-f-h-2\/\" \/>\n<meta property=\"og:site_name\" content=\"HIERO STRASBOURG\" \/>\n<meta property=\"article:publisher\" content=\"https:\/\/www.facebook.com\/fedehierostrasbourg\" \/>\n<meta property=\"article:published_time\" content=\"2023-01-11T18:41:49+00:00\" \/>\n<meta name=\"twitter:card\" content=\"summary_large_image\" \/>\n<meta name=\"twitter:creator\" content=\"@hierostrasbourg\" \/>\n<meta name=\"twitter:site\" content=\"@hierostrasbourg\" \/>\n<meta name=\"twitter:label1\" content=\"Dur\u00e9e de lecture estim\u00e9e\" \/>\n\t<meta name=\"twitter:data1\" content=\"1 minute\" \/>\n<script type=\"application\/ld+json\" class=\"yoast-schema-graph\">{\"@context\":\"https:\\\/\\\/schema.org\",\"@graph\":[{\"@type\":\"Article\",\"@id\":\"https:\\\/\\\/hierostrasbourg.com\\\/index.php\\\/2023\\\/01\\\/11\\\/le-syndicat-de-cooperation-pour-le-parc-naturel-regional-des-vosges-du-nord-recrute-un-charge-de-mission-mediation-culturelle-f-h-2\\\/#article\",\"isPartOf\":{\"@id\":\"https:\\\/\\\/hierostrasbourg.com\\\/index.php\\\/2023\\\/01\\\/11\\\/le-syndicat-de-cooperation-pour-le-parc-naturel-regional-des-vosges-du-nord-recrute-un-charge-de-mission-mediation-culturelle-f-h-2\\\/\"},\"author\":{\"name\":\"\",\"@id\":\"\"},\"headline\":\"Le SYNDICAT DE COOPERATION POUR LE PARC NATUREL REGIONAL DES VOSGES DU NORD recrute un charg\u00e9 de mission m\u00e9diation culturelle [F\\\/H]\",\"datePublished\":\"2023-01-11T18:41:49+00:00\",\"mainEntityOfPage\":{\"@id\":\"https:\\\/\\\/hierostrasbourg.com\\\/index.php\\\/2023\\\/01\\\/11\\\/le-syndicat-de-cooperation-pour-le-parc-naturel-regional-des-vosges-du-nord-recrute-un-charge-de-mission-mediation-culturelle-f-h-2\\\/\"},\"wordCount\":189,\"publisher\":{\"@id\":\"https:\\\/\\\/hierostrasbourg.com\\\/#organization\"},\"inLanguage\":\"fr-FR\"},{\"@type\":\"WebPage\",\"@id\":\"https:\\\/\\\/hierostrasbourg.com\\\/index.php\\\/2023\\\/01\\\/11\\\/le-syndicat-de-cooperation-pour-le-parc-naturel-regional-des-vosges-du-nord-recrute-un-charge-de-mission-mediation-culturelle-f-h-2\\\/\",\"url\":\"https:\\\/\\\/hierostrasbourg.com\\\/index.php\\\/2023\\\/01\\\/11\\\/le-syndicat-de-cooperation-pour-le-parc-naturel-regional-des-vosges-du-nord-recrute-un-charge-de-mission-mediation-culturelle-f-h-2\\\/\",\"name\":\"Le SYNDICAT DE COOPERATION POUR LE PARC NATUREL REGIONAL DES VOSGES DU NORD recrute un charg\u00e9 de mission m\u00e9diation culturelle [F\\\/H] - HIERO STRASBOURG\",\"isPartOf\":{\"@id\":\"https:\\\/\\\/hierostrasbourg.com\\\/#website\"},\"datePublished\":\"2023-01-11T18:41:49+00:00\",\"breadcrumb\":{\"@id\":\"https:\\\/\\\/hierostrasbourg.com\\\/index.php\\\/2023\\\/01\\\/11\\\/le-syndicat-de-cooperation-pour-le-parc-naturel-regional-des-vosges-du-nord-recrute-un-charge-de-mission-mediation-culturelle-f-h-2\\\/#breadcrumb\"},\"inLanguage\":\"fr-FR\",\"potentialAction\":[{\"@type\":\"ReadAction\",\"target\":[\"https:\\\/\\\/hierostrasbourg.com\\\/index.php\\\/2023\\\/01\\\/11\\\/le-syndicat-de-cooperation-pour-le-parc-naturel-regional-des-vosges-du-nord-recrute-un-charge-de-mission-mediation-culturelle-f-h-2\\\/\"]}]},{\"@type\":\"BreadcrumbList\",\"@id\":\"https:\\\/\\\/hierostrasbourg.com\\\/index.php\\\/2023\\\/01\\\/11\\\/le-syndicat-de-cooperation-pour-le-parc-naturel-regional-des-vosges-du-nord-recrute-un-charge-de-mission-mediation-culturelle-f-h-2\\\/#breadcrumb\",\"itemListElement\":[{\"@type\":\"ListItem\",\"position\":1,\"name\":\"Accueil\",\"item\":\"https:\\\/\\\/hierostrasbourg.com\\\/\"},{\"@type\":\"ListItem\",\"position\":2,\"name\":\"Le SYNDICAT DE COOPERATION POUR LE PARC NATUREL REGIONAL DES VOSGES DU NORD recrute un charg\u00e9 de mission m\u00e9diation culturelle [F\\\/H]\"}]},{\"@type\":\"WebSite\",\"@id\":\"https:\\\/\\\/hierostrasbourg.com\\\/#website\",\"url\":\"https:\\\/\\\/hierostrasbourg.com\\\/\",\"name\":\"HIERO STRASBOURG\",\"description\":\"Centre de Ressources Musiques Actuelles\",\"publisher\":{\"@id\":\"https:\\\/\\\/hierostrasbourg.com\\\/#organization\"},\"potentialAction\":[{\"@type\":\"SearchAction\",\"target\":{\"@type\":\"EntryPoint\",\"urlTemplate\":\"https:\\\/\\\/hierostrasbourg.com\\\/?s={search_term_string}\"},\"query-input\":{\"@type\":\"PropertyValueSpecification\",\"valueRequired\":true,\"valueName\":\"search_term_string\"}}],\"inLanguage\":\"fr-FR\"},{\"@type\":\"Organization\",\"@id\":\"https:\\\/\\\/hierostrasbourg.com\\\/#organization\",\"name\":\"F\u00e9d\u00e9ration Hi\u00e9ro Strasbourg\",\"url\":\"https:\\\/\\\/hierostrasbourg.com\\\/\",\"logo\":{\"@type\":\"ImageObject\",\"inLanguage\":\"fr-FR\",\"@id\":\"https:\\\/\\\/hierostrasbourg.com\\\/#\\\/schema\\\/logo\\\/image\\\/\",\"url\":\"https:\\\/\\\/hierostrasbourg.com\\\/wp-content\\\/uploads\\\/2026\\\/04\\\/logo-hiero-strasbourg.jpg\",\"contentUrl\":\"https:\\\/\\\/hierostrasbourg.com\\\/wp-content\\\/uploads\\\/2026\\\/04\\\/logo-hiero-strasbourg.jpg\",\"width\":204,\"height\":192,\"caption\":\"F\u00e9d\u00e9ration Hi\u00e9ro Strasbourg\"},\"image\":{\"@id\":\"https:\\\/\\\/hierostrasbourg.com\\\/#\\\/schema\\\/logo\\\/image\\\/\"},\"sameAs\":[\"https:\\\/\\\/www.facebook.com\\\/fedehierostrasbourg\",\"https:\\\/\\\/x.com\\\/hierostrasbourg\"]}]}<\/script>\n<!-- \/ Yoast SEO plugin. -->","yoast_head_json":{"title":"Le SYNDICAT DE COOPERATION POUR LE PARC NATUREL REGIONAL DES VOSGES DU NORD recrute un charg\u00e9 de mission m\u00e9diation culturelle [F\/H] - HIERO STRASBOURG","robots":{"index":"index","follow":"follow","max-snippet":"max-snippet:-1","max-image-preview":"max-image-preview:large","max-video-preview":"max-video-preview:-1"},"canonical":"https:\/\/hierostrasbourg.com\/index.php\/2023\/01\/11\/le-syndicat-de-cooperation-pour-le-parc-naturel-regional-des-vosges-du-nord-recrute-un-charge-de-mission-mediation-culturelle-f-h-2\/","og_locale":"fr_FR","og_type":"article","og_title":"Le SYNDICAT DE COOPERATION POUR LE PARC NATUREL REGIONAL DES VOSGES DU NORD recrute un charg\u00e9 de mission m\u00e9diation culturelle [F\/H] - HIERO STRASBOURG","og_description":"Descriptif de l\u2019emploi Poste de Charg\u00e9(e) de mission m\u00e9diation culturelle, au sein de l\u2019\u00e9quipe du parc naturel r\u00e9gional des Vosges du Nord, compos\u00e9e d\u2019une cinquantaine d\u2019agents aux comp\u00e9tences th\u00e9matiques riches (\u00e9cologues, naturalistes, architectes, paysagistes, conservateurs, m\u00e9diateurs\u2026) afin de cr\u00e9er un projet culturel et une offre \u00e9v\u00e9nementielle partag\u00e9s \u00e0 l\u2019\u00e9chelle du r\u00e9seau des \u00e9quipements patrimoniaux du Parc notamment en travaillant sur les publics emp\u00each\u00e9s et la connaissance des 10 mus\u00e9es du dispositif de la conservation mutualis\u00e9e. Le poste est int\u00e9gr\u00e9 au [&hellip;]","og_url":"https:\/\/hierostrasbourg.com\/index.php\/2023\/01\/11\/le-syndicat-de-cooperation-pour-le-parc-naturel-regional-des-vosges-du-nord-recrute-un-charge-de-mission-mediation-culturelle-f-h-2\/","og_site_name":"HIERO STRASBOURG","article_publisher":"https:\/\/www.facebook.com\/fedehierostrasbourg","article_published_time":"2023-01-11T18:41:49+00:00","twitter_card":"summary_large_image","twitter_creator":"@hierostrasbourg","twitter_site":"@hierostrasbourg","twitter_misc":{"Dur\u00e9e de lecture estim\u00e9e":"1 minute"},"schema":{"@context":"https:\/\/schema.org","@graph":[{"@type":"Article","@id":"https:\/\/hierostrasbourg.com\/index.php\/2023\/01\/11\/le-syndicat-de-cooperation-pour-le-parc-naturel-regional-des-vosges-du-nord-recrute-un-charge-de-mission-mediation-culturelle-f-h-2\/#article","isPartOf":{"@id":"https:\/\/hierostrasbourg.com\/index.php\/2023\/01\/11\/le-syndicat-de-cooperation-pour-le-parc-naturel-regional-des-vosges-du-nord-recrute-un-charge-de-mission-mediation-culturelle-f-h-2\/"},"author":{"name":"","@id":""},"headline":"Le SYNDICAT DE COOPERATION POUR LE PARC NATUREL REGIONAL DES VOSGES DU NORD recrute un charg\u00e9 de mission m\u00e9diation culturelle [F\/H]","datePublished":"2023-01-11T18:41:49+00:00","mainEntityOfPage":{"@id":"https:\/\/hierostrasbourg.com\/index.php\/2023\/01\/11\/le-syndicat-de-cooperation-pour-le-parc-naturel-regional-des-vosges-du-nord-recrute-un-charge-de-mission-mediation-culturelle-f-h-2\/"},"wordCount":189,"publisher":{"@id":"https:\/\/hierostrasbourg.com\/#organization"},"inLanguage":"fr-FR"},{"@type":"WebPage","@id":"https:\/\/hierostrasbourg.com\/index.php\/2023\/01\/11\/le-syndicat-de-cooperation-pour-le-parc-naturel-regional-des-vosges-du-nord-recrute-un-charge-de-mission-mediation-culturelle-f-h-2\/","url":"https:\/\/hierostrasbourg.com\/index.php\/2023\/01\/11\/le-syndicat-de-cooperation-pour-le-parc-naturel-regional-des-vosges-du-nord-recrute-un-charge-de-mission-mediation-culturelle-f-h-2\/","name":"Le SYNDICAT DE COOPERATION POUR LE PARC NATUREL REGIONAL DES VOSGES DU NORD recrute un charg\u00e9 de mission m\u00e9diation culturelle [F\/H] - HIERO STRASBOURG","isPartOf":{"@id":"https:\/\/hierostrasbourg.com\/#website"},"datePublished":"2023-01-11T18:41:49+00:00","breadcrumb":{"@id":"https:\/\/hierostrasbourg.com\/index.php\/2023\/01\/11\/le-syndicat-de-cooperation-pour-le-parc-naturel-regional-des-vosges-du-nord-recrute-un-charge-de-mission-mediation-culturelle-f-h-2\/#breadcrumb"},"inLanguage":"fr-FR","potentialAction":[{"@type":"ReadAction","target":["https:\/\/hierostrasbourg.com\/index.php\/2023\/01\/11\/le-syndicat-de-cooperation-pour-le-parc-naturel-regional-des-vosges-du-nord-recrute-un-charge-de-mission-mediation-culturelle-f-h-2\/"]}]},{"@type":"BreadcrumbList","@id":"https:\/\/hierostrasbourg.com\/index.php\/2023\/01\/11\/le-syndicat-de-cooperation-pour-le-parc-naturel-regional-des-vosges-du-nord-recrute-un-charge-de-mission-mediation-culturelle-f-h-2\/#breadcrumb","itemListElement":[{"@type":"ListItem","position":1,"name":"Accueil","item":"https:\/\/hierostrasbourg.com\/"},{"@type":"ListItem","position":2,"name":"Le SYNDICAT DE COOPERATION POUR LE PARC NATUREL REGIONAL DES VOSGES DU NORD recrute un charg\u00e9 de mission m\u00e9diation culturelle [F\/H]"}]},{"@type":"WebSite","@id":"https:\/\/hierostrasbourg.com\/#website","url":"https:\/\/hierostrasbourg.com\/","name":"HIERO STRASBOURG","description":"Centre de Ressources Musiques Actuelles","publisher":{"@id":"https:\/\/hierostrasbourg.com\/#organization"},"potentialAction":[{"@type":"SearchAction","target":{"@type":"EntryPoint","urlTemplate":"https:\/\/hierostrasbourg.com\/?s={search_term_string}"},"query-input":{"@type":"PropertyValueSpecification","valueRequired":true,"valueName":"search_term_string"}}],"inLanguage":"fr-FR"},{"@type":"Organization","@id":"https:\/\/hierostrasbourg.com\/#organization","name":"F\u00e9d\u00e9ration Hi\u00e9ro Strasbourg","url":"https:\/\/hierostrasbourg.com\/","logo":{"@type":"ImageObject","inLanguage":"fr-FR","@id":"https:\/\/hierostrasbourg.com\/#\/schema\/logo\/image\/","url":"https:\/\/hierostrasbourg.com\/wp-content\/uploads\/2026\/04\/logo-hiero-strasbourg.jpg","contentUrl":"https:\/\/hierostrasbourg.com\/wp-content\/uploads\/2026\/04\/logo-hiero-strasbourg.jpg","width":204,"height":192,"caption":"F\u00e9d\u00e9ration Hi\u00e9ro Strasbourg"},"image":{"@id":"https:\/\/hierostrasbourg.com\/#\/schema\/logo\/image\/"},"sameAs":["https:\/\/www.facebook.com\/fedehierostrasbourg","https:\/\/x.com\/hierostrasbourg"]}]}},"_links":{"self":[{"href":"https:\/\/hierostrasbourg.com\/index.php\/wp-json\/wp\/v2\/posts\/4599","targetHints":{"allow":["GET"]}}],"collection":[{"href":"https:\/\/hierostrasbourg.com\/index.php\/wp-json\/wp\/v2\/posts"}],"about":[{"href":"https:\/\/hierostrasbourg.com\/index.php\/wp-json\/wp\/v2\/types\/post"}],"replies":[{"embeddable":true,"href":"https:\/\/hierostrasbourg.com\/index.php\/wp-json\/wp\/v2\/comments?post=4599"}],"version-history":[{"count":0,"href":"https:\/\/hierostrasbourg.com\/index.php\/wp-json\/wp\/v2\/posts\/4599\/revisions"}],"wp:attachment":[{"href":"https:\/\/hierostrasbourg.com\/index.php\/wp-json\/wp\/v2\/media?parent=4599"}],"wp:term":[{"taxonomy":"category","embeddable":true,"href":"https:\/\/hierostrasbourg.com\/index.php\/wp-json\/wp\/v2\/categories?post=4599"},{"taxonomy":"post_tag","embeddable":true,"href":"https:\/\/hierostrasbourg.com\/index.php\/wp-json\/wp\/v2\/tags?post=4599"}],"curies":[{"name":"wp","href":"https:\/\/api.w.org\/{rel}","templated":true}]}}