{"id":4598,"date":"2023-01-11T18:40:38","date_gmt":"2023-01-11T17:40:38","guid":{"rendered":"https:\/\/hierostrasbourg.com\/index.php\/2023\/01\/11\/le-syndicat-de-cooperation-pour-le-parc-naturel-regional-des-vosges-du-nord-recrute-un-charge-de-mission-mediation-culturelle-f-h\/"},"modified":"2023-01-11T18:40:38","modified_gmt":"2023-01-11T17:40:38","slug":"le-syndicat-de-cooperation-pour-le-parc-naturel-regional-des-vosges-du-nord-recrute-un-charge-de-mission-mediation-culturelle-f-h","status":"publish","type":"post","link":"https:\/\/hierostrasbourg.com\/index.php\/2023\/01\/11\/le-syndicat-de-cooperation-pour-le-parc-naturel-regional-des-vosges-du-nord-recrute-un-charge-de-mission-mediation-culturelle-f-h\/","title":{"rendered":"Le SYNDICAT DE COOPERATION POUR LE PARC NATUREL REGIONAL DES VOSGES DU NORD recrute un charg\u00e9 de mission m\u00e9diation culturelle [F\/H]"},"content":{"rendered":"<h2>Descriptif de l\u2019emploi<\/h2>\n<p>Poste de Charg\u00e9(e) de mission m\u00e9diation culturelle, au sein de l\u2019\u00e9quipe du parc naturel r\u00e9gional des Vosges du Nord, compos\u00e9e d\u2019une cinquantaine d\u2019agents aux comp\u00e9tences th\u00e9matiques riches (\u00e9cologues, naturalistes, architectes, paysagistes, conservateurs, m\u00e9diateurs\u2026) afin de cr\u00e9er un projet culturel et une offre \u00e9v\u00e9nementielle partag\u00e9s \u00e0 l\u2019\u00e9chelle du r\u00e9seau des \u00e9quipements patrimoniaux du Parc notamment en travaillant sur les publics emp\u00each\u00e9s et la connaissance des 10 mus\u00e9es du dispositif de la conservation mutualis\u00e9e.<br \/>\nLe poste est int\u00e9gr\u00e9 au p\u00f4le Culture Conservation compos\u00e9 de 10 personnes<\/p>\n<h2>Missions et conditions d\u2019exercice<\/h2>\n<p>Le SYCOPARC est particuli\u00e8rement investi dans diff\u00e9rents domaines culturels. En lien avec les sites et mus\u00e9es du territoire, il contribue \u00e0 d\u00e9velopper, en r\u00e9seau, des actions cibl\u00e9es et originales visant \u00e0 diversifier les publics. En lien avec les valeurs de la charte, le patrimoine mat\u00e9riel et immat\u00e9riel, naturel et historique, il favorise le d\u00e9veloppement de projets de m\u00e9diation sur son territoire. Il contribue plus globalement au rayonnement culturel de ce territoire d\u2019exception.<\/p>\n<p>Vous aurez pour mission :<\/p>\n<p>De construire, en concertation avec, et pour, le r\u00e9seau des \u00e9quipements patrimoniaux du Parc, une offre \u00e9v\u00e9nementielle \u00e0 mettre en place en 2023-24, notamment la mise en \u0153uvre de la programmation \u201cLes Petites Histoires des Vosges du Nord\u201d<br \/>\nDe mettre en place des actions pour le d\u00e9veloppement de l\u2019accessibilit\u00e9 des publics emp\u00each\u00e9s notamment par une programmation en direction des personnes en situation de handicap et insertion (\u201d Eveil des Sens \u201c)<br \/>\nDe suivre les projets transversaux de m\u00e9diation du r\u00e9seau des 10 Mus\u00e9es de la Conservation mutualis\u00e9e<br \/>\nPlus globalement, de contribuer \u00e0 animer les d\u00e9marches de d\u00e9veloppement culturel du Parc<\/p>\n<h2>Profils recherch\u00e9s<\/h2>\n<p>Formation universitaire (master2) en d\u00e9veloppement et projets culturels (\u00e0 dimension territoriale), m\u00e9diation culturelle<\/p>\n<h4>Connaissances et exp\u00e9riences requises :<\/h4>\n<p>Exp\u00e9rience en collectivit\u00e9 locale, structure culturelle, structure mus\u00e9ale, suivi et coordination de projets culturels<br \/>\nExp\u00e9rience en animation, m\u00e9diation culturelle et patrimoniale (programmations, r\u00e9sidences\u2026)<br \/>\nConnaissance des politiques culturelles et des dispositifs mis en place par le Minist\u00e8re de la Culture, la r\u00e9gion Grand Est, la Collectivit\u00e9 Europ\u00e9enne d\u2019Alsace et par l\u2019Europe<br \/>\nMa\u00eetrise des logiciels de bureautique.<br \/>\nL\u2019allemand est un plus<\/p>\n<h4>Aptitudes et qualit\u00e9s requises pour le poste :<\/h4>\n<p>M\u00e9thodologie de travail, autonomie, prise d\u2019initiatives<br \/>\nSens du contact et du travail en \u00e9quipe<br \/>\nSouplesse d\u2019adaptation \u00e0 la charge de travail<\/p>\n<p>\nPermis B et v\u00e9hicule indispensables ; d\u00e9placements li\u00e9s \u00e0 la mission pris en charge selon bar\u00e8me fiscal en vigueur<br \/>\nTravail occasionnel les soirs et week-ends<\/p>\n<p>Candidature \u00e0 adresser \u00e0 :<br \/>\nPr\u00e9sident du SYCOPARC<br \/>\nLe ch\u00e2teau \u2013 Place du Ch\u00e2teau<br \/>\n67290 LA PETITE-PIERRE<br \/>\nOu par mail \u00e0 : c.issele@parc-vosges-nord.fr<\/p>\n<p>L\u2019article <a href=\"https:\/\/popburo.fr\/le-syndicat-de-cooperation-pour-le-parc-naturel-regional-des-vosges-du-nord-recrute-un-charge-de-mission-mediation-culturelle-f-h\/\">Le SYNDICAT DE COOPERATION POUR LE PARC NATUREL REGIONAL DES VOSGES DU NORD recrute un charg\u00e9 de mission m\u00e9diation culturelle [F\/H]<\/a> est apparu en premier sur <a href=\"https:\/\/popburo.fr\/\">POP B\u00dcRO<\/a>.<\/p>\n","protected":false},"excerpt":{"rendered":"<p>Descriptif de l\u2019emploi Poste de Charg\u00e9(e) de mission m\u00e9diation culturelle, au sein de l\u2019\u00e9quipe du parc naturel r\u00e9gional des Vosges du Nord, compos\u00e9e d\u2019une cinquantaine d\u2019agents aux comp\u00e9tences th\u00e9matiques riches (\u00e9cologues, naturalistes, architectes, paysagistes, conservateurs, m\u00e9diateurs\u2026) afin de cr\u00e9er un projet culturel et une offre \u00e9v\u00e9nementielle partag\u00e9s \u00e0 l\u2019\u00e9chelle du r\u00e9seau des \u00e9quipements patrimoniaux du Parc notamment en travaillant sur les publics emp\u00each\u00e9s et la connaissance des 10 mus\u00e9es du dispositif de la conservation mutualis\u00e9e. Le poste est int\u00e9gr\u00e9 au [&hellip;]<\/p>\n","protected":false},"author":0,"featured_media":0,"comment_status":"closed","ping_status":"open","sticky":false,"template":"","format":"standard","meta":{"footnotes":""},"categories":[1],"tags":[],"class_list":["post-4598","post","type-post","status-publish","format-standard","hentry","category-non-classe"],"yoast_head":"<!-- This site is optimized with the Yoast SEO plugin v27.5 - https:\/\/yoast.com\/product\/yoast-seo-wordpress\/ -->\n<title>Le SYNDICAT DE COOPERATION POUR LE PARC NATUREL REGIONAL DES VOSGES DU NORD recrute un charg\u00e9 de mission m\u00e9diation culturelle [F\/H] - HIERO STRASBOURG<\/title>\n<meta name=\"robots\" content=\"index, follow, max-snippet:-1, max-image-preview:large, max-video-preview:-1\" \/>\n<link rel=\"canonical\" href=\"https:\/\/hierostrasbourg.com\/index.php\/2023\/01\/11\/le-syndicat-de-cooperation-pour-le-parc-naturel-regional-des-vosges-du-nord-recrute-un-charge-de-mission-mediation-culturelle-f-h\/\" \/>\n<meta property=\"og:locale\" content=\"fr_FR\" \/>\n<meta property=\"og:type\" content=\"article\" \/>\n<meta property=\"og:title\" content=\"Le SYNDICAT DE COOPERATION POUR LE PARC NATUREL REGIONAL DES VOSGES DU NORD recrute un charg\u00e9 de mission m\u00e9diation culturelle [F\/H] - HIERO STRASBOURG\" \/>\n<meta property=\"og:description\" content=\"Descriptif de l\u2019emploi Poste de Charg\u00e9(e) de mission m\u00e9diation culturelle, au sein de l\u2019\u00e9quipe du parc naturel r\u00e9gional des Vosges du Nord, compos\u00e9e d\u2019une cinquantaine d\u2019agents aux comp\u00e9tences th\u00e9matiques riches (\u00e9cologues, naturalistes, architectes, paysagistes, conservateurs, m\u00e9diateurs\u2026) afin de cr\u00e9er un projet culturel et une offre \u00e9v\u00e9nementielle partag\u00e9s \u00e0 l\u2019\u00e9chelle du r\u00e9seau des \u00e9quipements patrimoniaux du Parc notamment en travaillant sur les publics emp\u00each\u00e9s et la connaissance des 10 mus\u00e9es du dispositif de la conservation mutualis\u00e9e. Le poste est int\u00e9gr\u00e9 au [&hellip;]\" \/>\n<meta property=\"og:url\" content=\"https:\/\/hierostrasbourg.com\/index.php\/2023\/01\/11\/le-syndicat-de-cooperation-pour-le-parc-naturel-regional-des-vosges-du-nord-recrute-un-charge-de-mission-mediation-culturelle-f-h\/\" \/>\n<meta property=\"og:site_name\" content=\"HIERO STRASBOURG\" \/>\n<meta property=\"article:publisher\" content=\"https:\/\/www.facebook.com\/fedehierostrasbourg\" \/>\n<meta property=\"article:published_time\" content=\"2023-01-11T17:40:38+00:00\" \/>\n<meta name=\"twitter:card\" content=\"summary_large_image\" \/>\n<meta name=\"twitter:creator\" content=\"@hierostrasbourg\" \/>\n<meta name=\"twitter:site\" content=\"@hierostrasbourg\" \/>\n<meta name=\"twitter:label1\" content=\"Dur\u00e9e de lecture estim\u00e9e\" \/>\n\t<meta name=\"twitter:data1\" content=\"3 minutes\" \/>\n<script type=\"application\/ld+json\" class=\"yoast-schema-graph\">{\"@context\":\"https:\\\/\\\/schema.org\",\"@graph\":[{\"@type\":\"Article\",\"@id\":\"https:\\\/\\\/hierostrasbourg.com\\\/index.php\\\/2023\\\/01\\\/11\\\/le-syndicat-de-cooperation-pour-le-parc-naturel-regional-des-vosges-du-nord-recrute-un-charge-de-mission-mediation-culturelle-f-h\\\/#article\",\"isPartOf\":{\"@id\":\"https:\\\/\\\/hierostrasbourg.com\\\/index.php\\\/2023\\\/01\\\/11\\\/le-syndicat-de-cooperation-pour-le-parc-naturel-regional-des-vosges-du-nord-recrute-un-charge-de-mission-mediation-culturelle-f-h\\\/\"},\"author\":{\"name\":\"\",\"@id\":\"\"},\"headline\":\"Le SYNDICAT DE COOPERATION POUR LE PARC NATUREL REGIONAL DES VOSGES DU NORD recrute un charg\u00e9 de mission m\u00e9diation culturelle [F\\\/H]\",\"datePublished\":\"2023-01-11T17:40:38+00:00\",\"mainEntityOfPage\":{\"@id\":\"https:\\\/\\\/hierostrasbourg.com\\\/index.php\\\/2023\\\/01\\\/11\\\/le-syndicat-de-cooperation-pour-le-parc-naturel-regional-des-vosges-du-nord-recrute-un-charge-de-mission-mediation-culturelle-f-h\\\/\"},\"wordCount\":532,\"publisher\":{\"@id\":\"https:\\\/\\\/hierostrasbourg.com\\\/#organization\"},\"inLanguage\":\"fr-FR\"},{\"@type\":\"WebPage\",\"@id\":\"https:\\\/\\\/hierostrasbourg.com\\\/index.php\\\/2023\\\/01\\\/11\\\/le-syndicat-de-cooperation-pour-le-parc-naturel-regional-des-vosges-du-nord-recrute-un-charge-de-mission-mediation-culturelle-f-h\\\/\",\"url\":\"https:\\\/\\\/hierostrasbourg.com\\\/index.php\\\/2023\\\/01\\\/11\\\/le-syndicat-de-cooperation-pour-le-parc-naturel-regional-des-vosges-du-nord-recrute-un-charge-de-mission-mediation-culturelle-f-h\\\/\",\"name\":\"Le SYNDICAT DE COOPERATION POUR LE PARC NATUREL REGIONAL DES VOSGES DU NORD recrute un charg\u00e9 de mission m\u00e9diation culturelle [F\\\/H] - HIERO STRASBOURG\",\"isPartOf\":{\"@id\":\"https:\\\/\\\/hierostrasbourg.com\\\/#website\"},\"datePublished\":\"2023-01-11T17:40:38+00:00\",\"breadcrumb\":{\"@id\":\"https:\\\/\\\/hierostrasbourg.com\\\/index.php\\\/2023\\\/01\\\/11\\\/le-syndicat-de-cooperation-pour-le-parc-naturel-regional-des-vosges-du-nord-recrute-un-charge-de-mission-mediation-culturelle-f-h\\\/#breadcrumb\"},\"inLanguage\":\"fr-FR\",\"potentialAction\":[{\"@type\":\"ReadAction\",\"target\":[\"https:\\\/\\\/hierostrasbourg.com\\\/index.php\\\/2023\\\/01\\\/11\\\/le-syndicat-de-cooperation-pour-le-parc-naturel-regional-des-vosges-du-nord-recrute-un-charge-de-mission-mediation-culturelle-f-h\\\/\"]}]},{\"@type\":\"BreadcrumbList\",\"@id\":\"https:\\\/\\\/hierostrasbourg.com\\\/index.php\\\/2023\\\/01\\\/11\\\/le-syndicat-de-cooperation-pour-le-parc-naturel-regional-des-vosges-du-nord-recrute-un-charge-de-mission-mediation-culturelle-f-h\\\/#breadcrumb\",\"itemListElement\":[{\"@type\":\"ListItem\",\"position\":1,\"name\":\"Accueil\",\"item\":\"https:\\\/\\\/hierostrasbourg.com\\\/\"},{\"@type\":\"ListItem\",\"position\":2,\"name\":\"Le SYNDICAT DE COOPERATION POUR LE PARC NATUREL REGIONAL DES VOSGES DU NORD recrute un charg\u00e9 de mission m\u00e9diation culturelle [F\\\/H]\"}]},{\"@type\":\"WebSite\",\"@id\":\"https:\\\/\\\/hierostrasbourg.com\\\/#website\",\"url\":\"https:\\\/\\\/hierostrasbourg.com\\\/\",\"name\":\"HIERO STRASBOURG\",\"description\":\"Centre de Ressources Musiques Actuelles\",\"publisher\":{\"@id\":\"https:\\\/\\\/hierostrasbourg.com\\\/#organization\"},\"potentialAction\":[{\"@type\":\"SearchAction\",\"target\":{\"@type\":\"EntryPoint\",\"urlTemplate\":\"https:\\\/\\\/hierostrasbourg.com\\\/?s={search_term_string}\"},\"query-input\":{\"@type\":\"PropertyValueSpecification\",\"valueRequired\":true,\"valueName\":\"search_term_string\"}}],\"inLanguage\":\"fr-FR\"},{\"@type\":\"Organization\",\"@id\":\"https:\\\/\\\/hierostrasbourg.com\\\/#organization\",\"name\":\"F\u00e9d\u00e9ration Hi\u00e9ro Strasbourg\",\"url\":\"https:\\\/\\\/hierostrasbourg.com\\\/\",\"logo\":{\"@type\":\"ImageObject\",\"inLanguage\":\"fr-FR\",\"@id\":\"https:\\\/\\\/hierostrasbourg.com\\\/#\\\/schema\\\/logo\\\/image\\\/\",\"url\":\"https:\\\/\\\/hierostrasbourg.com\\\/wp-content\\\/uploads\\\/2026\\\/04\\\/logo-hiero-strasbourg.jpg\",\"contentUrl\":\"https:\\\/\\\/hierostrasbourg.com\\\/wp-content\\\/uploads\\\/2026\\\/04\\\/logo-hiero-strasbourg.jpg\",\"width\":204,\"height\":192,\"caption\":\"F\u00e9d\u00e9ration Hi\u00e9ro Strasbourg\"},\"image\":{\"@id\":\"https:\\\/\\\/hierostrasbourg.com\\\/#\\\/schema\\\/logo\\\/image\\\/\"},\"sameAs\":[\"https:\\\/\\\/www.facebook.com\\\/fedehierostrasbourg\",\"https:\\\/\\\/x.com\\\/hierostrasbourg\"]}]}<\/script>\n<!-- \/ Yoast SEO plugin. -->","yoast_head_json":{"title":"Le SYNDICAT DE COOPERATION POUR LE PARC NATUREL REGIONAL DES VOSGES DU NORD recrute un charg\u00e9 de mission m\u00e9diation culturelle [F\/H] - HIERO STRASBOURG","robots":{"index":"index","follow":"follow","max-snippet":"max-snippet:-1","max-image-preview":"max-image-preview:large","max-video-preview":"max-video-preview:-1"},"canonical":"https:\/\/hierostrasbourg.com\/index.php\/2023\/01\/11\/le-syndicat-de-cooperation-pour-le-parc-naturel-regional-des-vosges-du-nord-recrute-un-charge-de-mission-mediation-culturelle-f-h\/","og_locale":"fr_FR","og_type":"article","og_title":"Le SYNDICAT DE COOPERATION POUR LE PARC NATUREL REGIONAL DES VOSGES DU NORD recrute un charg\u00e9 de mission m\u00e9diation culturelle [F\/H] - HIERO STRASBOURG","og_description":"Descriptif de l\u2019emploi Poste de Charg\u00e9(e) de mission m\u00e9diation culturelle, au sein de l\u2019\u00e9quipe du parc naturel r\u00e9gional des Vosges du Nord, compos\u00e9e d\u2019une cinquantaine d\u2019agents aux comp\u00e9tences th\u00e9matiques riches (\u00e9cologues, naturalistes, architectes, paysagistes, conservateurs, m\u00e9diateurs\u2026) afin de cr\u00e9er un projet culturel et une offre \u00e9v\u00e9nementielle partag\u00e9s \u00e0 l\u2019\u00e9chelle du r\u00e9seau des \u00e9quipements patrimoniaux du Parc notamment en travaillant sur les publics emp\u00each\u00e9s et la connaissance des 10 mus\u00e9es du dispositif de la conservation mutualis\u00e9e. Le poste est int\u00e9gr\u00e9 au [&hellip;]","og_url":"https:\/\/hierostrasbourg.com\/index.php\/2023\/01\/11\/le-syndicat-de-cooperation-pour-le-parc-naturel-regional-des-vosges-du-nord-recrute-un-charge-de-mission-mediation-culturelle-f-h\/","og_site_name":"HIERO STRASBOURG","article_publisher":"https:\/\/www.facebook.com\/fedehierostrasbourg","article_published_time":"2023-01-11T17:40:38+00:00","twitter_card":"summary_large_image","twitter_creator":"@hierostrasbourg","twitter_site":"@hierostrasbourg","twitter_misc":{"Dur\u00e9e de lecture estim\u00e9e":"3 minutes"},"schema":{"@context":"https:\/\/schema.org","@graph":[{"@type":"Article","@id":"https:\/\/hierostrasbourg.com\/index.php\/2023\/01\/11\/le-syndicat-de-cooperation-pour-le-parc-naturel-regional-des-vosges-du-nord-recrute-un-charge-de-mission-mediation-culturelle-f-h\/#article","isPartOf":{"@id":"https:\/\/hierostrasbourg.com\/index.php\/2023\/01\/11\/le-syndicat-de-cooperation-pour-le-parc-naturel-regional-des-vosges-du-nord-recrute-un-charge-de-mission-mediation-culturelle-f-h\/"},"author":{"name":"","@id":""},"headline":"Le SYNDICAT DE COOPERATION POUR LE PARC NATUREL REGIONAL DES VOSGES DU NORD recrute un charg\u00e9 de mission m\u00e9diation culturelle [F\/H]","datePublished":"2023-01-11T17:40:38+00:00","mainEntityOfPage":{"@id":"https:\/\/hierostrasbourg.com\/index.php\/2023\/01\/11\/le-syndicat-de-cooperation-pour-le-parc-naturel-regional-des-vosges-du-nord-recrute-un-charge-de-mission-mediation-culturelle-f-h\/"},"wordCount":532,"publisher":{"@id":"https:\/\/hierostrasbourg.com\/#organization"},"inLanguage":"fr-FR"},{"@type":"WebPage","@id":"https:\/\/hierostrasbourg.com\/index.php\/2023\/01\/11\/le-syndicat-de-cooperation-pour-le-parc-naturel-regional-des-vosges-du-nord-recrute-un-charge-de-mission-mediation-culturelle-f-h\/","url":"https:\/\/hierostrasbourg.com\/index.php\/2023\/01\/11\/le-syndicat-de-cooperation-pour-le-parc-naturel-regional-des-vosges-du-nord-recrute-un-charge-de-mission-mediation-culturelle-f-h\/","name":"Le SYNDICAT DE COOPERATION POUR LE PARC NATUREL REGIONAL DES VOSGES DU NORD recrute un charg\u00e9 de mission m\u00e9diation culturelle [F\/H] - HIERO STRASBOURG","isPartOf":{"@id":"https:\/\/hierostrasbourg.com\/#website"},"datePublished":"2023-01-11T17:40:38+00:00","breadcrumb":{"@id":"https:\/\/hierostrasbourg.com\/index.php\/2023\/01\/11\/le-syndicat-de-cooperation-pour-le-parc-naturel-regional-des-vosges-du-nord-recrute-un-charge-de-mission-mediation-culturelle-f-h\/#breadcrumb"},"inLanguage":"fr-FR","potentialAction":[{"@type":"ReadAction","target":["https:\/\/hierostrasbourg.com\/index.php\/2023\/01\/11\/le-syndicat-de-cooperation-pour-le-parc-naturel-regional-des-vosges-du-nord-recrute-un-charge-de-mission-mediation-culturelle-f-h\/"]}]},{"@type":"BreadcrumbList","@id":"https:\/\/hierostrasbourg.com\/index.php\/2023\/01\/11\/le-syndicat-de-cooperation-pour-le-parc-naturel-regional-des-vosges-du-nord-recrute-un-charge-de-mission-mediation-culturelle-f-h\/#breadcrumb","itemListElement":[{"@type":"ListItem","position":1,"name":"Accueil","item":"https:\/\/hierostrasbourg.com\/"},{"@type":"ListItem","position":2,"name":"Le SYNDICAT DE COOPERATION POUR LE PARC NATUREL REGIONAL DES VOSGES DU NORD recrute un charg\u00e9 de mission m\u00e9diation culturelle [F\/H]"}]},{"@type":"WebSite","@id":"https:\/\/hierostrasbourg.com\/#website","url":"https:\/\/hierostrasbourg.com\/","name":"HIERO STRASBOURG","description":"Centre de Ressources Musiques Actuelles","publisher":{"@id":"https:\/\/hierostrasbourg.com\/#organization"},"potentialAction":[{"@type":"SearchAction","target":{"@type":"EntryPoint","urlTemplate":"https:\/\/hierostrasbourg.com\/?s={search_term_string}"},"query-input":{"@type":"PropertyValueSpecification","valueRequired":true,"valueName":"search_term_string"}}],"inLanguage":"fr-FR"},{"@type":"Organization","@id":"https:\/\/hierostrasbourg.com\/#organization","name":"F\u00e9d\u00e9ration Hi\u00e9ro Strasbourg","url":"https:\/\/hierostrasbourg.com\/","logo":{"@type":"ImageObject","inLanguage":"fr-FR","@id":"https:\/\/hierostrasbourg.com\/#\/schema\/logo\/image\/","url":"https:\/\/hierostrasbourg.com\/wp-content\/uploads\/2026\/04\/logo-hiero-strasbourg.jpg","contentUrl":"https:\/\/hierostrasbourg.com\/wp-content\/uploads\/2026\/04\/logo-hiero-strasbourg.jpg","width":204,"height":192,"caption":"F\u00e9d\u00e9ration Hi\u00e9ro Strasbourg"},"image":{"@id":"https:\/\/hierostrasbourg.com\/#\/schema\/logo\/image\/"},"sameAs":["https:\/\/www.facebook.com\/fedehierostrasbourg","https:\/\/x.com\/hierostrasbourg"]}]}},"_links":{"self":[{"href":"https:\/\/hierostrasbourg.com\/index.php\/wp-json\/wp\/v2\/posts\/4598","targetHints":{"allow":["GET"]}}],"collection":[{"href":"https:\/\/hierostrasbourg.com\/index.php\/wp-json\/wp\/v2\/posts"}],"about":[{"href":"https:\/\/hierostrasbourg.com\/index.php\/wp-json\/wp\/v2\/types\/post"}],"replies":[{"embeddable":true,"href":"https:\/\/hierostrasbourg.com\/index.php\/wp-json\/wp\/v2\/comments?post=4598"}],"version-history":[{"count":0,"href":"https:\/\/hierostrasbourg.com\/index.php\/wp-json\/wp\/v2\/posts\/4598\/revisions"}],"wp:attachment":[{"href":"https:\/\/hierostrasbourg.com\/index.php\/wp-json\/wp\/v2\/media?parent=4598"}],"wp:term":[{"taxonomy":"category","embeddable":true,"href":"https:\/\/hierostrasbourg.com\/index.php\/wp-json\/wp\/v2\/categories?post=4598"},{"taxonomy":"post_tag","embeddable":true,"href":"https:\/\/hierostrasbourg.com\/index.php\/wp-json\/wp\/v2\/tags?post=4598"}],"curies":[{"name":"wp","href":"https:\/\/api.w.org\/{rel}","templated":true}]}}