{"id":4576,"date":"2023-01-10T01:43:12","date_gmt":"2023-01-10T00:43:12","guid":{"rendered":"https:\/\/hierostrasbourg.com\/index.php\/2023\/01\/10\/culture-les-epineux-dossiers-a-lagenda-2023-des-professionnels\/"},"modified":"2023-01-10T01:43:12","modified_gmt":"2023-01-10T00:43:12","slug":"culture-les-epineux-dossiers-a-lagenda-2023-des-professionnels","status":"publish","type":"post","link":"https:\/\/hierostrasbourg.com\/index.php\/2023\/01\/10\/culture-les-epineux-dossiers-a-lagenda-2023-des-professionnels\/","title":{"rendered":"Culture : les \u00e9pineux dossiers \u00e0 l\u2019agenda 2023 des professionnels"},"content":{"rendered":"<p><a href=\"https:\/\/musiquesactuelles.alsace\/culture-les-epineux-dossiers-a-lagenda-2023-des-professionnels\/\" title=\"Culture : les \u00e9pineux dossiers \u00e0 l\u2019agenda 2023 des professionnels\"><\/a><\/p>\n<p>Maintien des budgets pour la culture, s\u00e9curisation des festivals pendant les JO 2024 (en cours de pr\u00e9paration) sans bouleversements dans le calendrier : au cours des prochains mois, les professionnels de la culture vont devoir n\u00e9gocier pied \u00e0 pied avec leurs \u00e9lus et le minist\u00e8re de la Culture. A cela s\u2019ajoute la transition \u00e9cologique, vaste sujet qui oblige \u00e0 ajuster les politiques culturelle Source \/ Lire la suite : Culture : les \u00e9pineux dossiers \u00e0 l\u2019agenda 2023 des professionnels<\/p>\n<p>L\u2019article <a href=\"https:\/\/musiquesactuelles.alsace\/culture-les-epineux-dossiers-a-lagenda-2023-des-professionnels\/\">Culture : les \u00e9pineux dossiers \u00e0 l\u2019agenda 2023 des professionnels<\/a> est apparu en premier sur <a href=\"https:\/\/musiquesactuelles.alsace\/\">Musiques Actuelles en Alsace<\/a>.<\/p>\n<p>L\u2019article <a href=\"https:\/\/popburo.fr\/culture-les-epineux-dossiers-a-lagenda-2023-des-professionnels\/\">Culture : les \u00e9pineux dossiers \u00e0 l\u2019agenda 2023 des professionnels<\/a> est apparu en premier sur <a href=\"https:\/\/popburo.fr\/\">POP B\u00dcRO<\/a>.<\/p>\n","protected":false},"excerpt":{"rendered":"<p>Maintien des budgets pour la culture, s\u00e9curisation des festivals pendant les JO 2024 (en cours de pr\u00e9paration) sans bouleversements dans le calendrier : au cours des prochains mois, les professionnels de la culture vont devoir n\u00e9gocier pied \u00e0 pied avec leurs \u00e9lus et le minist\u00e8re de la Culture. A cela s\u2019ajoute la transition \u00e9cologique, vaste sujet qui oblige \u00e0 ajuster les politiques culturelle Source \/ Lire la suite : Culture : les \u00e9pineux dossiers \u00e0 l\u2019agenda 2023 des professionnels L\u2019article [&hellip;]<\/p>\n","protected":false},"author":0,"featured_media":0,"comment_status":"closed","ping_status":"open","sticky":false,"template":"","format":"standard","meta":{"footnotes":""},"categories":[1],"tags":[],"class_list":["post-4576","post","type-post","status-publish","format-standard","hentry","category-non-classe"],"yoast_head":"<!-- This site is optimized with the Yoast SEO plugin v27.5 - https:\/\/yoast.com\/product\/yoast-seo-wordpress\/ -->\n<title>Culture : les \u00e9pineux dossiers \u00e0 l\u2019agenda 2023 des professionnels - HIERO STRASBOURG<\/title>\n<meta name=\"robots\" content=\"index, follow, max-snippet:-1, max-image-preview:large, max-video-preview:-1\" \/>\n<link rel=\"canonical\" href=\"https:\/\/hierostrasbourg.com\/index.php\/2023\/01\/10\/culture-les-epineux-dossiers-a-lagenda-2023-des-professionnels\/\" \/>\n<meta property=\"og:locale\" content=\"fr_FR\" \/>\n<meta property=\"og:type\" content=\"article\" \/>\n<meta property=\"og:title\" content=\"Culture : les \u00e9pineux dossiers \u00e0 l\u2019agenda 2023 des professionnels - HIERO STRASBOURG\" \/>\n<meta property=\"og:description\" content=\"Maintien des budgets pour la culture, s\u00e9curisation des festivals pendant les JO 2024 (en cours de pr\u00e9paration) sans bouleversements dans le calendrier : au cours des prochains mois, les professionnels de la culture vont devoir n\u00e9gocier pied \u00e0 pied avec leurs \u00e9lus et le minist\u00e8re de la Culture. A cela s\u2019ajoute la transition \u00e9cologique, vaste sujet qui oblige \u00e0 ajuster les politiques culturelle Source \/ Lire la suite : Culture : les \u00e9pineux dossiers \u00e0 l\u2019agenda 2023 des professionnels L\u2019article [&hellip;]\" \/>\n<meta property=\"og:url\" content=\"https:\/\/hierostrasbourg.com\/index.php\/2023\/01\/10\/culture-les-epineux-dossiers-a-lagenda-2023-des-professionnels\/\" \/>\n<meta property=\"og:site_name\" content=\"HIERO STRASBOURG\" \/>\n<meta property=\"article:publisher\" content=\"https:\/\/www.facebook.com\/fedehierostrasbourg\" \/>\n<meta property=\"article:published_time\" content=\"2023-01-10T00:43:12+00:00\" \/>\n<meta name=\"twitter:card\" content=\"summary_large_image\" \/>\n<meta name=\"twitter:creator\" content=\"@hierostrasbourg\" \/>\n<meta name=\"twitter:site\" content=\"@hierostrasbourg\" \/>\n<meta name=\"twitter:label1\" content=\"Dur\u00e9e de lecture estim\u00e9e\" \/>\n\t<meta name=\"twitter:data1\" content=\"1 minute\" \/>\n<script type=\"application\/ld+json\" class=\"yoast-schema-graph\">{\"@context\":\"https:\\\/\\\/schema.org\",\"@graph\":[{\"@type\":\"Article\",\"@id\":\"https:\\\/\\\/hierostrasbourg.com\\\/index.php\\\/2023\\\/01\\\/10\\\/culture-les-epineux-dossiers-a-lagenda-2023-des-professionnels\\\/#article\",\"isPartOf\":{\"@id\":\"https:\\\/\\\/hierostrasbourg.com\\\/index.php\\\/2023\\\/01\\\/10\\\/culture-les-epineux-dossiers-a-lagenda-2023-des-professionnels\\\/\"},\"author\":{\"name\":\"\",\"@id\":\"\"},\"headline\":\"Culture : les \u00e9pineux dossiers \u00e0 l\u2019agenda 2023 des professionnels\",\"datePublished\":\"2023-01-10T00:43:12+00:00\",\"mainEntityOfPage\":{\"@id\":\"https:\\\/\\\/hierostrasbourg.com\\\/index.php\\\/2023\\\/01\\\/10\\\/culture-les-epineux-dossiers-a-lagenda-2023-des-professionnels\\\/\"},\"wordCount\":121,\"publisher\":{\"@id\":\"https:\\\/\\\/hierostrasbourg.com\\\/#organization\"},\"inLanguage\":\"fr-FR\"},{\"@type\":\"WebPage\",\"@id\":\"https:\\\/\\\/hierostrasbourg.com\\\/index.php\\\/2023\\\/01\\\/10\\\/culture-les-epineux-dossiers-a-lagenda-2023-des-professionnels\\\/\",\"url\":\"https:\\\/\\\/hierostrasbourg.com\\\/index.php\\\/2023\\\/01\\\/10\\\/culture-les-epineux-dossiers-a-lagenda-2023-des-professionnels\\\/\",\"name\":\"Culture : les \u00e9pineux dossiers \u00e0 l\u2019agenda 2023 des professionnels - HIERO STRASBOURG\",\"isPartOf\":{\"@id\":\"https:\\\/\\\/hierostrasbourg.com\\\/#website\"},\"datePublished\":\"2023-01-10T00:43:12+00:00\",\"breadcrumb\":{\"@id\":\"https:\\\/\\\/hierostrasbourg.com\\\/index.php\\\/2023\\\/01\\\/10\\\/culture-les-epineux-dossiers-a-lagenda-2023-des-professionnels\\\/#breadcrumb\"},\"inLanguage\":\"fr-FR\",\"potentialAction\":[{\"@type\":\"ReadAction\",\"target\":[\"https:\\\/\\\/hierostrasbourg.com\\\/index.php\\\/2023\\\/01\\\/10\\\/culture-les-epineux-dossiers-a-lagenda-2023-des-professionnels\\\/\"]}]},{\"@type\":\"BreadcrumbList\",\"@id\":\"https:\\\/\\\/hierostrasbourg.com\\\/index.php\\\/2023\\\/01\\\/10\\\/culture-les-epineux-dossiers-a-lagenda-2023-des-professionnels\\\/#breadcrumb\",\"itemListElement\":[{\"@type\":\"ListItem\",\"position\":1,\"name\":\"Accueil\",\"item\":\"https:\\\/\\\/hierostrasbourg.com\\\/\"},{\"@type\":\"ListItem\",\"position\":2,\"name\":\"Culture : les \u00e9pineux dossiers \u00e0 l\u2019agenda 2023 des professionnels\"}]},{\"@type\":\"WebSite\",\"@id\":\"https:\\\/\\\/hierostrasbourg.com\\\/#website\",\"url\":\"https:\\\/\\\/hierostrasbourg.com\\\/\",\"name\":\"HIERO STRASBOURG\",\"description\":\"Centre de Ressources Musiques Actuelles\",\"publisher\":{\"@id\":\"https:\\\/\\\/hierostrasbourg.com\\\/#organization\"},\"potentialAction\":[{\"@type\":\"SearchAction\",\"target\":{\"@type\":\"EntryPoint\",\"urlTemplate\":\"https:\\\/\\\/hierostrasbourg.com\\\/?s={search_term_string}\"},\"query-input\":{\"@type\":\"PropertyValueSpecification\",\"valueRequired\":true,\"valueName\":\"search_term_string\"}}],\"inLanguage\":\"fr-FR\"},{\"@type\":\"Organization\",\"@id\":\"https:\\\/\\\/hierostrasbourg.com\\\/#organization\",\"name\":\"F\u00e9d\u00e9ration Hi\u00e9ro Strasbourg\",\"url\":\"https:\\\/\\\/hierostrasbourg.com\\\/\",\"logo\":{\"@type\":\"ImageObject\",\"inLanguage\":\"fr-FR\",\"@id\":\"https:\\\/\\\/hierostrasbourg.com\\\/#\\\/schema\\\/logo\\\/image\\\/\",\"url\":\"https:\\\/\\\/hierostrasbourg.com\\\/wp-content\\\/uploads\\\/2026\\\/04\\\/logo-hiero-strasbourg.jpg\",\"contentUrl\":\"https:\\\/\\\/hierostrasbourg.com\\\/wp-content\\\/uploads\\\/2026\\\/04\\\/logo-hiero-strasbourg.jpg\",\"width\":204,\"height\":192,\"caption\":\"F\u00e9d\u00e9ration Hi\u00e9ro Strasbourg\"},\"image\":{\"@id\":\"https:\\\/\\\/hierostrasbourg.com\\\/#\\\/schema\\\/logo\\\/image\\\/\"},\"sameAs\":[\"https:\\\/\\\/www.facebook.com\\\/fedehierostrasbourg\",\"https:\\\/\\\/x.com\\\/hierostrasbourg\"]}]}<\/script>\n<!-- \/ Yoast SEO plugin. -->","yoast_head_json":{"title":"Culture : les \u00e9pineux dossiers \u00e0 l\u2019agenda 2023 des professionnels - HIERO STRASBOURG","robots":{"index":"index","follow":"follow","max-snippet":"max-snippet:-1","max-image-preview":"max-image-preview:large","max-video-preview":"max-video-preview:-1"},"canonical":"https:\/\/hierostrasbourg.com\/index.php\/2023\/01\/10\/culture-les-epineux-dossiers-a-lagenda-2023-des-professionnels\/","og_locale":"fr_FR","og_type":"article","og_title":"Culture : les \u00e9pineux dossiers \u00e0 l\u2019agenda 2023 des professionnels - HIERO STRASBOURG","og_description":"Maintien des budgets pour la culture, s\u00e9curisation des festivals pendant les JO 2024 (en cours de pr\u00e9paration) sans bouleversements dans le calendrier : au cours des prochains mois, les professionnels de la culture vont devoir n\u00e9gocier pied \u00e0 pied avec leurs \u00e9lus et le minist\u00e8re de la Culture. A cela s\u2019ajoute la transition \u00e9cologique, vaste sujet qui oblige \u00e0 ajuster les politiques culturelle Source \/ Lire la suite : Culture : les \u00e9pineux dossiers \u00e0 l\u2019agenda 2023 des professionnels L\u2019article [&hellip;]","og_url":"https:\/\/hierostrasbourg.com\/index.php\/2023\/01\/10\/culture-les-epineux-dossiers-a-lagenda-2023-des-professionnels\/","og_site_name":"HIERO STRASBOURG","article_publisher":"https:\/\/www.facebook.com\/fedehierostrasbourg","article_published_time":"2023-01-10T00:43:12+00:00","twitter_card":"summary_large_image","twitter_creator":"@hierostrasbourg","twitter_site":"@hierostrasbourg","twitter_misc":{"Dur\u00e9e de lecture estim\u00e9e":"1 minute"},"schema":{"@context":"https:\/\/schema.org","@graph":[{"@type":"Article","@id":"https:\/\/hierostrasbourg.com\/index.php\/2023\/01\/10\/culture-les-epineux-dossiers-a-lagenda-2023-des-professionnels\/#article","isPartOf":{"@id":"https:\/\/hierostrasbourg.com\/index.php\/2023\/01\/10\/culture-les-epineux-dossiers-a-lagenda-2023-des-professionnels\/"},"author":{"name":"","@id":""},"headline":"Culture : les \u00e9pineux dossiers \u00e0 l\u2019agenda 2023 des professionnels","datePublished":"2023-01-10T00:43:12+00:00","mainEntityOfPage":{"@id":"https:\/\/hierostrasbourg.com\/index.php\/2023\/01\/10\/culture-les-epineux-dossiers-a-lagenda-2023-des-professionnels\/"},"wordCount":121,"publisher":{"@id":"https:\/\/hierostrasbourg.com\/#organization"},"inLanguage":"fr-FR"},{"@type":"WebPage","@id":"https:\/\/hierostrasbourg.com\/index.php\/2023\/01\/10\/culture-les-epineux-dossiers-a-lagenda-2023-des-professionnels\/","url":"https:\/\/hierostrasbourg.com\/index.php\/2023\/01\/10\/culture-les-epineux-dossiers-a-lagenda-2023-des-professionnels\/","name":"Culture : les \u00e9pineux dossiers \u00e0 l\u2019agenda 2023 des professionnels - HIERO STRASBOURG","isPartOf":{"@id":"https:\/\/hierostrasbourg.com\/#website"},"datePublished":"2023-01-10T00:43:12+00:00","breadcrumb":{"@id":"https:\/\/hierostrasbourg.com\/index.php\/2023\/01\/10\/culture-les-epineux-dossiers-a-lagenda-2023-des-professionnels\/#breadcrumb"},"inLanguage":"fr-FR","potentialAction":[{"@type":"ReadAction","target":["https:\/\/hierostrasbourg.com\/index.php\/2023\/01\/10\/culture-les-epineux-dossiers-a-lagenda-2023-des-professionnels\/"]}]},{"@type":"BreadcrumbList","@id":"https:\/\/hierostrasbourg.com\/index.php\/2023\/01\/10\/culture-les-epineux-dossiers-a-lagenda-2023-des-professionnels\/#breadcrumb","itemListElement":[{"@type":"ListItem","position":1,"name":"Accueil","item":"https:\/\/hierostrasbourg.com\/"},{"@type":"ListItem","position":2,"name":"Culture : les \u00e9pineux dossiers \u00e0 l\u2019agenda 2023 des professionnels"}]},{"@type":"WebSite","@id":"https:\/\/hierostrasbourg.com\/#website","url":"https:\/\/hierostrasbourg.com\/","name":"HIERO STRASBOURG","description":"Centre de Ressources Musiques Actuelles","publisher":{"@id":"https:\/\/hierostrasbourg.com\/#organization"},"potentialAction":[{"@type":"SearchAction","target":{"@type":"EntryPoint","urlTemplate":"https:\/\/hierostrasbourg.com\/?s={search_term_string}"},"query-input":{"@type":"PropertyValueSpecification","valueRequired":true,"valueName":"search_term_string"}}],"inLanguage":"fr-FR"},{"@type":"Organization","@id":"https:\/\/hierostrasbourg.com\/#organization","name":"F\u00e9d\u00e9ration Hi\u00e9ro Strasbourg","url":"https:\/\/hierostrasbourg.com\/","logo":{"@type":"ImageObject","inLanguage":"fr-FR","@id":"https:\/\/hierostrasbourg.com\/#\/schema\/logo\/image\/","url":"https:\/\/hierostrasbourg.com\/wp-content\/uploads\/2026\/04\/logo-hiero-strasbourg.jpg","contentUrl":"https:\/\/hierostrasbourg.com\/wp-content\/uploads\/2026\/04\/logo-hiero-strasbourg.jpg","width":204,"height":192,"caption":"F\u00e9d\u00e9ration Hi\u00e9ro Strasbourg"},"image":{"@id":"https:\/\/hierostrasbourg.com\/#\/schema\/logo\/image\/"},"sameAs":["https:\/\/www.facebook.com\/fedehierostrasbourg","https:\/\/x.com\/hierostrasbourg"]}]}},"_links":{"self":[{"href":"https:\/\/hierostrasbourg.com\/index.php\/wp-json\/wp\/v2\/posts\/4576","targetHints":{"allow":["GET"]}}],"collection":[{"href":"https:\/\/hierostrasbourg.com\/index.php\/wp-json\/wp\/v2\/posts"}],"about":[{"href":"https:\/\/hierostrasbourg.com\/index.php\/wp-json\/wp\/v2\/types\/post"}],"replies":[{"embeddable":true,"href":"https:\/\/hierostrasbourg.com\/index.php\/wp-json\/wp\/v2\/comments?post=4576"}],"version-history":[{"count":0,"href":"https:\/\/hierostrasbourg.com\/index.php\/wp-json\/wp\/v2\/posts\/4576\/revisions"}],"wp:attachment":[{"href":"https:\/\/hierostrasbourg.com\/index.php\/wp-json\/wp\/v2\/media?parent=4576"}],"wp:term":[{"taxonomy":"category","embeddable":true,"href":"https:\/\/hierostrasbourg.com\/index.php\/wp-json\/wp\/v2\/categories?post=4576"},{"taxonomy":"post_tag","embeddable":true,"href":"https:\/\/hierostrasbourg.com\/index.php\/wp-json\/wp\/v2\/tags?post=4576"}],"curies":[{"name":"wp","href":"https:\/\/api.w.org\/{rel}","templated":true}]}}