{"id":4547,"date":"2023-01-07T11:41:19","date_gmt":"2023-01-07T10:41:19","guid":{"rendered":"https:\/\/hierostrasbourg.com\/index.php\/2023\/01\/07\/appels-a-projets-pour-le-fonds-dencouragement-aux-initiatives-artistiques-et-culturelles-des-amateurs-feiaca\/"},"modified":"2023-01-07T11:41:19","modified_gmt":"2023-01-07T10:41:19","slug":"appels-a-projets-pour-le-fonds-dencouragement-aux-initiatives-artistiques-et-culturelles-des-amateurs-feiaca","status":"publish","type":"post","link":"https:\/\/hierostrasbourg.com\/index.php\/2023\/01\/07\/appels-a-projets-pour-le-fonds-dencouragement-aux-initiatives-artistiques-et-culturelles-des-amateurs-feiaca\/","title":{"rendered":"Appels \u00e0 projets pour le Fonds d&rsquo;encouragement aux initiatives artistiques et culturelles des amateurs (FEIACA)"},"content":{"rendered":"<p>Le Fonds d\u2019encouragement aux initiatives artistiques et culturelles des amateurs (FEIACA) permet de soutenir des initiatives artistique et culturelle de groupes amateurs. Le minist\u00e8re de la Culture soutient ces initiatives par l\u2019intervention artistique du professionnel qui accompagne le projet.<\/p>\n<h2>Pr\u00e9sentation du dispositif<\/h2>\n<h4>Qu\u2019est-ce que le FEIACA ?<\/h4>\n<p>Le Fonds d\u2019encouragement aux initiatives artistiques et culturelles des amateurs (FEIACA) permet de\u00a0soutenir les initiatives des amateurs en mati\u00e8re artistique et culturelle.\u00a0Il cible volontairement une partie pr\u00e9cise de ces amateurs : ceux qui font le choix de se regrouper pour d\u00e9velopper leur pratique de fa\u00e7on plus autonome et aller ainsi au-del\u00e0 d\u2019une pratique de cours, de stages ou d\u2019ateliers. Ils s\u2019engagent alors dans une aventure diff\u00e9rente avec des projets collectifs au sein desquels leurs choix et leur d\u00e9marche artistique s\u2019affirment et \u00e9voluent \u00e0 travers l\u2019exploration de nouvelles \u00e9critures, de nouvelles disciplines en rencontrant des artistes et\/ou des professionnels de la culture.<\/p>\n<p>Pour accompagner ces projets, le minist\u00e8re de la Culture apporte son soutien\u00a0en d\u00e9livrant une subvention\u00a0qui permet aux amateurs d\u2019\u00eatre accompagn\u00e9s par un artiste professionnel.<\/p>\n<p>Ce dispositif est destin\u00e9 \u00e0 rep\u00e9rer, soutenir et valoriser chaque ann\u00e9e une s\u00e9rie de projets et d\u2019initiatives qui t\u00e9moignent de la diversit\u00e9 des cultures et des modes d\u2019expression artistique des amateurs \u00e0 travers tous les langages, musicaux, dramatiques, chor\u00e9graphiques, plastiques ou visuels.<\/p>\n<p>Il est \u00e9galement pr\u00e9vu\u00a0un volet jeunesse :\u00a0pour les plus jeunes, ils peuvent \u00eatre accompagn\u00e9s pour favoriser la constitution d\u2019un groupe d\u00e9sirant d\u00e9velopper une pratique collective plus autonome, pour d\u00e9velopper leur choix artistique et pour d\u00e9velopper leur projet.<\/p>\n<h2>Objectifs de la d\u00e9marche<\/h2>\n<p>Encourager les initiatives artistiques des groupes d\u2019amateurs<br \/>\nEncourager les rencontres avec les artistes<br \/>\nPrendre en compte les nouvelles pratiques artistiques et culturelles des Fran\u00e7ais (spectacle vivant, arts plastiques et visuels hors cin\u00e9ma)<br \/>\nSuis-je concern\u00e9(e) par cette d\u00e9marche ?<\/p>\n<h2>Qui peut d\u00e9poser un dossier ?<\/h2>\n<p>Associations<\/p>\n<h2>Crit\u00e8res d\u2019\u00e9ligibilit\u00e9 du demandeur<\/h2>\n<h4>Sont \u00e9ligibles les groupes<\/h4>\n<p>autonomes<br \/>\nconstitu\u00e9s d\u2019au moins 4 personnes\u00a0ayant une pratique artistique en amateur dans le domaine du spectacle vivant ou des arts plastiques et visuels<br \/>\ncompos\u00e9s exclusivement d\u2019artistes amateurs (non professionnels)<br \/>\ndont les projets rel\u00e8vent de l\u2019initiative des membres du groupe<\/p>\n<p>Vous retrouverez l\u2019int\u00e9gralit\u00e9 des crit\u00e8res du dispositif dans le R\u00e8glement du dispositif, t\u00e9l\u00e9chargeable en bas de page.<\/p>\n<h4>Crit\u00e8res de non-\u00e9ligibilit\u00e9 du demandeur<\/h4>\n<p>Les groupes ne peuvent pas b\u00e9n\u00e9ficier de l\u2019aide du FEIACA deux ann\u00e9es cons\u00e9cutives. Ceux qui en ont d\u00e9j\u00e0 \u00e9t\u00e9 b\u00e9n\u00e9ficiaires les ann\u00e9es pr\u00e9c\u00e9dentes,\u00a0ne sont pas prioritaires.<\/p>\n<p>L\u2019artiste intervenant ne peut pas \u00eatre l\u2019intervenant habituel du groupe ni un artiste avec qui le groupe aurait l\u2019habitude de travailler.<\/p>\n<h2>Proc\u00e9dure<\/h2>\n<h4>Montant de la subvention<\/h4>\n<p>Elle est d\u2019un montant de 1 000 \u00e0 5 000 euros, dans la limite de 50 % du budget total du projet.<\/p>\n<h4>Modalit\u00e9s d\u2019attribution de la subvention<\/h4>\n<p>Pour les projets retenus :\u00a0la Direction r\u00e9gionale des affaires culturelles ou la Direction des affaires culturelles de votre r\u00e9gion vous informera de la d\u00e9cision et du montant de l\u2019aide attribu\u00e9e \u00e0 votre projet \u00e0 partir de l\u2019\u00e9t\u00e9 2023. Elle vous adressera la d\u00e9marche \u00e0 suivre pour l\u2019attribution de la subvention (Cerfa n\u00b012156*05 accessible en ligne).<\/p>\n<h4>Modalit\u00e9s d\u2019\u00e9valuation des dossiers<\/h4>\n<p>Seront \u00e9tudi\u00e9s :<\/p>\n<p>La prise de risque artistique d\u00e9pla\u00e7ant\u00a0la pratique habituelle du groupe, c\u2019est \u00e0 dire le d\u00e9fi que constitue pour le groupe l\u2019investissement de nouveaux r\u00e9pertoires, de nouvelles techniques, de nouvelles esth\u00e9tiques\u2026,<br \/>\nLa pertinence des objectifs artistiques du projet notamment au regard du parcours du groupe,<br \/>\nL\u2019ad\u00e9quation entre les objectifs artistiques du groupe d\u00e9finis dans le projet et le contenu de l\u2019intervention artistique (intervenant : artiste ou professionnel de la culture, en pr\u00e9sentiel).<br \/>\nD\u2019une mani\u00e8re g\u00e9n\u00e9rale,\u00a0la coh\u00e9rence des moyens et du calendrier pr\u00e9vu pour la r\u00e9alisation du projet seront \u00e9tudi\u00e9s.<\/p>\n<p>Seront \u00e9galement appr\u00e9ci\u00e9s :<\/p>\n<p>La pr\u00e9sence d\u2019un programme d\u2019activit\u00e9s culturelles compl\u00e9mentaire au projet et \u00e0 la pratique artistique,<br \/>\nLa d\u00e9couverte des acteurs de la vie artistique et culturelle du territoire,<br \/>\nL\u2019exploration de nouvelles technologies au service de la cr\u00e9ation,<br \/>\nLes partenariats d\u00e9velopp\u00e9s dans le cadre du projet (pr\u00eat de salle, aide \u00e0 la diffusion ou exposition, aide pour rencontrer des publics\u2026).<\/p>\n<h2>Calendrier<\/h2>\n<p>Date limite de d\u00e9p\u00f4t des dossiers : 15 mars 2023, minuit (heure de Paris).\u00a0Aucun dossier ne pourra \u00eatre d\u00e9pos\u00e9 ou pris en compte apr\u00e8s cette date.<br \/>\nR\u00e9union de la commission : premi\u00e8re quinzaine de juin 2023<br \/>\nAnnonce des r\u00e9sultats : premi\u00e8re quinzaine de juillet 2023.<br \/>\n\u00c0 l\u2019issue du projet,\u00a0un bilan financier et un bilan du projet seront exig\u00e9s\u00a0et devront \u00eatre adress\u00e9s conjointement \u00e0 la DRAC de votre r\u00e9gion et \u00e0 la DG2TDC.<\/p>\n<h2>Une question ?<\/h2>\n<p>Pour toute question sur le FEIACA, vous \u00eates invit\u00e9s \u00e0 vous adresser \u00e0 :<\/p>\n<p>D\u00e9l\u00e9gation g\u00e9n\u00e9rale \u00e0 la transmission, aux territoires et \u00e0 la d\u00e9mocratie culturelle (DG2TDC)<br \/>\nFEIACA<br \/>\nfeiaca.dg2tdc@culture.gouv.fr<br \/>\n01 40 15 32 67 et 01 40 15 87 70<br \/>\n182 Rue Saint-Honor\u00e9 75001 Paris<\/p>\n<p>ou aux contacts r\u00e9gionaux indiqu\u00e9s ci-dessous :<\/p>\n<h4>Grand Est<\/h4>\n<p>Pierre Vogler, p\u00f4le d\u00e9mocratisation et industries culturelles :\u00a0feiaca.ge@culture.gouv.fr<\/p>\n<p><a class=\"maxbutton-1 maxbutton maxbutton-inscription\" href=\"https:\/\/www.demarches-simplifiees.fr\/commencer\/dev-cult_feiaca\"><span class=\"mb-text\">POSTULEZ<\/span><\/a><\/p>\n<div class=\"ead-preview\">\n<div class=\"ead-document\">\n<div class=\"ead-iframe-wrapper\"><\/div>\n<div class=\"ead-document-loading\">\n<div class=\"ead-loading-wrap\">\n<div class=\"ead-loading-main\">\n<div class=\"ead-loading\">\n\t\t\t\t\t\t\t<span>En cours de chargement\u2026<\/span>\n\t\t\t\t\t\t<\/div>\n<\/p><\/div>\n<div class=\"ead-loading-foot\">\n<div class=\"ead-loading-foot-title\">\n\t\t\t\t\t\t\t<span>Cela prend trop de temps\u00a0?<\/span>\n\t\t\t\t\t\t<\/div>\n<\/p>\n<div class=\"ead-document-btn ead-reload-btn\">\n\t\t\t\t\t\t\t\t Recharger le document\t\t\t\t\t\t\t<\/div>\n<p>\t\t\t\t\t\t\t<span>|<\/span><br \/>\n\t\t\t\t\t\t\t<a href=\"https:\/\/lamultinationaledelunderground.com\/musiquesactuelles\/wp-content\/uploads\/2023\/01\/2023_REGLEMENT_APPEL_A_PROJET_FEIACA.pdf\" class=\"ead-document-btn\" target=\"_blank\" rel=\"noopener\"><br \/>\n\t\t\t\t\t\t\t\t Ouvrir dans un nouvel onglet\t\t\t\t\t\t\t<\/a>\n\t\t\t\t\t<\/div>\n<\/p><\/div>\n<\/p><\/div>\n<\/p><\/div>\n<p class=\"embed_download\"><a href=\"https:\/\/lamultinationaledelunderground.com\/musiquesactuelles\/wp-content\/uploads\/2023\/01\/2023_REGLEMENT_APPEL_A_PROJET_FEIACA.pdf\">\ufeffT\u00e9l\u00e9charger [493.08 KB] <\/a><\/p>\n<\/div>\n<div class=\"ead-preview\">\n<div class=\"ead-document\">\n<div class=\"ead-iframe-wrapper\"><\/div>\n<div class=\"ead-document-loading\">\n<div class=\"ead-loading-wrap\">\n<div class=\"ead-loading-main\">\n<div class=\"ead-loading\">\n\t\t\t\t\t\t\t<span>En cours de chargement\u2026<\/span>\n\t\t\t\t\t\t<\/div>\n<\/p><\/div>\n<div class=\"ead-loading-foot\">\n<div class=\"ead-loading-foot-title\">\n\t\t\t\t\t\t\t<span>Cela prend trop de temps\u00a0?<\/span>\n\t\t\t\t\t\t<\/div>\n<\/p>\n<div class=\"ead-document-btn ead-reload-btn\">\n\t\t\t\t\t\t\t\t Recharger le document\t\t\t\t\t\t\t<\/div>\n<p>\t\t\t\t\t\t\t<span>|<\/span><br \/>\n\t\t\t\t\t\t\t<a href=\"https:\/\/lamultinationaledelunderground.com\/musiquesactuelles\/wp-content\/uploads\/2023\/01\/Contacts_FederationsPartenaires.pdf\" class=\"ead-document-btn\" target=\"_blank\" rel=\"noopener\"><br \/>\n\t\t\t\t\t\t\t\t Ouvrir dans un nouvel onglet\t\t\t\t\t\t\t<\/a>\n\t\t\t\t\t<\/div>\n<\/p><\/div>\n<\/p><\/div>\n<\/p><\/div>\n<p class=\"embed_download\"><a href=\"https:\/\/lamultinationaledelunderground.com\/musiquesactuelles\/wp-content\/uploads\/2023\/01\/Contacts_FederationsPartenaires.pdf\">\ufeffT\u00e9l\u00e9charger [413.74 KB] <\/a><\/p>\n<\/div>\n<p>L\u2019article <a href=\"https:\/\/popburo.fr\/appels-a-projets-pour-le-fonds-dencouragement-aux-initiatives-artistiques-et-culturelles-des-amateurs-feiaca\/\">Appels \u00e0 projets pour le Fonds d&rsquo;encouragement aux initiatives artistiques et culturelles des amateurs (FEIACA)<\/a> est apparu en premier sur <a href=\"https:\/\/popburo.fr\/\">POP B\u00dcRO<\/a>.<\/p>\n","protected":false},"excerpt":{"rendered":"<p>Le Fonds d\u2019encouragement aux initiatives artistiques et culturelles des amateurs (FEIACA) permet de soutenir des initiatives artistique et culturelle de groupes amateurs. Le minist\u00e8re de la Culture soutient ces initiatives par l\u2019intervention artistique du professionnel qui accompagne le projet. Pr\u00e9sentation du dispositif Qu\u2019est-ce que le FEIACA ? Le Fonds d\u2019encouragement aux initiatives artistiques et culturelles des amateurs (FEIACA) permet de\u00a0soutenir les initiatives des amateurs en mati\u00e8re artistique et culturelle.\u00a0Il cible volontairement une partie pr\u00e9cise de ces amateurs : ceux qui [&hellip;]<\/p>\n","protected":false},"author":0,"featured_media":0,"comment_status":"closed","ping_status":"open","sticky":false,"template":"","format":"standard","meta":{"footnotes":""},"categories":[1],"tags":[],"class_list":["post-4547","post","type-post","status-publish","format-standard","hentry","category-non-classe"],"yoast_head":"<!-- This site is optimized with the Yoast SEO plugin v27.5 - https:\/\/yoast.com\/product\/yoast-seo-wordpress\/ -->\n<title>Appels \u00e0 projets pour le Fonds d&#039;encouragement aux initiatives artistiques et culturelles des amateurs (FEIACA) - HIERO STRASBOURG<\/title>\n<meta name=\"robots\" content=\"index, follow, max-snippet:-1, max-image-preview:large, max-video-preview:-1\" \/>\n<link rel=\"canonical\" href=\"https:\/\/hierostrasbourg.com\/index.php\/2023\/01\/07\/appels-a-projets-pour-le-fonds-dencouragement-aux-initiatives-artistiques-et-culturelles-des-amateurs-feiaca\/\" \/>\n<meta property=\"og:locale\" content=\"fr_FR\" \/>\n<meta property=\"og:type\" content=\"article\" \/>\n<meta property=\"og:title\" content=\"Appels \u00e0 projets pour le Fonds d&#039;encouragement aux initiatives artistiques et culturelles des amateurs (FEIACA) - HIERO STRASBOURG\" \/>\n<meta property=\"og:description\" content=\"Le Fonds d\u2019encouragement aux initiatives artistiques et culturelles des amateurs (FEIACA) permet de soutenir des initiatives artistique et culturelle de groupes amateurs. Le minist\u00e8re de la Culture soutient ces initiatives par l\u2019intervention artistique du professionnel qui accompagne le projet. Pr\u00e9sentation du dispositif Qu\u2019est-ce que le FEIACA ? Le Fonds d\u2019encouragement aux initiatives artistiques et culturelles des amateurs (FEIACA) permet de\u00a0soutenir les initiatives des amateurs en mati\u00e8re artistique et culturelle.\u00a0Il cible volontairement une partie pr\u00e9cise de ces amateurs : ceux qui [&hellip;]\" \/>\n<meta property=\"og:url\" content=\"https:\/\/hierostrasbourg.com\/index.php\/2023\/01\/07\/appels-a-projets-pour-le-fonds-dencouragement-aux-initiatives-artistiques-et-culturelles-des-amateurs-feiaca\/\" \/>\n<meta property=\"og:site_name\" content=\"HIERO STRASBOURG\" \/>\n<meta property=\"article:publisher\" content=\"https:\/\/www.facebook.com\/fedehierostrasbourg\" \/>\n<meta property=\"article:published_time\" content=\"2023-01-07T10:41:19+00:00\" \/>\n<meta name=\"twitter:card\" content=\"summary_large_image\" \/>\n<meta name=\"twitter:creator\" content=\"@hierostrasbourg\" \/>\n<meta name=\"twitter:site\" content=\"@hierostrasbourg\" \/>\n<meta name=\"twitter:label1\" content=\"Dur\u00e9e de lecture estim\u00e9e\" \/>\n\t<meta name=\"twitter:data1\" content=\"5 minutes\" \/>\n<script type=\"application\/ld+json\" class=\"yoast-schema-graph\">{\"@context\":\"https:\\\/\\\/schema.org\",\"@graph\":[{\"@type\":\"Article\",\"@id\":\"https:\\\/\\\/hierostrasbourg.com\\\/index.php\\\/2023\\\/01\\\/07\\\/appels-a-projets-pour-le-fonds-dencouragement-aux-initiatives-artistiques-et-culturelles-des-amateurs-feiaca\\\/#article\",\"isPartOf\":{\"@id\":\"https:\\\/\\\/hierostrasbourg.com\\\/index.php\\\/2023\\\/01\\\/07\\\/appels-a-projets-pour-le-fonds-dencouragement-aux-initiatives-artistiques-et-culturelles-des-amateurs-feiaca\\\/\"},\"author\":{\"name\":\"\",\"@id\":\"\"},\"headline\":\"Appels \u00e0 projets pour le Fonds d&rsquo;encouragement aux initiatives artistiques et culturelles des amateurs (FEIACA)\",\"datePublished\":\"2023-01-07T10:41:19+00:00\",\"mainEntityOfPage\":{\"@id\":\"https:\\\/\\\/hierostrasbourg.com\\\/index.php\\\/2023\\\/01\\\/07\\\/appels-a-projets-pour-le-fonds-dencouragement-aux-initiatives-artistiques-et-culturelles-des-amateurs-feiaca\\\/\"},\"wordCount\":992,\"publisher\":{\"@id\":\"https:\\\/\\\/hierostrasbourg.com\\\/#organization\"},\"inLanguage\":\"fr-FR\"},{\"@type\":\"WebPage\",\"@id\":\"https:\\\/\\\/hierostrasbourg.com\\\/index.php\\\/2023\\\/01\\\/07\\\/appels-a-projets-pour-le-fonds-dencouragement-aux-initiatives-artistiques-et-culturelles-des-amateurs-feiaca\\\/\",\"url\":\"https:\\\/\\\/hierostrasbourg.com\\\/index.php\\\/2023\\\/01\\\/07\\\/appels-a-projets-pour-le-fonds-dencouragement-aux-initiatives-artistiques-et-culturelles-des-amateurs-feiaca\\\/\",\"name\":\"Appels \u00e0 projets pour le Fonds d'encouragement aux initiatives artistiques et culturelles des amateurs (FEIACA) - HIERO STRASBOURG\",\"isPartOf\":{\"@id\":\"https:\\\/\\\/hierostrasbourg.com\\\/#website\"},\"datePublished\":\"2023-01-07T10:41:19+00:00\",\"breadcrumb\":{\"@id\":\"https:\\\/\\\/hierostrasbourg.com\\\/index.php\\\/2023\\\/01\\\/07\\\/appels-a-projets-pour-le-fonds-dencouragement-aux-initiatives-artistiques-et-culturelles-des-amateurs-feiaca\\\/#breadcrumb\"},\"inLanguage\":\"fr-FR\",\"potentialAction\":[{\"@type\":\"ReadAction\",\"target\":[\"https:\\\/\\\/hierostrasbourg.com\\\/index.php\\\/2023\\\/01\\\/07\\\/appels-a-projets-pour-le-fonds-dencouragement-aux-initiatives-artistiques-et-culturelles-des-amateurs-feiaca\\\/\"]}]},{\"@type\":\"BreadcrumbList\",\"@id\":\"https:\\\/\\\/hierostrasbourg.com\\\/index.php\\\/2023\\\/01\\\/07\\\/appels-a-projets-pour-le-fonds-dencouragement-aux-initiatives-artistiques-et-culturelles-des-amateurs-feiaca\\\/#breadcrumb\",\"itemListElement\":[{\"@type\":\"ListItem\",\"position\":1,\"name\":\"Accueil\",\"item\":\"https:\\\/\\\/hierostrasbourg.com\\\/\"},{\"@type\":\"ListItem\",\"position\":2,\"name\":\"Appels \u00e0 projets pour le Fonds d&#8217;encouragement aux initiatives artistiques et culturelles des amateurs (FEIACA)\"}]},{\"@type\":\"WebSite\",\"@id\":\"https:\\\/\\\/hierostrasbourg.com\\\/#website\",\"url\":\"https:\\\/\\\/hierostrasbourg.com\\\/\",\"name\":\"HIERO STRASBOURG\",\"description\":\"Centre de Ressources Musiques Actuelles\",\"publisher\":{\"@id\":\"https:\\\/\\\/hierostrasbourg.com\\\/#organization\"},\"potentialAction\":[{\"@type\":\"SearchAction\",\"target\":{\"@type\":\"EntryPoint\",\"urlTemplate\":\"https:\\\/\\\/hierostrasbourg.com\\\/?s={search_term_string}\"},\"query-input\":{\"@type\":\"PropertyValueSpecification\",\"valueRequired\":true,\"valueName\":\"search_term_string\"}}],\"inLanguage\":\"fr-FR\"},{\"@type\":\"Organization\",\"@id\":\"https:\\\/\\\/hierostrasbourg.com\\\/#organization\",\"name\":\"F\u00e9d\u00e9ration Hi\u00e9ro Strasbourg\",\"url\":\"https:\\\/\\\/hierostrasbourg.com\\\/\",\"logo\":{\"@type\":\"ImageObject\",\"inLanguage\":\"fr-FR\",\"@id\":\"https:\\\/\\\/hierostrasbourg.com\\\/#\\\/schema\\\/logo\\\/image\\\/\",\"url\":\"https:\\\/\\\/hierostrasbourg.com\\\/wp-content\\\/uploads\\\/2026\\\/04\\\/logo-hiero-strasbourg.jpg\",\"contentUrl\":\"https:\\\/\\\/hierostrasbourg.com\\\/wp-content\\\/uploads\\\/2026\\\/04\\\/logo-hiero-strasbourg.jpg\",\"width\":204,\"height\":192,\"caption\":\"F\u00e9d\u00e9ration Hi\u00e9ro Strasbourg\"},\"image\":{\"@id\":\"https:\\\/\\\/hierostrasbourg.com\\\/#\\\/schema\\\/logo\\\/image\\\/\"},\"sameAs\":[\"https:\\\/\\\/www.facebook.com\\\/fedehierostrasbourg\",\"https:\\\/\\\/x.com\\\/hierostrasbourg\"]}]}<\/script>\n<!-- \/ Yoast SEO plugin. -->","yoast_head_json":{"title":"Appels \u00e0 projets pour le Fonds d'encouragement aux initiatives artistiques et culturelles des amateurs (FEIACA) - HIERO STRASBOURG","robots":{"index":"index","follow":"follow","max-snippet":"max-snippet:-1","max-image-preview":"max-image-preview:large","max-video-preview":"max-video-preview:-1"},"canonical":"https:\/\/hierostrasbourg.com\/index.php\/2023\/01\/07\/appels-a-projets-pour-le-fonds-dencouragement-aux-initiatives-artistiques-et-culturelles-des-amateurs-feiaca\/","og_locale":"fr_FR","og_type":"article","og_title":"Appels \u00e0 projets pour le Fonds d'encouragement aux initiatives artistiques et culturelles des amateurs (FEIACA) - HIERO STRASBOURG","og_description":"Le Fonds d\u2019encouragement aux initiatives artistiques et culturelles des amateurs (FEIACA) permet de soutenir des initiatives artistique et culturelle de groupes amateurs. Le minist\u00e8re de la Culture soutient ces initiatives par l\u2019intervention artistique du professionnel qui accompagne le projet. Pr\u00e9sentation du dispositif Qu\u2019est-ce que le FEIACA ? Le Fonds d\u2019encouragement aux initiatives artistiques et culturelles des amateurs (FEIACA) permet de\u00a0soutenir les initiatives des amateurs en mati\u00e8re artistique et culturelle.\u00a0Il cible volontairement une partie pr\u00e9cise de ces amateurs : ceux qui [&hellip;]","og_url":"https:\/\/hierostrasbourg.com\/index.php\/2023\/01\/07\/appels-a-projets-pour-le-fonds-dencouragement-aux-initiatives-artistiques-et-culturelles-des-amateurs-feiaca\/","og_site_name":"HIERO STRASBOURG","article_publisher":"https:\/\/www.facebook.com\/fedehierostrasbourg","article_published_time":"2023-01-07T10:41:19+00:00","twitter_card":"summary_large_image","twitter_creator":"@hierostrasbourg","twitter_site":"@hierostrasbourg","twitter_misc":{"Dur\u00e9e de lecture estim\u00e9e":"5 minutes"},"schema":{"@context":"https:\/\/schema.org","@graph":[{"@type":"Article","@id":"https:\/\/hierostrasbourg.com\/index.php\/2023\/01\/07\/appels-a-projets-pour-le-fonds-dencouragement-aux-initiatives-artistiques-et-culturelles-des-amateurs-feiaca\/#article","isPartOf":{"@id":"https:\/\/hierostrasbourg.com\/index.php\/2023\/01\/07\/appels-a-projets-pour-le-fonds-dencouragement-aux-initiatives-artistiques-et-culturelles-des-amateurs-feiaca\/"},"author":{"name":"","@id":""},"headline":"Appels \u00e0 projets pour le Fonds d&rsquo;encouragement aux initiatives artistiques et culturelles des amateurs (FEIACA)","datePublished":"2023-01-07T10:41:19+00:00","mainEntityOfPage":{"@id":"https:\/\/hierostrasbourg.com\/index.php\/2023\/01\/07\/appels-a-projets-pour-le-fonds-dencouragement-aux-initiatives-artistiques-et-culturelles-des-amateurs-feiaca\/"},"wordCount":992,"publisher":{"@id":"https:\/\/hierostrasbourg.com\/#organization"},"inLanguage":"fr-FR"},{"@type":"WebPage","@id":"https:\/\/hierostrasbourg.com\/index.php\/2023\/01\/07\/appels-a-projets-pour-le-fonds-dencouragement-aux-initiatives-artistiques-et-culturelles-des-amateurs-feiaca\/","url":"https:\/\/hierostrasbourg.com\/index.php\/2023\/01\/07\/appels-a-projets-pour-le-fonds-dencouragement-aux-initiatives-artistiques-et-culturelles-des-amateurs-feiaca\/","name":"Appels \u00e0 projets pour le Fonds d'encouragement aux initiatives artistiques et culturelles des amateurs (FEIACA) - HIERO STRASBOURG","isPartOf":{"@id":"https:\/\/hierostrasbourg.com\/#website"},"datePublished":"2023-01-07T10:41:19+00:00","breadcrumb":{"@id":"https:\/\/hierostrasbourg.com\/index.php\/2023\/01\/07\/appels-a-projets-pour-le-fonds-dencouragement-aux-initiatives-artistiques-et-culturelles-des-amateurs-feiaca\/#breadcrumb"},"inLanguage":"fr-FR","potentialAction":[{"@type":"ReadAction","target":["https:\/\/hierostrasbourg.com\/index.php\/2023\/01\/07\/appels-a-projets-pour-le-fonds-dencouragement-aux-initiatives-artistiques-et-culturelles-des-amateurs-feiaca\/"]}]},{"@type":"BreadcrumbList","@id":"https:\/\/hierostrasbourg.com\/index.php\/2023\/01\/07\/appels-a-projets-pour-le-fonds-dencouragement-aux-initiatives-artistiques-et-culturelles-des-amateurs-feiaca\/#breadcrumb","itemListElement":[{"@type":"ListItem","position":1,"name":"Accueil","item":"https:\/\/hierostrasbourg.com\/"},{"@type":"ListItem","position":2,"name":"Appels \u00e0 projets pour le Fonds d&#8217;encouragement aux initiatives artistiques et culturelles des amateurs (FEIACA)"}]},{"@type":"WebSite","@id":"https:\/\/hierostrasbourg.com\/#website","url":"https:\/\/hierostrasbourg.com\/","name":"HIERO STRASBOURG","description":"Centre de Ressources Musiques Actuelles","publisher":{"@id":"https:\/\/hierostrasbourg.com\/#organization"},"potentialAction":[{"@type":"SearchAction","target":{"@type":"EntryPoint","urlTemplate":"https:\/\/hierostrasbourg.com\/?s={search_term_string}"},"query-input":{"@type":"PropertyValueSpecification","valueRequired":true,"valueName":"search_term_string"}}],"inLanguage":"fr-FR"},{"@type":"Organization","@id":"https:\/\/hierostrasbourg.com\/#organization","name":"F\u00e9d\u00e9ration Hi\u00e9ro Strasbourg","url":"https:\/\/hierostrasbourg.com\/","logo":{"@type":"ImageObject","inLanguage":"fr-FR","@id":"https:\/\/hierostrasbourg.com\/#\/schema\/logo\/image\/","url":"https:\/\/hierostrasbourg.com\/wp-content\/uploads\/2026\/04\/logo-hiero-strasbourg.jpg","contentUrl":"https:\/\/hierostrasbourg.com\/wp-content\/uploads\/2026\/04\/logo-hiero-strasbourg.jpg","width":204,"height":192,"caption":"F\u00e9d\u00e9ration Hi\u00e9ro Strasbourg"},"image":{"@id":"https:\/\/hierostrasbourg.com\/#\/schema\/logo\/image\/"},"sameAs":["https:\/\/www.facebook.com\/fedehierostrasbourg","https:\/\/x.com\/hierostrasbourg"]}]}},"_links":{"self":[{"href":"https:\/\/hierostrasbourg.com\/index.php\/wp-json\/wp\/v2\/posts\/4547","targetHints":{"allow":["GET"]}}],"collection":[{"href":"https:\/\/hierostrasbourg.com\/index.php\/wp-json\/wp\/v2\/posts"}],"about":[{"href":"https:\/\/hierostrasbourg.com\/index.php\/wp-json\/wp\/v2\/types\/post"}],"replies":[{"embeddable":true,"href":"https:\/\/hierostrasbourg.com\/index.php\/wp-json\/wp\/v2\/comments?post=4547"}],"version-history":[{"count":0,"href":"https:\/\/hierostrasbourg.com\/index.php\/wp-json\/wp\/v2\/posts\/4547\/revisions"}],"wp:attachment":[{"href":"https:\/\/hierostrasbourg.com\/index.php\/wp-json\/wp\/v2\/media?parent=4547"}],"wp:term":[{"taxonomy":"category","embeddable":true,"href":"https:\/\/hierostrasbourg.com\/index.php\/wp-json\/wp\/v2\/categories?post=4547"},{"taxonomy":"post_tag","embeddable":true,"href":"https:\/\/hierostrasbourg.com\/index.php\/wp-json\/wp\/v2\/tags?post=4547"}],"curies":[{"name":"wp","href":"https:\/\/api.w.org\/{rel}","templated":true}]}}