{"id":4397,"date":"2023-01-06T14:45:23","date_gmt":"2023-01-06T13:45:23","guid":{"rendered":"https:\/\/hierostrasbourg.com\/index.php\/2023\/01\/06\/appel-a-projets-culture-et-creation-numerique\/"},"modified":"2023-01-06T14:45:23","modified_gmt":"2023-01-06T13:45:23","slug":"appel-a-projets-culture-et-creation-numerique","status":"publish","type":"post","link":"https:\/\/hierostrasbourg.com\/index.php\/2023\/01\/06\/appel-a-projets-culture-et-creation-numerique\/","title":{"rendered":"Appel \u00e0 projets \u00ab\u00a0Culture et cr\u00e9ation num\u00e9rique\u00a0\u00bb"},"content":{"rendered":"<p>Vous souhaitez mener \u00e0 bien un projet d\u2019 \u0153uvres\/contenus num\u00e9riques permettant l\u2019\u00e9mergence de nouvelles formes de cr\u00e9ation, de nouvelles interactions avec le public, de nouveaux usages ainsi que le d\u00e9veloppement d\u2019outils num\u00e9riques narratifs et innovants ?<\/p>\n<p>B\u00e9n\u00e9ficiez de l\u2019aide r\u00e9gionale pouvant aller jusqu\u2019\u00e0 8 000 \u20ac en d\u00e9veloppement et 25 000 \u20ac en production.<\/p>\n<h2>\u00c0 savoir<\/h2>\n<p>Date(s) limite(s) de d\u00e9p\u00f4t :<\/p>\n<p>1ere session : 15 f\u00e9vrier 2023<br \/>\n2\u00e8me session : 1er juillet 2023<\/p>\n<h2>D\u00c9POSEZ VOTRE DOSSIER<\/h2>\n<p>Pouvez-vous b\u00e9n\u00e9ficier de l\u2019aide r\u00e9gionale ?<\/p>\n<p><strong>Vous \u00eates\u00a0:<\/strong><\/p>\n<p>Soit Issus de la fili\u00e8re culturelle (acteurs de la cr\u00e9ation, entreprises, personnes morales de droit priv\u00e9, implant\u00e9s sur le territoire r\u00e9gional, et\/ou dont le projet s\u2019inscrit sur le territoire du Grand Est.<br \/>\nSoit issus de la fili\u00e8re patrimoine :<br \/>\nles propri\u00e9taires priv\u00e9s ou publics y compris associatifs de patrimoine architectural prot\u00e9g\u00e9 au titre des Monuments historiques,<br \/>\nles centres d\u2019interpr\u00e9tation pourvus d\u2019instance scientifique,<br \/>\nles mus\u00e9es de France.<\/p>\n<h4>Et votre projet concerne :<\/h4>\n<p><strong>Peuvent \u00eatre pris en compte dans le secteur culturel\u00a0:<\/strong><\/p>\n<p>les contenus narratifs (animation, documentaire, fiction en prise de vue r\u00e9elle) \u00e0 destination du \u00a0web, non adoss\u00e9es \u00e0 des cha\u00eenes hertziennes,<br \/>\nles spectacles\/expositions augment\u00e9s,<br \/>\nles applications culturelles mobiles avec un contenu narratif (cr\u00e9ation originale uniquement),<br \/>\nles \u0153uvres num\u00e9riques\/interactives relevant du secteur des arts visuels,<br \/>\nles livres num\u00e9riques augment\u00e9s,<br \/>\nles films en r\u00e9alit\u00e9 virtuelle, en r\u00e9alit\u00e9 augment\u00e9e.<\/p>\n<p><strong>Peuvent \u00eatre pris en compte dans le secteur patrimonial et tourisme\u00a0:<\/strong><\/p>\n<p>les outils num\u00e9riques dont la cr\u00e9ation est originale et le contenu narratif pour :<br \/>\nla mise en valeur d\u2019objets patrimoniaux ou de collection,<br \/>\nle croisement interdisciplinaire autour d\u2019une architecture, d\u2019une collection ou d\u2019un objet (introduction virtuelle d\u2019art contemporain ou de spectacle vivant dans un cadre historique et patrimonial, m\u00ealer les champs disciplinaires et les exp\u00e9riences sensorielles),<br \/>\nla cr\u00e9ation de parcours interactifs th\u00e9matiques adapt\u00e9s aux diff\u00e9rents publics.<\/p>\n<p>Champs concern\u00e9s\u00a0: spectacle vivant, musique, livre, cin\u00e9ma et audiovisuel, arts visuels, patrimoines et mus\u00e9es.<\/p>\n<h2>Modes de diffusion<\/h2>\n<p>plateformes d\u2019h\u00e9bergement de contenus, non adoss\u00e9es \u00e0 des cha\u00eenes hertziennes,<br \/>\ntiers-lieux num\u00e9riques,<br \/>\nmus\u00e9es,<br \/>\nfestivals,<br \/>\ncentres d\u2019art,<br \/>\nsalles de spectacles et de concert.<\/p>\n<p>Si vous r\u00e9pondez \u00e0 ces crit\u00e8res, l\u2019attribution de l\u2019aide n\u2019est pas pour autant automatique. Votre dossier sera \u00e9tudi\u00e9 au regard des priorit\u00e9s r\u00e9gionales.<\/p>\n<h2>Comment estimer votre montant d\u2019aide ?<\/h2>\n<p>Montant de l\u2019aide r\u00e9gionale<br \/>\nTaux maximum : de 50 \u00e0 80 % du projet<br \/>\nPlafond d\u2019aide : 8 000 \u20ac en d\u00e9veloppement et 25 000 \u20ac en production<\/p>\n<p><em>Attention\u00a0: Soutien non cumulable avec les aides traditionnelles \u00e0 la cr\u00e9ation, aux r\u00e9sidences, \u00e0 la valorisation du patrimoine ou \u00e0 la production propos\u00e9e par la R\u00e9gion Grand Est ou \u00e0 des projets par ailleurs d\u00e9j\u00e0 financ\u00e9s dans le cadre de conventionnements avec la R\u00e9gion.<\/em><\/p>\n<h2>Comment demander l\u2019aide r\u00e9gionale ?<\/h2>\n<p>D\u00e9posez votre demande en ligne au plus tard le\u00a015 f\u00e9vrier 2023 pour la 1\u00e8re session\u00a0et le 1 juillet 2023 pour la 2\u00e8me session.<\/p>\n<p>Avant de d\u00e9poser votre dossier en ligne, contactez votre interlocuteur r\u00e9gional<\/p>\n<p>Contactez Marion GRAVOULET<br \/>\nmarion.gravoulet@grandest.fr<br \/>\nTel :\u00a0\u00a006 75 72 86 76<\/p>\n<p><a class=\"maxbutton-1 maxbutton maxbutton-inscription\" href=\"https:\/\/messervices.grandest.fr\/aides\/#\/crge\/connecte\/F_TEL0192\/depot\/simple\"><span class=\"mb-text\">D\u00c9POSEZ VOTRE DOSSIER<\/span><\/a><\/p>\n<p>L\u2019article <a href=\"https:\/\/popburo.fr\/appel-a-projets-culture-et-creation-numerique\/\">Appel \u00e0 projets \u00ab\u00a0Culture et cr\u00e9ation num\u00e9rique\u00a0\u00bb<\/a> est apparu en premier sur <a href=\"https:\/\/popburo.fr\/\">POP B\u00dcRO<\/a>.<\/p>\n","protected":false},"excerpt":{"rendered":"<p>Vous souhaitez mener \u00e0 bien un projet d\u2019 \u0153uvres\/contenus num\u00e9riques permettant l\u2019\u00e9mergence de nouvelles formes de cr\u00e9ation, de nouvelles interactions avec le public, de nouveaux usages ainsi que le d\u00e9veloppement d\u2019outils num\u00e9riques narratifs et innovants ? B\u00e9n\u00e9ficiez de l\u2019aide r\u00e9gionale pouvant aller jusqu\u2019\u00e0 8 000 \u20ac en d\u00e9veloppement et 25 000 \u20ac en production. \u00c0 savoir Date(s) limite(s) de d\u00e9p\u00f4t : 1ere session : 15 f\u00e9vrier 2023 2\u00e8me session : 1er juillet 2023 D\u00c9POSEZ VOTRE DOSSIER Pouvez-vous b\u00e9n\u00e9ficier de l\u2019aide [&hellip;]<\/p>\n","protected":false},"author":0,"featured_media":0,"comment_status":"closed","ping_status":"open","sticky":false,"template":"","format":"standard","meta":{"footnotes":""},"categories":[1],"tags":[],"class_list":["post-4397","post","type-post","status-publish","format-standard","hentry","category-non-classe"],"yoast_head":"<!-- This site is optimized with the Yoast SEO plugin v27.5 - https:\/\/yoast.com\/product\/yoast-seo-wordpress\/ -->\n<title>Appel \u00e0 projets &quot;Culture et cr\u00e9ation num\u00e9rique&quot; - HIERO STRASBOURG<\/title>\n<meta name=\"robots\" content=\"index, follow, max-snippet:-1, max-image-preview:large, max-video-preview:-1\" \/>\n<link rel=\"canonical\" href=\"https:\/\/hierostrasbourg.com\/index.php\/2023\/01\/06\/appel-a-projets-culture-et-creation-numerique\/\" \/>\n<meta property=\"og:locale\" content=\"fr_FR\" \/>\n<meta property=\"og:type\" content=\"article\" \/>\n<meta property=\"og:title\" content=\"Appel \u00e0 projets &quot;Culture et cr\u00e9ation num\u00e9rique&quot; - HIERO STRASBOURG\" \/>\n<meta property=\"og:description\" content=\"Vous souhaitez mener \u00e0 bien un projet d\u2019 \u0153uvres\/contenus num\u00e9riques permettant l\u2019\u00e9mergence de nouvelles formes de cr\u00e9ation, de nouvelles interactions avec le public, de nouveaux usages ainsi que le d\u00e9veloppement d\u2019outils num\u00e9riques narratifs et innovants ? B\u00e9n\u00e9ficiez de l\u2019aide r\u00e9gionale pouvant aller jusqu\u2019\u00e0 8 000 \u20ac en d\u00e9veloppement et 25 000 \u20ac en production. \u00c0 savoir Date(s) limite(s) de d\u00e9p\u00f4t : 1ere session : 15 f\u00e9vrier 2023 2\u00e8me session : 1er juillet 2023 D\u00c9POSEZ VOTRE DOSSIER Pouvez-vous b\u00e9n\u00e9ficier de l\u2019aide [&hellip;]\" \/>\n<meta property=\"og:url\" content=\"https:\/\/hierostrasbourg.com\/index.php\/2023\/01\/06\/appel-a-projets-culture-et-creation-numerique\/\" \/>\n<meta property=\"og:site_name\" content=\"HIERO STRASBOURG\" \/>\n<meta property=\"article:publisher\" content=\"https:\/\/www.facebook.com\/fedehierostrasbourg\" \/>\n<meta property=\"article:published_time\" content=\"2023-01-06T13:45:23+00:00\" \/>\n<meta name=\"twitter:card\" content=\"summary_large_image\" \/>\n<meta name=\"twitter:creator\" content=\"@hierostrasbourg\" \/>\n<meta name=\"twitter:site\" content=\"@hierostrasbourg\" \/>\n<meta name=\"twitter:label1\" content=\"Dur\u00e9e de lecture estim\u00e9e\" \/>\n\t<meta name=\"twitter:data1\" content=\"3 minutes\" \/>\n<script type=\"application\/ld+json\" class=\"yoast-schema-graph\">{\"@context\":\"https:\\\/\\\/schema.org\",\"@graph\":[{\"@type\":\"Article\",\"@id\":\"https:\\\/\\\/hierostrasbourg.com\\\/index.php\\\/2023\\\/01\\\/06\\\/appel-a-projets-culture-et-creation-numerique\\\/#article\",\"isPartOf\":{\"@id\":\"https:\\\/\\\/hierostrasbourg.com\\\/index.php\\\/2023\\\/01\\\/06\\\/appel-a-projets-culture-et-creation-numerique\\\/\"},\"author\":{\"name\":\"\",\"@id\":\"\"},\"headline\":\"Appel \u00e0 projets \u00ab\u00a0Culture et cr\u00e9ation num\u00e9rique\u00a0\u00bb\",\"datePublished\":\"2023-01-06T13:45:23+00:00\",\"mainEntityOfPage\":{\"@id\":\"https:\\\/\\\/hierostrasbourg.com\\\/index.php\\\/2023\\\/01\\\/06\\\/appel-a-projets-culture-et-creation-numerique\\\/\"},\"wordCount\":568,\"publisher\":{\"@id\":\"https:\\\/\\\/hierostrasbourg.com\\\/#organization\"},\"inLanguage\":\"fr-FR\"},{\"@type\":\"WebPage\",\"@id\":\"https:\\\/\\\/hierostrasbourg.com\\\/index.php\\\/2023\\\/01\\\/06\\\/appel-a-projets-culture-et-creation-numerique\\\/\",\"url\":\"https:\\\/\\\/hierostrasbourg.com\\\/index.php\\\/2023\\\/01\\\/06\\\/appel-a-projets-culture-et-creation-numerique\\\/\",\"name\":\"Appel \u00e0 projets \\\"Culture et cr\u00e9ation num\u00e9rique\\\" - HIERO STRASBOURG\",\"isPartOf\":{\"@id\":\"https:\\\/\\\/hierostrasbourg.com\\\/#website\"},\"datePublished\":\"2023-01-06T13:45:23+00:00\",\"breadcrumb\":{\"@id\":\"https:\\\/\\\/hierostrasbourg.com\\\/index.php\\\/2023\\\/01\\\/06\\\/appel-a-projets-culture-et-creation-numerique\\\/#breadcrumb\"},\"inLanguage\":\"fr-FR\",\"potentialAction\":[{\"@type\":\"ReadAction\",\"target\":[\"https:\\\/\\\/hierostrasbourg.com\\\/index.php\\\/2023\\\/01\\\/06\\\/appel-a-projets-culture-et-creation-numerique\\\/\"]}]},{\"@type\":\"BreadcrumbList\",\"@id\":\"https:\\\/\\\/hierostrasbourg.com\\\/index.php\\\/2023\\\/01\\\/06\\\/appel-a-projets-culture-et-creation-numerique\\\/#breadcrumb\",\"itemListElement\":[{\"@type\":\"ListItem\",\"position\":1,\"name\":\"Accueil\",\"item\":\"https:\\\/\\\/hierostrasbourg.com\\\/\"},{\"@type\":\"ListItem\",\"position\":2,\"name\":\"Appel \u00e0 projets &#8220;Culture et cr\u00e9ation num\u00e9rique&#8221;\"}]},{\"@type\":\"WebSite\",\"@id\":\"https:\\\/\\\/hierostrasbourg.com\\\/#website\",\"url\":\"https:\\\/\\\/hierostrasbourg.com\\\/\",\"name\":\"HIERO STRASBOURG\",\"description\":\"Centre de Ressources Musiques Actuelles\",\"publisher\":{\"@id\":\"https:\\\/\\\/hierostrasbourg.com\\\/#organization\"},\"potentialAction\":[{\"@type\":\"SearchAction\",\"target\":{\"@type\":\"EntryPoint\",\"urlTemplate\":\"https:\\\/\\\/hierostrasbourg.com\\\/?s={search_term_string}\"},\"query-input\":{\"@type\":\"PropertyValueSpecification\",\"valueRequired\":true,\"valueName\":\"search_term_string\"}}],\"inLanguage\":\"fr-FR\"},{\"@type\":\"Organization\",\"@id\":\"https:\\\/\\\/hierostrasbourg.com\\\/#organization\",\"name\":\"F\u00e9d\u00e9ration Hi\u00e9ro Strasbourg\",\"url\":\"https:\\\/\\\/hierostrasbourg.com\\\/\",\"logo\":{\"@type\":\"ImageObject\",\"inLanguage\":\"fr-FR\",\"@id\":\"https:\\\/\\\/hierostrasbourg.com\\\/#\\\/schema\\\/logo\\\/image\\\/\",\"url\":\"https:\\\/\\\/hierostrasbourg.com\\\/wp-content\\\/uploads\\\/2026\\\/04\\\/logo-hiero-strasbourg.jpg\",\"contentUrl\":\"https:\\\/\\\/hierostrasbourg.com\\\/wp-content\\\/uploads\\\/2026\\\/04\\\/logo-hiero-strasbourg.jpg\",\"width\":204,\"height\":192,\"caption\":\"F\u00e9d\u00e9ration Hi\u00e9ro Strasbourg\"},\"image\":{\"@id\":\"https:\\\/\\\/hierostrasbourg.com\\\/#\\\/schema\\\/logo\\\/image\\\/\"},\"sameAs\":[\"https:\\\/\\\/www.facebook.com\\\/fedehierostrasbourg\",\"https:\\\/\\\/x.com\\\/hierostrasbourg\"]}]}<\/script>\n<!-- \/ Yoast SEO plugin. -->","yoast_head_json":{"title":"Appel \u00e0 projets \"Culture et cr\u00e9ation num\u00e9rique\" - HIERO STRASBOURG","robots":{"index":"index","follow":"follow","max-snippet":"max-snippet:-1","max-image-preview":"max-image-preview:large","max-video-preview":"max-video-preview:-1"},"canonical":"https:\/\/hierostrasbourg.com\/index.php\/2023\/01\/06\/appel-a-projets-culture-et-creation-numerique\/","og_locale":"fr_FR","og_type":"article","og_title":"Appel \u00e0 projets \"Culture et cr\u00e9ation num\u00e9rique\" - HIERO STRASBOURG","og_description":"Vous souhaitez mener \u00e0 bien un projet d\u2019 \u0153uvres\/contenus num\u00e9riques permettant l\u2019\u00e9mergence de nouvelles formes de cr\u00e9ation, de nouvelles interactions avec le public, de nouveaux usages ainsi que le d\u00e9veloppement d\u2019outils num\u00e9riques narratifs et innovants ? B\u00e9n\u00e9ficiez de l\u2019aide r\u00e9gionale pouvant aller jusqu\u2019\u00e0 8 000 \u20ac en d\u00e9veloppement et 25 000 \u20ac en production. \u00c0 savoir Date(s) limite(s) de d\u00e9p\u00f4t : 1ere session : 15 f\u00e9vrier 2023 2\u00e8me session : 1er juillet 2023 D\u00c9POSEZ VOTRE DOSSIER Pouvez-vous b\u00e9n\u00e9ficier de l\u2019aide [&hellip;]","og_url":"https:\/\/hierostrasbourg.com\/index.php\/2023\/01\/06\/appel-a-projets-culture-et-creation-numerique\/","og_site_name":"HIERO STRASBOURG","article_publisher":"https:\/\/www.facebook.com\/fedehierostrasbourg","article_published_time":"2023-01-06T13:45:23+00:00","twitter_card":"summary_large_image","twitter_creator":"@hierostrasbourg","twitter_site":"@hierostrasbourg","twitter_misc":{"Dur\u00e9e de lecture estim\u00e9e":"3 minutes"},"schema":{"@context":"https:\/\/schema.org","@graph":[{"@type":"Article","@id":"https:\/\/hierostrasbourg.com\/index.php\/2023\/01\/06\/appel-a-projets-culture-et-creation-numerique\/#article","isPartOf":{"@id":"https:\/\/hierostrasbourg.com\/index.php\/2023\/01\/06\/appel-a-projets-culture-et-creation-numerique\/"},"author":{"name":"","@id":""},"headline":"Appel \u00e0 projets \u00ab\u00a0Culture et cr\u00e9ation num\u00e9rique\u00a0\u00bb","datePublished":"2023-01-06T13:45:23+00:00","mainEntityOfPage":{"@id":"https:\/\/hierostrasbourg.com\/index.php\/2023\/01\/06\/appel-a-projets-culture-et-creation-numerique\/"},"wordCount":568,"publisher":{"@id":"https:\/\/hierostrasbourg.com\/#organization"},"inLanguage":"fr-FR"},{"@type":"WebPage","@id":"https:\/\/hierostrasbourg.com\/index.php\/2023\/01\/06\/appel-a-projets-culture-et-creation-numerique\/","url":"https:\/\/hierostrasbourg.com\/index.php\/2023\/01\/06\/appel-a-projets-culture-et-creation-numerique\/","name":"Appel \u00e0 projets \"Culture et cr\u00e9ation num\u00e9rique\" - HIERO STRASBOURG","isPartOf":{"@id":"https:\/\/hierostrasbourg.com\/#website"},"datePublished":"2023-01-06T13:45:23+00:00","breadcrumb":{"@id":"https:\/\/hierostrasbourg.com\/index.php\/2023\/01\/06\/appel-a-projets-culture-et-creation-numerique\/#breadcrumb"},"inLanguage":"fr-FR","potentialAction":[{"@type":"ReadAction","target":["https:\/\/hierostrasbourg.com\/index.php\/2023\/01\/06\/appel-a-projets-culture-et-creation-numerique\/"]}]},{"@type":"BreadcrumbList","@id":"https:\/\/hierostrasbourg.com\/index.php\/2023\/01\/06\/appel-a-projets-culture-et-creation-numerique\/#breadcrumb","itemListElement":[{"@type":"ListItem","position":1,"name":"Accueil","item":"https:\/\/hierostrasbourg.com\/"},{"@type":"ListItem","position":2,"name":"Appel \u00e0 projets &#8220;Culture et cr\u00e9ation num\u00e9rique&#8221;"}]},{"@type":"WebSite","@id":"https:\/\/hierostrasbourg.com\/#website","url":"https:\/\/hierostrasbourg.com\/","name":"HIERO STRASBOURG","description":"Centre de Ressources Musiques Actuelles","publisher":{"@id":"https:\/\/hierostrasbourg.com\/#organization"},"potentialAction":[{"@type":"SearchAction","target":{"@type":"EntryPoint","urlTemplate":"https:\/\/hierostrasbourg.com\/?s={search_term_string}"},"query-input":{"@type":"PropertyValueSpecification","valueRequired":true,"valueName":"search_term_string"}}],"inLanguage":"fr-FR"},{"@type":"Organization","@id":"https:\/\/hierostrasbourg.com\/#organization","name":"F\u00e9d\u00e9ration Hi\u00e9ro Strasbourg","url":"https:\/\/hierostrasbourg.com\/","logo":{"@type":"ImageObject","inLanguage":"fr-FR","@id":"https:\/\/hierostrasbourg.com\/#\/schema\/logo\/image\/","url":"https:\/\/hierostrasbourg.com\/wp-content\/uploads\/2026\/04\/logo-hiero-strasbourg.jpg","contentUrl":"https:\/\/hierostrasbourg.com\/wp-content\/uploads\/2026\/04\/logo-hiero-strasbourg.jpg","width":204,"height":192,"caption":"F\u00e9d\u00e9ration Hi\u00e9ro Strasbourg"},"image":{"@id":"https:\/\/hierostrasbourg.com\/#\/schema\/logo\/image\/"},"sameAs":["https:\/\/www.facebook.com\/fedehierostrasbourg","https:\/\/x.com\/hierostrasbourg"]}]}},"_links":{"self":[{"href":"https:\/\/hierostrasbourg.com\/index.php\/wp-json\/wp\/v2\/posts\/4397","targetHints":{"allow":["GET"]}}],"collection":[{"href":"https:\/\/hierostrasbourg.com\/index.php\/wp-json\/wp\/v2\/posts"}],"about":[{"href":"https:\/\/hierostrasbourg.com\/index.php\/wp-json\/wp\/v2\/types\/post"}],"replies":[{"embeddable":true,"href":"https:\/\/hierostrasbourg.com\/index.php\/wp-json\/wp\/v2\/comments?post=4397"}],"version-history":[{"count":0,"href":"https:\/\/hierostrasbourg.com\/index.php\/wp-json\/wp\/v2\/posts\/4397\/revisions"}],"wp:attachment":[{"href":"https:\/\/hierostrasbourg.com\/index.php\/wp-json\/wp\/v2\/media?parent=4397"}],"wp:term":[{"taxonomy":"category","embeddable":true,"href":"https:\/\/hierostrasbourg.com\/index.php\/wp-json\/wp\/v2\/categories?post=4397"},{"taxonomy":"post_tag","embeddable":true,"href":"https:\/\/hierostrasbourg.com\/index.php\/wp-json\/wp\/v2\/tags?post=4397"}],"curies":[{"name":"wp","href":"https:\/\/api.w.org\/{rel}","templated":true}]}}