{"id":4360,"date":"2023-01-02T17:41:51","date_gmt":"2023-01-02T16:41:51","guid":{"rendered":"https:\/\/hierostrasbourg.com\/index.php\/2023\/01\/02\/vinyles-le-plastique-pas-fantastique\/"},"modified":"2023-01-02T17:41:51","modified_gmt":"2023-01-02T16:41:51","slug":"vinyles-le-plastique-pas-fantastique","status":"publish","type":"post","link":"https:\/\/hierostrasbourg.com\/index.php\/2023\/01\/02\/vinyles-le-plastique-pas-fantastique\/","title":{"rendered":"Vinyles, le plastique pas fantastique"},"content":{"rendered":"<p><a href=\"https:\/\/musiquesactuelles.alsace\/vinyles-le-plastique-pas-fantastique\/\" title=\"Vinyles, le plastique pas fantastique\"><\/a><\/p>\n<p>Le probl\u00e8me avec le retour des vinyles, c\u2019est qu\u2019ils sont en PVC, un plastique d\u00e9riv\u00e9 du p\u00e9trole dont la fabrication est polluante. Si les alternatives sont encore rares, certains \u00e9tudient de nouveaux mat\u00e9riaux innovants ou r\u00e9fl\u00e9chissent \u00e0 limiter les d\u00e9g\u00e2ts, en fabriquant \u00e0 la demande pour \u00e9viter le g\u00e2chis. Source \/ Lire la suite : Vinyles, le plastique pas fantastique<\/p>\n<p>L\u2019article <a href=\"https:\/\/musiquesactuelles.alsace\/vinyles-le-plastique-pas-fantastique\/\">Vinyles, le plastique pas fantastique<\/a> est apparu en premier sur <a href=\"https:\/\/musiquesactuelles.alsace\/\">Musiques Actuelles en Alsace<\/a>.<\/p>\n<p>L\u2019article <a href=\"https:\/\/popburo.fr\/vinyles-le-plastique-pas-fantastique\/\">Vinyles, le plastique pas fantastique<\/a> est apparu en premier sur <a href=\"https:\/\/popburo.fr\/\">POP B\u00dcRO<\/a>.<\/p>\n","protected":false},"excerpt":{"rendered":"<p>Le probl\u00e8me avec le retour des vinyles, c\u2019est qu\u2019ils sont en PVC, un plastique d\u00e9riv\u00e9 du p\u00e9trole dont la fabrication est polluante. Si les alternatives sont encore rares, certains \u00e9tudient de nouveaux mat\u00e9riaux innovants ou r\u00e9fl\u00e9chissent \u00e0 limiter les d\u00e9g\u00e2ts, en fabriquant \u00e0 la demande pour \u00e9viter le g\u00e2chis. Source \/ Lire la suite : Vinyles, le plastique pas fantastique L\u2019article Vinyles, le plastique pas fantastique est apparu en premier sur Musiques Actuelles en Alsace. L\u2019article Vinyles, le plastique pas [&hellip;]<\/p>\n","protected":false},"author":0,"featured_media":0,"comment_status":"closed","ping_status":"open","sticky":false,"template":"","format":"standard","meta":{"footnotes":""},"categories":[1],"tags":[],"class_list":["post-4360","post","type-post","status-publish","format-standard","hentry","category-non-classe"],"yoast_head":"<!-- This site is optimized with the Yoast SEO plugin v27.5 - https:\/\/yoast.com\/product\/yoast-seo-wordpress\/ -->\n<title>Vinyles, le plastique pas fantastique - HIERO STRASBOURG<\/title>\n<meta name=\"robots\" content=\"index, follow, max-snippet:-1, max-image-preview:large, max-video-preview:-1\" \/>\n<link rel=\"canonical\" href=\"https:\/\/hierostrasbourg.com\/index.php\/2023\/01\/02\/vinyles-le-plastique-pas-fantastique\/\" \/>\n<meta property=\"og:locale\" content=\"fr_FR\" \/>\n<meta property=\"og:type\" content=\"article\" \/>\n<meta property=\"og:title\" content=\"Vinyles, le plastique pas fantastique - HIERO STRASBOURG\" \/>\n<meta property=\"og:description\" content=\"Le probl\u00e8me avec le retour des vinyles, c\u2019est qu\u2019ils sont en PVC, un plastique d\u00e9riv\u00e9 du p\u00e9trole dont la fabrication est polluante. Si les alternatives sont encore rares, certains \u00e9tudient de nouveaux mat\u00e9riaux innovants ou r\u00e9fl\u00e9chissent \u00e0 limiter les d\u00e9g\u00e2ts, en fabriquant \u00e0 la demande pour \u00e9viter le g\u00e2chis. Source \/ Lire la suite : Vinyles, le plastique pas fantastique L\u2019article Vinyles, le plastique pas fantastique est apparu en premier sur Musiques Actuelles en Alsace. L\u2019article Vinyles, le plastique pas [&hellip;]\" \/>\n<meta property=\"og:url\" content=\"https:\/\/hierostrasbourg.com\/index.php\/2023\/01\/02\/vinyles-le-plastique-pas-fantastique\/\" \/>\n<meta property=\"og:site_name\" content=\"HIERO STRASBOURG\" \/>\n<meta property=\"article:publisher\" content=\"https:\/\/www.facebook.com\/fedehierostrasbourg\" \/>\n<meta property=\"article:published_time\" content=\"2023-01-02T16:41:51+00:00\" \/>\n<meta name=\"twitter:card\" content=\"summary_large_image\" \/>\n<meta name=\"twitter:creator\" content=\"@hierostrasbourg\" \/>\n<meta name=\"twitter:site\" content=\"@hierostrasbourg\" \/>\n<script type=\"application\/ld+json\" class=\"yoast-schema-graph\">{\"@context\":\"https:\\\/\\\/schema.org\",\"@graph\":[{\"@type\":\"Article\",\"@id\":\"https:\\\/\\\/hierostrasbourg.com\\\/index.php\\\/2023\\\/01\\\/02\\\/vinyles-le-plastique-pas-fantastique\\\/#article\",\"isPartOf\":{\"@id\":\"https:\\\/\\\/hierostrasbourg.com\\\/index.php\\\/2023\\\/01\\\/02\\\/vinyles-le-plastique-pas-fantastique\\\/\"},\"author\":{\"name\":\"\",\"@id\":\"\"},\"headline\":\"Vinyles, le plastique pas fantastique\",\"datePublished\":\"2023-01-02T16:41:51+00:00\",\"mainEntityOfPage\":{\"@id\":\"https:\\\/\\\/hierostrasbourg.com\\\/index.php\\\/2023\\\/01\\\/02\\\/vinyles-le-plastique-pas-fantastique\\\/\"},\"wordCount\":103,\"publisher\":{\"@id\":\"https:\\\/\\\/hierostrasbourg.com\\\/#organization\"},\"inLanguage\":\"fr-FR\"},{\"@type\":\"WebPage\",\"@id\":\"https:\\\/\\\/hierostrasbourg.com\\\/index.php\\\/2023\\\/01\\\/02\\\/vinyles-le-plastique-pas-fantastique\\\/\",\"url\":\"https:\\\/\\\/hierostrasbourg.com\\\/index.php\\\/2023\\\/01\\\/02\\\/vinyles-le-plastique-pas-fantastique\\\/\",\"name\":\"Vinyles, le plastique pas fantastique - HIERO STRASBOURG\",\"isPartOf\":{\"@id\":\"https:\\\/\\\/hierostrasbourg.com\\\/#website\"},\"datePublished\":\"2023-01-02T16:41:51+00:00\",\"breadcrumb\":{\"@id\":\"https:\\\/\\\/hierostrasbourg.com\\\/index.php\\\/2023\\\/01\\\/02\\\/vinyles-le-plastique-pas-fantastique\\\/#breadcrumb\"},\"inLanguage\":\"fr-FR\",\"potentialAction\":[{\"@type\":\"ReadAction\",\"target\":[\"https:\\\/\\\/hierostrasbourg.com\\\/index.php\\\/2023\\\/01\\\/02\\\/vinyles-le-plastique-pas-fantastique\\\/\"]}]},{\"@type\":\"BreadcrumbList\",\"@id\":\"https:\\\/\\\/hierostrasbourg.com\\\/index.php\\\/2023\\\/01\\\/02\\\/vinyles-le-plastique-pas-fantastique\\\/#breadcrumb\",\"itemListElement\":[{\"@type\":\"ListItem\",\"position\":1,\"name\":\"Accueil\",\"item\":\"https:\\\/\\\/hierostrasbourg.com\\\/\"},{\"@type\":\"ListItem\",\"position\":2,\"name\":\"Vinyles, le plastique pas fantastique\"}]},{\"@type\":\"WebSite\",\"@id\":\"https:\\\/\\\/hierostrasbourg.com\\\/#website\",\"url\":\"https:\\\/\\\/hierostrasbourg.com\\\/\",\"name\":\"HIERO STRASBOURG\",\"description\":\"Centre de Ressources Musiques Actuelles\",\"publisher\":{\"@id\":\"https:\\\/\\\/hierostrasbourg.com\\\/#organization\"},\"potentialAction\":[{\"@type\":\"SearchAction\",\"target\":{\"@type\":\"EntryPoint\",\"urlTemplate\":\"https:\\\/\\\/hierostrasbourg.com\\\/?s={search_term_string}\"},\"query-input\":{\"@type\":\"PropertyValueSpecification\",\"valueRequired\":true,\"valueName\":\"search_term_string\"}}],\"inLanguage\":\"fr-FR\"},{\"@type\":\"Organization\",\"@id\":\"https:\\\/\\\/hierostrasbourg.com\\\/#organization\",\"name\":\"F\u00e9d\u00e9ration Hi\u00e9ro Strasbourg\",\"url\":\"https:\\\/\\\/hierostrasbourg.com\\\/\",\"logo\":{\"@type\":\"ImageObject\",\"inLanguage\":\"fr-FR\",\"@id\":\"https:\\\/\\\/hierostrasbourg.com\\\/#\\\/schema\\\/logo\\\/image\\\/\",\"url\":\"https:\\\/\\\/hierostrasbourg.com\\\/wp-content\\\/uploads\\\/2026\\\/04\\\/logo-hiero-strasbourg.jpg\",\"contentUrl\":\"https:\\\/\\\/hierostrasbourg.com\\\/wp-content\\\/uploads\\\/2026\\\/04\\\/logo-hiero-strasbourg.jpg\",\"width\":204,\"height\":192,\"caption\":\"F\u00e9d\u00e9ration Hi\u00e9ro Strasbourg\"},\"image\":{\"@id\":\"https:\\\/\\\/hierostrasbourg.com\\\/#\\\/schema\\\/logo\\\/image\\\/\"},\"sameAs\":[\"https:\\\/\\\/www.facebook.com\\\/fedehierostrasbourg\",\"https:\\\/\\\/x.com\\\/hierostrasbourg\"]}]}<\/script>\n<!-- \/ Yoast SEO plugin. -->","yoast_head_json":{"title":"Vinyles, le plastique pas fantastique - HIERO STRASBOURG","robots":{"index":"index","follow":"follow","max-snippet":"max-snippet:-1","max-image-preview":"max-image-preview:large","max-video-preview":"max-video-preview:-1"},"canonical":"https:\/\/hierostrasbourg.com\/index.php\/2023\/01\/02\/vinyles-le-plastique-pas-fantastique\/","og_locale":"fr_FR","og_type":"article","og_title":"Vinyles, le plastique pas fantastique - HIERO STRASBOURG","og_description":"Le probl\u00e8me avec le retour des vinyles, c\u2019est qu\u2019ils sont en PVC, un plastique d\u00e9riv\u00e9 du p\u00e9trole dont la fabrication est polluante. Si les alternatives sont encore rares, certains \u00e9tudient de nouveaux mat\u00e9riaux innovants ou r\u00e9fl\u00e9chissent \u00e0 limiter les d\u00e9g\u00e2ts, en fabriquant \u00e0 la demande pour \u00e9viter le g\u00e2chis. Source \/ Lire la suite : Vinyles, le plastique pas fantastique L\u2019article Vinyles, le plastique pas fantastique est apparu en premier sur Musiques Actuelles en Alsace. L\u2019article Vinyles, le plastique pas [&hellip;]","og_url":"https:\/\/hierostrasbourg.com\/index.php\/2023\/01\/02\/vinyles-le-plastique-pas-fantastique\/","og_site_name":"HIERO STRASBOURG","article_publisher":"https:\/\/www.facebook.com\/fedehierostrasbourg","article_published_time":"2023-01-02T16:41:51+00:00","twitter_card":"summary_large_image","twitter_creator":"@hierostrasbourg","twitter_site":"@hierostrasbourg","schema":{"@context":"https:\/\/schema.org","@graph":[{"@type":"Article","@id":"https:\/\/hierostrasbourg.com\/index.php\/2023\/01\/02\/vinyles-le-plastique-pas-fantastique\/#article","isPartOf":{"@id":"https:\/\/hierostrasbourg.com\/index.php\/2023\/01\/02\/vinyles-le-plastique-pas-fantastique\/"},"author":{"name":"","@id":""},"headline":"Vinyles, le plastique pas fantastique","datePublished":"2023-01-02T16:41:51+00:00","mainEntityOfPage":{"@id":"https:\/\/hierostrasbourg.com\/index.php\/2023\/01\/02\/vinyles-le-plastique-pas-fantastique\/"},"wordCount":103,"publisher":{"@id":"https:\/\/hierostrasbourg.com\/#organization"},"inLanguage":"fr-FR"},{"@type":"WebPage","@id":"https:\/\/hierostrasbourg.com\/index.php\/2023\/01\/02\/vinyles-le-plastique-pas-fantastique\/","url":"https:\/\/hierostrasbourg.com\/index.php\/2023\/01\/02\/vinyles-le-plastique-pas-fantastique\/","name":"Vinyles, le plastique pas fantastique - HIERO STRASBOURG","isPartOf":{"@id":"https:\/\/hierostrasbourg.com\/#website"},"datePublished":"2023-01-02T16:41:51+00:00","breadcrumb":{"@id":"https:\/\/hierostrasbourg.com\/index.php\/2023\/01\/02\/vinyles-le-plastique-pas-fantastique\/#breadcrumb"},"inLanguage":"fr-FR","potentialAction":[{"@type":"ReadAction","target":["https:\/\/hierostrasbourg.com\/index.php\/2023\/01\/02\/vinyles-le-plastique-pas-fantastique\/"]}]},{"@type":"BreadcrumbList","@id":"https:\/\/hierostrasbourg.com\/index.php\/2023\/01\/02\/vinyles-le-plastique-pas-fantastique\/#breadcrumb","itemListElement":[{"@type":"ListItem","position":1,"name":"Accueil","item":"https:\/\/hierostrasbourg.com\/"},{"@type":"ListItem","position":2,"name":"Vinyles, le plastique pas fantastique"}]},{"@type":"WebSite","@id":"https:\/\/hierostrasbourg.com\/#website","url":"https:\/\/hierostrasbourg.com\/","name":"HIERO STRASBOURG","description":"Centre de Ressources Musiques Actuelles","publisher":{"@id":"https:\/\/hierostrasbourg.com\/#organization"},"potentialAction":[{"@type":"SearchAction","target":{"@type":"EntryPoint","urlTemplate":"https:\/\/hierostrasbourg.com\/?s={search_term_string}"},"query-input":{"@type":"PropertyValueSpecification","valueRequired":true,"valueName":"search_term_string"}}],"inLanguage":"fr-FR"},{"@type":"Organization","@id":"https:\/\/hierostrasbourg.com\/#organization","name":"F\u00e9d\u00e9ration Hi\u00e9ro Strasbourg","url":"https:\/\/hierostrasbourg.com\/","logo":{"@type":"ImageObject","inLanguage":"fr-FR","@id":"https:\/\/hierostrasbourg.com\/#\/schema\/logo\/image\/","url":"https:\/\/hierostrasbourg.com\/wp-content\/uploads\/2026\/04\/logo-hiero-strasbourg.jpg","contentUrl":"https:\/\/hierostrasbourg.com\/wp-content\/uploads\/2026\/04\/logo-hiero-strasbourg.jpg","width":204,"height":192,"caption":"F\u00e9d\u00e9ration Hi\u00e9ro Strasbourg"},"image":{"@id":"https:\/\/hierostrasbourg.com\/#\/schema\/logo\/image\/"},"sameAs":["https:\/\/www.facebook.com\/fedehierostrasbourg","https:\/\/x.com\/hierostrasbourg"]}]}},"_links":{"self":[{"href":"https:\/\/hierostrasbourg.com\/index.php\/wp-json\/wp\/v2\/posts\/4360","targetHints":{"allow":["GET"]}}],"collection":[{"href":"https:\/\/hierostrasbourg.com\/index.php\/wp-json\/wp\/v2\/posts"}],"about":[{"href":"https:\/\/hierostrasbourg.com\/index.php\/wp-json\/wp\/v2\/types\/post"}],"replies":[{"embeddable":true,"href":"https:\/\/hierostrasbourg.com\/index.php\/wp-json\/wp\/v2\/comments?post=4360"}],"version-history":[{"count":0,"href":"https:\/\/hierostrasbourg.com\/index.php\/wp-json\/wp\/v2\/posts\/4360\/revisions"}],"wp:attachment":[{"href":"https:\/\/hierostrasbourg.com\/index.php\/wp-json\/wp\/v2\/media?parent=4360"}],"wp:term":[{"taxonomy":"category","embeddable":true,"href":"https:\/\/hierostrasbourg.com\/index.php\/wp-json\/wp\/v2\/categories?post=4360"},{"taxonomy":"post_tag","embeddable":true,"href":"https:\/\/hierostrasbourg.com\/index.php\/wp-json\/wp\/v2\/tags?post=4360"}],"curies":[{"name":"wp","href":"https:\/\/api.w.org\/{rel}","templated":true}]}}