{"id":4345,"date":"2022-12-30T00:40:52","date_gmt":"2022-12-29T23:40:52","guid":{"rendered":"https:\/\/hierostrasbourg.com\/index.php\/2022\/12\/30\/podcast-quelle-place-pour-les-jeunes-dans-les-projets-musiques-actuelles\/"},"modified":"2022-12-30T00:40:52","modified_gmt":"2022-12-29T23:40:52","slug":"podcast-quelle-place-pour-les-jeunes-dans-les-projets-musiques-actuelles","status":"publish","type":"post","link":"https:\/\/hierostrasbourg.com\/index.php\/2022\/12\/30\/podcast-quelle-place-pour-les-jeunes-dans-les-projets-musiques-actuelles\/","title":{"rendered":"[PODCAST] Quelle place pour les jeunes dans les projets musiques actuelles ?"},"content":{"rendered":"<p><a href=\"https:\/\/musiquesactuelles.alsace\/podcast-quelle-place-pour-les-jeunes-dans-les-projets-musiques-actuelles\/\" title=\"[PODCAST] Quelle place pour les jeunes dans les projets musiques actuelles ?\"><\/a><\/p>\n<p>Le constat est clair : les publics qui fr\u00e9quentent les lieux de musiques actuelles vieillissent, les studios sont peu occup\u00e9s par les jeunes g\u00e9n\u00e9rations\u2026 Pourtant la musique reste en t\u00eate des loisirs pr\u00e9f\u00e9r\u00e9s des jeunes. L\u2019\u00e8re du num\u00e9rique a certes fait \u00e9voluer les pratiques cultuelles, mais quelles sont les dynamiques qui caract\u00e9risent le rapport \u00e0 la musique des jeunes g\u00e9n\u00e9rations ? Quels liens peut-on faire entre l\u2019institutionnalisation des lieux de musiques actuelles et l\u2019\u00e9volution de leur public ? Quels objectifs [\u2026]<\/p>\n<p>L\u2019article <a href=\"https:\/\/musiquesactuelles.alsace\/podcast-quelle-place-pour-les-jeunes-dans-les-projets-musiques-actuelles\/\">[PODCAST] Quelle place pour les jeunes dans les projets musiques actuelles ?<\/a> est apparu en premier sur <a href=\"https:\/\/musiquesactuelles.alsace\/\">Musiques Actuelles en Alsace<\/a>.<\/p>\n<p>L\u2019article <a href=\"https:\/\/popburo.fr\/podcast-quelle-place-pour-les-jeunes-dans-les-projets-musiques-actuelles\/\">[PODCAST] Quelle place pour les jeunes dans les projets musiques actuelles ?<\/a> est apparu en premier sur <a href=\"https:\/\/popburo.fr\/\">POP B\u00dcRO<\/a>.<\/p>\n","protected":false},"excerpt":{"rendered":"<p>Le constat est clair : les publics qui fr\u00e9quentent les lieux de musiques actuelles vieillissent, les studios sont peu occup\u00e9s par les jeunes g\u00e9n\u00e9rations\u2026 Pourtant la musique reste en t\u00eate des loisirs pr\u00e9f\u00e9r\u00e9s des jeunes. L\u2019\u00e8re du num\u00e9rique a certes fait \u00e9voluer les pratiques cultuelles, mais quelles sont les dynamiques qui caract\u00e9risent le rapport \u00e0 la musique des jeunes g\u00e9n\u00e9rations ? Quels liens peut-on faire entre l\u2019institutionnalisation des lieux de musiques actuelles et l\u2019\u00e9volution de leur public ? Quels objectifs [&hellip;]<\/p>\n","protected":false},"author":0,"featured_media":0,"comment_status":"closed","ping_status":"open","sticky":false,"template":"","format":"standard","meta":{"footnotes":""},"categories":[1],"tags":[],"class_list":["post-4345","post","type-post","status-publish","format-standard","hentry","category-non-classe"],"yoast_head":"<!-- This site is optimized with the Yoast SEO plugin v27.5 - https:\/\/yoast.com\/product\/yoast-seo-wordpress\/ -->\n<title>[PODCAST] Quelle place pour les jeunes dans les projets musiques actuelles ? - HIERO STRASBOURG<\/title>\n<meta name=\"robots\" content=\"index, follow, max-snippet:-1, max-image-preview:large, max-video-preview:-1\" \/>\n<link rel=\"canonical\" href=\"https:\/\/hierostrasbourg.com\/index.php\/2022\/12\/30\/podcast-quelle-place-pour-les-jeunes-dans-les-projets-musiques-actuelles\/\" \/>\n<meta property=\"og:locale\" content=\"fr_FR\" \/>\n<meta property=\"og:type\" content=\"article\" \/>\n<meta property=\"og:title\" content=\"[PODCAST] Quelle place pour les jeunes dans les projets musiques actuelles ? - HIERO STRASBOURG\" \/>\n<meta property=\"og:description\" content=\"Le constat est clair : les publics qui fr\u00e9quentent les lieux de musiques actuelles vieillissent, les studios sont peu occup\u00e9s par les jeunes g\u00e9n\u00e9rations\u2026 Pourtant la musique reste en t\u00eate des loisirs pr\u00e9f\u00e9r\u00e9s des jeunes. L\u2019\u00e8re du num\u00e9rique a certes fait \u00e9voluer les pratiques cultuelles, mais quelles sont les dynamiques qui caract\u00e9risent le rapport \u00e0 la musique des jeunes g\u00e9n\u00e9rations ? Quels liens peut-on faire entre l\u2019institutionnalisation des lieux de musiques actuelles et l\u2019\u00e9volution de leur public ? Quels objectifs [&hellip;]\" \/>\n<meta property=\"og:url\" content=\"https:\/\/hierostrasbourg.com\/index.php\/2022\/12\/30\/podcast-quelle-place-pour-les-jeunes-dans-les-projets-musiques-actuelles\/\" \/>\n<meta property=\"og:site_name\" content=\"HIERO STRASBOURG\" \/>\n<meta property=\"article:publisher\" content=\"https:\/\/www.facebook.com\/fedehierostrasbourg\" \/>\n<meta property=\"article:published_time\" content=\"2022-12-29T23:40:52+00:00\" \/>\n<meta name=\"twitter:card\" content=\"summary_large_image\" \/>\n<meta name=\"twitter:creator\" content=\"@hierostrasbourg\" \/>\n<meta name=\"twitter:site\" content=\"@hierostrasbourg\" \/>\n<meta name=\"twitter:label1\" content=\"Dur\u00e9e de lecture estim\u00e9e\" \/>\n\t<meta name=\"twitter:data1\" content=\"1 minute\" \/>\n<script type=\"application\/ld+json\" class=\"yoast-schema-graph\">{\"@context\":\"https:\\\/\\\/schema.org\",\"@graph\":[{\"@type\":\"Article\",\"@id\":\"https:\\\/\\\/hierostrasbourg.com\\\/index.php\\\/2022\\\/12\\\/30\\\/podcast-quelle-place-pour-les-jeunes-dans-les-projets-musiques-actuelles\\\/#article\",\"isPartOf\":{\"@id\":\"https:\\\/\\\/hierostrasbourg.com\\\/index.php\\\/2022\\\/12\\\/30\\\/podcast-quelle-place-pour-les-jeunes-dans-les-projets-musiques-actuelles\\\/\"},\"author\":{\"name\":\"\",\"@id\":\"\"},\"headline\":\"[PODCAST] Quelle place pour les jeunes dans les projets musiques actuelles ?\",\"datePublished\":\"2022-12-29T23:40:52+00:00\",\"mainEntityOfPage\":{\"@id\":\"https:\\\/\\\/hierostrasbourg.com\\\/index.php\\\/2022\\\/12\\\/30\\\/podcast-quelle-place-pour-les-jeunes-dans-les-projets-musiques-actuelles\\\/\"},\"wordCount\":145,\"publisher\":{\"@id\":\"https:\\\/\\\/hierostrasbourg.com\\\/#organization\"},\"inLanguage\":\"fr-FR\"},{\"@type\":\"WebPage\",\"@id\":\"https:\\\/\\\/hierostrasbourg.com\\\/index.php\\\/2022\\\/12\\\/30\\\/podcast-quelle-place-pour-les-jeunes-dans-les-projets-musiques-actuelles\\\/\",\"url\":\"https:\\\/\\\/hierostrasbourg.com\\\/index.php\\\/2022\\\/12\\\/30\\\/podcast-quelle-place-pour-les-jeunes-dans-les-projets-musiques-actuelles\\\/\",\"name\":\"[PODCAST] Quelle place pour les jeunes dans les projets musiques actuelles ? - HIERO STRASBOURG\",\"isPartOf\":{\"@id\":\"https:\\\/\\\/hierostrasbourg.com\\\/#website\"},\"datePublished\":\"2022-12-29T23:40:52+00:00\",\"breadcrumb\":{\"@id\":\"https:\\\/\\\/hierostrasbourg.com\\\/index.php\\\/2022\\\/12\\\/30\\\/podcast-quelle-place-pour-les-jeunes-dans-les-projets-musiques-actuelles\\\/#breadcrumb\"},\"inLanguage\":\"fr-FR\",\"potentialAction\":[{\"@type\":\"ReadAction\",\"target\":[\"https:\\\/\\\/hierostrasbourg.com\\\/index.php\\\/2022\\\/12\\\/30\\\/podcast-quelle-place-pour-les-jeunes-dans-les-projets-musiques-actuelles\\\/\"]}]},{\"@type\":\"BreadcrumbList\",\"@id\":\"https:\\\/\\\/hierostrasbourg.com\\\/index.php\\\/2022\\\/12\\\/30\\\/podcast-quelle-place-pour-les-jeunes-dans-les-projets-musiques-actuelles\\\/#breadcrumb\",\"itemListElement\":[{\"@type\":\"ListItem\",\"position\":1,\"name\":\"Accueil\",\"item\":\"https:\\\/\\\/hierostrasbourg.com\\\/\"},{\"@type\":\"ListItem\",\"position\":2,\"name\":\"[PODCAST] Quelle place pour les jeunes dans les projets musiques actuelles ?\"}]},{\"@type\":\"WebSite\",\"@id\":\"https:\\\/\\\/hierostrasbourg.com\\\/#website\",\"url\":\"https:\\\/\\\/hierostrasbourg.com\\\/\",\"name\":\"HIERO STRASBOURG\",\"description\":\"Centre de Ressources Musiques Actuelles\",\"publisher\":{\"@id\":\"https:\\\/\\\/hierostrasbourg.com\\\/#organization\"},\"potentialAction\":[{\"@type\":\"SearchAction\",\"target\":{\"@type\":\"EntryPoint\",\"urlTemplate\":\"https:\\\/\\\/hierostrasbourg.com\\\/?s={search_term_string}\"},\"query-input\":{\"@type\":\"PropertyValueSpecification\",\"valueRequired\":true,\"valueName\":\"search_term_string\"}}],\"inLanguage\":\"fr-FR\"},{\"@type\":\"Organization\",\"@id\":\"https:\\\/\\\/hierostrasbourg.com\\\/#organization\",\"name\":\"F\u00e9d\u00e9ration Hi\u00e9ro Strasbourg\",\"url\":\"https:\\\/\\\/hierostrasbourg.com\\\/\",\"logo\":{\"@type\":\"ImageObject\",\"inLanguage\":\"fr-FR\",\"@id\":\"https:\\\/\\\/hierostrasbourg.com\\\/#\\\/schema\\\/logo\\\/image\\\/\",\"url\":\"https:\\\/\\\/hierostrasbourg.com\\\/wp-content\\\/uploads\\\/2026\\\/04\\\/logo-hiero-strasbourg.jpg\",\"contentUrl\":\"https:\\\/\\\/hierostrasbourg.com\\\/wp-content\\\/uploads\\\/2026\\\/04\\\/logo-hiero-strasbourg.jpg\",\"width\":204,\"height\":192,\"caption\":\"F\u00e9d\u00e9ration Hi\u00e9ro Strasbourg\"},\"image\":{\"@id\":\"https:\\\/\\\/hierostrasbourg.com\\\/#\\\/schema\\\/logo\\\/image\\\/\"},\"sameAs\":[\"https:\\\/\\\/www.facebook.com\\\/fedehierostrasbourg\",\"https:\\\/\\\/x.com\\\/hierostrasbourg\"]}]}<\/script>\n<!-- \/ Yoast SEO plugin. -->","yoast_head_json":{"title":"[PODCAST] Quelle place pour les jeunes dans les projets musiques actuelles ? - HIERO STRASBOURG","robots":{"index":"index","follow":"follow","max-snippet":"max-snippet:-1","max-image-preview":"max-image-preview:large","max-video-preview":"max-video-preview:-1"},"canonical":"https:\/\/hierostrasbourg.com\/index.php\/2022\/12\/30\/podcast-quelle-place-pour-les-jeunes-dans-les-projets-musiques-actuelles\/","og_locale":"fr_FR","og_type":"article","og_title":"[PODCAST] Quelle place pour les jeunes dans les projets musiques actuelles ? - HIERO STRASBOURG","og_description":"Le constat est clair : les publics qui fr\u00e9quentent les lieux de musiques actuelles vieillissent, les studios sont peu occup\u00e9s par les jeunes g\u00e9n\u00e9rations\u2026 Pourtant la musique reste en t\u00eate des loisirs pr\u00e9f\u00e9r\u00e9s des jeunes. L\u2019\u00e8re du num\u00e9rique a certes fait \u00e9voluer les pratiques cultuelles, mais quelles sont les dynamiques qui caract\u00e9risent le rapport \u00e0 la musique des jeunes g\u00e9n\u00e9rations ? Quels liens peut-on faire entre l\u2019institutionnalisation des lieux de musiques actuelles et l\u2019\u00e9volution de leur public ? Quels objectifs [&hellip;]","og_url":"https:\/\/hierostrasbourg.com\/index.php\/2022\/12\/30\/podcast-quelle-place-pour-les-jeunes-dans-les-projets-musiques-actuelles\/","og_site_name":"HIERO STRASBOURG","article_publisher":"https:\/\/www.facebook.com\/fedehierostrasbourg","article_published_time":"2022-12-29T23:40:52+00:00","twitter_card":"summary_large_image","twitter_creator":"@hierostrasbourg","twitter_site":"@hierostrasbourg","twitter_misc":{"Dur\u00e9e de lecture estim\u00e9e":"1 minute"},"schema":{"@context":"https:\/\/schema.org","@graph":[{"@type":"Article","@id":"https:\/\/hierostrasbourg.com\/index.php\/2022\/12\/30\/podcast-quelle-place-pour-les-jeunes-dans-les-projets-musiques-actuelles\/#article","isPartOf":{"@id":"https:\/\/hierostrasbourg.com\/index.php\/2022\/12\/30\/podcast-quelle-place-pour-les-jeunes-dans-les-projets-musiques-actuelles\/"},"author":{"name":"","@id":""},"headline":"[PODCAST] Quelle place pour les jeunes dans les projets musiques actuelles ?","datePublished":"2022-12-29T23:40:52+00:00","mainEntityOfPage":{"@id":"https:\/\/hierostrasbourg.com\/index.php\/2022\/12\/30\/podcast-quelle-place-pour-les-jeunes-dans-les-projets-musiques-actuelles\/"},"wordCount":145,"publisher":{"@id":"https:\/\/hierostrasbourg.com\/#organization"},"inLanguage":"fr-FR"},{"@type":"WebPage","@id":"https:\/\/hierostrasbourg.com\/index.php\/2022\/12\/30\/podcast-quelle-place-pour-les-jeunes-dans-les-projets-musiques-actuelles\/","url":"https:\/\/hierostrasbourg.com\/index.php\/2022\/12\/30\/podcast-quelle-place-pour-les-jeunes-dans-les-projets-musiques-actuelles\/","name":"[PODCAST] Quelle place pour les jeunes dans les projets musiques actuelles ? - HIERO STRASBOURG","isPartOf":{"@id":"https:\/\/hierostrasbourg.com\/#website"},"datePublished":"2022-12-29T23:40:52+00:00","breadcrumb":{"@id":"https:\/\/hierostrasbourg.com\/index.php\/2022\/12\/30\/podcast-quelle-place-pour-les-jeunes-dans-les-projets-musiques-actuelles\/#breadcrumb"},"inLanguage":"fr-FR","potentialAction":[{"@type":"ReadAction","target":["https:\/\/hierostrasbourg.com\/index.php\/2022\/12\/30\/podcast-quelle-place-pour-les-jeunes-dans-les-projets-musiques-actuelles\/"]}]},{"@type":"BreadcrumbList","@id":"https:\/\/hierostrasbourg.com\/index.php\/2022\/12\/30\/podcast-quelle-place-pour-les-jeunes-dans-les-projets-musiques-actuelles\/#breadcrumb","itemListElement":[{"@type":"ListItem","position":1,"name":"Accueil","item":"https:\/\/hierostrasbourg.com\/"},{"@type":"ListItem","position":2,"name":"[PODCAST] Quelle place pour les jeunes dans les projets musiques actuelles ?"}]},{"@type":"WebSite","@id":"https:\/\/hierostrasbourg.com\/#website","url":"https:\/\/hierostrasbourg.com\/","name":"HIERO STRASBOURG","description":"Centre de Ressources Musiques Actuelles","publisher":{"@id":"https:\/\/hierostrasbourg.com\/#organization"},"potentialAction":[{"@type":"SearchAction","target":{"@type":"EntryPoint","urlTemplate":"https:\/\/hierostrasbourg.com\/?s={search_term_string}"},"query-input":{"@type":"PropertyValueSpecification","valueRequired":true,"valueName":"search_term_string"}}],"inLanguage":"fr-FR"},{"@type":"Organization","@id":"https:\/\/hierostrasbourg.com\/#organization","name":"F\u00e9d\u00e9ration Hi\u00e9ro Strasbourg","url":"https:\/\/hierostrasbourg.com\/","logo":{"@type":"ImageObject","inLanguage":"fr-FR","@id":"https:\/\/hierostrasbourg.com\/#\/schema\/logo\/image\/","url":"https:\/\/hierostrasbourg.com\/wp-content\/uploads\/2026\/04\/logo-hiero-strasbourg.jpg","contentUrl":"https:\/\/hierostrasbourg.com\/wp-content\/uploads\/2026\/04\/logo-hiero-strasbourg.jpg","width":204,"height":192,"caption":"F\u00e9d\u00e9ration Hi\u00e9ro Strasbourg"},"image":{"@id":"https:\/\/hierostrasbourg.com\/#\/schema\/logo\/image\/"},"sameAs":["https:\/\/www.facebook.com\/fedehierostrasbourg","https:\/\/x.com\/hierostrasbourg"]}]}},"_links":{"self":[{"href":"https:\/\/hierostrasbourg.com\/index.php\/wp-json\/wp\/v2\/posts\/4345","targetHints":{"allow":["GET"]}}],"collection":[{"href":"https:\/\/hierostrasbourg.com\/index.php\/wp-json\/wp\/v2\/posts"}],"about":[{"href":"https:\/\/hierostrasbourg.com\/index.php\/wp-json\/wp\/v2\/types\/post"}],"replies":[{"embeddable":true,"href":"https:\/\/hierostrasbourg.com\/index.php\/wp-json\/wp\/v2\/comments?post=4345"}],"version-history":[{"count":0,"href":"https:\/\/hierostrasbourg.com\/index.php\/wp-json\/wp\/v2\/posts\/4345\/revisions"}],"wp:attachment":[{"href":"https:\/\/hierostrasbourg.com\/index.php\/wp-json\/wp\/v2\/media?parent=4345"}],"wp:term":[{"taxonomy":"category","embeddable":true,"href":"https:\/\/hierostrasbourg.com\/index.php\/wp-json\/wp\/v2\/categories?post=4345"},{"taxonomy":"post_tag","embeddable":true,"href":"https:\/\/hierostrasbourg.com\/index.php\/wp-json\/wp\/v2\/tags?post=4345"}],"curies":[{"name":"wp","href":"https:\/\/api.w.org\/{rel}","templated":true}]}}