{"id":4336,"date":"2022-12-29T16:42:29","date_gmt":"2022-12-29T15:42:29","guid":{"rendered":"https:\/\/hierostrasbourg.com\/index.php\/2022\/12\/29\/rapport-lepreuve-du-premier-salarie-dans-le-monde-associatif\/"},"modified":"2022-12-29T16:42:29","modified_gmt":"2022-12-29T15:42:29","slug":"rapport-lepreuve-du-premier-salarie-dans-le-monde-associatif","status":"publish","type":"post","link":"https:\/\/hierostrasbourg.com\/index.php\/2022\/12\/29\/rapport-lepreuve-du-premier-salarie-dans-le-monde-associatif\/","title":{"rendered":"Rapport \u201cL\u2019\u00e9preuve du premier salari\u00e9 dans le monde associatif\u201d"},"content":{"rendered":"<p><a href=\"https:\/\/musiquesactuelles.alsace\/rapport-lepreuve-du-premier-salarie-dans-le-monde-associatif\/\" title='Rapport \"L\u2019\u00e9preuve du premier salari\u00e9 dans le monde associatif\"'><\/a><\/p>\n<p>communiqu\u00e9\u00a0 Alors que la grande majorit\u00e9 des associations en France sont exclusivement administr\u00e9es, pilot\u00e9es et g\u00e9r\u00e9es par des b\u00e9n\u00e9voles, une partie d\u2019entre elles d\u00e9cident n\u00e9anmoins chaque ann\u00e9e de franchir le cap et d\u2019embaucher leur premier salari\u00e9. Si ce premier barreau d\u2019un changement d\u2019\u00e9chelle t\u00e9moigne souvent de l\u2019entr\u00e9e dans une phase de d\u00e9veloppement pour l\u2019association, il produit aussi une s\u00e9rie de transformations auxquels elle va devoir faire face. L\u2019entr\u00e9e dans le salariat vient certes questionner la capacit\u00e9 \u00e9conomique de l\u2019association, d\u00e9sormais [\u2026]<\/p>\n<p>L\u2019article <a href=\"https:\/\/musiquesactuelles.alsace\/rapport-lepreuve-du-premier-salarie-dans-le-monde-associatif\/\">Rapport \u201cL\u2019\u00e9preuve du premier salari\u00e9 dans le monde associatif\u201d<\/a> est apparu en premier sur <a href=\"https:\/\/musiquesactuelles.alsace\/\">Musiques Actuelles en Alsace<\/a>.<\/p>\n<p>L\u2019article <a href=\"https:\/\/popburo.fr\/rapport-lepreuve-du-premier-salarie-dans-le-monde-associatif-2\/\">Rapport \u201cL\u2019\u00e9preuve du premier salari\u00e9 dans le monde associatif\u201d<\/a> est apparu en premier sur <a href=\"https:\/\/popburo.fr\/\">POP B\u00dcRO<\/a>.<\/p>\n","protected":false},"excerpt":{"rendered":"<p>communiqu\u00e9\u00a0 Alors que la grande majorit\u00e9 des associations en France sont exclusivement administr\u00e9es, pilot\u00e9es et g\u00e9r\u00e9es par des b\u00e9n\u00e9voles, une partie d\u2019entre elles d\u00e9cident n\u00e9anmoins chaque ann\u00e9e de franchir le cap et d\u2019embaucher leur premier salari\u00e9. Si ce premier barreau d\u2019un changement d\u2019\u00e9chelle t\u00e9moigne souvent de l\u2019entr\u00e9e dans une phase de d\u00e9veloppement pour l\u2019association, il produit aussi une s\u00e9rie de transformations auxquels elle va devoir faire face. L\u2019entr\u00e9e dans le salariat vient certes questionner la capacit\u00e9 \u00e9conomique de l\u2019association, d\u00e9sormais [&hellip;]<\/p>\n","protected":false},"author":0,"featured_media":0,"comment_status":"closed","ping_status":"open","sticky":false,"template":"","format":"standard","meta":{"footnotes":""},"categories":[1],"tags":[],"class_list":["post-4336","post","type-post","status-publish","format-standard","hentry","category-non-classe"],"yoast_head":"<!-- This site is optimized with the Yoast SEO plugin v27.5 - https:\/\/yoast.com\/product\/yoast-seo-wordpress\/ -->\n<title>Rapport \u201cL\u2019\u00e9preuve du premier salari\u00e9 dans le monde associatif\u201d - HIERO STRASBOURG<\/title>\n<meta name=\"robots\" content=\"index, follow, max-snippet:-1, max-image-preview:large, max-video-preview:-1\" \/>\n<link rel=\"canonical\" href=\"https:\/\/hierostrasbourg.com\/index.php\/2022\/12\/29\/rapport-lepreuve-du-premier-salarie-dans-le-monde-associatif\/\" \/>\n<meta property=\"og:locale\" content=\"fr_FR\" \/>\n<meta property=\"og:type\" content=\"article\" \/>\n<meta property=\"og:title\" content=\"Rapport \u201cL\u2019\u00e9preuve du premier salari\u00e9 dans le monde associatif\u201d - HIERO STRASBOURG\" \/>\n<meta property=\"og:description\" content=\"communiqu\u00e9\u00a0 Alors que la grande majorit\u00e9 des associations en France sont exclusivement administr\u00e9es, pilot\u00e9es et g\u00e9r\u00e9es par des b\u00e9n\u00e9voles, une partie d\u2019entre elles d\u00e9cident n\u00e9anmoins chaque ann\u00e9e de franchir le cap et d\u2019embaucher leur premier salari\u00e9. Si ce premier barreau d\u2019un changement d\u2019\u00e9chelle t\u00e9moigne souvent de l\u2019entr\u00e9e dans une phase de d\u00e9veloppement pour l\u2019association, il produit aussi une s\u00e9rie de transformations auxquels elle va devoir faire face. L\u2019entr\u00e9e dans le salariat vient certes questionner la capacit\u00e9 \u00e9conomique de l\u2019association, d\u00e9sormais [&hellip;]\" \/>\n<meta property=\"og:url\" content=\"https:\/\/hierostrasbourg.com\/index.php\/2022\/12\/29\/rapport-lepreuve-du-premier-salarie-dans-le-monde-associatif\/\" \/>\n<meta property=\"og:site_name\" content=\"HIERO STRASBOURG\" \/>\n<meta property=\"article:publisher\" content=\"https:\/\/www.facebook.com\/fedehierostrasbourg\" \/>\n<meta property=\"article:published_time\" content=\"2022-12-29T15:42:29+00:00\" \/>\n<meta name=\"twitter:card\" content=\"summary_large_image\" \/>\n<meta name=\"twitter:creator\" content=\"@hierostrasbourg\" \/>\n<meta name=\"twitter:site\" content=\"@hierostrasbourg\" \/>\n<meta name=\"twitter:label1\" content=\"Dur\u00e9e de lecture estim\u00e9e\" \/>\n\t<meta name=\"twitter:data1\" content=\"1 minute\" \/>\n<script type=\"application\/ld+json\" class=\"yoast-schema-graph\">{\"@context\":\"https:\\\/\\\/schema.org\",\"@graph\":[{\"@type\":\"Article\",\"@id\":\"https:\\\/\\\/hierostrasbourg.com\\\/index.php\\\/2022\\\/12\\\/29\\\/rapport-lepreuve-du-premier-salarie-dans-le-monde-associatif\\\/#article\",\"isPartOf\":{\"@id\":\"https:\\\/\\\/hierostrasbourg.com\\\/index.php\\\/2022\\\/12\\\/29\\\/rapport-lepreuve-du-premier-salarie-dans-le-monde-associatif\\\/\"},\"author\":{\"name\":\"\",\"@id\":\"\"},\"headline\":\"Rapport \u201cL\u2019\u00e9preuve du premier salari\u00e9 dans le monde associatif\u201d\",\"datePublished\":\"2022-12-29T15:42:29+00:00\",\"mainEntityOfPage\":{\"@id\":\"https:\\\/\\\/hierostrasbourg.com\\\/index.php\\\/2022\\\/12\\\/29\\\/rapport-lepreuve-du-premier-salarie-dans-le-monde-associatif\\\/\"},\"wordCount\":154,\"publisher\":{\"@id\":\"https:\\\/\\\/hierostrasbourg.com\\\/#organization\"},\"inLanguage\":\"fr-FR\"},{\"@type\":\"WebPage\",\"@id\":\"https:\\\/\\\/hierostrasbourg.com\\\/index.php\\\/2022\\\/12\\\/29\\\/rapport-lepreuve-du-premier-salarie-dans-le-monde-associatif\\\/\",\"url\":\"https:\\\/\\\/hierostrasbourg.com\\\/index.php\\\/2022\\\/12\\\/29\\\/rapport-lepreuve-du-premier-salarie-dans-le-monde-associatif\\\/\",\"name\":\"Rapport \u201cL\u2019\u00e9preuve du premier salari\u00e9 dans le monde associatif\u201d - HIERO STRASBOURG\",\"isPartOf\":{\"@id\":\"https:\\\/\\\/hierostrasbourg.com\\\/#website\"},\"datePublished\":\"2022-12-29T15:42:29+00:00\",\"breadcrumb\":{\"@id\":\"https:\\\/\\\/hierostrasbourg.com\\\/index.php\\\/2022\\\/12\\\/29\\\/rapport-lepreuve-du-premier-salarie-dans-le-monde-associatif\\\/#breadcrumb\"},\"inLanguage\":\"fr-FR\",\"potentialAction\":[{\"@type\":\"ReadAction\",\"target\":[\"https:\\\/\\\/hierostrasbourg.com\\\/index.php\\\/2022\\\/12\\\/29\\\/rapport-lepreuve-du-premier-salarie-dans-le-monde-associatif\\\/\"]}]},{\"@type\":\"BreadcrumbList\",\"@id\":\"https:\\\/\\\/hierostrasbourg.com\\\/index.php\\\/2022\\\/12\\\/29\\\/rapport-lepreuve-du-premier-salarie-dans-le-monde-associatif\\\/#breadcrumb\",\"itemListElement\":[{\"@type\":\"ListItem\",\"position\":1,\"name\":\"Accueil\",\"item\":\"https:\\\/\\\/hierostrasbourg.com\\\/\"},{\"@type\":\"ListItem\",\"position\":2,\"name\":\"Rapport \u201cL\u2019\u00e9preuve du premier salari\u00e9 dans le monde associatif\u201d\"}]},{\"@type\":\"WebSite\",\"@id\":\"https:\\\/\\\/hierostrasbourg.com\\\/#website\",\"url\":\"https:\\\/\\\/hierostrasbourg.com\\\/\",\"name\":\"HIERO STRASBOURG\",\"description\":\"Centre de Ressources Musiques Actuelles\",\"publisher\":{\"@id\":\"https:\\\/\\\/hierostrasbourg.com\\\/#organization\"},\"potentialAction\":[{\"@type\":\"SearchAction\",\"target\":{\"@type\":\"EntryPoint\",\"urlTemplate\":\"https:\\\/\\\/hierostrasbourg.com\\\/?s={search_term_string}\"},\"query-input\":{\"@type\":\"PropertyValueSpecification\",\"valueRequired\":true,\"valueName\":\"search_term_string\"}}],\"inLanguage\":\"fr-FR\"},{\"@type\":\"Organization\",\"@id\":\"https:\\\/\\\/hierostrasbourg.com\\\/#organization\",\"name\":\"F\u00e9d\u00e9ration Hi\u00e9ro Strasbourg\",\"url\":\"https:\\\/\\\/hierostrasbourg.com\\\/\",\"logo\":{\"@type\":\"ImageObject\",\"inLanguage\":\"fr-FR\",\"@id\":\"https:\\\/\\\/hierostrasbourg.com\\\/#\\\/schema\\\/logo\\\/image\\\/\",\"url\":\"https:\\\/\\\/hierostrasbourg.com\\\/wp-content\\\/uploads\\\/2026\\\/04\\\/logo-hiero-strasbourg.jpg\",\"contentUrl\":\"https:\\\/\\\/hierostrasbourg.com\\\/wp-content\\\/uploads\\\/2026\\\/04\\\/logo-hiero-strasbourg.jpg\",\"width\":204,\"height\":192,\"caption\":\"F\u00e9d\u00e9ration Hi\u00e9ro Strasbourg\"},\"image\":{\"@id\":\"https:\\\/\\\/hierostrasbourg.com\\\/#\\\/schema\\\/logo\\\/image\\\/\"},\"sameAs\":[\"https:\\\/\\\/www.facebook.com\\\/fedehierostrasbourg\",\"https:\\\/\\\/x.com\\\/hierostrasbourg\"]}]}<\/script>\n<!-- \/ Yoast SEO plugin. -->","yoast_head_json":{"title":"Rapport \u201cL\u2019\u00e9preuve du premier salari\u00e9 dans le monde associatif\u201d - HIERO STRASBOURG","robots":{"index":"index","follow":"follow","max-snippet":"max-snippet:-1","max-image-preview":"max-image-preview:large","max-video-preview":"max-video-preview:-1"},"canonical":"https:\/\/hierostrasbourg.com\/index.php\/2022\/12\/29\/rapport-lepreuve-du-premier-salarie-dans-le-monde-associatif\/","og_locale":"fr_FR","og_type":"article","og_title":"Rapport \u201cL\u2019\u00e9preuve du premier salari\u00e9 dans le monde associatif\u201d - HIERO STRASBOURG","og_description":"communiqu\u00e9\u00a0 Alors que la grande majorit\u00e9 des associations en France sont exclusivement administr\u00e9es, pilot\u00e9es et g\u00e9r\u00e9es par des b\u00e9n\u00e9voles, une partie d\u2019entre elles d\u00e9cident n\u00e9anmoins chaque ann\u00e9e de franchir le cap et d\u2019embaucher leur premier salari\u00e9. Si ce premier barreau d\u2019un changement d\u2019\u00e9chelle t\u00e9moigne souvent de l\u2019entr\u00e9e dans une phase de d\u00e9veloppement pour l\u2019association, il produit aussi une s\u00e9rie de transformations auxquels elle va devoir faire face. L\u2019entr\u00e9e dans le salariat vient certes questionner la capacit\u00e9 \u00e9conomique de l\u2019association, d\u00e9sormais [&hellip;]","og_url":"https:\/\/hierostrasbourg.com\/index.php\/2022\/12\/29\/rapport-lepreuve-du-premier-salarie-dans-le-monde-associatif\/","og_site_name":"HIERO STRASBOURG","article_publisher":"https:\/\/www.facebook.com\/fedehierostrasbourg","article_published_time":"2022-12-29T15:42:29+00:00","twitter_card":"summary_large_image","twitter_creator":"@hierostrasbourg","twitter_site":"@hierostrasbourg","twitter_misc":{"Dur\u00e9e de lecture estim\u00e9e":"1 minute"},"schema":{"@context":"https:\/\/schema.org","@graph":[{"@type":"Article","@id":"https:\/\/hierostrasbourg.com\/index.php\/2022\/12\/29\/rapport-lepreuve-du-premier-salarie-dans-le-monde-associatif\/#article","isPartOf":{"@id":"https:\/\/hierostrasbourg.com\/index.php\/2022\/12\/29\/rapport-lepreuve-du-premier-salarie-dans-le-monde-associatif\/"},"author":{"name":"","@id":""},"headline":"Rapport \u201cL\u2019\u00e9preuve du premier salari\u00e9 dans le monde associatif\u201d","datePublished":"2022-12-29T15:42:29+00:00","mainEntityOfPage":{"@id":"https:\/\/hierostrasbourg.com\/index.php\/2022\/12\/29\/rapport-lepreuve-du-premier-salarie-dans-le-monde-associatif\/"},"wordCount":154,"publisher":{"@id":"https:\/\/hierostrasbourg.com\/#organization"},"inLanguage":"fr-FR"},{"@type":"WebPage","@id":"https:\/\/hierostrasbourg.com\/index.php\/2022\/12\/29\/rapport-lepreuve-du-premier-salarie-dans-le-monde-associatif\/","url":"https:\/\/hierostrasbourg.com\/index.php\/2022\/12\/29\/rapport-lepreuve-du-premier-salarie-dans-le-monde-associatif\/","name":"Rapport \u201cL\u2019\u00e9preuve du premier salari\u00e9 dans le monde associatif\u201d - HIERO STRASBOURG","isPartOf":{"@id":"https:\/\/hierostrasbourg.com\/#website"},"datePublished":"2022-12-29T15:42:29+00:00","breadcrumb":{"@id":"https:\/\/hierostrasbourg.com\/index.php\/2022\/12\/29\/rapport-lepreuve-du-premier-salarie-dans-le-monde-associatif\/#breadcrumb"},"inLanguage":"fr-FR","potentialAction":[{"@type":"ReadAction","target":["https:\/\/hierostrasbourg.com\/index.php\/2022\/12\/29\/rapport-lepreuve-du-premier-salarie-dans-le-monde-associatif\/"]}]},{"@type":"BreadcrumbList","@id":"https:\/\/hierostrasbourg.com\/index.php\/2022\/12\/29\/rapport-lepreuve-du-premier-salarie-dans-le-monde-associatif\/#breadcrumb","itemListElement":[{"@type":"ListItem","position":1,"name":"Accueil","item":"https:\/\/hierostrasbourg.com\/"},{"@type":"ListItem","position":2,"name":"Rapport \u201cL\u2019\u00e9preuve du premier salari\u00e9 dans le monde associatif\u201d"}]},{"@type":"WebSite","@id":"https:\/\/hierostrasbourg.com\/#website","url":"https:\/\/hierostrasbourg.com\/","name":"HIERO STRASBOURG","description":"Centre de Ressources Musiques Actuelles","publisher":{"@id":"https:\/\/hierostrasbourg.com\/#organization"},"potentialAction":[{"@type":"SearchAction","target":{"@type":"EntryPoint","urlTemplate":"https:\/\/hierostrasbourg.com\/?s={search_term_string}"},"query-input":{"@type":"PropertyValueSpecification","valueRequired":true,"valueName":"search_term_string"}}],"inLanguage":"fr-FR"},{"@type":"Organization","@id":"https:\/\/hierostrasbourg.com\/#organization","name":"F\u00e9d\u00e9ration Hi\u00e9ro Strasbourg","url":"https:\/\/hierostrasbourg.com\/","logo":{"@type":"ImageObject","inLanguage":"fr-FR","@id":"https:\/\/hierostrasbourg.com\/#\/schema\/logo\/image\/","url":"https:\/\/hierostrasbourg.com\/wp-content\/uploads\/2026\/04\/logo-hiero-strasbourg.jpg","contentUrl":"https:\/\/hierostrasbourg.com\/wp-content\/uploads\/2026\/04\/logo-hiero-strasbourg.jpg","width":204,"height":192,"caption":"F\u00e9d\u00e9ration Hi\u00e9ro Strasbourg"},"image":{"@id":"https:\/\/hierostrasbourg.com\/#\/schema\/logo\/image\/"},"sameAs":["https:\/\/www.facebook.com\/fedehierostrasbourg","https:\/\/x.com\/hierostrasbourg"]}]}},"_links":{"self":[{"href":"https:\/\/hierostrasbourg.com\/index.php\/wp-json\/wp\/v2\/posts\/4336","targetHints":{"allow":["GET"]}}],"collection":[{"href":"https:\/\/hierostrasbourg.com\/index.php\/wp-json\/wp\/v2\/posts"}],"about":[{"href":"https:\/\/hierostrasbourg.com\/index.php\/wp-json\/wp\/v2\/types\/post"}],"replies":[{"embeddable":true,"href":"https:\/\/hierostrasbourg.com\/index.php\/wp-json\/wp\/v2\/comments?post=4336"}],"version-history":[{"count":0,"href":"https:\/\/hierostrasbourg.com\/index.php\/wp-json\/wp\/v2\/posts\/4336\/revisions"}],"wp:attachment":[{"href":"https:\/\/hierostrasbourg.com\/index.php\/wp-json\/wp\/v2\/media?parent=4336"}],"wp:term":[{"taxonomy":"category","embeddable":true,"href":"https:\/\/hierostrasbourg.com\/index.php\/wp-json\/wp\/v2\/categories?post=4336"},{"taxonomy":"post_tag","embeddable":true,"href":"https:\/\/hierostrasbourg.com\/index.php\/wp-json\/wp\/v2\/tags?post=4336"}],"curies":[{"name":"wp","href":"https:\/\/api.w.org\/{rel}","templated":true}]}}