{"id":4321,"date":"2022-12-23T20:40:38","date_gmt":"2022-12-23T19:40:38","guid":{"rendered":"https:\/\/hierostrasbourg.com\/index.php\/2022\/12\/23\/barometre-2022-de-la-consommation-des-biens-culturels-dematerialises\/"},"modified":"2022-12-23T20:40:38","modified_gmt":"2022-12-23T19:40:38","slug":"barometre-2022-de-la-consommation-des-biens-culturels-dematerialises","status":"publish","type":"post","link":"https:\/\/hierostrasbourg.com\/index.php\/2022\/12\/23\/barometre-2022-de-la-consommation-des-biens-culturels-dematerialises\/","title":{"rendered":"Barom\u00e8tre 2022 de la consommation des biens culturels d\u00e9mat\u00e9rialis\u00e9s"},"content":{"rendered":"<p><a href=\"https:\/\/musiquesactuelles.alsace\/barometre-2022-de-la-consommation-des-biens-culturels-dematerialises\/\" title=\"Barom\u00e8tre 2022 de la consommation des biens culturels d\u00e9mat\u00e9rialis\u00e9s\"><\/a><\/p>\n<p>communiqu\u00e9 L\u2019\u00e9tude de l\u2019Arcom quantifie le niveau de consommation de biens culturels d\u00e9mat\u00e9rialis\u00e9s, licite et illicite, parmi les internautes fran\u00e7ais. Le barom\u00e8tre \u00e9tablit le profil des consommateurs et analyse l\u2019\u00e9volution des usages et la perception de l\u2019offre l\u00e9gale. Dans le cadre de sa mission l\u00e9gale d\u2019observation des usages licites et illicites des biens culturels d\u00e9mat\u00e9rialis\u00e9s, l\u2019Arcom r\u00e9alise une nouvelle vague du barom\u00e8tre de la consommation des biens culturels d\u00e9mat\u00e9rialis\u00e9s conduit depuis 2011. Ce barom\u00e8tre mesure les usages en ligne de [\u2026]<\/p>\n<p>L\u2019article <a href=\"https:\/\/musiquesactuelles.alsace\/barometre-2022-de-la-consommation-des-biens-culturels-dematerialises\/\">Barom\u00e8tre 2022 de la consommation des biens culturels d\u00e9mat\u00e9rialis\u00e9s<\/a> est apparu en premier sur <a href=\"https:\/\/musiquesactuelles.alsace\/\">Musiques Actuelles en Alsace<\/a>.<\/p>\n<p>L\u2019article <a href=\"https:\/\/popburo.fr\/barometre-2022-de-la-consommation-des-biens-culturels-dematerialises\/\">Barom\u00e8tre 2022 de la consommation des biens culturels d\u00e9mat\u00e9rialis\u00e9s<\/a> est apparu en premier sur <a href=\"https:\/\/popburo.fr\/\">POP B\u00dcRO<\/a>.<\/p>\n","protected":false},"excerpt":{"rendered":"<p>communiqu\u00e9 L\u2019\u00e9tude de l\u2019Arcom quantifie le niveau de consommation de biens culturels d\u00e9mat\u00e9rialis\u00e9s, licite et illicite, parmi les internautes fran\u00e7ais. Le barom\u00e8tre \u00e9tablit le profil des consommateurs et analyse l\u2019\u00e9volution des usages et la perception de l\u2019offre l\u00e9gale. Dans le cadre de sa mission l\u00e9gale d\u2019observation des usages licites et illicites des biens culturels d\u00e9mat\u00e9rialis\u00e9s, l\u2019Arcom r\u00e9alise une nouvelle vague du barom\u00e8tre de la consommation des biens culturels d\u00e9mat\u00e9rialis\u00e9s conduit depuis 2011. Ce barom\u00e8tre mesure les usages en ligne de [&hellip;]<\/p>\n","protected":false},"author":0,"featured_media":0,"comment_status":"closed","ping_status":"open","sticky":false,"template":"","format":"standard","meta":{"footnotes":""},"categories":[1],"tags":[],"class_list":["post-4321","post","type-post","status-publish","format-standard","hentry","category-non-classe"],"yoast_head":"<!-- This site is optimized with the Yoast SEO plugin v27.5 - https:\/\/yoast.com\/product\/yoast-seo-wordpress\/ -->\n<title>Barom\u00e8tre 2022 de la consommation des biens culturels d\u00e9mat\u00e9rialis\u00e9s - HIERO STRASBOURG<\/title>\n<meta name=\"robots\" content=\"index, follow, max-snippet:-1, max-image-preview:large, max-video-preview:-1\" \/>\n<link rel=\"canonical\" href=\"https:\/\/hierostrasbourg.com\/index.php\/2022\/12\/23\/barometre-2022-de-la-consommation-des-biens-culturels-dematerialises\/\" \/>\n<meta property=\"og:locale\" content=\"fr_FR\" \/>\n<meta property=\"og:type\" content=\"article\" \/>\n<meta property=\"og:title\" content=\"Barom\u00e8tre 2022 de la consommation des biens culturels d\u00e9mat\u00e9rialis\u00e9s - HIERO STRASBOURG\" \/>\n<meta property=\"og:description\" content=\"communiqu\u00e9 L\u2019\u00e9tude de l\u2019Arcom quantifie le niveau de consommation de biens culturels d\u00e9mat\u00e9rialis\u00e9s, licite et illicite, parmi les internautes fran\u00e7ais. Le barom\u00e8tre \u00e9tablit le profil des consommateurs et analyse l\u2019\u00e9volution des usages et la perception de l\u2019offre l\u00e9gale. Dans le cadre de sa mission l\u00e9gale d\u2019observation des usages licites et illicites des biens culturels d\u00e9mat\u00e9rialis\u00e9s, l\u2019Arcom r\u00e9alise une nouvelle vague du barom\u00e8tre de la consommation des biens culturels d\u00e9mat\u00e9rialis\u00e9s conduit depuis 2011. Ce barom\u00e8tre mesure les usages en ligne de [&hellip;]\" \/>\n<meta property=\"og:url\" content=\"https:\/\/hierostrasbourg.com\/index.php\/2022\/12\/23\/barometre-2022-de-la-consommation-des-biens-culturels-dematerialises\/\" \/>\n<meta property=\"og:site_name\" content=\"HIERO STRASBOURG\" \/>\n<meta property=\"article:publisher\" content=\"https:\/\/www.facebook.com\/fedehierostrasbourg\" \/>\n<meta property=\"article:published_time\" content=\"2022-12-23T19:40:38+00:00\" \/>\n<meta name=\"twitter:card\" content=\"summary_large_image\" \/>\n<meta name=\"twitter:creator\" content=\"@hierostrasbourg\" \/>\n<meta name=\"twitter:site\" content=\"@hierostrasbourg\" \/>\n<meta name=\"twitter:label1\" content=\"Dur\u00e9e de lecture estim\u00e9e\" \/>\n\t<meta name=\"twitter:data1\" content=\"1 minute\" \/>\n<script type=\"application\/ld+json\" class=\"yoast-schema-graph\">{\"@context\":\"https:\\\/\\\/schema.org\",\"@graph\":[{\"@type\":\"Article\",\"@id\":\"https:\\\/\\\/hierostrasbourg.com\\\/index.php\\\/2022\\\/12\\\/23\\\/barometre-2022-de-la-consommation-des-biens-culturels-dematerialises\\\/#article\",\"isPartOf\":{\"@id\":\"https:\\\/\\\/hierostrasbourg.com\\\/index.php\\\/2022\\\/12\\\/23\\\/barometre-2022-de-la-consommation-des-biens-culturels-dematerialises\\\/\"},\"author\":{\"name\":\"\",\"@id\":\"\"},\"headline\":\"Barom\u00e8tre 2022 de la consommation des biens culturels d\u00e9mat\u00e9rialis\u00e9s\",\"datePublished\":\"2022-12-23T19:40:38+00:00\",\"mainEntityOfPage\":{\"@id\":\"https:\\\/\\\/hierostrasbourg.com\\\/index.php\\\/2022\\\/12\\\/23\\\/barometre-2022-de-la-consommation-des-biens-culturels-dematerialises\\\/\"},\"wordCount\":158,\"publisher\":{\"@id\":\"https:\\\/\\\/hierostrasbourg.com\\\/#organization\"},\"inLanguage\":\"fr-FR\"},{\"@type\":\"WebPage\",\"@id\":\"https:\\\/\\\/hierostrasbourg.com\\\/index.php\\\/2022\\\/12\\\/23\\\/barometre-2022-de-la-consommation-des-biens-culturels-dematerialises\\\/\",\"url\":\"https:\\\/\\\/hierostrasbourg.com\\\/index.php\\\/2022\\\/12\\\/23\\\/barometre-2022-de-la-consommation-des-biens-culturels-dematerialises\\\/\",\"name\":\"Barom\u00e8tre 2022 de la consommation des biens culturels d\u00e9mat\u00e9rialis\u00e9s - HIERO STRASBOURG\",\"isPartOf\":{\"@id\":\"https:\\\/\\\/hierostrasbourg.com\\\/#website\"},\"datePublished\":\"2022-12-23T19:40:38+00:00\",\"breadcrumb\":{\"@id\":\"https:\\\/\\\/hierostrasbourg.com\\\/index.php\\\/2022\\\/12\\\/23\\\/barometre-2022-de-la-consommation-des-biens-culturels-dematerialises\\\/#breadcrumb\"},\"inLanguage\":\"fr-FR\",\"potentialAction\":[{\"@type\":\"ReadAction\",\"target\":[\"https:\\\/\\\/hierostrasbourg.com\\\/index.php\\\/2022\\\/12\\\/23\\\/barometre-2022-de-la-consommation-des-biens-culturels-dematerialises\\\/\"]}]},{\"@type\":\"BreadcrumbList\",\"@id\":\"https:\\\/\\\/hierostrasbourg.com\\\/index.php\\\/2022\\\/12\\\/23\\\/barometre-2022-de-la-consommation-des-biens-culturels-dematerialises\\\/#breadcrumb\",\"itemListElement\":[{\"@type\":\"ListItem\",\"position\":1,\"name\":\"Accueil\",\"item\":\"https:\\\/\\\/hierostrasbourg.com\\\/\"},{\"@type\":\"ListItem\",\"position\":2,\"name\":\"Barom\u00e8tre 2022 de la consommation des biens culturels d\u00e9mat\u00e9rialis\u00e9s\"}]},{\"@type\":\"WebSite\",\"@id\":\"https:\\\/\\\/hierostrasbourg.com\\\/#website\",\"url\":\"https:\\\/\\\/hierostrasbourg.com\\\/\",\"name\":\"HIERO STRASBOURG\",\"description\":\"Centre de Ressources Musiques Actuelles\",\"publisher\":{\"@id\":\"https:\\\/\\\/hierostrasbourg.com\\\/#organization\"},\"potentialAction\":[{\"@type\":\"SearchAction\",\"target\":{\"@type\":\"EntryPoint\",\"urlTemplate\":\"https:\\\/\\\/hierostrasbourg.com\\\/?s={search_term_string}\"},\"query-input\":{\"@type\":\"PropertyValueSpecification\",\"valueRequired\":true,\"valueName\":\"search_term_string\"}}],\"inLanguage\":\"fr-FR\"},{\"@type\":\"Organization\",\"@id\":\"https:\\\/\\\/hierostrasbourg.com\\\/#organization\",\"name\":\"F\u00e9d\u00e9ration Hi\u00e9ro Strasbourg\",\"url\":\"https:\\\/\\\/hierostrasbourg.com\\\/\",\"logo\":{\"@type\":\"ImageObject\",\"inLanguage\":\"fr-FR\",\"@id\":\"https:\\\/\\\/hierostrasbourg.com\\\/#\\\/schema\\\/logo\\\/image\\\/\",\"url\":\"https:\\\/\\\/hierostrasbourg.com\\\/wp-content\\\/uploads\\\/2026\\\/04\\\/logo-hiero-strasbourg.jpg\",\"contentUrl\":\"https:\\\/\\\/hierostrasbourg.com\\\/wp-content\\\/uploads\\\/2026\\\/04\\\/logo-hiero-strasbourg.jpg\",\"width\":204,\"height\":192,\"caption\":\"F\u00e9d\u00e9ration Hi\u00e9ro Strasbourg\"},\"image\":{\"@id\":\"https:\\\/\\\/hierostrasbourg.com\\\/#\\\/schema\\\/logo\\\/image\\\/\"},\"sameAs\":[\"https:\\\/\\\/www.facebook.com\\\/fedehierostrasbourg\",\"https:\\\/\\\/x.com\\\/hierostrasbourg\"]}]}<\/script>\n<!-- \/ Yoast SEO plugin. -->","yoast_head_json":{"title":"Barom\u00e8tre 2022 de la consommation des biens culturels d\u00e9mat\u00e9rialis\u00e9s - HIERO STRASBOURG","robots":{"index":"index","follow":"follow","max-snippet":"max-snippet:-1","max-image-preview":"max-image-preview:large","max-video-preview":"max-video-preview:-1"},"canonical":"https:\/\/hierostrasbourg.com\/index.php\/2022\/12\/23\/barometre-2022-de-la-consommation-des-biens-culturels-dematerialises\/","og_locale":"fr_FR","og_type":"article","og_title":"Barom\u00e8tre 2022 de la consommation des biens culturels d\u00e9mat\u00e9rialis\u00e9s - HIERO STRASBOURG","og_description":"communiqu\u00e9 L\u2019\u00e9tude de l\u2019Arcom quantifie le niveau de consommation de biens culturels d\u00e9mat\u00e9rialis\u00e9s, licite et illicite, parmi les internautes fran\u00e7ais. Le barom\u00e8tre \u00e9tablit le profil des consommateurs et analyse l\u2019\u00e9volution des usages et la perception de l\u2019offre l\u00e9gale. Dans le cadre de sa mission l\u00e9gale d\u2019observation des usages licites et illicites des biens culturels d\u00e9mat\u00e9rialis\u00e9s, l\u2019Arcom r\u00e9alise une nouvelle vague du barom\u00e8tre de la consommation des biens culturels d\u00e9mat\u00e9rialis\u00e9s conduit depuis 2011. Ce barom\u00e8tre mesure les usages en ligne de [&hellip;]","og_url":"https:\/\/hierostrasbourg.com\/index.php\/2022\/12\/23\/barometre-2022-de-la-consommation-des-biens-culturels-dematerialises\/","og_site_name":"HIERO STRASBOURG","article_publisher":"https:\/\/www.facebook.com\/fedehierostrasbourg","article_published_time":"2022-12-23T19:40:38+00:00","twitter_card":"summary_large_image","twitter_creator":"@hierostrasbourg","twitter_site":"@hierostrasbourg","twitter_misc":{"Dur\u00e9e de lecture estim\u00e9e":"1 minute"},"schema":{"@context":"https:\/\/schema.org","@graph":[{"@type":"Article","@id":"https:\/\/hierostrasbourg.com\/index.php\/2022\/12\/23\/barometre-2022-de-la-consommation-des-biens-culturels-dematerialises\/#article","isPartOf":{"@id":"https:\/\/hierostrasbourg.com\/index.php\/2022\/12\/23\/barometre-2022-de-la-consommation-des-biens-culturels-dematerialises\/"},"author":{"name":"","@id":""},"headline":"Barom\u00e8tre 2022 de la consommation des biens culturels d\u00e9mat\u00e9rialis\u00e9s","datePublished":"2022-12-23T19:40:38+00:00","mainEntityOfPage":{"@id":"https:\/\/hierostrasbourg.com\/index.php\/2022\/12\/23\/barometre-2022-de-la-consommation-des-biens-culturels-dematerialises\/"},"wordCount":158,"publisher":{"@id":"https:\/\/hierostrasbourg.com\/#organization"},"inLanguage":"fr-FR"},{"@type":"WebPage","@id":"https:\/\/hierostrasbourg.com\/index.php\/2022\/12\/23\/barometre-2022-de-la-consommation-des-biens-culturels-dematerialises\/","url":"https:\/\/hierostrasbourg.com\/index.php\/2022\/12\/23\/barometre-2022-de-la-consommation-des-biens-culturels-dematerialises\/","name":"Barom\u00e8tre 2022 de la consommation des biens culturels d\u00e9mat\u00e9rialis\u00e9s - HIERO STRASBOURG","isPartOf":{"@id":"https:\/\/hierostrasbourg.com\/#website"},"datePublished":"2022-12-23T19:40:38+00:00","breadcrumb":{"@id":"https:\/\/hierostrasbourg.com\/index.php\/2022\/12\/23\/barometre-2022-de-la-consommation-des-biens-culturels-dematerialises\/#breadcrumb"},"inLanguage":"fr-FR","potentialAction":[{"@type":"ReadAction","target":["https:\/\/hierostrasbourg.com\/index.php\/2022\/12\/23\/barometre-2022-de-la-consommation-des-biens-culturels-dematerialises\/"]}]},{"@type":"BreadcrumbList","@id":"https:\/\/hierostrasbourg.com\/index.php\/2022\/12\/23\/barometre-2022-de-la-consommation-des-biens-culturels-dematerialises\/#breadcrumb","itemListElement":[{"@type":"ListItem","position":1,"name":"Accueil","item":"https:\/\/hierostrasbourg.com\/"},{"@type":"ListItem","position":2,"name":"Barom\u00e8tre 2022 de la consommation des biens culturels d\u00e9mat\u00e9rialis\u00e9s"}]},{"@type":"WebSite","@id":"https:\/\/hierostrasbourg.com\/#website","url":"https:\/\/hierostrasbourg.com\/","name":"HIERO STRASBOURG","description":"Centre de Ressources Musiques Actuelles","publisher":{"@id":"https:\/\/hierostrasbourg.com\/#organization"},"potentialAction":[{"@type":"SearchAction","target":{"@type":"EntryPoint","urlTemplate":"https:\/\/hierostrasbourg.com\/?s={search_term_string}"},"query-input":{"@type":"PropertyValueSpecification","valueRequired":true,"valueName":"search_term_string"}}],"inLanguage":"fr-FR"},{"@type":"Organization","@id":"https:\/\/hierostrasbourg.com\/#organization","name":"F\u00e9d\u00e9ration Hi\u00e9ro Strasbourg","url":"https:\/\/hierostrasbourg.com\/","logo":{"@type":"ImageObject","inLanguage":"fr-FR","@id":"https:\/\/hierostrasbourg.com\/#\/schema\/logo\/image\/","url":"https:\/\/hierostrasbourg.com\/wp-content\/uploads\/2026\/04\/logo-hiero-strasbourg.jpg","contentUrl":"https:\/\/hierostrasbourg.com\/wp-content\/uploads\/2026\/04\/logo-hiero-strasbourg.jpg","width":204,"height":192,"caption":"F\u00e9d\u00e9ration Hi\u00e9ro Strasbourg"},"image":{"@id":"https:\/\/hierostrasbourg.com\/#\/schema\/logo\/image\/"},"sameAs":["https:\/\/www.facebook.com\/fedehierostrasbourg","https:\/\/x.com\/hierostrasbourg"]}]}},"_links":{"self":[{"href":"https:\/\/hierostrasbourg.com\/index.php\/wp-json\/wp\/v2\/posts\/4321","targetHints":{"allow":["GET"]}}],"collection":[{"href":"https:\/\/hierostrasbourg.com\/index.php\/wp-json\/wp\/v2\/posts"}],"about":[{"href":"https:\/\/hierostrasbourg.com\/index.php\/wp-json\/wp\/v2\/types\/post"}],"replies":[{"embeddable":true,"href":"https:\/\/hierostrasbourg.com\/index.php\/wp-json\/wp\/v2\/comments?post=4321"}],"version-history":[{"count":0,"href":"https:\/\/hierostrasbourg.com\/index.php\/wp-json\/wp\/v2\/posts\/4321\/revisions"}],"wp:attachment":[{"href":"https:\/\/hierostrasbourg.com\/index.php\/wp-json\/wp\/v2\/media?parent=4321"}],"wp:term":[{"taxonomy":"category","embeddable":true,"href":"https:\/\/hierostrasbourg.com\/index.php\/wp-json\/wp\/v2\/categories?post=4321"},{"taxonomy":"post_tag","embeddable":true,"href":"https:\/\/hierostrasbourg.com\/index.php\/wp-json\/wp\/v2\/tags?post=4321"}],"curies":[{"name":"wp","href":"https:\/\/api.w.org\/{rel}","templated":true}]}}