{"id":4319,"date":"2022-12-23T19:40:32","date_gmt":"2022-12-23T18:40:32","guid":{"rendered":"https:\/\/hierostrasbourg.com\/index.php\/2022\/12\/23\/securisation-des-evenements-culturels-et-sportifs-de-lete-2024\/"},"modified":"2022-12-23T19:40:32","modified_gmt":"2022-12-23T18:40:32","slug":"securisation-des-evenements-culturels-et-sportifs-de-lete-2024","status":"publish","type":"post","link":"https:\/\/hierostrasbourg.com\/index.php\/2022\/12\/23\/securisation-des-evenements-culturels-et-sportifs-de-lete-2024\/","title":{"rendered":"S\u00e9curisation des \u00e9v\u00e9nements culturels et sportifs de l\u2019\u00e9t\u00e9 2024"},"content":{"rendered":"<p><a href=\"https:\/\/musiquesactuelles.alsace\/securisation-des-evenements-culturels-et-sportifs-de-lete-2024\/\" title=\"S\u00e9curisation des \u00e9v\u00e9nements culturels et sportifs de l\u2019\u00e9t\u00e9 2024\"><\/a><\/p>\n<p>communiqu\u00e9\u00a0 G\u00e9rald DARMANIN, ministre de l\u2019Int\u00e9rieur et des Outre-mer, Mme Rima Abdul Malak, ministre de la Culture et Mme Am\u00e9lie Oud\u00e9a-Cast\u00e9ra, ministre des Sports et des Jeux Olympiques et Paralympiques, ont adress\u00e9 ce jour aux pr\u00e9fets une circulaire portant sur les festivals, manifestations festives et \u00e9v\u00e9nements sportifs de l\u2019\u00e9t\u00e9 2024. L\u2019organisation des Jeux Olympiques et Paralympiques de 2024, \u00e9v\u00e9nement in\u00e9dit sur notre territoire national, qui va accueillir plus de 13 millions de spectateurs, implique une mobilisation sans pr\u00e9c\u00e9dent des forces [\u2026]<\/p>\n<p>L\u2019article <a href=\"https:\/\/musiquesactuelles.alsace\/securisation-des-evenements-culturels-et-sportifs-de-lete-2024\/\">S\u00e9curisation des \u00e9v\u00e9nements culturels et sportifs de l\u2019\u00e9t\u00e9 2024<\/a> est apparu en premier sur <a href=\"https:\/\/musiquesactuelles.alsace\/\">Musiques Actuelles en Alsace<\/a>.<\/p>\n<p>L\u2019article <a href=\"https:\/\/popburo.fr\/securisation-des-evenements-culturels-et-sportifs-de-lete-2024\/\">S\u00e9curisation des \u00e9v\u00e9nements culturels et sportifs de l\u2019\u00e9t\u00e9 2024<\/a> est apparu en premier sur <a href=\"https:\/\/popburo.fr\/\">POP B\u00dcRO<\/a>.<\/p>\n","protected":false},"excerpt":{"rendered":"<p>communiqu\u00e9\u00a0 G\u00e9rald DARMANIN, ministre de l\u2019Int\u00e9rieur et des Outre-mer, Mme Rima Abdul Malak, ministre de la Culture et Mme Am\u00e9lie Oud\u00e9a-Cast\u00e9ra, ministre des Sports et des Jeux Olympiques et Paralympiques, ont adress\u00e9 ce jour aux pr\u00e9fets une circulaire portant sur les festivals, manifestations festives et \u00e9v\u00e9nements sportifs de l\u2019\u00e9t\u00e9 2024. L\u2019organisation des Jeux Olympiques et Paralympiques de 2024, \u00e9v\u00e9nement in\u00e9dit sur notre territoire national, qui va accueillir plus de 13 millions de spectateurs, implique une mobilisation sans pr\u00e9c\u00e9dent des forces [&hellip;]<\/p>\n","protected":false},"author":0,"featured_media":0,"comment_status":"closed","ping_status":"open","sticky":false,"template":"","format":"standard","meta":{"footnotes":""},"categories":[1],"tags":[],"class_list":["post-4319","post","type-post","status-publish","format-standard","hentry","category-non-classe"],"yoast_head":"<!-- This site is optimized with the Yoast SEO plugin v27.5 - https:\/\/yoast.com\/product\/yoast-seo-wordpress\/ -->\n<title>S\u00e9curisation des \u00e9v\u00e9nements culturels et sportifs de l\u2019\u00e9t\u00e9 2024 - HIERO STRASBOURG<\/title>\n<meta name=\"robots\" content=\"index, follow, max-snippet:-1, max-image-preview:large, max-video-preview:-1\" \/>\n<link rel=\"canonical\" href=\"https:\/\/hierostrasbourg.com\/index.php\/2022\/12\/23\/securisation-des-evenements-culturels-et-sportifs-de-lete-2024\/\" \/>\n<meta property=\"og:locale\" content=\"fr_FR\" \/>\n<meta property=\"og:type\" content=\"article\" \/>\n<meta property=\"og:title\" content=\"S\u00e9curisation des \u00e9v\u00e9nements culturels et sportifs de l\u2019\u00e9t\u00e9 2024 - HIERO STRASBOURG\" \/>\n<meta property=\"og:description\" content=\"communiqu\u00e9\u00a0 G\u00e9rald DARMANIN, ministre de l\u2019Int\u00e9rieur et des Outre-mer, Mme Rima Abdul Malak, ministre de la Culture et Mme Am\u00e9lie Oud\u00e9a-Cast\u00e9ra, ministre des Sports et des Jeux Olympiques et Paralympiques, ont adress\u00e9 ce jour aux pr\u00e9fets une circulaire portant sur les festivals, manifestations festives et \u00e9v\u00e9nements sportifs de l\u2019\u00e9t\u00e9 2024. L\u2019organisation des Jeux Olympiques et Paralympiques de 2024, \u00e9v\u00e9nement in\u00e9dit sur notre territoire national, qui va accueillir plus de 13 millions de spectateurs, implique une mobilisation sans pr\u00e9c\u00e9dent des forces [&hellip;]\" \/>\n<meta property=\"og:url\" content=\"https:\/\/hierostrasbourg.com\/index.php\/2022\/12\/23\/securisation-des-evenements-culturels-et-sportifs-de-lete-2024\/\" \/>\n<meta property=\"og:site_name\" content=\"HIERO STRASBOURG\" \/>\n<meta property=\"article:publisher\" content=\"https:\/\/www.facebook.com\/fedehierostrasbourg\" \/>\n<meta property=\"article:published_time\" content=\"2022-12-23T18:40:32+00:00\" \/>\n<meta name=\"twitter:card\" content=\"summary_large_image\" \/>\n<meta name=\"twitter:creator\" content=\"@hierostrasbourg\" \/>\n<meta name=\"twitter:site\" content=\"@hierostrasbourg\" \/>\n<meta name=\"twitter:label1\" content=\"Dur\u00e9e de lecture estim\u00e9e\" \/>\n\t<meta name=\"twitter:data1\" content=\"1 minute\" \/>\n<script type=\"application\/ld+json\" class=\"yoast-schema-graph\">{\"@context\":\"https:\\\/\\\/schema.org\",\"@graph\":[{\"@type\":\"Article\",\"@id\":\"https:\\\/\\\/hierostrasbourg.com\\\/index.php\\\/2022\\\/12\\\/23\\\/securisation-des-evenements-culturels-et-sportifs-de-lete-2024\\\/#article\",\"isPartOf\":{\"@id\":\"https:\\\/\\\/hierostrasbourg.com\\\/index.php\\\/2022\\\/12\\\/23\\\/securisation-des-evenements-culturels-et-sportifs-de-lete-2024\\\/\"},\"author\":{\"name\":\"\",\"@id\":\"\"},\"headline\":\"S\u00e9curisation des \u00e9v\u00e9nements culturels et sportifs de l\u2019\u00e9t\u00e9 2024\",\"datePublished\":\"2022-12-23T18:40:32+00:00\",\"mainEntityOfPage\":{\"@id\":\"https:\\\/\\\/hierostrasbourg.com\\\/index.php\\\/2022\\\/12\\\/23\\\/securisation-des-evenements-culturels-et-sportifs-de-lete-2024\\\/\"},\"wordCount\":145,\"publisher\":{\"@id\":\"https:\\\/\\\/hierostrasbourg.com\\\/#organization\"},\"inLanguage\":\"fr-FR\"},{\"@type\":\"WebPage\",\"@id\":\"https:\\\/\\\/hierostrasbourg.com\\\/index.php\\\/2022\\\/12\\\/23\\\/securisation-des-evenements-culturels-et-sportifs-de-lete-2024\\\/\",\"url\":\"https:\\\/\\\/hierostrasbourg.com\\\/index.php\\\/2022\\\/12\\\/23\\\/securisation-des-evenements-culturels-et-sportifs-de-lete-2024\\\/\",\"name\":\"S\u00e9curisation des \u00e9v\u00e9nements culturels et sportifs de l\u2019\u00e9t\u00e9 2024 - HIERO STRASBOURG\",\"isPartOf\":{\"@id\":\"https:\\\/\\\/hierostrasbourg.com\\\/#website\"},\"datePublished\":\"2022-12-23T18:40:32+00:00\",\"breadcrumb\":{\"@id\":\"https:\\\/\\\/hierostrasbourg.com\\\/index.php\\\/2022\\\/12\\\/23\\\/securisation-des-evenements-culturels-et-sportifs-de-lete-2024\\\/#breadcrumb\"},\"inLanguage\":\"fr-FR\",\"potentialAction\":[{\"@type\":\"ReadAction\",\"target\":[\"https:\\\/\\\/hierostrasbourg.com\\\/index.php\\\/2022\\\/12\\\/23\\\/securisation-des-evenements-culturels-et-sportifs-de-lete-2024\\\/\"]}]},{\"@type\":\"BreadcrumbList\",\"@id\":\"https:\\\/\\\/hierostrasbourg.com\\\/index.php\\\/2022\\\/12\\\/23\\\/securisation-des-evenements-culturels-et-sportifs-de-lete-2024\\\/#breadcrumb\",\"itemListElement\":[{\"@type\":\"ListItem\",\"position\":1,\"name\":\"Accueil\",\"item\":\"https:\\\/\\\/hierostrasbourg.com\\\/\"},{\"@type\":\"ListItem\",\"position\":2,\"name\":\"S\u00e9curisation des \u00e9v\u00e9nements culturels et sportifs de l\u2019\u00e9t\u00e9 2024\"}]},{\"@type\":\"WebSite\",\"@id\":\"https:\\\/\\\/hierostrasbourg.com\\\/#website\",\"url\":\"https:\\\/\\\/hierostrasbourg.com\\\/\",\"name\":\"HIERO STRASBOURG\",\"description\":\"Centre de Ressources Musiques Actuelles\",\"publisher\":{\"@id\":\"https:\\\/\\\/hierostrasbourg.com\\\/#organization\"},\"potentialAction\":[{\"@type\":\"SearchAction\",\"target\":{\"@type\":\"EntryPoint\",\"urlTemplate\":\"https:\\\/\\\/hierostrasbourg.com\\\/?s={search_term_string}\"},\"query-input\":{\"@type\":\"PropertyValueSpecification\",\"valueRequired\":true,\"valueName\":\"search_term_string\"}}],\"inLanguage\":\"fr-FR\"},{\"@type\":\"Organization\",\"@id\":\"https:\\\/\\\/hierostrasbourg.com\\\/#organization\",\"name\":\"F\u00e9d\u00e9ration Hi\u00e9ro Strasbourg\",\"url\":\"https:\\\/\\\/hierostrasbourg.com\\\/\",\"logo\":{\"@type\":\"ImageObject\",\"inLanguage\":\"fr-FR\",\"@id\":\"https:\\\/\\\/hierostrasbourg.com\\\/#\\\/schema\\\/logo\\\/image\\\/\",\"url\":\"https:\\\/\\\/hierostrasbourg.com\\\/wp-content\\\/uploads\\\/2026\\\/04\\\/logo-hiero-strasbourg.jpg\",\"contentUrl\":\"https:\\\/\\\/hierostrasbourg.com\\\/wp-content\\\/uploads\\\/2026\\\/04\\\/logo-hiero-strasbourg.jpg\",\"width\":204,\"height\":192,\"caption\":\"F\u00e9d\u00e9ration Hi\u00e9ro Strasbourg\"},\"image\":{\"@id\":\"https:\\\/\\\/hierostrasbourg.com\\\/#\\\/schema\\\/logo\\\/image\\\/\"},\"sameAs\":[\"https:\\\/\\\/www.facebook.com\\\/fedehierostrasbourg\",\"https:\\\/\\\/x.com\\\/hierostrasbourg\"]}]}<\/script>\n<!-- \/ Yoast SEO plugin. -->","yoast_head_json":{"title":"S\u00e9curisation des \u00e9v\u00e9nements culturels et sportifs de l\u2019\u00e9t\u00e9 2024 - HIERO STRASBOURG","robots":{"index":"index","follow":"follow","max-snippet":"max-snippet:-1","max-image-preview":"max-image-preview:large","max-video-preview":"max-video-preview:-1"},"canonical":"https:\/\/hierostrasbourg.com\/index.php\/2022\/12\/23\/securisation-des-evenements-culturels-et-sportifs-de-lete-2024\/","og_locale":"fr_FR","og_type":"article","og_title":"S\u00e9curisation des \u00e9v\u00e9nements culturels et sportifs de l\u2019\u00e9t\u00e9 2024 - HIERO STRASBOURG","og_description":"communiqu\u00e9\u00a0 G\u00e9rald DARMANIN, ministre de l\u2019Int\u00e9rieur et des Outre-mer, Mme Rima Abdul Malak, ministre de la Culture et Mme Am\u00e9lie Oud\u00e9a-Cast\u00e9ra, ministre des Sports et des Jeux Olympiques et Paralympiques, ont adress\u00e9 ce jour aux pr\u00e9fets une circulaire portant sur les festivals, manifestations festives et \u00e9v\u00e9nements sportifs de l\u2019\u00e9t\u00e9 2024. L\u2019organisation des Jeux Olympiques et Paralympiques de 2024, \u00e9v\u00e9nement in\u00e9dit sur notre territoire national, qui va accueillir plus de 13 millions de spectateurs, implique une mobilisation sans pr\u00e9c\u00e9dent des forces [&hellip;]","og_url":"https:\/\/hierostrasbourg.com\/index.php\/2022\/12\/23\/securisation-des-evenements-culturels-et-sportifs-de-lete-2024\/","og_site_name":"HIERO STRASBOURG","article_publisher":"https:\/\/www.facebook.com\/fedehierostrasbourg","article_published_time":"2022-12-23T18:40:32+00:00","twitter_card":"summary_large_image","twitter_creator":"@hierostrasbourg","twitter_site":"@hierostrasbourg","twitter_misc":{"Dur\u00e9e de lecture estim\u00e9e":"1 minute"},"schema":{"@context":"https:\/\/schema.org","@graph":[{"@type":"Article","@id":"https:\/\/hierostrasbourg.com\/index.php\/2022\/12\/23\/securisation-des-evenements-culturels-et-sportifs-de-lete-2024\/#article","isPartOf":{"@id":"https:\/\/hierostrasbourg.com\/index.php\/2022\/12\/23\/securisation-des-evenements-culturels-et-sportifs-de-lete-2024\/"},"author":{"name":"","@id":""},"headline":"S\u00e9curisation des \u00e9v\u00e9nements culturels et sportifs de l\u2019\u00e9t\u00e9 2024","datePublished":"2022-12-23T18:40:32+00:00","mainEntityOfPage":{"@id":"https:\/\/hierostrasbourg.com\/index.php\/2022\/12\/23\/securisation-des-evenements-culturels-et-sportifs-de-lete-2024\/"},"wordCount":145,"publisher":{"@id":"https:\/\/hierostrasbourg.com\/#organization"},"inLanguage":"fr-FR"},{"@type":"WebPage","@id":"https:\/\/hierostrasbourg.com\/index.php\/2022\/12\/23\/securisation-des-evenements-culturels-et-sportifs-de-lete-2024\/","url":"https:\/\/hierostrasbourg.com\/index.php\/2022\/12\/23\/securisation-des-evenements-culturels-et-sportifs-de-lete-2024\/","name":"S\u00e9curisation des \u00e9v\u00e9nements culturels et sportifs de l\u2019\u00e9t\u00e9 2024 - HIERO STRASBOURG","isPartOf":{"@id":"https:\/\/hierostrasbourg.com\/#website"},"datePublished":"2022-12-23T18:40:32+00:00","breadcrumb":{"@id":"https:\/\/hierostrasbourg.com\/index.php\/2022\/12\/23\/securisation-des-evenements-culturels-et-sportifs-de-lete-2024\/#breadcrumb"},"inLanguage":"fr-FR","potentialAction":[{"@type":"ReadAction","target":["https:\/\/hierostrasbourg.com\/index.php\/2022\/12\/23\/securisation-des-evenements-culturels-et-sportifs-de-lete-2024\/"]}]},{"@type":"BreadcrumbList","@id":"https:\/\/hierostrasbourg.com\/index.php\/2022\/12\/23\/securisation-des-evenements-culturels-et-sportifs-de-lete-2024\/#breadcrumb","itemListElement":[{"@type":"ListItem","position":1,"name":"Accueil","item":"https:\/\/hierostrasbourg.com\/"},{"@type":"ListItem","position":2,"name":"S\u00e9curisation des \u00e9v\u00e9nements culturels et sportifs de l\u2019\u00e9t\u00e9 2024"}]},{"@type":"WebSite","@id":"https:\/\/hierostrasbourg.com\/#website","url":"https:\/\/hierostrasbourg.com\/","name":"HIERO STRASBOURG","description":"Centre de Ressources Musiques Actuelles","publisher":{"@id":"https:\/\/hierostrasbourg.com\/#organization"},"potentialAction":[{"@type":"SearchAction","target":{"@type":"EntryPoint","urlTemplate":"https:\/\/hierostrasbourg.com\/?s={search_term_string}"},"query-input":{"@type":"PropertyValueSpecification","valueRequired":true,"valueName":"search_term_string"}}],"inLanguage":"fr-FR"},{"@type":"Organization","@id":"https:\/\/hierostrasbourg.com\/#organization","name":"F\u00e9d\u00e9ration Hi\u00e9ro Strasbourg","url":"https:\/\/hierostrasbourg.com\/","logo":{"@type":"ImageObject","inLanguage":"fr-FR","@id":"https:\/\/hierostrasbourg.com\/#\/schema\/logo\/image\/","url":"https:\/\/hierostrasbourg.com\/wp-content\/uploads\/2026\/04\/logo-hiero-strasbourg.jpg","contentUrl":"https:\/\/hierostrasbourg.com\/wp-content\/uploads\/2026\/04\/logo-hiero-strasbourg.jpg","width":204,"height":192,"caption":"F\u00e9d\u00e9ration Hi\u00e9ro Strasbourg"},"image":{"@id":"https:\/\/hierostrasbourg.com\/#\/schema\/logo\/image\/"},"sameAs":["https:\/\/www.facebook.com\/fedehierostrasbourg","https:\/\/x.com\/hierostrasbourg"]}]}},"_links":{"self":[{"href":"https:\/\/hierostrasbourg.com\/index.php\/wp-json\/wp\/v2\/posts\/4319","targetHints":{"allow":["GET"]}}],"collection":[{"href":"https:\/\/hierostrasbourg.com\/index.php\/wp-json\/wp\/v2\/posts"}],"about":[{"href":"https:\/\/hierostrasbourg.com\/index.php\/wp-json\/wp\/v2\/types\/post"}],"replies":[{"embeddable":true,"href":"https:\/\/hierostrasbourg.com\/index.php\/wp-json\/wp\/v2\/comments?post=4319"}],"version-history":[{"count":0,"href":"https:\/\/hierostrasbourg.com\/index.php\/wp-json\/wp\/v2\/posts\/4319\/revisions"}],"wp:attachment":[{"href":"https:\/\/hierostrasbourg.com\/index.php\/wp-json\/wp\/v2\/media?parent=4319"}],"wp:term":[{"taxonomy":"category","embeddable":true,"href":"https:\/\/hierostrasbourg.com\/index.php\/wp-json\/wp\/v2\/categories?post=4319"},{"taxonomy":"post_tag","embeddable":true,"href":"https:\/\/hierostrasbourg.com\/index.php\/wp-json\/wp\/v2\/tags?post=4319"}],"curies":[{"name":"wp","href":"https:\/\/api.w.org\/{rel}","templated":true}]}}