{"id":4316,"date":"2022-12-23T17:40:39","date_gmt":"2022-12-23T16:40:39","guid":{"rendered":"https:\/\/hierostrasbourg.com\/index.php\/2022\/12\/23\/le-conservatoire-de-strasbourg-recrute-un-directeur-f-h\/"},"modified":"2022-12-23T17:40:39","modified_gmt":"2022-12-23T16:40:39","slug":"le-conservatoire-de-strasbourg-recrute-un-directeur-f-h","status":"publish","type":"post","link":"https:\/\/hierostrasbourg.com\/index.php\/2022\/12\/23\/le-conservatoire-de-strasbourg-recrute-un-directeur-f-h\/","title":{"rendered":"LE CONSERVATOIRE DE STRASBOURG recrute un directeur [F\/H]"},"content":{"rendered":"<div class=\"job_description\">\n<p>Administration mutualis\u00e9e de plus de 7000 agents-es et 250 m\u00e9tiers, l\u2019Eurom\u00e9tropole de Strasbourg d\u00e9veloppe des politiques publiques innovantes, visant \u00e0 r\u00e9pondre aux enjeux de d\u00e9veloppement et de coh\u00e9sion d\u2019un territoire transfrontalier en pleine mutation et aux attentes profond\u00e9ment renouvel\u00e9es des habitants-es.<\/p>\n<p>Le Conservatoire \u00e0 Rayonnement R\u00e9gional (CRR) de Strasbourg d\u00e9veloppe une offre d\u2019enseignement artistique compl\u00e8te dans le champ de la musique, de la danse et du th\u00e9\u00e2tre. Il compte 187 enseignantes et enseignants ainsi qu\u2019une \u00e9quipe administrative et technique. Il accueille chaque ann\u00e9e pr\u00e8s de 1800 \u00e9l\u00e8ves, dans une logique d\u2019ouverture au plus grand nombre et de diversification des profils des \u00e9tudiants. \u00c9galement directeur-trice de l\u2019Acad\u00e9mie sup\u00e9rieure de la Haute \u00c9cole du Rhin, le-la directeur-ice du Conservatoire est associ\u00e9-e \u00e0 l\u2019\u00e9quipe de direction de la Haute \u00c9cole des arts du Rhin.<\/p>\n<p>Le CRR de Strasbourg est class\u00e9 en application de l\u2019arr\u00eat\u00e9 du 15 d\u00e9cembre 2006 fixant les crit\u00e8res du classement des \u00e9tablissements d\u2019enseignement public de la musique, de la danse et de l\u2019art dramatique et les missions communes aux trois grandes cat\u00e9gories d\u2019\u00e9tablissements class\u00e9s.<br \/>\nDescription du poste<br \/>\nSous l\u2019autorit\u00e9 de la directrice de la Culture de la Ville de Strasbourg, le directeur\/la directrice du Conservatoire \u00e0 Rayonnement R\u00e9gional de Strasbourg inscrit le projet d\u2019\u00e9tablissement du CRR dans le cadre des orientations de la politique culturelle municipale et des dynamiques artistiques et culturelles du territoire local, national et international, ainsi que des textes cadres des enseignements artistiques initiaux et sup\u00e9rieurs. Il s\u2019appuie particuli\u00e8rement sur le d\u00e9veloppement de l\u2019\u00e9ducation artistique et culturelle et des pratiques en amateur, consid\u00e9rant que ces deux dimensions participent de l\u2019acc\u00e8s \u00e0 la culture pour le plus grand nombre, dans une logique d\u2019ouverture et de participation des habitantes et habitants du territoire \u00e0 la vie culturelle.<\/p>\n<p>Conform\u00e9ment \u00e0 ces orientations, le-la directeur-ice d\u00e9finit et met en \u0153uvre, en lien avec son \u00e9quipe, les orientations strat\u00e9giques permettant le d\u00e9veloppement de l\u2019activit\u00e9 p\u00e9dagogique, artistique et culturelle de la structure, promouvant l\u2019\u00e9panouissement, la d\u00e9couverte et l\u2019exigence et apportant une attention particuli\u00e8re \u00e0 la qualit\u00e9 du service public rendu.<\/p>\n<h2>MISSIONS G\u00c9N\u00c9RALES<\/h2>\n<p>D\u00e9finir et mettre en \u0153uvre le projet d\u2019\u00e9tablissement s\u2019appuyant sur les trois piliers du mandat municipal (justice sociale, d\u00e9mocratie, transition \u00e9cologique) en concertation avec les \u00e9quipes.<br \/>\nD\u00e9velopper l\u2019ancrage territorial du Conservatoire, l\u2019ouvrir largement \u00e0 des publics divers et d\u00e9velopper les activit\u00e9s hors-les-murs.<br \/>\nPoursuivre l\u2019ouverture p\u00e9dagogique, artistique et culturelle du Conservatoire et de l\u2019Acad\u00e9mie sup\u00e9rieure sur son environnement par la mise en \u0153uvre d\u2019une politique active de partenariats avec les diff\u00e9rents \u00e9cosyst\u00e8mes du territoire (ensembles professionnels et amateurs de danse, de musique, de th\u00e9\u00e2tre, centres socio-culturels, \u00e9ducation nationale\u2026).<br \/>\nTravailler l\u2019accessibilit\u00e9 \u00e0 l\u2019offre de formation du Conservatoire aupr\u00e8s d\u2019un public plus large et le plus divers, mettre en place une tarification solidaire, en lien avec la d\u00e9marche entreprise par la collectivit\u00e9.<br \/>\nD\u00e9velopper les actions de sensibilisation \u00e0 la musique, \u00e0 la danse et au th\u00e9\u00e2tre aupr\u00e8s du tr\u00e8s jeune public, en amont des cursus.<br \/>\nPrendre part aux r\u00e9flexions portant sur le d\u00e9veloppement de l\u2019\u00e9ducation artistique et culturelle sur le territoire, dans la perspective de la mise en \u0153uvre d\u2019un contrat territorial d\u2019\u00e9ducation artistique et culturelle.<br \/>\nPiloter la r\u00e9flexion autour de la cr\u00e9ation d\u2019un p\u00f4le d\u2019enseignement artistique au niveau de la Direction de la culture ayant vocation \u00e0 f\u00e9d\u00e9rer les diff\u00e9rentes structures d\u2019enseignement artistique.<br \/>\nD\u00e9velopper une d\u00e9marche de responsabilit\u00e9 soci\u00e9tale au sein de l\u2019\u00e9tablissement et \u00eatre force de proposition pour le d\u00e9veloppement d\u2019un cadre protecteur pour les \u00e9l\u00e8ves et enseignants-tes permettant de pr\u00e9venir les violences morales, sexistes et sexuelles.<br \/>\nMettre en place une gouvernance interne permettant d\u2019associer largement le corps enseignant et l\u2019administration visant \u00e0 favoriser une dynamique d\u2019innovation p\u00e9dagogique.<\/p>\n<h4>DIRECTION DE L\u2019\u00c9TABLISSEMENT<\/h4>\n<p>Encadrer le personnel et assurer l\u2019animation des \u00e9quipes.<br \/>\nGarantir la qualit\u00e9 des enseignements et veiller \u00e0 l\u2019ad\u00e9quation entre les cursus et le sch\u00e9ma d\u2019orientation national conform\u00e9ment aux crit\u00e8res de classement de l\u2019\u00e9tablissement.<br \/>\nAmplifier l\u2019accessibilit\u00e9 et la d\u00e9mocratisation de l\u2019offre de formation et l\u2019excellence de l\u2019offre p\u00e9dagogique pour l\u2019Acad\u00e9mie sup\u00e9rieure, en regard de l\u2019insertion professionnelle des \u00e9tudiants.<br \/>\nDiriger, encadrer et animer l\u2019ensemble des activit\u00e9s et \u00e9v\u00e8nements du Conservatoire.<br \/>\nFavoriser l\u2019ouverture et l\u2019innovation dans l\u2019offre p\u00e9dagogique du Conservatoire et favoriser l\u2019\u00e9mergence de nouvelles pratiques artistiques et de formes artistiques contemporaines.<br \/>\nAssurer la bonne mise en \u0153uvre du projet DEMOS.<\/p>\n<h4>MANAGEMENT ET GESTION DES RESSOURCES<\/h4>\n<p>Assurer la bonne gestion des \u00e9tablissements, en veillant \u00e0 d\u00e9velopper des outils d\u2019optimisation et de suivi des ressources financi\u00e8res, humaines et logistiques, afin de piloter les ressources propres dont disposent les deux \u00e9tablissements.<br \/>\nAssurer le suivi de la gestion du b\u00e2timent de la Cit\u00e9 de la Musique et de la Danse (CMD), de l\u2019auditorium et du caf\u00e9.<br \/>\nLien direct avec le r\u00e9gisseur g\u00e9n\u00e9ral de la CMD et la direction de l\u2019Architecture et du patrimoine de la Ville, en prenant en compte la recherche de sobri\u00e9t\u00e9 \u00e9nerg\u00e9tique.<br \/>\nAssurer le suivi des ressources mat\u00e9rielles du Conservatoire en particulier le parc instrumental.<br \/>\nAssurer l\u2019encadrement des risques li\u00e9s au fonctionnement de la CMD : incidents avec le public, s\u00e9curit\u00e9, s\u00fbret\u00e9.<br \/>\nResponsabilit\u00e9 d\u2019un ERP de 1\u00e8re cat\u00e9gorie.<\/p>\n<h4>D\u00c9VELOPPEMENT CULTUREL<\/h4>\n<p>Positionner le conservatoire comme un acteur de la vie culturelle du territoire, favoriser les liens, les partenariats, les interactions avec les diff\u00e9rents \u00e9cosyst\u00e8mes artistiques, culturels, socio-culturels, p\u00e9dagogiques du territoire.<br \/>\nD\u00e9finir la strat\u00e9gie d\u2019action culturelle (programmation, actions de sensibilisation et de m\u00e9diation, ouvertures publiques\u2026), de communication et de promotion des projets et \u00e9v\u00e9nements de la saison et d\u00e9velopper le m\u00e9c\u00e9nat.<br \/>\nRepr\u00e9senter le Conservatoire aupr\u00e8s des partenaires externes : structures de diffusion, partenaires institutionnels (DRAC, Minist\u00e8re de la Culture, CEA, etc.), \u00c9ducation Nationale, structures culturelles et sociaux culturelles\u2026<br \/>\nRepr\u00e9senter l\u2019\u00e9tablissement dans les r\u00e9seaux de l\u2019enseignement artistique sp\u00e9cialis\u00e9 (initial et sup\u00e9rieur).<\/p>\n<p>Dans le cadre de l\u2019arriv\u00e9e d\u2019une nouvelle direction \u00e0 la Haute \u00c9cole du Rhin, EPCC qui int\u00e8gre l\u2019Acad\u00e9mie sup\u00e9rieure de musique, une r\u00e9flexion sera conjointement men\u00e9e sur les modalit\u00e9s de partenariat entre le CRR et la HEAR.<\/p>\n<h2>PROFIL RECHERCH\u00c9<\/h2>\n<p>Master d\u2019interpr\u00e8te ou de compositeur en musique, d\u2019une institution d\u2019enseignement sup\u00e9rieur fran\u00e7aise ou \u00e9trang\u00e8re \/ Certificat d\u2019Aptitude aux fonctions de directeur d\u2019\u00e9tablissement de type CRR.<br \/>\nExp\u00e9rience significative dans un poste \u00e9quivalent exig\u00e9e, exp\u00e9rience av\u00e9r\u00e9e et r\u00e9ussie en management d\u2019\u00e9quipe.<br \/>\nParfaite connaissance de l\u2019organisation de l\u2019enseignement artistique sp\u00e9cialis\u00e9 et du milieu artistique.<br \/>\nExpertise des enjeux de l\u2019enseignement initial et sup\u00e9rieur artistique fran\u00e7ais et europ\u00e9en.<br \/>\nExpertise des enjeux de Recherche dans les domaines de l\u2019interpr\u00e9tation et de la cr\u00e9ation musicale.<br \/>\nExpertise des textes r\u00e9glementaires minist\u00e9riels et interminist\u00e9riels relatifs au fonctionnement d\u2019un \u00e9tablissement d\u2019enseignement artistique.<br \/>\nConnaissance et exp\u00e9rience des r\u00e8gles de fonctionnement d\u2019un \u00e9tablissement public.<br \/>\nMa\u00eetrise du dialogue social.<br \/>\nMusicien professionnel et p\u00e9dagogue dans le domaine de la musique.<br \/>\nMa\u00eetrise de l\u2019anglais exig\u00e9e et de l\u2019allemand souhait\u00e9e.<br \/>\nCapacit\u00e9 \u00e0 encadrer des \u00e9quipes et optimiser les moyens humains n\u00e9cessaires \u00e0 l\u2019activit\u00e9.<br \/>\nCapacit\u00e9 \u00e0 piloter des projets.<br \/>\nN\u00e9gociation et diplomatie.<br \/>\nAnticipation, priorisation et organisation.<br \/>\nCapacit\u00e9s d\u2019analyse et de synth\u00e8se.<br \/>\nCapacit\u00e9 \u00e0 r\u00e9diger avec aisance.<br \/>\nQualit\u00e9s humaines, relationnelles et d\u2019\u00e9coute.<br \/>\nAdaptabilit\u00e9, capacit\u00e9 de travail en \u00e9quipe.<br \/>\nDisponibilit\u00e9 et r\u00e9activit\u00e9.<br \/>\nDiscr\u00e9tion et responsabilit\u00e9.<br \/>\nSens de l\u2019innovation et de cr\u00e9ation.<br \/>\nSens de l\u2019organisation et rigueur.<\/p>\n<p>Poste \u00e0 pourvoir le 01\/03\/2023<br \/>\nDate limite de candidature 22\/01\/2023<br \/>\nR\u00e9mun\u00e9ration statutaire et r\u00e9gime indemnitaire<br \/>\nCe poste de cadre est class\u00e9 en niveau A3<\/p>\n<p>Conservatoire de Strasbourg<br \/>\n1 place Dauphine<br \/>\n67076 Strasbourg<\/p>\n<p>RRH : Laurent LUBIN<\/p>\n<h2>AVANTAGES LIES AU POSTE<\/h2>\n<p>Prime de fin d\u2019ann\u00e9e.<br \/>\nParticipation de la collectivit\u00e9 aux frais de transport et de restauration.<br \/>\nParticipation de la collectivit\u00e9 possible \u00e0 la couverture mutuelle et pr\u00e9voyance.<br \/>\nCh\u00e8ques vacances sous conditions.<br \/>\nTarifs pr\u00e9f\u00e9rentiels pour certains \u00e9tablissements culturels et sportifs (piscines, mus\u00e9es, m\u00e9diath\u00e8ques\u2026).<\/p>\n<p>Conform\u00e9ment au principe d\u2019\u00e9galit\u00e9 d\u2019acc\u00e8s \u00e0 l\u2019emploi public, cet emploi est ouvert \u00e0 tous les candidats remplissant les conditions statutaires requises, d\u00e9finies par le Code g\u00e9n\u00e9ral de la fonction publique et le d\u00e9cret r\u00e9gissant le cadre d\u2019emplois correspondant. Toutefois, \u00e0 titre d\u00e9rogatoire, les candidats reconnus travailleurs handicap\u00e9s peuvent acc\u00e9der \u00e0 cet emploi par voie contractuelle.<\/p>\n<p>Appel \u00e0 Candidatures au Conservatoire<br \/>\nN\u00b0 annonce E002308<br \/>\nDirecteur-trice du Conservatoire<br \/>\ndirecteur d\u2019\u00e9tablissement d\u2019enseignement artistique de 1\u00e8re cat\u00e9gorie<\/p>\n<p>Merci de postuler \u00e0 cette offre (avec lettre de motivation et CV)<\/p>\n<p>Fonctionnaire ou \u00e0 d\u00e9faut contractuel de droit public<\/p>\n<p><a class=\"maxbutton-1 maxbutton maxbutton-inscription\" href=\"https:\/\/www.emploi.strasbourg.eu\/\"><span class=\"mb-text\">POSTULEZ<\/span><\/a><\/p>\n<\/div>\n<p>L\u2019article <a href=\"https:\/\/popburo.fr\/le-conservatoire-de-strasbourg-recrute-un-directeur-f-h\/\">LE CONSERVATOIRE DE STRASBOURG recrute un directeur [F\/H]<\/a> est apparu en premier sur <a href=\"https:\/\/popburo.fr\/\">POP B\u00dcRO<\/a>.<\/p>\n","protected":false},"excerpt":{"rendered":"<p>Administration mutualis\u00e9e de plus de 7000 agents-es et 250 m\u00e9tiers, l\u2019Eurom\u00e9tropole de Strasbourg d\u00e9veloppe des politiques publiques innovantes, visant \u00e0 r\u00e9pondre aux enjeux de d\u00e9veloppement et de coh\u00e9sion d\u2019un territoire transfrontalier en pleine mutation et aux attentes profond\u00e9ment renouvel\u00e9es des habitants-es. Le Conservatoire \u00e0 Rayonnement R\u00e9gional (CRR) de Strasbourg d\u00e9veloppe une offre d\u2019enseignement artistique compl\u00e8te dans le champ de la musique, de la danse et du th\u00e9\u00e2tre. Il compte 187 enseignantes et enseignants ainsi qu\u2019une \u00e9quipe administrative et technique. Il [&hellip;]<\/p>\n","protected":false},"author":0,"featured_media":0,"comment_status":"closed","ping_status":"open","sticky":false,"template":"","format":"standard","meta":{"footnotes":""},"categories":[1],"tags":[],"class_list":["post-4316","post","type-post","status-publish","format-standard","hentry","category-non-classe"],"yoast_head":"<!-- This site is optimized with the Yoast SEO plugin v27.5 - https:\/\/yoast.com\/product\/yoast-seo-wordpress\/ -->\n<title>LE CONSERVATOIRE DE STRASBOURG recrute un directeur [F\/H] - HIERO STRASBOURG<\/title>\n<meta name=\"robots\" content=\"index, follow, max-snippet:-1, max-image-preview:large, max-video-preview:-1\" \/>\n<link rel=\"canonical\" href=\"https:\/\/hierostrasbourg.com\/index.php\/2022\/12\/23\/le-conservatoire-de-strasbourg-recrute-un-directeur-f-h\/\" \/>\n<meta property=\"og:locale\" content=\"fr_FR\" \/>\n<meta property=\"og:type\" content=\"article\" \/>\n<meta property=\"og:title\" content=\"LE CONSERVATOIRE DE STRASBOURG recrute un directeur [F\/H] - HIERO STRASBOURG\" \/>\n<meta property=\"og:description\" content=\"Administration mutualis\u00e9e de plus de 7000 agents-es et 250 m\u00e9tiers, l\u2019Eurom\u00e9tropole de Strasbourg d\u00e9veloppe des politiques publiques innovantes, visant \u00e0 r\u00e9pondre aux enjeux de d\u00e9veloppement et de coh\u00e9sion d\u2019un territoire transfrontalier en pleine mutation et aux attentes profond\u00e9ment renouvel\u00e9es des habitants-es. Le Conservatoire \u00e0 Rayonnement R\u00e9gional (CRR) de Strasbourg d\u00e9veloppe une offre d\u2019enseignement artistique compl\u00e8te dans le champ de la musique, de la danse et du th\u00e9\u00e2tre. Il compte 187 enseignantes et enseignants ainsi qu\u2019une \u00e9quipe administrative et technique. Il [&hellip;]\" \/>\n<meta property=\"og:url\" content=\"https:\/\/hierostrasbourg.com\/index.php\/2022\/12\/23\/le-conservatoire-de-strasbourg-recrute-un-directeur-f-h\/\" \/>\n<meta property=\"og:site_name\" content=\"HIERO STRASBOURG\" \/>\n<meta property=\"article:publisher\" content=\"https:\/\/www.facebook.com\/fedehierostrasbourg\" \/>\n<meta property=\"article:published_time\" content=\"2022-12-23T16:40:39+00:00\" \/>\n<meta name=\"twitter:card\" content=\"summary_large_image\" \/>\n<meta name=\"twitter:creator\" content=\"@hierostrasbourg\" \/>\n<meta name=\"twitter:site\" content=\"@hierostrasbourg\" \/>\n<meta name=\"twitter:label1\" content=\"Dur\u00e9e de lecture estim\u00e9e\" \/>\n\t<meta name=\"twitter:data1\" content=\"8 minutes\" \/>\n<script type=\"application\/ld+json\" class=\"yoast-schema-graph\">{\"@context\":\"https:\\\/\\\/schema.org\",\"@graph\":[{\"@type\":\"Article\",\"@id\":\"https:\\\/\\\/hierostrasbourg.com\\\/index.php\\\/2022\\\/12\\\/23\\\/le-conservatoire-de-strasbourg-recrute-un-directeur-f-h\\\/#article\",\"isPartOf\":{\"@id\":\"https:\\\/\\\/hierostrasbourg.com\\\/index.php\\\/2022\\\/12\\\/23\\\/le-conservatoire-de-strasbourg-recrute-un-directeur-f-h\\\/\"},\"author\":{\"name\":\"\",\"@id\":\"\"},\"headline\":\"LE CONSERVATOIRE DE STRASBOURG recrute un directeur [F\\\/H]\",\"datePublished\":\"2022-12-23T16:40:39+00:00\",\"mainEntityOfPage\":{\"@id\":\"https:\\\/\\\/hierostrasbourg.com\\\/index.php\\\/2022\\\/12\\\/23\\\/le-conservatoire-de-strasbourg-recrute-un-directeur-f-h\\\/\"},\"wordCount\":1582,\"publisher\":{\"@id\":\"https:\\\/\\\/hierostrasbourg.com\\\/#organization\"},\"inLanguage\":\"fr-FR\"},{\"@type\":\"WebPage\",\"@id\":\"https:\\\/\\\/hierostrasbourg.com\\\/index.php\\\/2022\\\/12\\\/23\\\/le-conservatoire-de-strasbourg-recrute-un-directeur-f-h\\\/\",\"url\":\"https:\\\/\\\/hierostrasbourg.com\\\/index.php\\\/2022\\\/12\\\/23\\\/le-conservatoire-de-strasbourg-recrute-un-directeur-f-h\\\/\",\"name\":\"LE CONSERVATOIRE DE STRASBOURG recrute un directeur [F\\\/H] - HIERO STRASBOURG\",\"isPartOf\":{\"@id\":\"https:\\\/\\\/hierostrasbourg.com\\\/#website\"},\"datePublished\":\"2022-12-23T16:40:39+00:00\",\"breadcrumb\":{\"@id\":\"https:\\\/\\\/hierostrasbourg.com\\\/index.php\\\/2022\\\/12\\\/23\\\/le-conservatoire-de-strasbourg-recrute-un-directeur-f-h\\\/#breadcrumb\"},\"inLanguage\":\"fr-FR\",\"potentialAction\":[{\"@type\":\"ReadAction\",\"target\":[\"https:\\\/\\\/hierostrasbourg.com\\\/index.php\\\/2022\\\/12\\\/23\\\/le-conservatoire-de-strasbourg-recrute-un-directeur-f-h\\\/\"]}]},{\"@type\":\"BreadcrumbList\",\"@id\":\"https:\\\/\\\/hierostrasbourg.com\\\/index.php\\\/2022\\\/12\\\/23\\\/le-conservatoire-de-strasbourg-recrute-un-directeur-f-h\\\/#breadcrumb\",\"itemListElement\":[{\"@type\":\"ListItem\",\"position\":1,\"name\":\"Accueil\",\"item\":\"https:\\\/\\\/hierostrasbourg.com\\\/\"},{\"@type\":\"ListItem\",\"position\":2,\"name\":\"LE CONSERVATOIRE DE STRASBOURG recrute un directeur [F\\\/H]\"}]},{\"@type\":\"WebSite\",\"@id\":\"https:\\\/\\\/hierostrasbourg.com\\\/#website\",\"url\":\"https:\\\/\\\/hierostrasbourg.com\\\/\",\"name\":\"HIERO STRASBOURG\",\"description\":\"Centre de Ressources Musiques Actuelles\",\"publisher\":{\"@id\":\"https:\\\/\\\/hierostrasbourg.com\\\/#organization\"},\"potentialAction\":[{\"@type\":\"SearchAction\",\"target\":{\"@type\":\"EntryPoint\",\"urlTemplate\":\"https:\\\/\\\/hierostrasbourg.com\\\/?s={search_term_string}\"},\"query-input\":{\"@type\":\"PropertyValueSpecification\",\"valueRequired\":true,\"valueName\":\"search_term_string\"}}],\"inLanguage\":\"fr-FR\"},{\"@type\":\"Organization\",\"@id\":\"https:\\\/\\\/hierostrasbourg.com\\\/#organization\",\"name\":\"F\u00e9d\u00e9ration Hi\u00e9ro Strasbourg\",\"url\":\"https:\\\/\\\/hierostrasbourg.com\\\/\",\"logo\":{\"@type\":\"ImageObject\",\"inLanguage\":\"fr-FR\",\"@id\":\"https:\\\/\\\/hierostrasbourg.com\\\/#\\\/schema\\\/logo\\\/image\\\/\",\"url\":\"https:\\\/\\\/hierostrasbourg.com\\\/wp-content\\\/uploads\\\/2026\\\/04\\\/logo-hiero-strasbourg.jpg\",\"contentUrl\":\"https:\\\/\\\/hierostrasbourg.com\\\/wp-content\\\/uploads\\\/2026\\\/04\\\/logo-hiero-strasbourg.jpg\",\"width\":204,\"height\":192,\"caption\":\"F\u00e9d\u00e9ration Hi\u00e9ro Strasbourg\"},\"image\":{\"@id\":\"https:\\\/\\\/hierostrasbourg.com\\\/#\\\/schema\\\/logo\\\/image\\\/\"},\"sameAs\":[\"https:\\\/\\\/www.facebook.com\\\/fedehierostrasbourg\",\"https:\\\/\\\/x.com\\\/hierostrasbourg\"]}]}<\/script>\n<!-- \/ Yoast SEO plugin. -->","yoast_head_json":{"title":"LE CONSERVATOIRE DE STRASBOURG recrute un directeur [F\/H] - HIERO STRASBOURG","robots":{"index":"index","follow":"follow","max-snippet":"max-snippet:-1","max-image-preview":"max-image-preview:large","max-video-preview":"max-video-preview:-1"},"canonical":"https:\/\/hierostrasbourg.com\/index.php\/2022\/12\/23\/le-conservatoire-de-strasbourg-recrute-un-directeur-f-h\/","og_locale":"fr_FR","og_type":"article","og_title":"LE CONSERVATOIRE DE STRASBOURG recrute un directeur [F\/H] - HIERO STRASBOURG","og_description":"Administration mutualis\u00e9e de plus de 7000 agents-es et 250 m\u00e9tiers, l\u2019Eurom\u00e9tropole de Strasbourg d\u00e9veloppe des politiques publiques innovantes, visant \u00e0 r\u00e9pondre aux enjeux de d\u00e9veloppement et de coh\u00e9sion d\u2019un territoire transfrontalier en pleine mutation et aux attentes profond\u00e9ment renouvel\u00e9es des habitants-es. Le Conservatoire \u00e0 Rayonnement R\u00e9gional (CRR) de Strasbourg d\u00e9veloppe une offre d\u2019enseignement artistique compl\u00e8te dans le champ de la musique, de la danse et du th\u00e9\u00e2tre. Il compte 187 enseignantes et enseignants ainsi qu\u2019une \u00e9quipe administrative et technique. Il [&hellip;]","og_url":"https:\/\/hierostrasbourg.com\/index.php\/2022\/12\/23\/le-conservatoire-de-strasbourg-recrute-un-directeur-f-h\/","og_site_name":"HIERO STRASBOURG","article_publisher":"https:\/\/www.facebook.com\/fedehierostrasbourg","article_published_time":"2022-12-23T16:40:39+00:00","twitter_card":"summary_large_image","twitter_creator":"@hierostrasbourg","twitter_site":"@hierostrasbourg","twitter_misc":{"Dur\u00e9e de lecture estim\u00e9e":"8 minutes"},"schema":{"@context":"https:\/\/schema.org","@graph":[{"@type":"Article","@id":"https:\/\/hierostrasbourg.com\/index.php\/2022\/12\/23\/le-conservatoire-de-strasbourg-recrute-un-directeur-f-h\/#article","isPartOf":{"@id":"https:\/\/hierostrasbourg.com\/index.php\/2022\/12\/23\/le-conservatoire-de-strasbourg-recrute-un-directeur-f-h\/"},"author":{"name":"","@id":""},"headline":"LE CONSERVATOIRE DE STRASBOURG recrute un directeur [F\/H]","datePublished":"2022-12-23T16:40:39+00:00","mainEntityOfPage":{"@id":"https:\/\/hierostrasbourg.com\/index.php\/2022\/12\/23\/le-conservatoire-de-strasbourg-recrute-un-directeur-f-h\/"},"wordCount":1582,"publisher":{"@id":"https:\/\/hierostrasbourg.com\/#organization"},"inLanguage":"fr-FR"},{"@type":"WebPage","@id":"https:\/\/hierostrasbourg.com\/index.php\/2022\/12\/23\/le-conservatoire-de-strasbourg-recrute-un-directeur-f-h\/","url":"https:\/\/hierostrasbourg.com\/index.php\/2022\/12\/23\/le-conservatoire-de-strasbourg-recrute-un-directeur-f-h\/","name":"LE CONSERVATOIRE DE STRASBOURG recrute un directeur [F\/H] - HIERO STRASBOURG","isPartOf":{"@id":"https:\/\/hierostrasbourg.com\/#website"},"datePublished":"2022-12-23T16:40:39+00:00","breadcrumb":{"@id":"https:\/\/hierostrasbourg.com\/index.php\/2022\/12\/23\/le-conservatoire-de-strasbourg-recrute-un-directeur-f-h\/#breadcrumb"},"inLanguage":"fr-FR","potentialAction":[{"@type":"ReadAction","target":["https:\/\/hierostrasbourg.com\/index.php\/2022\/12\/23\/le-conservatoire-de-strasbourg-recrute-un-directeur-f-h\/"]}]},{"@type":"BreadcrumbList","@id":"https:\/\/hierostrasbourg.com\/index.php\/2022\/12\/23\/le-conservatoire-de-strasbourg-recrute-un-directeur-f-h\/#breadcrumb","itemListElement":[{"@type":"ListItem","position":1,"name":"Accueil","item":"https:\/\/hierostrasbourg.com\/"},{"@type":"ListItem","position":2,"name":"LE CONSERVATOIRE DE STRASBOURG recrute un directeur [F\/H]"}]},{"@type":"WebSite","@id":"https:\/\/hierostrasbourg.com\/#website","url":"https:\/\/hierostrasbourg.com\/","name":"HIERO STRASBOURG","description":"Centre de Ressources Musiques Actuelles","publisher":{"@id":"https:\/\/hierostrasbourg.com\/#organization"},"potentialAction":[{"@type":"SearchAction","target":{"@type":"EntryPoint","urlTemplate":"https:\/\/hierostrasbourg.com\/?s={search_term_string}"},"query-input":{"@type":"PropertyValueSpecification","valueRequired":true,"valueName":"search_term_string"}}],"inLanguage":"fr-FR"},{"@type":"Organization","@id":"https:\/\/hierostrasbourg.com\/#organization","name":"F\u00e9d\u00e9ration Hi\u00e9ro Strasbourg","url":"https:\/\/hierostrasbourg.com\/","logo":{"@type":"ImageObject","inLanguage":"fr-FR","@id":"https:\/\/hierostrasbourg.com\/#\/schema\/logo\/image\/","url":"https:\/\/hierostrasbourg.com\/wp-content\/uploads\/2026\/04\/logo-hiero-strasbourg.jpg","contentUrl":"https:\/\/hierostrasbourg.com\/wp-content\/uploads\/2026\/04\/logo-hiero-strasbourg.jpg","width":204,"height":192,"caption":"F\u00e9d\u00e9ration Hi\u00e9ro Strasbourg"},"image":{"@id":"https:\/\/hierostrasbourg.com\/#\/schema\/logo\/image\/"},"sameAs":["https:\/\/www.facebook.com\/fedehierostrasbourg","https:\/\/x.com\/hierostrasbourg"]}]}},"_links":{"self":[{"href":"https:\/\/hierostrasbourg.com\/index.php\/wp-json\/wp\/v2\/posts\/4316","targetHints":{"allow":["GET"]}}],"collection":[{"href":"https:\/\/hierostrasbourg.com\/index.php\/wp-json\/wp\/v2\/posts"}],"about":[{"href":"https:\/\/hierostrasbourg.com\/index.php\/wp-json\/wp\/v2\/types\/post"}],"replies":[{"embeddable":true,"href":"https:\/\/hierostrasbourg.com\/index.php\/wp-json\/wp\/v2\/comments?post=4316"}],"version-history":[{"count":0,"href":"https:\/\/hierostrasbourg.com\/index.php\/wp-json\/wp\/v2\/posts\/4316\/revisions"}],"wp:attachment":[{"href":"https:\/\/hierostrasbourg.com\/index.php\/wp-json\/wp\/v2\/media?parent=4316"}],"wp:term":[{"taxonomy":"category","embeddable":true,"href":"https:\/\/hierostrasbourg.com\/index.php\/wp-json\/wp\/v2\/categories?post=4316"},{"taxonomy":"post_tag","embeddable":true,"href":"https:\/\/hierostrasbourg.com\/index.php\/wp-json\/wp\/v2\/tags?post=4316"}],"curies":[{"name":"wp","href":"https:\/\/api.w.org\/{rel}","templated":true}]}}