{"id":4314,"date":"2022-12-23T00:40:54","date_gmt":"2022-12-22T23:40:54","guid":{"rendered":"https:\/\/hierostrasbourg.com\/index.php\/2022\/12\/23\/radioscopie-qualitative-des-elus-en-charge-de-la-culture\/"},"modified":"2022-12-23T00:40:54","modified_gmt":"2022-12-22T23:40:54","slug":"radioscopie-qualitative-des-elus-en-charge-de-la-culture","status":"publish","type":"post","link":"https:\/\/hierostrasbourg.com\/index.php\/2022\/12\/23\/radioscopie-qualitative-des-elus-en-charge-de-la-culture\/","title":{"rendered":"Radioscopie qualitative des \u00e9lus en charge de la culture"},"content":{"rendered":"<p><a href=\"https:\/\/musiquesactuelles.alsace\/radioscopie-qualitative-des-elus-en-charge-de-la-culture\/\" title=\"Radioscopie qualitative des \u00e9lus en charge de la culture\"><\/a><\/p>\n<p>Pour la premi\u00e8re fois, une \u00e9tude sociologique s\u2019attache \u00e0 cerner les profils, les motivations et les modes de fonctionnement des \u00e9lus locaux charg\u00e9s de la culture. L\u2019ouvrage de l\u2019Observatoire des politiques culturelles (OPC) met en lumi\u00e8re leur grande diversit\u00e9 et la densit\u00e9 de leur mandat. Source \/ Lire la suite : Radioscopie qualitative des \u00e9lus en charge de la culture<\/p>\n<p>L\u2019article <a href=\"https:\/\/musiquesactuelles.alsace\/radioscopie-qualitative-des-elus-en-charge-de-la-culture\/\">Radioscopie qualitative des \u00e9lus en charge de la culture<\/a> est apparu en premier sur <a href=\"https:\/\/musiquesactuelles.alsace\/\">Musiques Actuelles en Alsace<\/a>.<\/p>\n<p>L\u2019article <a href=\"https:\/\/popburo.fr\/radioscopie-qualitative-des-elus-en-charge-de-la-culture\/\">Radioscopie qualitative des \u00e9lus en charge de la culture<\/a> est apparu en premier sur <a href=\"https:\/\/popburo.fr\/\">POP B\u00dcRO<\/a>.<\/p>\n","protected":false},"excerpt":{"rendered":"<p>Pour la premi\u00e8re fois, une \u00e9tude sociologique s\u2019attache \u00e0 cerner les profils, les motivations et les modes de fonctionnement des \u00e9lus locaux charg\u00e9s de la culture. L\u2019ouvrage de l\u2019Observatoire des politiques culturelles (OPC) met en lumi\u00e8re leur grande diversit\u00e9 et la densit\u00e9 de leur mandat. Source \/ Lire la suite : Radioscopie qualitative des \u00e9lus en charge de la culture L\u2019article Radioscopie qualitative des \u00e9lus en charge de la culture est apparu en premier sur Musiques Actuelles en Alsace. L\u2019article [&hellip;]<\/p>\n","protected":false},"author":0,"featured_media":0,"comment_status":"closed","ping_status":"open","sticky":false,"template":"","format":"standard","meta":{"footnotes":""},"categories":[1],"tags":[],"class_list":["post-4314","post","type-post","status-publish","format-standard","hentry","category-non-classe"],"yoast_head":"<!-- This site is optimized with the Yoast SEO plugin v27.5 - https:\/\/yoast.com\/product\/yoast-seo-wordpress\/ -->\n<title>Radioscopie qualitative des \u00e9lus en charge de la culture - HIERO STRASBOURG<\/title>\n<meta name=\"robots\" content=\"index, follow, max-snippet:-1, max-image-preview:large, max-video-preview:-1\" \/>\n<link rel=\"canonical\" href=\"https:\/\/hierostrasbourg.com\/index.php\/2022\/12\/23\/radioscopie-qualitative-des-elus-en-charge-de-la-culture\/\" \/>\n<meta property=\"og:locale\" content=\"fr_FR\" \/>\n<meta property=\"og:type\" content=\"article\" \/>\n<meta property=\"og:title\" content=\"Radioscopie qualitative des \u00e9lus en charge de la culture - HIERO STRASBOURG\" \/>\n<meta property=\"og:description\" content=\"Pour la premi\u00e8re fois, une \u00e9tude sociologique s\u2019attache \u00e0 cerner les profils, les motivations et les modes de fonctionnement des \u00e9lus locaux charg\u00e9s de la culture. L\u2019ouvrage de l\u2019Observatoire des politiques culturelles (OPC) met en lumi\u00e8re leur grande diversit\u00e9 et la densit\u00e9 de leur mandat. Source \/ Lire la suite : Radioscopie qualitative des \u00e9lus en charge de la culture L\u2019article Radioscopie qualitative des \u00e9lus en charge de la culture est apparu en premier sur Musiques Actuelles en Alsace. L\u2019article [&hellip;]\" \/>\n<meta property=\"og:url\" content=\"https:\/\/hierostrasbourg.com\/index.php\/2022\/12\/23\/radioscopie-qualitative-des-elus-en-charge-de-la-culture\/\" \/>\n<meta property=\"og:site_name\" content=\"HIERO STRASBOURG\" \/>\n<meta property=\"article:publisher\" content=\"https:\/\/www.facebook.com\/fedehierostrasbourg\" \/>\n<meta property=\"article:published_time\" content=\"2022-12-22T23:40:54+00:00\" \/>\n<meta name=\"twitter:card\" content=\"summary_large_image\" \/>\n<meta name=\"twitter:creator\" content=\"@hierostrasbourg\" \/>\n<meta name=\"twitter:site\" content=\"@hierostrasbourg\" \/>\n<meta name=\"twitter:label1\" content=\"Dur\u00e9e de lecture estim\u00e9e\" \/>\n\t<meta name=\"twitter:data1\" content=\"1 minute\" \/>\n<script type=\"application\/ld+json\" class=\"yoast-schema-graph\">{\"@context\":\"https:\\\/\\\/schema.org\",\"@graph\":[{\"@type\":\"Article\",\"@id\":\"https:\\\/\\\/hierostrasbourg.com\\\/index.php\\\/2022\\\/12\\\/23\\\/radioscopie-qualitative-des-elus-en-charge-de-la-culture\\\/#article\",\"isPartOf\":{\"@id\":\"https:\\\/\\\/hierostrasbourg.com\\\/index.php\\\/2022\\\/12\\\/23\\\/radioscopie-qualitative-des-elus-en-charge-de-la-culture\\\/\"},\"author\":{\"name\":\"\",\"@id\":\"\"},\"headline\":\"Radioscopie qualitative des \u00e9lus en charge de la culture\",\"datePublished\":\"2022-12-22T23:40:54+00:00\",\"mainEntityOfPage\":{\"@id\":\"https:\\\/\\\/hierostrasbourg.com\\\/index.php\\\/2022\\\/12\\\/23\\\/radioscopie-qualitative-des-elus-en-charge-de-la-culture\\\/\"},\"wordCount\":111,\"publisher\":{\"@id\":\"https:\\\/\\\/hierostrasbourg.com\\\/#organization\"},\"inLanguage\":\"fr-FR\"},{\"@type\":\"WebPage\",\"@id\":\"https:\\\/\\\/hierostrasbourg.com\\\/index.php\\\/2022\\\/12\\\/23\\\/radioscopie-qualitative-des-elus-en-charge-de-la-culture\\\/\",\"url\":\"https:\\\/\\\/hierostrasbourg.com\\\/index.php\\\/2022\\\/12\\\/23\\\/radioscopie-qualitative-des-elus-en-charge-de-la-culture\\\/\",\"name\":\"Radioscopie qualitative des \u00e9lus en charge de la culture - HIERO STRASBOURG\",\"isPartOf\":{\"@id\":\"https:\\\/\\\/hierostrasbourg.com\\\/#website\"},\"datePublished\":\"2022-12-22T23:40:54+00:00\",\"breadcrumb\":{\"@id\":\"https:\\\/\\\/hierostrasbourg.com\\\/index.php\\\/2022\\\/12\\\/23\\\/radioscopie-qualitative-des-elus-en-charge-de-la-culture\\\/#breadcrumb\"},\"inLanguage\":\"fr-FR\",\"potentialAction\":[{\"@type\":\"ReadAction\",\"target\":[\"https:\\\/\\\/hierostrasbourg.com\\\/index.php\\\/2022\\\/12\\\/23\\\/radioscopie-qualitative-des-elus-en-charge-de-la-culture\\\/\"]}]},{\"@type\":\"BreadcrumbList\",\"@id\":\"https:\\\/\\\/hierostrasbourg.com\\\/index.php\\\/2022\\\/12\\\/23\\\/radioscopie-qualitative-des-elus-en-charge-de-la-culture\\\/#breadcrumb\",\"itemListElement\":[{\"@type\":\"ListItem\",\"position\":1,\"name\":\"Accueil\",\"item\":\"https:\\\/\\\/hierostrasbourg.com\\\/\"},{\"@type\":\"ListItem\",\"position\":2,\"name\":\"Radioscopie qualitative des \u00e9lus en charge de la culture\"}]},{\"@type\":\"WebSite\",\"@id\":\"https:\\\/\\\/hierostrasbourg.com\\\/#website\",\"url\":\"https:\\\/\\\/hierostrasbourg.com\\\/\",\"name\":\"HIERO STRASBOURG\",\"description\":\"Centre de Ressources Musiques Actuelles\",\"publisher\":{\"@id\":\"https:\\\/\\\/hierostrasbourg.com\\\/#organization\"},\"potentialAction\":[{\"@type\":\"SearchAction\",\"target\":{\"@type\":\"EntryPoint\",\"urlTemplate\":\"https:\\\/\\\/hierostrasbourg.com\\\/?s={search_term_string}\"},\"query-input\":{\"@type\":\"PropertyValueSpecification\",\"valueRequired\":true,\"valueName\":\"search_term_string\"}}],\"inLanguage\":\"fr-FR\"},{\"@type\":\"Organization\",\"@id\":\"https:\\\/\\\/hierostrasbourg.com\\\/#organization\",\"name\":\"F\u00e9d\u00e9ration Hi\u00e9ro Strasbourg\",\"url\":\"https:\\\/\\\/hierostrasbourg.com\\\/\",\"logo\":{\"@type\":\"ImageObject\",\"inLanguage\":\"fr-FR\",\"@id\":\"https:\\\/\\\/hierostrasbourg.com\\\/#\\\/schema\\\/logo\\\/image\\\/\",\"url\":\"https:\\\/\\\/hierostrasbourg.com\\\/wp-content\\\/uploads\\\/2026\\\/04\\\/logo-hiero-strasbourg.jpg\",\"contentUrl\":\"https:\\\/\\\/hierostrasbourg.com\\\/wp-content\\\/uploads\\\/2026\\\/04\\\/logo-hiero-strasbourg.jpg\",\"width\":204,\"height\":192,\"caption\":\"F\u00e9d\u00e9ration Hi\u00e9ro Strasbourg\"},\"image\":{\"@id\":\"https:\\\/\\\/hierostrasbourg.com\\\/#\\\/schema\\\/logo\\\/image\\\/\"},\"sameAs\":[\"https:\\\/\\\/www.facebook.com\\\/fedehierostrasbourg\",\"https:\\\/\\\/x.com\\\/hierostrasbourg\"]}]}<\/script>\n<!-- \/ Yoast SEO plugin. -->","yoast_head_json":{"title":"Radioscopie qualitative des \u00e9lus en charge de la culture - HIERO STRASBOURG","robots":{"index":"index","follow":"follow","max-snippet":"max-snippet:-1","max-image-preview":"max-image-preview:large","max-video-preview":"max-video-preview:-1"},"canonical":"https:\/\/hierostrasbourg.com\/index.php\/2022\/12\/23\/radioscopie-qualitative-des-elus-en-charge-de-la-culture\/","og_locale":"fr_FR","og_type":"article","og_title":"Radioscopie qualitative des \u00e9lus en charge de la culture - HIERO STRASBOURG","og_description":"Pour la premi\u00e8re fois, une \u00e9tude sociologique s\u2019attache \u00e0 cerner les profils, les motivations et les modes de fonctionnement des \u00e9lus locaux charg\u00e9s de la culture. L\u2019ouvrage de l\u2019Observatoire des politiques culturelles (OPC) met en lumi\u00e8re leur grande diversit\u00e9 et la densit\u00e9 de leur mandat. Source \/ Lire la suite : Radioscopie qualitative des \u00e9lus en charge de la culture L\u2019article Radioscopie qualitative des \u00e9lus en charge de la culture est apparu en premier sur Musiques Actuelles en Alsace. L\u2019article [&hellip;]","og_url":"https:\/\/hierostrasbourg.com\/index.php\/2022\/12\/23\/radioscopie-qualitative-des-elus-en-charge-de-la-culture\/","og_site_name":"HIERO STRASBOURG","article_publisher":"https:\/\/www.facebook.com\/fedehierostrasbourg","article_published_time":"2022-12-22T23:40:54+00:00","twitter_card":"summary_large_image","twitter_creator":"@hierostrasbourg","twitter_site":"@hierostrasbourg","twitter_misc":{"Dur\u00e9e de lecture estim\u00e9e":"1 minute"},"schema":{"@context":"https:\/\/schema.org","@graph":[{"@type":"Article","@id":"https:\/\/hierostrasbourg.com\/index.php\/2022\/12\/23\/radioscopie-qualitative-des-elus-en-charge-de-la-culture\/#article","isPartOf":{"@id":"https:\/\/hierostrasbourg.com\/index.php\/2022\/12\/23\/radioscopie-qualitative-des-elus-en-charge-de-la-culture\/"},"author":{"name":"","@id":""},"headline":"Radioscopie qualitative des \u00e9lus en charge de la culture","datePublished":"2022-12-22T23:40:54+00:00","mainEntityOfPage":{"@id":"https:\/\/hierostrasbourg.com\/index.php\/2022\/12\/23\/radioscopie-qualitative-des-elus-en-charge-de-la-culture\/"},"wordCount":111,"publisher":{"@id":"https:\/\/hierostrasbourg.com\/#organization"},"inLanguage":"fr-FR"},{"@type":"WebPage","@id":"https:\/\/hierostrasbourg.com\/index.php\/2022\/12\/23\/radioscopie-qualitative-des-elus-en-charge-de-la-culture\/","url":"https:\/\/hierostrasbourg.com\/index.php\/2022\/12\/23\/radioscopie-qualitative-des-elus-en-charge-de-la-culture\/","name":"Radioscopie qualitative des \u00e9lus en charge de la culture - HIERO STRASBOURG","isPartOf":{"@id":"https:\/\/hierostrasbourg.com\/#website"},"datePublished":"2022-12-22T23:40:54+00:00","breadcrumb":{"@id":"https:\/\/hierostrasbourg.com\/index.php\/2022\/12\/23\/radioscopie-qualitative-des-elus-en-charge-de-la-culture\/#breadcrumb"},"inLanguage":"fr-FR","potentialAction":[{"@type":"ReadAction","target":["https:\/\/hierostrasbourg.com\/index.php\/2022\/12\/23\/radioscopie-qualitative-des-elus-en-charge-de-la-culture\/"]}]},{"@type":"BreadcrumbList","@id":"https:\/\/hierostrasbourg.com\/index.php\/2022\/12\/23\/radioscopie-qualitative-des-elus-en-charge-de-la-culture\/#breadcrumb","itemListElement":[{"@type":"ListItem","position":1,"name":"Accueil","item":"https:\/\/hierostrasbourg.com\/"},{"@type":"ListItem","position":2,"name":"Radioscopie qualitative des \u00e9lus en charge de la culture"}]},{"@type":"WebSite","@id":"https:\/\/hierostrasbourg.com\/#website","url":"https:\/\/hierostrasbourg.com\/","name":"HIERO STRASBOURG","description":"Centre de Ressources Musiques Actuelles","publisher":{"@id":"https:\/\/hierostrasbourg.com\/#organization"},"potentialAction":[{"@type":"SearchAction","target":{"@type":"EntryPoint","urlTemplate":"https:\/\/hierostrasbourg.com\/?s={search_term_string}"},"query-input":{"@type":"PropertyValueSpecification","valueRequired":true,"valueName":"search_term_string"}}],"inLanguage":"fr-FR"},{"@type":"Organization","@id":"https:\/\/hierostrasbourg.com\/#organization","name":"F\u00e9d\u00e9ration Hi\u00e9ro Strasbourg","url":"https:\/\/hierostrasbourg.com\/","logo":{"@type":"ImageObject","inLanguage":"fr-FR","@id":"https:\/\/hierostrasbourg.com\/#\/schema\/logo\/image\/","url":"https:\/\/hierostrasbourg.com\/wp-content\/uploads\/2026\/04\/logo-hiero-strasbourg.jpg","contentUrl":"https:\/\/hierostrasbourg.com\/wp-content\/uploads\/2026\/04\/logo-hiero-strasbourg.jpg","width":204,"height":192,"caption":"F\u00e9d\u00e9ration Hi\u00e9ro Strasbourg"},"image":{"@id":"https:\/\/hierostrasbourg.com\/#\/schema\/logo\/image\/"},"sameAs":["https:\/\/www.facebook.com\/fedehierostrasbourg","https:\/\/x.com\/hierostrasbourg"]}]}},"_links":{"self":[{"href":"https:\/\/hierostrasbourg.com\/index.php\/wp-json\/wp\/v2\/posts\/4314","targetHints":{"allow":["GET"]}}],"collection":[{"href":"https:\/\/hierostrasbourg.com\/index.php\/wp-json\/wp\/v2\/posts"}],"about":[{"href":"https:\/\/hierostrasbourg.com\/index.php\/wp-json\/wp\/v2\/types\/post"}],"replies":[{"embeddable":true,"href":"https:\/\/hierostrasbourg.com\/index.php\/wp-json\/wp\/v2\/comments?post=4314"}],"version-history":[{"count":0,"href":"https:\/\/hierostrasbourg.com\/index.php\/wp-json\/wp\/v2\/posts\/4314\/revisions"}],"wp:attachment":[{"href":"https:\/\/hierostrasbourg.com\/index.php\/wp-json\/wp\/v2\/media?parent=4314"}],"wp:term":[{"taxonomy":"category","embeddable":true,"href":"https:\/\/hierostrasbourg.com\/index.php\/wp-json\/wp\/v2\/categories?post=4314"},{"taxonomy":"post_tag","embeddable":true,"href":"https:\/\/hierostrasbourg.com\/index.php\/wp-json\/wp\/v2\/tags?post=4314"}],"curies":[{"name":"wp","href":"https:\/\/api.w.org\/{rel}","templated":true}]}}