{"id":4311,"date":"2022-12-22T20:40:37","date_gmt":"2022-12-22T19:40:37","guid":{"rendered":"https:\/\/hierostrasbourg.com\/index.php\/2022\/12\/22\/appel-a-candidatures-pour-jazz-migration-9\/"},"modified":"2022-12-22T20:40:37","modified_gmt":"2022-12-22T19:40:37","slug":"appel-a-candidatures-pour-jazz-migration-9","status":"publish","type":"post","link":"https:\/\/hierostrasbourg.com\/index.php\/2022\/12\/22\/appel-a-candidatures-pour-jazz-migration-9\/","title":{"rendered":"Appel \u00e0 candidatures pour JAZZ MIGRATION #9"},"content":{"rendered":"<p><a href=\"https:\/\/musiquesactuelles.alsace\/appel-a-candidatures-pour-jazz-migration-9\/\" title=\"Appel \u00e0 candidatures pour JAZZ MIGRATION #9\"><\/a><\/p>\n<p>Jazz Migration Programme novateur et ambitieux, Jazz Migration \u0153uvre depuis 2002 \u00e0 la valorisation et au d\u00e9veloppement de jeunes musicien.ne.s issus des sc\u00e8nes jazz et musiques improvis\u00e9es fran\u00e7aises par un accompagnement artistique, une aide \u00e0 la structuration, un d\u00e9veloppement de carri\u00e8re et un soutien \u00e0 la diffusion. Un parcours sur deux ans Les futurs groupes laur\u00e9ats pourront suivre\u00a0un\u00a0parcours professionnalisant complet sur deux ans\u00a0: r\u00e9sidences, formations artistiques, formations th\u00e9oriques et d\u00e9veloppement de carri\u00e8re en 2022,\u00a0 suivi en 2023 d\u2019une\u00a0tourn\u00e9e en France [\u2026]<\/p>\n<p>L\u2019article <a href=\"https:\/\/musiquesactuelles.alsace\/appel-a-candidatures-pour-jazz-migration-9\/\">Appel \u00e0 candidatures pour JAZZ MIGRATION #9<\/a> est apparu en premier sur <a href=\"https:\/\/musiquesactuelles.alsace\/\">Musiques Actuelles en Alsace<\/a>.<\/p>\n<p>L\u2019article <a href=\"https:\/\/popburo.fr\/appel-a-candidatures-pour-jazz-migration-9\/\">Appel \u00e0 candidatures pour JAZZ MIGRATION #9<\/a> est apparu en premier sur <a href=\"https:\/\/popburo.fr\/\">POP B\u00dcRO<\/a>.<\/p>\n","protected":false},"excerpt":{"rendered":"<p>Jazz Migration Programme novateur et ambitieux, Jazz Migration \u0153uvre depuis 2002 \u00e0 la valorisation et au d\u00e9veloppement de jeunes musicien.ne.s issus des sc\u00e8nes jazz et musiques improvis\u00e9es fran\u00e7aises par un accompagnement artistique, une aide \u00e0 la structuration, un d\u00e9veloppement de carri\u00e8re et un soutien \u00e0 la diffusion. Un parcours sur deux ans Les futurs groupes laur\u00e9ats pourront suivre\u00a0un\u00a0parcours professionnalisant complet sur deux ans\u00a0: r\u00e9sidences, formations artistiques, formations th\u00e9oriques et d\u00e9veloppement de carri\u00e8re en 2022,\u00a0 suivi en 2023 d\u2019une\u00a0tourn\u00e9e en France [&hellip;]<\/p>\n","protected":false},"author":0,"featured_media":0,"comment_status":"closed","ping_status":"open","sticky":false,"template":"","format":"standard","meta":{"footnotes":""},"categories":[1],"tags":[],"class_list":["post-4311","post","type-post","status-publish","format-standard","hentry","category-non-classe"],"yoast_head":"<!-- This site is optimized with the Yoast SEO plugin v27.5 - https:\/\/yoast.com\/product\/yoast-seo-wordpress\/ -->\n<title>Appel \u00e0 candidatures pour JAZZ MIGRATION #9 - HIERO STRASBOURG<\/title>\n<meta name=\"robots\" content=\"index, follow, max-snippet:-1, max-image-preview:large, max-video-preview:-1\" \/>\n<link rel=\"canonical\" href=\"https:\/\/hierostrasbourg.com\/index.php\/2022\/12\/22\/appel-a-candidatures-pour-jazz-migration-9\/\" \/>\n<meta property=\"og:locale\" content=\"fr_FR\" \/>\n<meta property=\"og:type\" content=\"article\" \/>\n<meta property=\"og:title\" content=\"Appel \u00e0 candidatures pour JAZZ MIGRATION #9 - HIERO STRASBOURG\" \/>\n<meta property=\"og:description\" content=\"Jazz Migration Programme novateur et ambitieux, Jazz Migration \u0153uvre depuis 2002 \u00e0 la valorisation et au d\u00e9veloppement de jeunes musicien.ne.s issus des sc\u00e8nes jazz et musiques improvis\u00e9es fran\u00e7aises par un accompagnement artistique, une aide \u00e0 la structuration, un d\u00e9veloppement de carri\u00e8re et un soutien \u00e0 la diffusion. Un parcours sur deux ans Les futurs groupes laur\u00e9ats pourront suivre\u00a0un\u00a0parcours professionnalisant complet sur deux ans\u00a0: r\u00e9sidences, formations artistiques, formations th\u00e9oriques et d\u00e9veloppement de carri\u00e8re en 2022,\u00a0 suivi en 2023 d\u2019une\u00a0tourn\u00e9e en France [&hellip;]\" \/>\n<meta property=\"og:url\" content=\"https:\/\/hierostrasbourg.com\/index.php\/2022\/12\/22\/appel-a-candidatures-pour-jazz-migration-9\/\" \/>\n<meta property=\"og:site_name\" content=\"HIERO STRASBOURG\" \/>\n<meta property=\"article:publisher\" content=\"https:\/\/www.facebook.com\/fedehierostrasbourg\" \/>\n<meta property=\"article:published_time\" content=\"2022-12-22T19:40:37+00:00\" \/>\n<meta name=\"twitter:card\" content=\"summary_large_image\" \/>\n<meta name=\"twitter:creator\" content=\"@hierostrasbourg\" \/>\n<meta name=\"twitter:site\" content=\"@hierostrasbourg\" \/>\n<meta name=\"twitter:label1\" content=\"Dur\u00e9e de lecture estim\u00e9e\" \/>\n\t<meta name=\"twitter:data1\" content=\"1 minute\" \/>\n<script type=\"application\/ld+json\" class=\"yoast-schema-graph\">{\"@context\":\"https:\\\/\\\/schema.org\",\"@graph\":[{\"@type\":\"Article\",\"@id\":\"https:\\\/\\\/hierostrasbourg.com\\\/index.php\\\/2022\\\/12\\\/22\\\/appel-a-candidatures-pour-jazz-migration-9\\\/#article\",\"isPartOf\":{\"@id\":\"https:\\\/\\\/hierostrasbourg.com\\\/index.php\\\/2022\\\/12\\\/22\\\/appel-a-candidatures-pour-jazz-migration-9\\\/\"},\"author\":{\"name\":\"\",\"@id\":\"\"},\"headline\":\"Appel \u00e0 candidatures pour JAZZ MIGRATION #9\",\"datePublished\":\"2022-12-22T19:40:37+00:00\",\"mainEntityOfPage\":{\"@id\":\"https:\\\/\\\/hierostrasbourg.com\\\/index.php\\\/2022\\\/12\\\/22\\\/appel-a-candidatures-pour-jazz-migration-9\\\/\"},\"wordCount\":128,\"publisher\":{\"@id\":\"https:\\\/\\\/hierostrasbourg.com\\\/#organization\"},\"inLanguage\":\"fr-FR\"},{\"@type\":\"WebPage\",\"@id\":\"https:\\\/\\\/hierostrasbourg.com\\\/index.php\\\/2022\\\/12\\\/22\\\/appel-a-candidatures-pour-jazz-migration-9\\\/\",\"url\":\"https:\\\/\\\/hierostrasbourg.com\\\/index.php\\\/2022\\\/12\\\/22\\\/appel-a-candidatures-pour-jazz-migration-9\\\/\",\"name\":\"Appel \u00e0 candidatures pour JAZZ MIGRATION #9 - HIERO STRASBOURG\",\"isPartOf\":{\"@id\":\"https:\\\/\\\/hierostrasbourg.com\\\/#website\"},\"datePublished\":\"2022-12-22T19:40:37+00:00\",\"breadcrumb\":{\"@id\":\"https:\\\/\\\/hierostrasbourg.com\\\/index.php\\\/2022\\\/12\\\/22\\\/appel-a-candidatures-pour-jazz-migration-9\\\/#breadcrumb\"},\"inLanguage\":\"fr-FR\",\"potentialAction\":[{\"@type\":\"ReadAction\",\"target\":[\"https:\\\/\\\/hierostrasbourg.com\\\/index.php\\\/2022\\\/12\\\/22\\\/appel-a-candidatures-pour-jazz-migration-9\\\/\"]}]},{\"@type\":\"BreadcrumbList\",\"@id\":\"https:\\\/\\\/hierostrasbourg.com\\\/index.php\\\/2022\\\/12\\\/22\\\/appel-a-candidatures-pour-jazz-migration-9\\\/#breadcrumb\",\"itemListElement\":[{\"@type\":\"ListItem\",\"position\":1,\"name\":\"Accueil\",\"item\":\"https:\\\/\\\/hierostrasbourg.com\\\/\"},{\"@type\":\"ListItem\",\"position\":2,\"name\":\"Appel \u00e0 candidatures pour JAZZ MIGRATION #9\"}]},{\"@type\":\"WebSite\",\"@id\":\"https:\\\/\\\/hierostrasbourg.com\\\/#website\",\"url\":\"https:\\\/\\\/hierostrasbourg.com\\\/\",\"name\":\"HIERO STRASBOURG\",\"description\":\"Centre de Ressources Musiques Actuelles\",\"publisher\":{\"@id\":\"https:\\\/\\\/hierostrasbourg.com\\\/#organization\"},\"potentialAction\":[{\"@type\":\"SearchAction\",\"target\":{\"@type\":\"EntryPoint\",\"urlTemplate\":\"https:\\\/\\\/hierostrasbourg.com\\\/?s={search_term_string}\"},\"query-input\":{\"@type\":\"PropertyValueSpecification\",\"valueRequired\":true,\"valueName\":\"search_term_string\"}}],\"inLanguage\":\"fr-FR\"},{\"@type\":\"Organization\",\"@id\":\"https:\\\/\\\/hierostrasbourg.com\\\/#organization\",\"name\":\"F\u00e9d\u00e9ration Hi\u00e9ro Strasbourg\",\"url\":\"https:\\\/\\\/hierostrasbourg.com\\\/\",\"logo\":{\"@type\":\"ImageObject\",\"inLanguage\":\"fr-FR\",\"@id\":\"https:\\\/\\\/hierostrasbourg.com\\\/#\\\/schema\\\/logo\\\/image\\\/\",\"url\":\"https:\\\/\\\/hierostrasbourg.com\\\/wp-content\\\/uploads\\\/2026\\\/04\\\/logo-hiero-strasbourg.jpg\",\"contentUrl\":\"https:\\\/\\\/hierostrasbourg.com\\\/wp-content\\\/uploads\\\/2026\\\/04\\\/logo-hiero-strasbourg.jpg\",\"width\":204,\"height\":192,\"caption\":\"F\u00e9d\u00e9ration Hi\u00e9ro Strasbourg\"},\"image\":{\"@id\":\"https:\\\/\\\/hierostrasbourg.com\\\/#\\\/schema\\\/logo\\\/image\\\/\"},\"sameAs\":[\"https:\\\/\\\/www.facebook.com\\\/fedehierostrasbourg\",\"https:\\\/\\\/x.com\\\/hierostrasbourg\"]}]}<\/script>\n<!-- \/ Yoast SEO plugin. -->","yoast_head_json":{"title":"Appel \u00e0 candidatures pour JAZZ MIGRATION #9 - HIERO STRASBOURG","robots":{"index":"index","follow":"follow","max-snippet":"max-snippet:-1","max-image-preview":"max-image-preview:large","max-video-preview":"max-video-preview:-1"},"canonical":"https:\/\/hierostrasbourg.com\/index.php\/2022\/12\/22\/appel-a-candidatures-pour-jazz-migration-9\/","og_locale":"fr_FR","og_type":"article","og_title":"Appel \u00e0 candidatures pour JAZZ MIGRATION #9 - HIERO STRASBOURG","og_description":"Jazz Migration Programme novateur et ambitieux, Jazz Migration \u0153uvre depuis 2002 \u00e0 la valorisation et au d\u00e9veloppement de jeunes musicien.ne.s issus des sc\u00e8nes jazz et musiques improvis\u00e9es fran\u00e7aises par un accompagnement artistique, une aide \u00e0 la structuration, un d\u00e9veloppement de carri\u00e8re et un soutien \u00e0 la diffusion. Un parcours sur deux ans Les futurs groupes laur\u00e9ats pourront suivre\u00a0un\u00a0parcours professionnalisant complet sur deux ans\u00a0: r\u00e9sidences, formations artistiques, formations th\u00e9oriques et d\u00e9veloppement de carri\u00e8re en 2022,\u00a0 suivi en 2023 d\u2019une\u00a0tourn\u00e9e en France [&hellip;]","og_url":"https:\/\/hierostrasbourg.com\/index.php\/2022\/12\/22\/appel-a-candidatures-pour-jazz-migration-9\/","og_site_name":"HIERO STRASBOURG","article_publisher":"https:\/\/www.facebook.com\/fedehierostrasbourg","article_published_time":"2022-12-22T19:40:37+00:00","twitter_card":"summary_large_image","twitter_creator":"@hierostrasbourg","twitter_site":"@hierostrasbourg","twitter_misc":{"Dur\u00e9e de lecture estim\u00e9e":"1 minute"},"schema":{"@context":"https:\/\/schema.org","@graph":[{"@type":"Article","@id":"https:\/\/hierostrasbourg.com\/index.php\/2022\/12\/22\/appel-a-candidatures-pour-jazz-migration-9\/#article","isPartOf":{"@id":"https:\/\/hierostrasbourg.com\/index.php\/2022\/12\/22\/appel-a-candidatures-pour-jazz-migration-9\/"},"author":{"name":"","@id":""},"headline":"Appel \u00e0 candidatures pour JAZZ MIGRATION #9","datePublished":"2022-12-22T19:40:37+00:00","mainEntityOfPage":{"@id":"https:\/\/hierostrasbourg.com\/index.php\/2022\/12\/22\/appel-a-candidatures-pour-jazz-migration-9\/"},"wordCount":128,"publisher":{"@id":"https:\/\/hierostrasbourg.com\/#organization"},"inLanguage":"fr-FR"},{"@type":"WebPage","@id":"https:\/\/hierostrasbourg.com\/index.php\/2022\/12\/22\/appel-a-candidatures-pour-jazz-migration-9\/","url":"https:\/\/hierostrasbourg.com\/index.php\/2022\/12\/22\/appel-a-candidatures-pour-jazz-migration-9\/","name":"Appel \u00e0 candidatures pour JAZZ MIGRATION #9 - HIERO STRASBOURG","isPartOf":{"@id":"https:\/\/hierostrasbourg.com\/#website"},"datePublished":"2022-12-22T19:40:37+00:00","breadcrumb":{"@id":"https:\/\/hierostrasbourg.com\/index.php\/2022\/12\/22\/appel-a-candidatures-pour-jazz-migration-9\/#breadcrumb"},"inLanguage":"fr-FR","potentialAction":[{"@type":"ReadAction","target":["https:\/\/hierostrasbourg.com\/index.php\/2022\/12\/22\/appel-a-candidatures-pour-jazz-migration-9\/"]}]},{"@type":"BreadcrumbList","@id":"https:\/\/hierostrasbourg.com\/index.php\/2022\/12\/22\/appel-a-candidatures-pour-jazz-migration-9\/#breadcrumb","itemListElement":[{"@type":"ListItem","position":1,"name":"Accueil","item":"https:\/\/hierostrasbourg.com\/"},{"@type":"ListItem","position":2,"name":"Appel \u00e0 candidatures pour JAZZ MIGRATION #9"}]},{"@type":"WebSite","@id":"https:\/\/hierostrasbourg.com\/#website","url":"https:\/\/hierostrasbourg.com\/","name":"HIERO STRASBOURG","description":"Centre de Ressources Musiques Actuelles","publisher":{"@id":"https:\/\/hierostrasbourg.com\/#organization"},"potentialAction":[{"@type":"SearchAction","target":{"@type":"EntryPoint","urlTemplate":"https:\/\/hierostrasbourg.com\/?s={search_term_string}"},"query-input":{"@type":"PropertyValueSpecification","valueRequired":true,"valueName":"search_term_string"}}],"inLanguage":"fr-FR"},{"@type":"Organization","@id":"https:\/\/hierostrasbourg.com\/#organization","name":"F\u00e9d\u00e9ration Hi\u00e9ro Strasbourg","url":"https:\/\/hierostrasbourg.com\/","logo":{"@type":"ImageObject","inLanguage":"fr-FR","@id":"https:\/\/hierostrasbourg.com\/#\/schema\/logo\/image\/","url":"https:\/\/hierostrasbourg.com\/wp-content\/uploads\/2026\/04\/logo-hiero-strasbourg.jpg","contentUrl":"https:\/\/hierostrasbourg.com\/wp-content\/uploads\/2026\/04\/logo-hiero-strasbourg.jpg","width":204,"height":192,"caption":"F\u00e9d\u00e9ration Hi\u00e9ro Strasbourg"},"image":{"@id":"https:\/\/hierostrasbourg.com\/#\/schema\/logo\/image\/"},"sameAs":["https:\/\/www.facebook.com\/fedehierostrasbourg","https:\/\/x.com\/hierostrasbourg"]}]}},"_links":{"self":[{"href":"https:\/\/hierostrasbourg.com\/index.php\/wp-json\/wp\/v2\/posts\/4311","targetHints":{"allow":["GET"]}}],"collection":[{"href":"https:\/\/hierostrasbourg.com\/index.php\/wp-json\/wp\/v2\/posts"}],"about":[{"href":"https:\/\/hierostrasbourg.com\/index.php\/wp-json\/wp\/v2\/types\/post"}],"replies":[{"embeddable":true,"href":"https:\/\/hierostrasbourg.com\/index.php\/wp-json\/wp\/v2\/comments?post=4311"}],"version-history":[{"count":0,"href":"https:\/\/hierostrasbourg.com\/index.php\/wp-json\/wp\/v2\/posts\/4311\/revisions"}],"wp:attachment":[{"href":"https:\/\/hierostrasbourg.com\/index.php\/wp-json\/wp\/v2\/media?parent=4311"}],"wp:term":[{"taxonomy":"category","embeddable":true,"href":"https:\/\/hierostrasbourg.com\/index.php\/wp-json\/wp\/v2\/categories?post=4311"},{"taxonomy":"post_tag","embeddable":true,"href":"https:\/\/hierostrasbourg.com\/index.php\/wp-json\/wp\/v2\/tags?post=4311"}],"curies":[{"name":"wp","href":"https:\/\/api.w.org\/{rel}","templated":true}]}}