{"id":431,"date":"2021-05-02T09:18:38","date_gmt":"2021-05-02T07:18:38","guid":{"rendered":"https:\/\/hierostrasbourg.com\/index.php\/2021\/05\/02\/quand-la-musique-de-beethoven-et-des-ragas-indiens-apaisent-les-adolescents-autistes\/"},"modified":"2021-05-02T09:18:38","modified_gmt":"2021-05-02T07:18:38","slug":"quand-la-musique-de-beethoven-et-des-ragas-indiens-apaisent-les-adolescents-autistes","status":"publish","type":"post","link":"https:\/\/hierostrasbourg.com\/index.php\/2021\/05\/02\/quand-la-musique-de-beethoven-et-des-ragas-indiens-apaisent-les-adolescents-autistes\/","title":{"rendered":"Quand la musique de Beethoven et des ragas indiens apaisent les adolescents autistes"},"content":{"rendered":"<p><em>Dans l\u2019Institut m\u00e9dico-\u00e9ducatif \u00ab Chant du loup \u00bb \u00e0 Canteleu, Marie-C\u00e9line Pestrinaux a choisi la rencontre entre la musique de Beethoven et les ragas indiens pour cr\u00e9er un environnement propice aux apprentissages pour les adolescents autistes. Quelles en sont les b\u00e9n\u00e9fices ?<\/em><\/p>\n<p>Source \/ Lire la suite : <a href=\"https:\/\/www.francemusique.fr\/savoirs-pratiques\/quand-la-musique-apaise-les-ados-autistes-95001\">Quand la musique de Beethoven et des ragas indiens apaisent les adolescents autistes<\/a><\/p>\n<p>L\u2019article <a href=\"https:\/\/popburo.fr\/quand-la-musique-de-beethoven-et-des-ragas-indiens-apaisent-les-adolescents-autistes\/\">Quand la musique de Beethoven et des ragas indiens apaisent les adolescents autistes<\/a> est apparu en premier sur <a href=\"https:\/\/popburo.fr\/\">POP B\u00dcRO<\/a>.<\/p>\n","protected":false},"excerpt":{"rendered":"<p>Dans l\u2019Institut m\u00e9dico-\u00e9ducatif \u00ab Chant du loup \u00bb \u00e0 Canteleu, Marie-C\u00e9line Pestrinaux a choisi la rencontre entre la musique de Beethoven et les ragas indiens pour cr\u00e9er un environnement propice aux apprentissages pour les adolescents autistes. Quelles en sont les b\u00e9n\u00e9fices ? Source \/ Lire la suite : Quand la musique de Beethoven et des ragas indiens apaisent les adolescents autistes L\u2019article Quand la musique de Beethoven et des ragas indiens apaisent les adolescents autistes est apparu en premier sur [&hellip;]<\/p>\n","protected":false},"author":0,"featured_media":0,"comment_status":"closed","ping_status":"open","sticky":false,"template":"","format":"standard","meta":{"footnotes":""},"categories":[1],"tags":[],"class_list":["post-431","post","type-post","status-publish","format-standard","hentry","category-non-classe"],"yoast_head":"<!-- This site is optimized with the Yoast SEO plugin v27.5 - https:\/\/yoast.com\/product\/yoast-seo-wordpress\/ -->\n<title>Quand la musique de Beethoven et des ragas indiens apaisent les adolescents autistes - HIERO STRASBOURG<\/title>\n<meta name=\"robots\" content=\"index, follow, max-snippet:-1, max-image-preview:large, max-video-preview:-1\" \/>\n<link rel=\"canonical\" href=\"https:\/\/hierostrasbourg.com\/index.php\/2021\/05\/02\/quand-la-musique-de-beethoven-et-des-ragas-indiens-apaisent-les-adolescents-autistes\/\" \/>\n<meta property=\"og:locale\" content=\"fr_FR\" \/>\n<meta property=\"og:type\" content=\"article\" \/>\n<meta property=\"og:title\" content=\"Quand la musique de Beethoven et des ragas indiens apaisent les adolescents autistes - HIERO STRASBOURG\" \/>\n<meta property=\"og:description\" content=\"Dans l\u2019Institut m\u00e9dico-\u00e9ducatif \u00ab Chant du loup \u00bb \u00e0 Canteleu, Marie-C\u00e9line Pestrinaux a choisi la rencontre entre la musique de Beethoven et les ragas indiens pour cr\u00e9er un environnement propice aux apprentissages pour les adolescents autistes. Quelles en sont les b\u00e9n\u00e9fices ? Source \/ Lire la suite : Quand la musique de Beethoven et des ragas indiens apaisent les adolescents autistes L\u2019article Quand la musique de Beethoven et des ragas indiens apaisent les adolescents autistes est apparu en premier sur [&hellip;]\" \/>\n<meta property=\"og:url\" content=\"https:\/\/hierostrasbourg.com\/index.php\/2021\/05\/02\/quand-la-musique-de-beethoven-et-des-ragas-indiens-apaisent-les-adolescents-autistes\/\" \/>\n<meta property=\"og:site_name\" content=\"HIERO STRASBOURG\" \/>\n<meta property=\"article:publisher\" content=\"https:\/\/www.facebook.com\/fedehierostrasbourg\" \/>\n<meta property=\"article:published_time\" content=\"2021-05-02T07:18:38+00:00\" \/>\n<meta name=\"twitter:card\" content=\"summary_large_image\" \/>\n<meta name=\"twitter:creator\" content=\"@hierostrasbourg\" \/>\n<meta name=\"twitter:site\" content=\"@hierostrasbourg\" \/>\n<script type=\"application\/ld+json\" class=\"yoast-schema-graph\">{\"@context\":\"https:\\\/\\\/schema.org\",\"@graph\":[{\"@type\":\"Article\",\"@id\":\"https:\\\/\\\/hierostrasbourg.com\\\/index.php\\\/2021\\\/05\\\/02\\\/quand-la-musique-de-beethoven-et-des-ragas-indiens-apaisent-les-adolescents-autistes\\\/#article\",\"isPartOf\":{\"@id\":\"https:\\\/\\\/hierostrasbourg.com\\\/index.php\\\/2021\\\/05\\\/02\\\/quand-la-musique-de-beethoven-et-des-ragas-indiens-apaisent-les-adolescents-autistes\\\/\"},\"author\":{\"name\":\"\",\"@id\":\"\"},\"headline\":\"Quand la musique de Beethoven et des ragas indiens apaisent les adolescents autistes\",\"datePublished\":\"2021-05-02T07:18:38+00:00\",\"mainEntityOfPage\":{\"@id\":\"https:\\\/\\\/hierostrasbourg.com\\\/index.php\\\/2021\\\/05\\\/02\\\/quand-la-musique-de-beethoven-et-des-ragas-indiens-apaisent-les-adolescents-autistes\\\/\"},\"wordCount\":98,\"publisher\":{\"@id\":\"https:\\\/\\\/hierostrasbourg.com\\\/#organization\"},\"inLanguage\":\"fr-FR\"},{\"@type\":\"WebPage\",\"@id\":\"https:\\\/\\\/hierostrasbourg.com\\\/index.php\\\/2021\\\/05\\\/02\\\/quand-la-musique-de-beethoven-et-des-ragas-indiens-apaisent-les-adolescents-autistes\\\/\",\"url\":\"https:\\\/\\\/hierostrasbourg.com\\\/index.php\\\/2021\\\/05\\\/02\\\/quand-la-musique-de-beethoven-et-des-ragas-indiens-apaisent-les-adolescents-autistes\\\/\",\"name\":\"Quand la musique de Beethoven et des ragas indiens apaisent les adolescents autistes - HIERO STRASBOURG\",\"isPartOf\":{\"@id\":\"https:\\\/\\\/hierostrasbourg.com\\\/#website\"},\"datePublished\":\"2021-05-02T07:18:38+00:00\",\"breadcrumb\":{\"@id\":\"https:\\\/\\\/hierostrasbourg.com\\\/index.php\\\/2021\\\/05\\\/02\\\/quand-la-musique-de-beethoven-et-des-ragas-indiens-apaisent-les-adolescents-autistes\\\/#breadcrumb\"},\"inLanguage\":\"fr-FR\",\"potentialAction\":[{\"@type\":\"ReadAction\",\"target\":[\"https:\\\/\\\/hierostrasbourg.com\\\/index.php\\\/2021\\\/05\\\/02\\\/quand-la-musique-de-beethoven-et-des-ragas-indiens-apaisent-les-adolescents-autistes\\\/\"]}]},{\"@type\":\"BreadcrumbList\",\"@id\":\"https:\\\/\\\/hierostrasbourg.com\\\/index.php\\\/2021\\\/05\\\/02\\\/quand-la-musique-de-beethoven-et-des-ragas-indiens-apaisent-les-adolescents-autistes\\\/#breadcrumb\",\"itemListElement\":[{\"@type\":\"ListItem\",\"position\":1,\"name\":\"Accueil\",\"item\":\"https:\\\/\\\/hierostrasbourg.com\\\/\"},{\"@type\":\"ListItem\",\"position\":2,\"name\":\"Quand la musique de Beethoven et des ragas indiens apaisent les adolescents autistes\"}]},{\"@type\":\"WebSite\",\"@id\":\"https:\\\/\\\/hierostrasbourg.com\\\/#website\",\"url\":\"https:\\\/\\\/hierostrasbourg.com\\\/\",\"name\":\"HIERO STRASBOURG\",\"description\":\"Centre de Ressources Musiques Actuelles\",\"publisher\":{\"@id\":\"https:\\\/\\\/hierostrasbourg.com\\\/#organization\"},\"potentialAction\":[{\"@type\":\"SearchAction\",\"target\":{\"@type\":\"EntryPoint\",\"urlTemplate\":\"https:\\\/\\\/hierostrasbourg.com\\\/?s={search_term_string}\"},\"query-input\":{\"@type\":\"PropertyValueSpecification\",\"valueRequired\":true,\"valueName\":\"search_term_string\"}}],\"inLanguage\":\"fr-FR\"},{\"@type\":\"Organization\",\"@id\":\"https:\\\/\\\/hierostrasbourg.com\\\/#organization\",\"name\":\"F\u00e9d\u00e9ration Hi\u00e9ro Strasbourg\",\"url\":\"https:\\\/\\\/hierostrasbourg.com\\\/\",\"logo\":{\"@type\":\"ImageObject\",\"inLanguage\":\"fr-FR\",\"@id\":\"https:\\\/\\\/hierostrasbourg.com\\\/#\\\/schema\\\/logo\\\/image\\\/\",\"url\":\"https:\\\/\\\/hierostrasbourg.com\\\/wp-content\\\/uploads\\\/2026\\\/04\\\/logo-hiero-strasbourg.jpg\",\"contentUrl\":\"https:\\\/\\\/hierostrasbourg.com\\\/wp-content\\\/uploads\\\/2026\\\/04\\\/logo-hiero-strasbourg.jpg\",\"width\":204,\"height\":192,\"caption\":\"F\u00e9d\u00e9ration Hi\u00e9ro Strasbourg\"},\"image\":{\"@id\":\"https:\\\/\\\/hierostrasbourg.com\\\/#\\\/schema\\\/logo\\\/image\\\/\"},\"sameAs\":[\"https:\\\/\\\/www.facebook.com\\\/fedehierostrasbourg\",\"https:\\\/\\\/x.com\\\/hierostrasbourg\"]}]}<\/script>\n<!-- \/ Yoast SEO plugin. -->","yoast_head_json":{"title":"Quand la musique de Beethoven et des ragas indiens apaisent les adolescents autistes - HIERO STRASBOURG","robots":{"index":"index","follow":"follow","max-snippet":"max-snippet:-1","max-image-preview":"max-image-preview:large","max-video-preview":"max-video-preview:-1"},"canonical":"https:\/\/hierostrasbourg.com\/index.php\/2021\/05\/02\/quand-la-musique-de-beethoven-et-des-ragas-indiens-apaisent-les-adolescents-autistes\/","og_locale":"fr_FR","og_type":"article","og_title":"Quand la musique de Beethoven et des ragas indiens apaisent les adolescents autistes - HIERO STRASBOURG","og_description":"Dans l\u2019Institut m\u00e9dico-\u00e9ducatif \u00ab Chant du loup \u00bb \u00e0 Canteleu, Marie-C\u00e9line Pestrinaux a choisi la rencontre entre la musique de Beethoven et les ragas indiens pour cr\u00e9er un environnement propice aux apprentissages pour les adolescents autistes. Quelles en sont les b\u00e9n\u00e9fices ? Source \/ Lire la suite : Quand la musique de Beethoven et des ragas indiens apaisent les adolescents autistes L\u2019article Quand la musique de Beethoven et des ragas indiens apaisent les adolescents autistes est apparu en premier sur [&hellip;]","og_url":"https:\/\/hierostrasbourg.com\/index.php\/2021\/05\/02\/quand-la-musique-de-beethoven-et-des-ragas-indiens-apaisent-les-adolescents-autistes\/","og_site_name":"HIERO STRASBOURG","article_publisher":"https:\/\/www.facebook.com\/fedehierostrasbourg","article_published_time":"2021-05-02T07:18:38+00:00","twitter_card":"summary_large_image","twitter_creator":"@hierostrasbourg","twitter_site":"@hierostrasbourg","schema":{"@context":"https:\/\/schema.org","@graph":[{"@type":"Article","@id":"https:\/\/hierostrasbourg.com\/index.php\/2021\/05\/02\/quand-la-musique-de-beethoven-et-des-ragas-indiens-apaisent-les-adolescents-autistes\/#article","isPartOf":{"@id":"https:\/\/hierostrasbourg.com\/index.php\/2021\/05\/02\/quand-la-musique-de-beethoven-et-des-ragas-indiens-apaisent-les-adolescents-autistes\/"},"author":{"name":"","@id":""},"headline":"Quand la musique de Beethoven et des ragas indiens apaisent les adolescents autistes","datePublished":"2021-05-02T07:18:38+00:00","mainEntityOfPage":{"@id":"https:\/\/hierostrasbourg.com\/index.php\/2021\/05\/02\/quand-la-musique-de-beethoven-et-des-ragas-indiens-apaisent-les-adolescents-autistes\/"},"wordCount":98,"publisher":{"@id":"https:\/\/hierostrasbourg.com\/#organization"},"inLanguage":"fr-FR"},{"@type":"WebPage","@id":"https:\/\/hierostrasbourg.com\/index.php\/2021\/05\/02\/quand-la-musique-de-beethoven-et-des-ragas-indiens-apaisent-les-adolescents-autistes\/","url":"https:\/\/hierostrasbourg.com\/index.php\/2021\/05\/02\/quand-la-musique-de-beethoven-et-des-ragas-indiens-apaisent-les-adolescents-autistes\/","name":"Quand la musique de Beethoven et des ragas indiens apaisent les adolescents autistes - HIERO STRASBOURG","isPartOf":{"@id":"https:\/\/hierostrasbourg.com\/#website"},"datePublished":"2021-05-02T07:18:38+00:00","breadcrumb":{"@id":"https:\/\/hierostrasbourg.com\/index.php\/2021\/05\/02\/quand-la-musique-de-beethoven-et-des-ragas-indiens-apaisent-les-adolescents-autistes\/#breadcrumb"},"inLanguage":"fr-FR","potentialAction":[{"@type":"ReadAction","target":["https:\/\/hierostrasbourg.com\/index.php\/2021\/05\/02\/quand-la-musique-de-beethoven-et-des-ragas-indiens-apaisent-les-adolescents-autistes\/"]}]},{"@type":"BreadcrumbList","@id":"https:\/\/hierostrasbourg.com\/index.php\/2021\/05\/02\/quand-la-musique-de-beethoven-et-des-ragas-indiens-apaisent-les-adolescents-autistes\/#breadcrumb","itemListElement":[{"@type":"ListItem","position":1,"name":"Accueil","item":"https:\/\/hierostrasbourg.com\/"},{"@type":"ListItem","position":2,"name":"Quand la musique de Beethoven et des ragas indiens apaisent les adolescents autistes"}]},{"@type":"WebSite","@id":"https:\/\/hierostrasbourg.com\/#website","url":"https:\/\/hierostrasbourg.com\/","name":"HIERO STRASBOURG","description":"Centre de Ressources Musiques Actuelles","publisher":{"@id":"https:\/\/hierostrasbourg.com\/#organization"},"potentialAction":[{"@type":"SearchAction","target":{"@type":"EntryPoint","urlTemplate":"https:\/\/hierostrasbourg.com\/?s={search_term_string}"},"query-input":{"@type":"PropertyValueSpecification","valueRequired":true,"valueName":"search_term_string"}}],"inLanguage":"fr-FR"},{"@type":"Organization","@id":"https:\/\/hierostrasbourg.com\/#organization","name":"F\u00e9d\u00e9ration Hi\u00e9ro Strasbourg","url":"https:\/\/hierostrasbourg.com\/","logo":{"@type":"ImageObject","inLanguage":"fr-FR","@id":"https:\/\/hierostrasbourg.com\/#\/schema\/logo\/image\/","url":"https:\/\/hierostrasbourg.com\/wp-content\/uploads\/2026\/04\/logo-hiero-strasbourg.jpg","contentUrl":"https:\/\/hierostrasbourg.com\/wp-content\/uploads\/2026\/04\/logo-hiero-strasbourg.jpg","width":204,"height":192,"caption":"F\u00e9d\u00e9ration Hi\u00e9ro Strasbourg"},"image":{"@id":"https:\/\/hierostrasbourg.com\/#\/schema\/logo\/image\/"},"sameAs":["https:\/\/www.facebook.com\/fedehierostrasbourg","https:\/\/x.com\/hierostrasbourg"]}]}},"_links":{"self":[{"href":"https:\/\/hierostrasbourg.com\/index.php\/wp-json\/wp\/v2\/posts\/431","targetHints":{"allow":["GET"]}}],"collection":[{"href":"https:\/\/hierostrasbourg.com\/index.php\/wp-json\/wp\/v2\/posts"}],"about":[{"href":"https:\/\/hierostrasbourg.com\/index.php\/wp-json\/wp\/v2\/types\/post"}],"replies":[{"embeddable":true,"href":"https:\/\/hierostrasbourg.com\/index.php\/wp-json\/wp\/v2\/comments?post=431"}],"version-history":[{"count":0,"href":"https:\/\/hierostrasbourg.com\/index.php\/wp-json\/wp\/v2\/posts\/431\/revisions"}],"wp:attachment":[{"href":"https:\/\/hierostrasbourg.com\/index.php\/wp-json\/wp\/v2\/media?parent=431"}],"wp:term":[{"taxonomy":"category","embeddable":true,"href":"https:\/\/hierostrasbourg.com\/index.php\/wp-json\/wp\/v2\/categories?post=431"},{"taxonomy":"post_tag","embeddable":true,"href":"https:\/\/hierostrasbourg.com\/index.php\/wp-json\/wp\/v2\/tags?post=431"}],"curies":[{"name":"wp","href":"https:\/\/api.w.org\/{rel}","templated":true}]}}