{"id":4303,"date":"2022-12-21T00:40:23","date_gmt":"2022-12-20T23:40:23","guid":{"rendered":"https:\/\/hierostrasbourg.com\/index.php\/2022\/12\/21\/comment-le-punk-est-devenu-un-sujet-pour-intellectuels-et-chercheurs\/"},"modified":"2022-12-21T00:40:23","modified_gmt":"2022-12-20T23:40:23","slug":"comment-le-punk-est-devenu-un-sujet-pour-intellectuels-et-chercheurs","status":"publish","type":"post","link":"https:\/\/hierostrasbourg.com\/index.php\/2022\/12\/21\/comment-le-punk-est-devenu-un-sujet-pour-intellectuels-et-chercheurs\/","title":{"rendered":"Comment le punk est devenu un sujet pour intellectuels et chercheurs"},"content":{"rendered":"<p><a href=\"https:\/\/musiquesactuelles.alsace\/comment-le-punk-est-devenu-un-sujet-pour-intellectuels-et-chercheurs\/\" title=\"Comment le punk est devenu un sujet pour intellectuels et chercheurs\"><\/a><\/p>\n<p>Quarante ans apr\u00e8s la d\u00e9flagration musicale en France, ce mouvement prot\u00e9iforme est d\u00e9sormais \u00e9tudi\u00e9 \u00e0 l\u2019universit\u00e9. O\u00f9 l\u2019on d\u00e9couvre une avant-garde antiraciste, antisp\u00e9ciste et \u00e9colo. Source \/ Lire la suite : Comment le punk est devenu un sujet pour intellectuels et chercheurs<\/p>\n<p>L\u2019article <a href=\"https:\/\/musiquesactuelles.alsace\/comment-le-punk-est-devenu-un-sujet-pour-intellectuels-et-chercheurs\/\">Comment le punk est devenu un sujet pour intellectuels et chercheurs<\/a> est apparu en premier sur <a href=\"https:\/\/musiquesactuelles.alsace\/\">Musiques Actuelles en Alsace<\/a>.<\/p>\n<p>L\u2019article <a href=\"https:\/\/popburo.fr\/comment-le-punk-est-devenu-un-sujet-pour-intellectuels-et-chercheurs\/\">Comment le punk est devenu un sujet pour intellectuels et chercheurs<\/a> est apparu en premier sur <a href=\"https:\/\/popburo.fr\/\">POP B\u00dcRO<\/a>.<\/p>\n","protected":false},"excerpt":{"rendered":"<p>Quarante ans apr\u00e8s la d\u00e9flagration musicale en France, ce mouvement prot\u00e9iforme est d\u00e9sormais \u00e9tudi\u00e9 \u00e0 l\u2019universit\u00e9. O\u00f9 l\u2019on d\u00e9couvre une avant-garde antiraciste, antisp\u00e9ciste et \u00e9colo. Source \/ Lire la suite : Comment le punk est devenu un sujet pour intellectuels et chercheurs L\u2019article Comment le punk est devenu un sujet pour intellectuels et chercheurs est apparu en premier sur Musiques Actuelles en Alsace. L\u2019article Comment le punk est devenu un sujet pour intellectuels et chercheurs est apparu en premier sur [&hellip;]<\/p>\n","protected":false},"author":0,"featured_media":0,"comment_status":"closed","ping_status":"open","sticky":false,"template":"","format":"standard","meta":{"footnotes":""},"categories":[1],"tags":[],"class_list":["post-4303","post","type-post","status-publish","format-standard","hentry","category-non-classe"],"yoast_head":"<!-- This site is optimized with the Yoast SEO plugin v27.5 - https:\/\/yoast.com\/product\/yoast-seo-wordpress\/ -->\n<title>Comment le punk est devenu un sujet pour intellectuels et chercheurs - HIERO STRASBOURG<\/title>\n<meta name=\"robots\" content=\"index, follow, max-snippet:-1, max-image-preview:large, max-video-preview:-1\" \/>\n<link rel=\"canonical\" href=\"https:\/\/hierostrasbourg.com\/index.php\/2022\/12\/21\/comment-le-punk-est-devenu-un-sujet-pour-intellectuels-et-chercheurs\/\" \/>\n<meta property=\"og:locale\" content=\"fr_FR\" \/>\n<meta property=\"og:type\" content=\"article\" \/>\n<meta property=\"og:title\" content=\"Comment le punk est devenu un sujet pour intellectuels et chercheurs - HIERO STRASBOURG\" \/>\n<meta property=\"og:description\" content=\"Quarante ans apr\u00e8s la d\u00e9flagration musicale en France, ce mouvement prot\u00e9iforme est d\u00e9sormais \u00e9tudi\u00e9 \u00e0 l\u2019universit\u00e9. O\u00f9 l\u2019on d\u00e9couvre une avant-garde antiraciste, antisp\u00e9ciste et \u00e9colo. Source \/ Lire la suite : Comment le punk est devenu un sujet pour intellectuels et chercheurs L\u2019article Comment le punk est devenu un sujet pour intellectuels et chercheurs est apparu en premier sur Musiques Actuelles en Alsace. L\u2019article Comment le punk est devenu un sujet pour intellectuels et chercheurs est apparu en premier sur [&hellip;]\" \/>\n<meta property=\"og:url\" content=\"https:\/\/hierostrasbourg.com\/index.php\/2022\/12\/21\/comment-le-punk-est-devenu-un-sujet-pour-intellectuels-et-chercheurs\/\" \/>\n<meta property=\"og:site_name\" content=\"HIERO STRASBOURG\" \/>\n<meta property=\"article:publisher\" content=\"https:\/\/www.facebook.com\/fedehierostrasbourg\" \/>\n<meta property=\"article:published_time\" content=\"2022-12-20T23:40:23+00:00\" \/>\n<meta name=\"twitter:card\" content=\"summary_large_image\" \/>\n<meta name=\"twitter:creator\" content=\"@hierostrasbourg\" \/>\n<meta name=\"twitter:site\" content=\"@hierostrasbourg\" \/>\n<script type=\"application\/ld+json\" class=\"yoast-schema-graph\">{\"@context\":\"https:\\\/\\\/schema.org\",\"@graph\":[{\"@type\":\"Article\",\"@id\":\"https:\\\/\\\/hierostrasbourg.com\\\/index.php\\\/2022\\\/12\\\/21\\\/comment-le-punk-est-devenu-un-sujet-pour-intellectuels-et-chercheurs\\\/#article\",\"isPartOf\":{\"@id\":\"https:\\\/\\\/hierostrasbourg.com\\\/index.php\\\/2022\\\/12\\\/21\\\/comment-le-punk-est-devenu-un-sujet-pour-intellectuels-et-chercheurs\\\/\"},\"author\":{\"name\":\"\",\"@id\":\"\"},\"headline\":\"Comment le punk est devenu un sujet pour intellectuels et chercheurs\",\"datePublished\":\"2022-12-20T23:40:23+00:00\",\"mainEntityOfPage\":{\"@id\":\"https:\\\/\\\/hierostrasbourg.com\\\/index.php\\\/2022\\\/12\\\/21\\\/comment-le-punk-est-devenu-un-sujet-pour-intellectuels-et-chercheurs\\\/\"},\"wordCount\":101,\"publisher\":{\"@id\":\"https:\\\/\\\/hierostrasbourg.com\\\/#organization\"},\"inLanguage\":\"fr-FR\"},{\"@type\":\"WebPage\",\"@id\":\"https:\\\/\\\/hierostrasbourg.com\\\/index.php\\\/2022\\\/12\\\/21\\\/comment-le-punk-est-devenu-un-sujet-pour-intellectuels-et-chercheurs\\\/\",\"url\":\"https:\\\/\\\/hierostrasbourg.com\\\/index.php\\\/2022\\\/12\\\/21\\\/comment-le-punk-est-devenu-un-sujet-pour-intellectuels-et-chercheurs\\\/\",\"name\":\"Comment le punk est devenu un sujet pour intellectuels et chercheurs - HIERO STRASBOURG\",\"isPartOf\":{\"@id\":\"https:\\\/\\\/hierostrasbourg.com\\\/#website\"},\"datePublished\":\"2022-12-20T23:40:23+00:00\",\"breadcrumb\":{\"@id\":\"https:\\\/\\\/hierostrasbourg.com\\\/index.php\\\/2022\\\/12\\\/21\\\/comment-le-punk-est-devenu-un-sujet-pour-intellectuels-et-chercheurs\\\/#breadcrumb\"},\"inLanguage\":\"fr-FR\",\"potentialAction\":[{\"@type\":\"ReadAction\",\"target\":[\"https:\\\/\\\/hierostrasbourg.com\\\/index.php\\\/2022\\\/12\\\/21\\\/comment-le-punk-est-devenu-un-sujet-pour-intellectuels-et-chercheurs\\\/\"]}]},{\"@type\":\"BreadcrumbList\",\"@id\":\"https:\\\/\\\/hierostrasbourg.com\\\/index.php\\\/2022\\\/12\\\/21\\\/comment-le-punk-est-devenu-un-sujet-pour-intellectuels-et-chercheurs\\\/#breadcrumb\",\"itemListElement\":[{\"@type\":\"ListItem\",\"position\":1,\"name\":\"Accueil\",\"item\":\"https:\\\/\\\/hierostrasbourg.com\\\/\"},{\"@type\":\"ListItem\",\"position\":2,\"name\":\"Comment le punk est devenu un sujet pour intellectuels et chercheurs\"}]},{\"@type\":\"WebSite\",\"@id\":\"https:\\\/\\\/hierostrasbourg.com\\\/#website\",\"url\":\"https:\\\/\\\/hierostrasbourg.com\\\/\",\"name\":\"HIERO STRASBOURG\",\"description\":\"Centre de Ressources Musiques Actuelles\",\"publisher\":{\"@id\":\"https:\\\/\\\/hierostrasbourg.com\\\/#organization\"},\"potentialAction\":[{\"@type\":\"SearchAction\",\"target\":{\"@type\":\"EntryPoint\",\"urlTemplate\":\"https:\\\/\\\/hierostrasbourg.com\\\/?s={search_term_string}\"},\"query-input\":{\"@type\":\"PropertyValueSpecification\",\"valueRequired\":true,\"valueName\":\"search_term_string\"}}],\"inLanguage\":\"fr-FR\"},{\"@type\":\"Organization\",\"@id\":\"https:\\\/\\\/hierostrasbourg.com\\\/#organization\",\"name\":\"F\u00e9d\u00e9ration Hi\u00e9ro Strasbourg\",\"url\":\"https:\\\/\\\/hierostrasbourg.com\\\/\",\"logo\":{\"@type\":\"ImageObject\",\"inLanguage\":\"fr-FR\",\"@id\":\"https:\\\/\\\/hierostrasbourg.com\\\/#\\\/schema\\\/logo\\\/image\\\/\",\"url\":\"https:\\\/\\\/hierostrasbourg.com\\\/wp-content\\\/uploads\\\/2026\\\/04\\\/logo-hiero-strasbourg.jpg\",\"contentUrl\":\"https:\\\/\\\/hierostrasbourg.com\\\/wp-content\\\/uploads\\\/2026\\\/04\\\/logo-hiero-strasbourg.jpg\",\"width\":204,\"height\":192,\"caption\":\"F\u00e9d\u00e9ration Hi\u00e9ro Strasbourg\"},\"image\":{\"@id\":\"https:\\\/\\\/hierostrasbourg.com\\\/#\\\/schema\\\/logo\\\/image\\\/\"},\"sameAs\":[\"https:\\\/\\\/www.facebook.com\\\/fedehierostrasbourg\",\"https:\\\/\\\/x.com\\\/hierostrasbourg\"]}]}<\/script>\n<!-- \/ Yoast SEO plugin. -->","yoast_head_json":{"title":"Comment le punk est devenu un sujet pour intellectuels et chercheurs - HIERO STRASBOURG","robots":{"index":"index","follow":"follow","max-snippet":"max-snippet:-1","max-image-preview":"max-image-preview:large","max-video-preview":"max-video-preview:-1"},"canonical":"https:\/\/hierostrasbourg.com\/index.php\/2022\/12\/21\/comment-le-punk-est-devenu-un-sujet-pour-intellectuels-et-chercheurs\/","og_locale":"fr_FR","og_type":"article","og_title":"Comment le punk est devenu un sujet pour intellectuels et chercheurs - HIERO STRASBOURG","og_description":"Quarante ans apr\u00e8s la d\u00e9flagration musicale en France, ce mouvement prot\u00e9iforme est d\u00e9sormais \u00e9tudi\u00e9 \u00e0 l\u2019universit\u00e9. O\u00f9 l\u2019on d\u00e9couvre une avant-garde antiraciste, antisp\u00e9ciste et \u00e9colo. Source \/ Lire la suite : Comment le punk est devenu un sujet pour intellectuels et chercheurs L\u2019article Comment le punk est devenu un sujet pour intellectuels et chercheurs est apparu en premier sur Musiques Actuelles en Alsace. L\u2019article Comment le punk est devenu un sujet pour intellectuels et chercheurs est apparu en premier sur [&hellip;]","og_url":"https:\/\/hierostrasbourg.com\/index.php\/2022\/12\/21\/comment-le-punk-est-devenu-un-sujet-pour-intellectuels-et-chercheurs\/","og_site_name":"HIERO STRASBOURG","article_publisher":"https:\/\/www.facebook.com\/fedehierostrasbourg","article_published_time":"2022-12-20T23:40:23+00:00","twitter_card":"summary_large_image","twitter_creator":"@hierostrasbourg","twitter_site":"@hierostrasbourg","schema":{"@context":"https:\/\/schema.org","@graph":[{"@type":"Article","@id":"https:\/\/hierostrasbourg.com\/index.php\/2022\/12\/21\/comment-le-punk-est-devenu-un-sujet-pour-intellectuels-et-chercheurs\/#article","isPartOf":{"@id":"https:\/\/hierostrasbourg.com\/index.php\/2022\/12\/21\/comment-le-punk-est-devenu-un-sujet-pour-intellectuels-et-chercheurs\/"},"author":{"name":"","@id":""},"headline":"Comment le punk est devenu un sujet pour intellectuels et chercheurs","datePublished":"2022-12-20T23:40:23+00:00","mainEntityOfPage":{"@id":"https:\/\/hierostrasbourg.com\/index.php\/2022\/12\/21\/comment-le-punk-est-devenu-un-sujet-pour-intellectuels-et-chercheurs\/"},"wordCount":101,"publisher":{"@id":"https:\/\/hierostrasbourg.com\/#organization"},"inLanguage":"fr-FR"},{"@type":"WebPage","@id":"https:\/\/hierostrasbourg.com\/index.php\/2022\/12\/21\/comment-le-punk-est-devenu-un-sujet-pour-intellectuels-et-chercheurs\/","url":"https:\/\/hierostrasbourg.com\/index.php\/2022\/12\/21\/comment-le-punk-est-devenu-un-sujet-pour-intellectuels-et-chercheurs\/","name":"Comment le punk est devenu un sujet pour intellectuels et chercheurs - HIERO STRASBOURG","isPartOf":{"@id":"https:\/\/hierostrasbourg.com\/#website"},"datePublished":"2022-12-20T23:40:23+00:00","breadcrumb":{"@id":"https:\/\/hierostrasbourg.com\/index.php\/2022\/12\/21\/comment-le-punk-est-devenu-un-sujet-pour-intellectuels-et-chercheurs\/#breadcrumb"},"inLanguage":"fr-FR","potentialAction":[{"@type":"ReadAction","target":["https:\/\/hierostrasbourg.com\/index.php\/2022\/12\/21\/comment-le-punk-est-devenu-un-sujet-pour-intellectuels-et-chercheurs\/"]}]},{"@type":"BreadcrumbList","@id":"https:\/\/hierostrasbourg.com\/index.php\/2022\/12\/21\/comment-le-punk-est-devenu-un-sujet-pour-intellectuels-et-chercheurs\/#breadcrumb","itemListElement":[{"@type":"ListItem","position":1,"name":"Accueil","item":"https:\/\/hierostrasbourg.com\/"},{"@type":"ListItem","position":2,"name":"Comment le punk est devenu un sujet pour intellectuels et chercheurs"}]},{"@type":"WebSite","@id":"https:\/\/hierostrasbourg.com\/#website","url":"https:\/\/hierostrasbourg.com\/","name":"HIERO STRASBOURG","description":"Centre de Ressources Musiques Actuelles","publisher":{"@id":"https:\/\/hierostrasbourg.com\/#organization"},"potentialAction":[{"@type":"SearchAction","target":{"@type":"EntryPoint","urlTemplate":"https:\/\/hierostrasbourg.com\/?s={search_term_string}"},"query-input":{"@type":"PropertyValueSpecification","valueRequired":true,"valueName":"search_term_string"}}],"inLanguage":"fr-FR"},{"@type":"Organization","@id":"https:\/\/hierostrasbourg.com\/#organization","name":"F\u00e9d\u00e9ration Hi\u00e9ro Strasbourg","url":"https:\/\/hierostrasbourg.com\/","logo":{"@type":"ImageObject","inLanguage":"fr-FR","@id":"https:\/\/hierostrasbourg.com\/#\/schema\/logo\/image\/","url":"https:\/\/hierostrasbourg.com\/wp-content\/uploads\/2026\/04\/logo-hiero-strasbourg.jpg","contentUrl":"https:\/\/hierostrasbourg.com\/wp-content\/uploads\/2026\/04\/logo-hiero-strasbourg.jpg","width":204,"height":192,"caption":"F\u00e9d\u00e9ration Hi\u00e9ro Strasbourg"},"image":{"@id":"https:\/\/hierostrasbourg.com\/#\/schema\/logo\/image\/"},"sameAs":["https:\/\/www.facebook.com\/fedehierostrasbourg","https:\/\/x.com\/hierostrasbourg"]}]}},"_links":{"self":[{"href":"https:\/\/hierostrasbourg.com\/index.php\/wp-json\/wp\/v2\/posts\/4303","targetHints":{"allow":["GET"]}}],"collection":[{"href":"https:\/\/hierostrasbourg.com\/index.php\/wp-json\/wp\/v2\/posts"}],"about":[{"href":"https:\/\/hierostrasbourg.com\/index.php\/wp-json\/wp\/v2\/types\/post"}],"replies":[{"embeddable":true,"href":"https:\/\/hierostrasbourg.com\/index.php\/wp-json\/wp\/v2\/comments?post=4303"}],"version-history":[{"count":0,"href":"https:\/\/hierostrasbourg.com\/index.php\/wp-json\/wp\/v2\/posts\/4303\/revisions"}],"wp:attachment":[{"href":"https:\/\/hierostrasbourg.com\/index.php\/wp-json\/wp\/v2\/media?parent=4303"}],"wp:term":[{"taxonomy":"category","embeddable":true,"href":"https:\/\/hierostrasbourg.com\/index.php\/wp-json\/wp\/v2\/categories?post=4303"},{"taxonomy":"post_tag","embeddable":true,"href":"https:\/\/hierostrasbourg.com\/index.php\/wp-json\/wp\/v2\/tags?post=4303"}],"curies":[{"name":"wp","href":"https:\/\/api.w.org\/{rel}","templated":true}]}}