{"id":4301,"date":"2022-12-19T21:45:42","date_gmt":"2022-12-19T20:45:42","guid":{"rendered":"https:\/\/hierostrasbourg.com\/index.php\/2022\/12\/19\/les-elus-a-la-culture-manquent-ils-de-formation\/"},"modified":"2022-12-19T21:45:42","modified_gmt":"2022-12-19T20:45:42","slug":"les-elus-a-la-culture-manquent-ils-de-formation","status":"publish","type":"post","link":"https:\/\/hierostrasbourg.com\/index.php\/2022\/12\/19\/les-elus-a-la-culture-manquent-ils-de-formation\/","title":{"rendered":"Les \u00e9lus \u00e0 la culture manquent-ils de formation ?"},"content":{"rendered":"<p><a href=\"https:\/\/musiquesactuelles.alsace\/les-elus-a-la-culture-manquent-ils-de-formation\/\" title=\"Les \u00e9lus \u00e0 la culture manquent-ils de formation ?\"><\/a><\/p>\n<p>Les professionnels de la culture reprochent souvent \u00e0 leurs \u00e9lus de ne pas bien conna\u00eetre leurs m\u00e9tiers et ses contraintes, de \u00ab manquer de formation. \u00bb Reste \u00e0 savoir \u00e0 quoi les \u00e9lus doivent se former. R\u00e9ponse avec Jean-Philippe Lef\u00e8vre, vice-pr\u00e9sident de la F\u00e9d\u00e9ration nationale des collectivit\u00e9s pour la culture en charge de cette question. Source \/ Lire la suite : Les \u00e9lus \u00e0 la culture manquent-ils de formation ?<\/p>\n<p>L\u2019article <a href=\"https:\/\/musiquesactuelles.alsace\/les-elus-a-la-culture-manquent-ils-de-formation\/\">Les \u00e9lus \u00e0 la culture manquent-ils de formation ?<\/a> est apparu en premier sur <a href=\"https:\/\/musiquesactuelles.alsace\/\">Musiques Actuelles en Alsace<\/a>.<\/p>\n<p>L\u2019article <a href=\"https:\/\/popburo.fr\/les-elus-a-la-culture-manquent-ils-de-formation\/\">Les \u00e9lus \u00e0 la culture manquent-ils de formation ?<\/a> est apparu en premier sur <a href=\"https:\/\/popburo.fr\/\">POP B\u00dcRO<\/a>.<\/p>\n","protected":false},"excerpt":{"rendered":"<p>Les professionnels de la culture reprochent souvent \u00e0 leurs \u00e9lus de ne pas bien conna\u00eetre leurs m\u00e9tiers et ses contraintes, de \u00ab manquer de formation. \u00bb Reste \u00e0 savoir \u00e0 quoi les \u00e9lus doivent se former. R\u00e9ponse avec Jean-Philippe Lef\u00e8vre, vice-pr\u00e9sident de la F\u00e9d\u00e9ration nationale des collectivit\u00e9s pour la culture en charge de cette question. Source \/ Lire la suite : Les \u00e9lus \u00e0 la culture manquent-ils de formation ? L\u2019article Les \u00e9lus \u00e0 la culture manquent-ils de formation ? [&hellip;]<\/p>\n","protected":false},"author":0,"featured_media":0,"comment_status":"closed","ping_status":"open","sticky":false,"template":"","format":"standard","meta":{"footnotes":""},"categories":[1],"tags":[],"class_list":["post-4301","post","type-post","status-publish","format-standard","hentry","category-non-classe"],"yoast_head":"<!-- This site is optimized with the Yoast SEO plugin v27.5 - https:\/\/yoast.com\/product\/yoast-seo-wordpress\/ -->\n<title>Les \u00e9lus \u00e0 la culture manquent-ils de formation ? - HIERO STRASBOURG<\/title>\n<meta name=\"robots\" content=\"index, follow, max-snippet:-1, max-image-preview:large, max-video-preview:-1\" \/>\n<link rel=\"canonical\" href=\"https:\/\/hierostrasbourg.com\/index.php\/2022\/12\/19\/les-elus-a-la-culture-manquent-ils-de-formation\/\" \/>\n<meta property=\"og:locale\" content=\"fr_FR\" \/>\n<meta property=\"og:type\" content=\"article\" \/>\n<meta property=\"og:title\" content=\"Les \u00e9lus \u00e0 la culture manquent-ils de formation ? - HIERO STRASBOURG\" \/>\n<meta property=\"og:description\" content=\"Les professionnels de la culture reprochent souvent \u00e0 leurs \u00e9lus de ne pas bien conna\u00eetre leurs m\u00e9tiers et ses contraintes, de \u00ab manquer de formation. \u00bb Reste \u00e0 savoir \u00e0 quoi les \u00e9lus doivent se former. R\u00e9ponse avec Jean-Philippe Lef\u00e8vre, vice-pr\u00e9sident de la F\u00e9d\u00e9ration nationale des collectivit\u00e9s pour la culture en charge de cette question. Source \/ Lire la suite : Les \u00e9lus \u00e0 la culture manquent-ils de formation ? L\u2019article Les \u00e9lus \u00e0 la culture manquent-ils de formation ? [&hellip;]\" \/>\n<meta property=\"og:url\" content=\"https:\/\/hierostrasbourg.com\/index.php\/2022\/12\/19\/les-elus-a-la-culture-manquent-ils-de-formation\/\" \/>\n<meta property=\"og:site_name\" content=\"HIERO STRASBOURG\" \/>\n<meta property=\"article:publisher\" content=\"https:\/\/www.facebook.com\/fedehierostrasbourg\" \/>\n<meta property=\"article:published_time\" content=\"2022-12-19T20:45:42+00:00\" \/>\n<meta name=\"twitter:card\" content=\"summary_large_image\" \/>\n<meta name=\"twitter:creator\" content=\"@hierostrasbourg\" \/>\n<meta name=\"twitter:site\" content=\"@hierostrasbourg\" \/>\n<meta name=\"twitter:label1\" content=\"Dur\u00e9e de lecture estim\u00e9e\" \/>\n\t<meta name=\"twitter:data1\" content=\"1 minute\" \/>\n<script type=\"application\/ld+json\" class=\"yoast-schema-graph\">{\"@context\":\"https:\\\/\\\/schema.org\",\"@graph\":[{\"@type\":\"Article\",\"@id\":\"https:\\\/\\\/hierostrasbourg.com\\\/index.php\\\/2022\\\/12\\\/19\\\/les-elus-a-la-culture-manquent-ils-de-formation\\\/#article\",\"isPartOf\":{\"@id\":\"https:\\\/\\\/hierostrasbourg.com\\\/index.php\\\/2022\\\/12\\\/19\\\/les-elus-a-la-culture-manquent-ils-de-formation\\\/\"},\"author\":{\"name\":\"\",\"@id\":\"\"},\"headline\":\"Les \u00e9lus \u00e0 la culture manquent-ils de formation ?\",\"datePublished\":\"2022-12-19T20:45:42+00:00\",\"mainEntityOfPage\":{\"@id\":\"https:\\\/\\\/hierostrasbourg.com\\\/index.php\\\/2022\\\/12\\\/19\\\/les-elus-a-la-culture-manquent-ils-de-formation\\\/\"},\"wordCount\":111,\"publisher\":{\"@id\":\"https:\\\/\\\/hierostrasbourg.com\\\/#organization\"},\"inLanguage\":\"fr-FR\"},{\"@type\":\"WebPage\",\"@id\":\"https:\\\/\\\/hierostrasbourg.com\\\/index.php\\\/2022\\\/12\\\/19\\\/les-elus-a-la-culture-manquent-ils-de-formation\\\/\",\"url\":\"https:\\\/\\\/hierostrasbourg.com\\\/index.php\\\/2022\\\/12\\\/19\\\/les-elus-a-la-culture-manquent-ils-de-formation\\\/\",\"name\":\"Les \u00e9lus \u00e0 la culture manquent-ils de formation ? - HIERO STRASBOURG\",\"isPartOf\":{\"@id\":\"https:\\\/\\\/hierostrasbourg.com\\\/#website\"},\"datePublished\":\"2022-12-19T20:45:42+00:00\",\"breadcrumb\":{\"@id\":\"https:\\\/\\\/hierostrasbourg.com\\\/index.php\\\/2022\\\/12\\\/19\\\/les-elus-a-la-culture-manquent-ils-de-formation\\\/#breadcrumb\"},\"inLanguage\":\"fr-FR\",\"potentialAction\":[{\"@type\":\"ReadAction\",\"target\":[\"https:\\\/\\\/hierostrasbourg.com\\\/index.php\\\/2022\\\/12\\\/19\\\/les-elus-a-la-culture-manquent-ils-de-formation\\\/\"]}]},{\"@type\":\"BreadcrumbList\",\"@id\":\"https:\\\/\\\/hierostrasbourg.com\\\/index.php\\\/2022\\\/12\\\/19\\\/les-elus-a-la-culture-manquent-ils-de-formation\\\/#breadcrumb\",\"itemListElement\":[{\"@type\":\"ListItem\",\"position\":1,\"name\":\"Accueil\",\"item\":\"https:\\\/\\\/hierostrasbourg.com\\\/\"},{\"@type\":\"ListItem\",\"position\":2,\"name\":\"Les \u00e9lus \u00e0 la culture manquent-ils de formation ?\"}]},{\"@type\":\"WebSite\",\"@id\":\"https:\\\/\\\/hierostrasbourg.com\\\/#website\",\"url\":\"https:\\\/\\\/hierostrasbourg.com\\\/\",\"name\":\"HIERO STRASBOURG\",\"description\":\"Centre de Ressources Musiques Actuelles\",\"publisher\":{\"@id\":\"https:\\\/\\\/hierostrasbourg.com\\\/#organization\"},\"potentialAction\":[{\"@type\":\"SearchAction\",\"target\":{\"@type\":\"EntryPoint\",\"urlTemplate\":\"https:\\\/\\\/hierostrasbourg.com\\\/?s={search_term_string}\"},\"query-input\":{\"@type\":\"PropertyValueSpecification\",\"valueRequired\":true,\"valueName\":\"search_term_string\"}}],\"inLanguage\":\"fr-FR\"},{\"@type\":\"Organization\",\"@id\":\"https:\\\/\\\/hierostrasbourg.com\\\/#organization\",\"name\":\"F\u00e9d\u00e9ration Hi\u00e9ro Strasbourg\",\"url\":\"https:\\\/\\\/hierostrasbourg.com\\\/\",\"logo\":{\"@type\":\"ImageObject\",\"inLanguage\":\"fr-FR\",\"@id\":\"https:\\\/\\\/hierostrasbourg.com\\\/#\\\/schema\\\/logo\\\/image\\\/\",\"url\":\"https:\\\/\\\/hierostrasbourg.com\\\/wp-content\\\/uploads\\\/2026\\\/04\\\/logo-hiero-strasbourg.jpg\",\"contentUrl\":\"https:\\\/\\\/hierostrasbourg.com\\\/wp-content\\\/uploads\\\/2026\\\/04\\\/logo-hiero-strasbourg.jpg\",\"width\":204,\"height\":192,\"caption\":\"F\u00e9d\u00e9ration Hi\u00e9ro Strasbourg\"},\"image\":{\"@id\":\"https:\\\/\\\/hierostrasbourg.com\\\/#\\\/schema\\\/logo\\\/image\\\/\"},\"sameAs\":[\"https:\\\/\\\/www.facebook.com\\\/fedehierostrasbourg\",\"https:\\\/\\\/x.com\\\/hierostrasbourg\"]}]}<\/script>\n<!-- \/ Yoast SEO plugin. -->","yoast_head_json":{"title":"Les \u00e9lus \u00e0 la culture manquent-ils de formation ? - HIERO STRASBOURG","robots":{"index":"index","follow":"follow","max-snippet":"max-snippet:-1","max-image-preview":"max-image-preview:large","max-video-preview":"max-video-preview:-1"},"canonical":"https:\/\/hierostrasbourg.com\/index.php\/2022\/12\/19\/les-elus-a-la-culture-manquent-ils-de-formation\/","og_locale":"fr_FR","og_type":"article","og_title":"Les \u00e9lus \u00e0 la culture manquent-ils de formation ? - HIERO STRASBOURG","og_description":"Les professionnels de la culture reprochent souvent \u00e0 leurs \u00e9lus de ne pas bien conna\u00eetre leurs m\u00e9tiers et ses contraintes, de \u00ab manquer de formation. \u00bb Reste \u00e0 savoir \u00e0 quoi les \u00e9lus doivent se former. R\u00e9ponse avec Jean-Philippe Lef\u00e8vre, vice-pr\u00e9sident de la F\u00e9d\u00e9ration nationale des collectivit\u00e9s pour la culture en charge de cette question. Source \/ Lire la suite : Les \u00e9lus \u00e0 la culture manquent-ils de formation ? L\u2019article Les \u00e9lus \u00e0 la culture manquent-ils de formation ? [&hellip;]","og_url":"https:\/\/hierostrasbourg.com\/index.php\/2022\/12\/19\/les-elus-a-la-culture-manquent-ils-de-formation\/","og_site_name":"HIERO STRASBOURG","article_publisher":"https:\/\/www.facebook.com\/fedehierostrasbourg","article_published_time":"2022-12-19T20:45:42+00:00","twitter_card":"summary_large_image","twitter_creator":"@hierostrasbourg","twitter_site":"@hierostrasbourg","twitter_misc":{"Dur\u00e9e de lecture estim\u00e9e":"1 minute"},"schema":{"@context":"https:\/\/schema.org","@graph":[{"@type":"Article","@id":"https:\/\/hierostrasbourg.com\/index.php\/2022\/12\/19\/les-elus-a-la-culture-manquent-ils-de-formation\/#article","isPartOf":{"@id":"https:\/\/hierostrasbourg.com\/index.php\/2022\/12\/19\/les-elus-a-la-culture-manquent-ils-de-formation\/"},"author":{"name":"","@id":""},"headline":"Les \u00e9lus \u00e0 la culture manquent-ils de formation ?","datePublished":"2022-12-19T20:45:42+00:00","mainEntityOfPage":{"@id":"https:\/\/hierostrasbourg.com\/index.php\/2022\/12\/19\/les-elus-a-la-culture-manquent-ils-de-formation\/"},"wordCount":111,"publisher":{"@id":"https:\/\/hierostrasbourg.com\/#organization"},"inLanguage":"fr-FR"},{"@type":"WebPage","@id":"https:\/\/hierostrasbourg.com\/index.php\/2022\/12\/19\/les-elus-a-la-culture-manquent-ils-de-formation\/","url":"https:\/\/hierostrasbourg.com\/index.php\/2022\/12\/19\/les-elus-a-la-culture-manquent-ils-de-formation\/","name":"Les \u00e9lus \u00e0 la culture manquent-ils de formation ? - HIERO STRASBOURG","isPartOf":{"@id":"https:\/\/hierostrasbourg.com\/#website"},"datePublished":"2022-12-19T20:45:42+00:00","breadcrumb":{"@id":"https:\/\/hierostrasbourg.com\/index.php\/2022\/12\/19\/les-elus-a-la-culture-manquent-ils-de-formation\/#breadcrumb"},"inLanguage":"fr-FR","potentialAction":[{"@type":"ReadAction","target":["https:\/\/hierostrasbourg.com\/index.php\/2022\/12\/19\/les-elus-a-la-culture-manquent-ils-de-formation\/"]}]},{"@type":"BreadcrumbList","@id":"https:\/\/hierostrasbourg.com\/index.php\/2022\/12\/19\/les-elus-a-la-culture-manquent-ils-de-formation\/#breadcrumb","itemListElement":[{"@type":"ListItem","position":1,"name":"Accueil","item":"https:\/\/hierostrasbourg.com\/"},{"@type":"ListItem","position":2,"name":"Les \u00e9lus \u00e0 la culture manquent-ils de formation ?"}]},{"@type":"WebSite","@id":"https:\/\/hierostrasbourg.com\/#website","url":"https:\/\/hierostrasbourg.com\/","name":"HIERO STRASBOURG","description":"Centre de Ressources Musiques Actuelles","publisher":{"@id":"https:\/\/hierostrasbourg.com\/#organization"},"potentialAction":[{"@type":"SearchAction","target":{"@type":"EntryPoint","urlTemplate":"https:\/\/hierostrasbourg.com\/?s={search_term_string}"},"query-input":{"@type":"PropertyValueSpecification","valueRequired":true,"valueName":"search_term_string"}}],"inLanguage":"fr-FR"},{"@type":"Organization","@id":"https:\/\/hierostrasbourg.com\/#organization","name":"F\u00e9d\u00e9ration Hi\u00e9ro Strasbourg","url":"https:\/\/hierostrasbourg.com\/","logo":{"@type":"ImageObject","inLanguage":"fr-FR","@id":"https:\/\/hierostrasbourg.com\/#\/schema\/logo\/image\/","url":"https:\/\/hierostrasbourg.com\/wp-content\/uploads\/2026\/04\/logo-hiero-strasbourg.jpg","contentUrl":"https:\/\/hierostrasbourg.com\/wp-content\/uploads\/2026\/04\/logo-hiero-strasbourg.jpg","width":204,"height":192,"caption":"F\u00e9d\u00e9ration Hi\u00e9ro Strasbourg"},"image":{"@id":"https:\/\/hierostrasbourg.com\/#\/schema\/logo\/image\/"},"sameAs":["https:\/\/www.facebook.com\/fedehierostrasbourg","https:\/\/x.com\/hierostrasbourg"]}]}},"_links":{"self":[{"href":"https:\/\/hierostrasbourg.com\/index.php\/wp-json\/wp\/v2\/posts\/4301","targetHints":{"allow":["GET"]}}],"collection":[{"href":"https:\/\/hierostrasbourg.com\/index.php\/wp-json\/wp\/v2\/posts"}],"about":[{"href":"https:\/\/hierostrasbourg.com\/index.php\/wp-json\/wp\/v2\/types\/post"}],"replies":[{"embeddable":true,"href":"https:\/\/hierostrasbourg.com\/index.php\/wp-json\/wp\/v2\/comments?post=4301"}],"version-history":[{"count":0,"href":"https:\/\/hierostrasbourg.com\/index.php\/wp-json\/wp\/v2\/posts\/4301\/revisions"}],"wp:attachment":[{"href":"https:\/\/hierostrasbourg.com\/index.php\/wp-json\/wp\/v2\/media?parent=4301"}],"wp:term":[{"taxonomy":"category","embeddable":true,"href":"https:\/\/hierostrasbourg.com\/index.php\/wp-json\/wp\/v2\/categories?post=4301"},{"taxonomy":"post_tag","embeddable":true,"href":"https:\/\/hierostrasbourg.com\/index.php\/wp-json\/wp\/v2\/tags?post=4301"}],"curies":[{"name":"wp","href":"https:\/\/api.w.org\/{rel}","templated":true}]}}