{"id":4300,"date":"2022-12-19T21:45:42","date_gmt":"2022-12-19T20:45:42","guid":{"rendered":"https:\/\/hierostrasbourg.com\/index.php\/2022\/12\/19\/placer-les-departements-au-coeur-de-l-amenagement-culturel\/"},"modified":"2022-12-19T21:45:42","modified_gmt":"2022-12-19T20:45:42","slug":"placer-les-departements-au-coeur-de-l-amenagement-culturel","status":"publish","type":"post","link":"https:\/\/hierostrasbourg.com\/index.php\/2022\/12\/19\/placer-les-departements-au-coeur-de-l-amenagement-culturel\/","title":{"rendered":"Placer les d\u00e9partements au c\u0153ur de l\u2019\u00ab am\u00e9nagement culturel \u00bb"},"content":{"rendered":"<p><a href=\"https:\/\/musiquesactuelles.alsace\/placer-les-departements-au-coeur-de-l-amenagement-culturel\/\" title=\"Placer les d\u00e9partements au c\u0153ur de l\u2019\u00ab am\u00e9nagement culturel \u00bb\"><\/a><\/p>\n<p>Vice-pr\u00e9sident (EELV) du conseil d\u00e9partemental de la Ni\u00e8vre, charg\u00e9 des coll\u00e8ges, de l\u2019\u00e9ducation, de la culture, de la jeunesse et de l\u2019enseignement sup\u00e9rieur, Wilfrid S\u00e9jeau donne sa vision du r\u00f4le des d\u00e9partements en mati\u00e8re de culture. A ses yeux, ces derniers sont des acteurs pivots, notamment l\u00e0 o\u00f9 l\u2019apport d\u2019ing\u00e9nierie est crucial. Source \/ Lire la suite : Placer les d\u00e9partements au c\u0153ur de l\u2019\u00ab am\u00e9nagement culturel \u00bb<\/p>\n<p>L\u2019article <a href=\"https:\/\/musiquesactuelles.alsace\/placer-les-departements-au-coeur-de-l-amenagement-culturel\/\">Placer les d\u00e9partements au c\u0153ur de l\u2019\u00ab am\u00e9nagement culturel \u00bb<\/a> est apparu en premier sur <a href=\"https:\/\/musiquesactuelles.alsace\/\">Musiques Actuelles en Alsace<\/a>.<\/p>\n<p>L\u2019article <a href=\"https:\/\/popburo.fr\/placer-les-departements-au-coeur-de-l-amenagement-culturel\/\">Placer les d\u00e9partements au c\u0153ur de l\u2019\u00ab am\u00e9nagement culturel \u00bb<\/a> est apparu en premier sur <a href=\"https:\/\/popburo.fr\/\">POP B\u00dcRO<\/a>.<\/p>\n","protected":false},"excerpt":{"rendered":"<p>Vice-pr\u00e9sident (EELV) du conseil d\u00e9partemental de la Ni\u00e8vre, charg\u00e9 des coll\u00e8ges, de l\u2019\u00e9ducation, de la culture, de la jeunesse et de l\u2019enseignement sup\u00e9rieur, Wilfrid S\u00e9jeau donne sa vision du r\u00f4le des d\u00e9partements en mati\u00e8re de culture. A ses yeux, ces derniers sont des acteurs pivots, notamment l\u00e0 o\u00f9 l\u2019apport d\u2019ing\u00e9nierie est crucial. Source \/ Lire la suite : Placer les d\u00e9partements au c\u0153ur de l\u2019\u00ab am\u00e9nagement culturel \u00bb L\u2019article Placer les d\u00e9partements au c\u0153ur de l\u2019\u00ab am\u00e9nagement culturel \u00bb est [&hellip;]<\/p>\n","protected":false},"author":0,"featured_media":0,"comment_status":"closed","ping_status":"open","sticky":false,"template":"","format":"standard","meta":{"footnotes":""},"categories":[1],"tags":[],"class_list":["post-4300","post","type-post","status-publish","format-standard","hentry","category-non-classe"],"yoast_head":"<!-- This site is optimized with the Yoast SEO plugin v27.5 - https:\/\/yoast.com\/product\/yoast-seo-wordpress\/ -->\n<title>Placer les d\u00e9partements au c\u0153ur de l\u2019\u00ab am\u00e9nagement culturel \u00bb - HIERO STRASBOURG<\/title>\n<meta name=\"robots\" content=\"index, follow, max-snippet:-1, max-image-preview:large, max-video-preview:-1\" \/>\n<link rel=\"canonical\" href=\"https:\/\/hierostrasbourg.com\/index.php\/2022\/12\/19\/placer-les-departements-au-coeur-de-l-amenagement-culturel\/\" \/>\n<meta property=\"og:locale\" content=\"fr_FR\" \/>\n<meta property=\"og:type\" content=\"article\" \/>\n<meta property=\"og:title\" content=\"Placer les d\u00e9partements au c\u0153ur de l\u2019\u00ab am\u00e9nagement culturel \u00bb - HIERO STRASBOURG\" \/>\n<meta property=\"og:description\" content=\"Vice-pr\u00e9sident (EELV) du conseil d\u00e9partemental de la Ni\u00e8vre, charg\u00e9 des coll\u00e8ges, de l\u2019\u00e9ducation, de la culture, de la jeunesse et de l\u2019enseignement sup\u00e9rieur, Wilfrid S\u00e9jeau donne sa vision du r\u00f4le des d\u00e9partements en mati\u00e8re de culture. A ses yeux, ces derniers sont des acteurs pivots, notamment l\u00e0 o\u00f9 l\u2019apport d\u2019ing\u00e9nierie est crucial. Source \/ Lire la suite : Placer les d\u00e9partements au c\u0153ur de l\u2019\u00ab am\u00e9nagement culturel \u00bb L\u2019article Placer les d\u00e9partements au c\u0153ur de l\u2019\u00ab am\u00e9nagement culturel \u00bb est [&hellip;]\" \/>\n<meta property=\"og:url\" content=\"https:\/\/hierostrasbourg.com\/index.php\/2022\/12\/19\/placer-les-departements-au-coeur-de-l-amenagement-culturel\/\" \/>\n<meta property=\"og:site_name\" content=\"HIERO STRASBOURG\" \/>\n<meta property=\"article:publisher\" content=\"https:\/\/www.facebook.com\/fedehierostrasbourg\" \/>\n<meta property=\"article:published_time\" content=\"2022-12-19T20:45:42+00:00\" \/>\n<meta name=\"twitter:card\" content=\"summary_large_image\" \/>\n<meta name=\"twitter:creator\" content=\"@hierostrasbourg\" \/>\n<meta name=\"twitter:site\" content=\"@hierostrasbourg\" \/>\n<meta name=\"twitter:label1\" content=\"Dur\u00e9e de lecture estim\u00e9e\" \/>\n\t<meta name=\"twitter:data1\" content=\"1 minute\" \/>\n<script type=\"application\/ld+json\" class=\"yoast-schema-graph\">{\"@context\":\"https:\\\/\\\/schema.org\",\"@graph\":[{\"@type\":\"Article\",\"@id\":\"https:\\\/\\\/hierostrasbourg.com\\\/index.php\\\/2022\\\/12\\\/19\\\/placer-les-departements-au-coeur-de-l-amenagement-culturel\\\/#article\",\"isPartOf\":{\"@id\":\"https:\\\/\\\/hierostrasbourg.com\\\/index.php\\\/2022\\\/12\\\/19\\\/placer-les-departements-au-coeur-de-l-amenagement-culturel\\\/\"},\"author\":{\"name\":\"\",\"@id\":\"\"},\"headline\":\"Placer les d\u00e9partements au c\u0153ur de l\u2019\u00ab am\u00e9nagement culturel \u00bb\",\"datePublished\":\"2022-12-19T20:45:42+00:00\",\"mainEntityOfPage\":{\"@id\":\"https:\\\/\\\/hierostrasbourg.com\\\/index.php\\\/2022\\\/12\\\/19\\\/placer-les-departements-au-coeur-de-l-amenagement-culturel\\\/\"},\"wordCount\":139,\"publisher\":{\"@id\":\"https:\\\/\\\/hierostrasbourg.com\\\/#organization\"},\"inLanguage\":\"fr-FR\"},{\"@type\":\"WebPage\",\"@id\":\"https:\\\/\\\/hierostrasbourg.com\\\/index.php\\\/2022\\\/12\\\/19\\\/placer-les-departements-au-coeur-de-l-amenagement-culturel\\\/\",\"url\":\"https:\\\/\\\/hierostrasbourg.com\\\/index.php\\\/2022\\\/12\\\/19\\\/placer-les-departements-au-coeur-de-l-amenagement-culturel\\\/\",\"name\":\"Placer les d\u00e9partements au c\u0153ur de l\u2019\u00ab am\u00e9nagement culturel \u00bb - HIERO STRASBOURG\",\"isPartOf\":{\"@id\":\"https:\\\/\\\/hierostrasbourg.com\\\/#website\"},\"datePublished\":\"2022-12-19T20:45:42+00:00\",\"breadcrumb\":{\"@id\":\"https:\\\/\\\/hierostrasbourg.com\\\/index.php\\\/2022\\\/12\\\/19\\\/placer-les-departements-au-coeur-de-l-amenagement-culturel\\\/#breadcrumb\"},\"inLanguage\":\"fr-FR\",\"potentialAction\":[{\"@type\":\"ReadAction\",\"target\":[\"https:\\\/\\\/hierostrasbourg.com\\\/index.php\\\/2022\\\/12\\\/19\\\/placer-les-departements-au-coeur-de-l-amenagement-culturel\\\/\"]}]},{\"@type\":\"BreadcrumbList\",\"@id\":\"https:\\\/\\\/hierostrasbourg.com\\\/index.php\\\/2022\\\/12\\\/19\\\/placer-les-departements-au-coeur-de-l-amenagement-culturel\\\/#breadcrumb\",\"itemListElement\":[{\"@type\":\"ListItem\",\"position\":1,\"name\":\"Accueil\",\"item\":\"https:\\\/\\\/hierostrasbourg.com\\\/\"},{\"@type\":\"ListItem\",\"position\":2,\"name\":\"Placer les d\u00e9partements au c\u0153ur de l\u2019\u00ab am\u00e9nagement culturel \u00bb\"}]},{\"@type\":\"WebSite\",\"@id\":\"https:\\\/\\\/hierostrasbourg.com\\\/#website\",\"url\":\"https:\\\/\\\/hierostrasbourg.com\\\/\",\"name\":\"HIERO STRASBOURG\",\"description\":\"Centre de Ressources Musiques Actuelles\",\"publisher\":{\"@id\":\"https:\\\/\\\/hierostrasbourg.com\\\/#organization\"},\"potentialAction\":[{\"@type\":\"SearchAction\",\"target\":{\"@type\":\"EntryPoint\",\"urlTemplate\":\"https:\\\/\\\/hierostrasbourg.com\\\/?s={search_term_string}\"},\"query-input\":{\"@type\":\"PropertyValueSpecification\",\"valueRequired\":true,\"valueName\":\"search_term_string\"}}],\"inLanguage\":\"fr-FR\"},{\"@type\":\"Organization\",\"@id\":\"https:\\\/\\\/hierostrasbourg.com\\\/#organization\",\"name\":\"F\u00e9d\u00e9ration Hi\u00e9ro Strasbourg\",\"url\":\"https:\\\/\\\/hierostrasbourg.com\\\/\",\"logo\":{\"@type\":\"ImageObject\",\"inLanguage\":\"fr-FR\",\"@id\":\"https:\\\/\\\/hierostrasbourg.com\\\/#\\\/schema\\\/logo\\\/image\\\/\",\"url\":\"https:\\\/\\\/hierostrasbourg.com\\\/wp-content\\\/uploads\\\/2026\\\/04\\\/logo-hiero-strasbourg.jpg\",\"contentUrl\":\"https:\\\/\\\/hierostrasbourg.com\\\/wp-content\\\/uploads\\\/2026\\\/04\\\/logo-hiero-strasbourg.jpg\",\"width\":204,\"height\":192,\"caption\":\"F\u00e9d\u00e9ration Hi\u00e9ro Strasbourg\"},\"image\":{\"@id\":\"https:\\\/\\\/hierostrasbourg.com\\\/#\\\/schema\\\/logo\\\/image\\\/\"},\"sameAs\":[\"https:\\\/\\\/www.facebook.com\\\/fedehierostrasbourg\",\"https:\\\/\\\/x.com\\\/hierostrasbourg\"]}]}<\/script>\n<!-- \/ Yoast SEO plugin. -->","yoast_head_json":{"title":"Placer les d\u00e9partements au c\u0153ur de l\u2019\u00ab am\u00e9nagement culturel \u00bb - HIERO STRASBOURG","robots":{"index":"index","follow":"follow","max-snippet":"max-snippet:-1","max-image-preview":"max-image-preview:large","max-video-preview":"max-video-preview:-1"},"canonical":"https:\/\/hierostrasbourg.com\/index.php\/2022\/12\/19\/placer-les-departements-au-coeur-de-l-amenagement-culturel\/","og_locale":"fr_FR","og_type":"article","og_title":"Placer les d\u00e9partements au c\u0153ur de l\u2019\u00ab am\u00e9nagement culturel \u00bb - HIERO STRASBOURG","og_description":"Vice-pr\u00e9sident (EELV) du conseil d\u00e9partemental de la Ni\u00e8vre, charg\u00e9 des coll\u00e8ges, de l\u2019\u00e9ducation, de la culture, de la jeunesse et de l\u2019enseignement sup\u00e9rieur, Wilfrid S\u00e9jeau donne sa vision du r\u00f4le des d\u00e9partements en mati\u00e8re de culture. A ses yeux, ces derniers sont des acteurs pivots, notamment l\u00e0 o\u00f9 l\u2019apport d\u2019ing\u00e9nierie est crucial. Source \/ Lire la suite : Placer les d\u00e9partements au c\u0153ur de l\u2019\u00ab am\u00e9nagement culturel \u00bb L\u2019article Placer les d\u00e9partements au c\u0153ur de l\u2019\u00ab am\u00e9nagement culturel \u00bb est [&hellip;]","og_url":"https:\/\/hierostrasbourg.com\/index.php\/2022\/12\/19\/placer-les-departements-au-coeur-de-l-amenagement-culturel\/","og_site_name":"HIERO STRASBOURG","article_publisher":"https:\/\/www.facebook.com\/fedehierostrasbourg","article_published_time":"2022-12-19T20:45:42+00:00","twitter_card":"summary_large_image","twitter_creator":"@hierostrasbourg","twitter_site":"@hierostrasbourg","twitter_misc":{"Dur\u00e9e de lecture estim\u00e9e":"1 minute"},"schema":{"@context":"https:\/\/schema.org","@graph":[{"@type":"Article","@id":"https:\/\/hierostrasbourg.com\/index.php\/2022\/12\/19\/placer-les-departements-au-coeur-de-l-amenagement-culturel\/#article","isPartOf":{"@id":"https:\/\/hierostrasbourg.com\/index.php\/2022\/12\/19\/placer-les-departements-au-coeur-de-l-amenagement-culturel\/"},"author":{"name":"","@id":""},"headline":"Placer les d\u00e9partements au c\u0153ur de l\u2019\u00ab am\u00e9nagement culturel \u00bb","datePublished":"2022-12-19T20:45:42+00:00","mainEntityOfPage":{"@id":"https:\/\/hierostrasbourg.com\/index.php\/2022\/12\/19\/placer-les-departements-au-coeur-de-l-amenagement-culturel\/"},"wordCount":139,"publisher":{"@id":"https:\/\/hierostrasbourg.com\/#organization"},"inLanguage":"fr-FR"},{"@type":"WebPage","@id":"https:\/\/hierostrasbourg.com\/index.php\/2022\/12\/19\/placer-les-departements-au-coeur-de-l-amenagement-culturel\/","url":"https:\/\/hierostrasbourg.com\/index.php\/2022\/12\/19\/placer-les-departements-au-coeur-de-l-amenagement-culturel\/","name":"Placer les d\u00e9partements au c\u0153ur de l\u2019\u00ab am\u00e9nagement culturel \u00bb - HIERO STRASBOURG","isPartOf":{"@id":"https:\/\/hierostrasbourg.com\/#website"},"datePublished":"2022-12-19T20:45:42+00:00","breadcrumb":{"@id":"https:\/\/hierostrasbourg.com\/index.php\/2022\/12\/19\/placer-les-departements-au-coeur-de-l-amenagement-culturel\/#breadcrumb"},"inLanguage":"fr-FR","potentialAction":[{"@type":"ReadAction","target":["https:\/\/hierostrasbourg.com\/index.php\/2022\/12\/19\/placer-les-departements-au-coeur-de-l-amenagement-culturel\/"]}]},{"@type":"BreadcrumbList","@id":"https:\/\/hierostrasbourg.com\/index.php\/2022\/12\/19\/placer-les-departements-au-coeur-de-l-amenagement-culturel\/#breadcrumb","itemListElement":[{"@type":"ListItem","position":1,"name":"Accueil","item":"https:\/\/hierostrasbourg.com\/"},{"@type":"ListItem","position":2,"name":"Placer les d\u00e9partements au c\u0153ur de l\u2019\u00ab am\u00e9nagement culturel \u00bb"}]},{"@type":"WebSite","@id":"https:\/\/hierostrasbourg.com\/#website","url":"https:\/\/hierostrasbourg.com\/","name":"HIERO STRASBOURG","description":"Centre de Ressources Musiques Actuelles","publisher":{"@id":"https:\/\/hierostrasbourg.com\/#organization"},"potentialAction":[{"@type":"SearchAction","target":{"@type":"EntryPoint","urlTemplate":"https:\/\/hierostrasbourg.com\/?s={search_term_string}"},"query-input":{"@type":"PropertyValueSpecification","valueRequired":true,"valueName":"search_term_string"}}],"inLanguage":"fr-FR"},{"@type":"Organization","@id":"https:\/\/hierostrasbourg.com\/#organization","name":"F\u00e9d\u00e9ration Hi\u00e9ro Strasbourg","url":"https:\/\/hierostrasbourg.com\/","logo":{"@type":"ImageObject","inLanguage":"fr-FR","@id":"https:\/\/hierostrasbourg.com\/#\/schema\/logo\/image\/","url":"https:\/\/hierostrasbourg.com\/wp-content\/uploads\/2026\/04\/logo-hiero-strasbourg.jpg","contentUrl":"https:\/\/hierostrasbourg.com\/wp-content\/uploads\/2026\/04\/logo-hiero-strasbourg.jpg","width":204,"height":192,"caption":"F\u00e9d\u00e9ration Hi\u00e9ro Strasbourg"},"image":{"@id":"https:\/\/hierostrasbourg.com\/#\/schema\/logo\/image\/"},"sameAs":["https:\/\/www.facebook.com\/fedehierostrasbourg","https:\/\/x.com\/hierostrasbourg"]}]}},"_links":{"self":[{"href":"https:\/\/hierostrasbourg.com\/index.php\/wp-json\/wp\/v2\/posts\/4300","targetHints":{"allow":["GET"]}}],"collection":[{"href":"https:\/\/hierostrasbourg.com\/index.php\/wp-json\/wp\/v2\/posts"}],"about":[{"href":"https:\/\/hierostrasbourg.com\/index.php\/wp-json\/wp\/v2\/types\/post"}],"replies":[{"embeddable":true,"href":"https:\/\/hierostrasbourg.com\/index.php\/wp-json\/wp\/v2\/comments?post=4300"}],"version-history":[{"count":0,"href":"https:\/\/hierostrasbourg.com\/index.php\/wp-json\/wp\/v2\/posts\/4300\/revisions"}],"wp:attachment":[{"href":"https:\/\/hierostrasbourg.com\/index.php\/wp-json\/wp\/v2\/media?parent=4300"}],"wp:term":[{"taxonomy":"category","embeddable":true,"href":"https:\/\/hierostrasbourg.com\/index.php\/wp-json\/wp\/v2\/categories?post=4300"},{"taxonomy":"post_tag","embeddable":true,"href":"https:\/\/hierostrasbourg.com\/index.php\/wp-json\/wp\/v2\/tags?post=4300"}],"curies":[{"name":"wp","href":"https:\/\/api.w.org\/{rel}","templated":true}]}}