{"id":4298,"date":"2022-12-19T18:40:24","date_gmt":"2022-12-19T17:40:24","guid":{"rendered":"https:\/\/hierostrasbourg.com\/index.php\/2022\/12\/19\/la-ville-de-strasbourg-recrute-un-chef-de-projet-f-h\/"},"modified":"2022-12-19T18:40:24","modified_gmt":"2022-12-19T17:40:24","slug":"la-ville-de-strasbourg-recrute-un-chef-de-projet-f-h","status":"publish","type":"post","link":"https:\/\/hierostrasbourg.com\/index.php\/2022\/12\/19\/la-ville-de-strasbourg-recrute-un-chef-de-projet-f-h\/","title":{"rendered":"LA VILLE DE STRASBOURG recrute un chef de projet [F\/H]"},"content":{"rendered":"<p>Compos\u00e9e de 47 agents-es, la Direction Ev\u00e8nements et vie associative a pour mission la conception et la r\u00e9alisation d\u2019\u00e9v\u00e8nements en r\u00e9gie ainsi qu\u2019un r\u00f4le support aupr\u00e8s des organisateurs de manifestations sur le territoire strasbourgeois. Elle apporte \u00e9galement un soutien mat\u00e9riel (salles, mat\u00e9riel\u2026) et financier (subventions). Enfin, elle assure un r\u00f4le de centre de ressources pour les associations strasbourgeoises.<\/p>\n<p>Le D\u00e9partement Gestion de projets con\u00e7oit et r\u00e9alise des contenus \u00e9v\u00e8nementiels sur l\u2019espace avec une mission particuli\u00e8re de coordination g\u00e9n\u00e9rale de \u201cStrasbourg Capitale de No\u00ebl\u201d.<\/p>\n<p>L\u2019\u00e9quipe de la coordination g\u00e9n\u00e9rale de \u201cStrasbourg Capitale de No\u00ebl\u201d assure la coh\u00e9rence globale du march\u00e9 de no\u00ebl (organisation, administration, ligne \u00e9ditoriale, financement) ainsi que l\u2019animation et la f\u00e9d\u00e9ration des parties prenantes internes et externes \u00e0 la collectivit\u00e9.<br \/>\nDepuis 1570, le march\u00e9 de No\u00ebl \u201cChristkindlsm\u00e4rik\u201d fait partie de l\u2019identit\u00e9 strasbourgeoise. Cet \u00e9v\u00e9nement incarne tous les souvenirs d\u2019enfance et les moments partag\u00e9s \u00e0 la veille des festivit\u00e9s de No\u00ebl. Sa magie et son ambiance particuli\u00e8re reconnue \u00e0 travers le monde, d\u00e9montre l\u2019importance de cette tradition qui perdure depuis des si\u00e8cles et \u00e0 laquelle les habitants sont fortement attach\u00e9s.<\/p>\n<p>Avec 2 millions de visiteurs-ses annuel, les retomb\u00e9es \u00e9conomiques pour le territoire sont consid\u00e9rables, de m\u00eame que les retomb\u00e9es de notori\u00e9t\u00e9 et de vivre ensemble li\u00e9es \u00e0 \u201cStrasbourg Capitale de No\u00ebl\u201d.<br \/>\nDepuis 2020, un processus d\u2019\u00e9volution forte de l\u2019\u00e9v\u00e8nement est en cours.<\/p>\n<h2>Missions<\/h2>\n<p>Au sein d\u2019une \u00e9quipe de 4 agents-es, vous pilotez, concevez, coordonnez et programmez l\u2019\u00e9v\u00e9nement \u201cStrasbourg Capitale de No\u00ebl\u201d en lien avec l\u2019ensemble des services de la collectivit\u00e9 et les partenaires externes. Votre action est plac\u00e9e dans une perspective d\u2019\u00e9volution de l\u2019\u00e9v\u00e8nement.<\/p>\n<h4>Activit\u00e9s principales<\/h4>\n<p>Assurer le pilotage de l\u2019ensemble du projet<br \/>\nParticiper \u00e0 la r\u00e9flexion strat\u00e9gique et \u00e0 la d\u00e9finition des orientations,<br \/>\nGarantir la bonne tenue des enjeux et objectifs de l\u2019\u00e9v\u00e9nement,<br \/>\nAssurer la transversalit\u00e9 avec les services concern\u00e9s et les parties externes de l\u2019\u00e9v\u00e9nement<br \/>\nEtablir et garantir les d\u00e9lais du calendrier pr\u00e9visionnel<br \/>\nEvaluer les retomb\u00e9es des actions r\u00e9alis\u00e9es et proposer des \u00e9volutions,<br \/>\nD\u00e9velopper et consolider les partenariats.<\/p>\n<h4>Coordination de projets<\/h4>\n<p>Coordonner et animer une \u00e9quipe compos\u00e9e de 3 personnes en mode gestion de projets.<br \/>\nAnimer un r\u00e9seau interne et externe de contacts (tenir des r\u00e9unions publiques \u2013 internes \u2013 avec des \u00e9lus)<\/p>\n<h4>Management op\u00e9rationnel des \u00e9v\u00e8nements<\/h4>\n<p>Coordonner la pr\u00e9paration et l\u2019organisation de l\u2019op\u00e9ration<br \/>\nPr\u00e9parer les budgets, assurer le suivi financier et veiller \u00e0 l\u2019optimisation des moyens mis en \u0153uvre,<br \/>\nVeiller \u00e0 l\u2019application des r\u00e8gles de s\u00e9curit\u00e9 en mati\u00e8re d\u2019organisation d\u2019\u00e9v\u00e8nements sur l\u2019espace public,<br \/>\nVeiller au respect de la r\u00e8glementation du travail : temps de travail, s\u00e9curit\u00e9 des personnes, port des EPI\u2026,<br \/>\nproposer des contenus d\u2019animations et \u00e9v\u00e8nements festifs, culturels\u2026<\/p>\n<h4>Assistance \u00e0 ma\u00eetrise d\u2019ouvrage<\/h4>\n<p>Assurer une fonction d\u2019expert et conseiller les autres services et partenaires ext\u00e9rieurs sur l\u2019organisation de manifestations,<\/p>\n<h4>Activit\u00e9s secondaires<\/h4>\n<p>Appliquer et mettre en \u0153uvre les proc\u00e9dures d\u2019achats publics<br \/>\nG\u00e9rer la base de donn\u00e9es des candidats au March\u00e9 de No\u00ebl<br \/>\nInstruction des candidatures au march\u00e9 de No\u00ebl en vue des d\u00e9lib\u00e9rations de la Commission consultative de S\u00e9lection du march\u00e9 de No\u00ebl de Strasbourg.<br \/>\nSuperviser la mise \u00e0 jour du formulaire d\u2019inscription au march\u00e9 de No\u00ebl de Strasbourg.<\/p>\n<h2>Profils recherch\u00e9s<\/h2>\n<p>Bac+3 \u00e0 5 en \u00e9v\u00e9nementiel, d\u00e9veloppement de projet, ou \u00e9quivalent.<br \/>\nExp\u00e9rience confirm\u00e9e en pilotage de projets transversaux, dans l\u2019organisation de manifestations et la coordination de partenaires multiples.<br \/>\nExpertise en management et gestion de projets.<br \/>\nMa\u00eetrise du fonctionnement des collectivit\u00e9s et des proc\u00e9dures li\u00e9es aux march\u00e9s publics.<br \/>\nMa\u00eetrise en mati\u00e8re de s\u00e9curit\u00e9 dans le cadre de l\u2019organisation de manifestations et des normes ERP.<br \/>\nMa\u00eetrise des les outils bureautiques (Word, Excel).<br \/>\nCapacit\u00e9 \u00e0 coordonner les interventions de partenaires multiples.<br \/>\nCapacit\u00e9 \u00e0 organiser des manifestations.<br \/>\nCapacit\u00e9 \u00e0 entretenir et d\u00e9velopper un r\u00e9seau de relations professionnelles.<br \/>\nCapacit\u00e9 \u00e0 imaginer des solutions adapt\u00e9es aux situations.<br \/>\nCapacit\u00e9 \u00e0 hi\u00e9rarchiser les informations selon leur importance et leur urgence.<br \/>\nQualit\u00e9s de communication, \u00e9coute, dialogue, diplomatie, sens de la n\u00e9gociation, capacit\u00e9 \u00e0 convaincre.<br \/>\nR\u00e9activit\u00e9, force de proposition.<\/p>\n<p>Poste \u00e0 pourvoir le 01\/04\/2023<br \/>\nDate limite de candidature 15\/01\/2023<\/p>\n<p>EUROMETROPOLE DE STRASBOURG<br \/>\nService emploi et d\u00e9veloppement des comp\u00e9tences \u2013 1 parc de l\u2019etoile<br \/>\n67076 Strasbourg<\/p>\n<p><a class=\"maxbutton-1 maxbutton maxbutton-inscription\" href=\"https:\/\/www.emploi.strasbourg.eu\/\"><span class=\"mb-text\">POSTULEZ<\/span><\/a><\/p>\n<p>L\u2019article <a href=\"https:\/\/popburo.fr\/la-ville-de-strasbourg-recrute-un-chef-de-projet-f-h\/\">LA VILLE DE STRASBOURG recrute un chef de projet [F\/H]<\/a> est apparu en premier sur <a href=\"https:\/\/popburo.fr\/\">POP B\u00dcRO<\/a>.<\/p>\n","protected":false},"excerpt":{"rendered":"<p>Compos\u00e9e de 47 agents-es, la Direction Ev\u00e8nements et vie associative a pour mission la conception et la r\u00e9alisation d\u2019\u00e9v\u00e8nements en r\u00e9gie ainsi qu\u2019un r\u00f4le support aupr\u00e8s des organisateurs de manifestations sur le territoire strasbourgeois. Elle apporte \u00e9galement un soutien mat\u00e9riel (salles, mat\u00e9riel\u2026) et financier (subventions). Enfin, elle assure un r\u00f4le de centre de ressources pour les associations strasbourgeoises. Le D\u00e9partement Gestion de projets con\u00e7oit et r\u00e9alise des contenus \u00e9v\u00e8nementiels sur l\u2019espace avec une mission particuli\u00e8re de coordination g\u00e9n\u00e9rale de \u201cStrasbourg [&hellip;]<\/p>\n","protected":false},"author":0,"featured_media":0,"comment_status":"closed","ping_status":"open","sticky":false,"template":"","format":"standard","meta":{"footnotes":""},"categories":[1],"tags":[],"class_list":["post-4298","post","type-post","status-publish","format-standard","hentry","category-non-classe"],"yoast_head":"<!-- This site is optimized with the Yoast SEO plugin v27.5 - https:\/\/yoast.com\/product\/yoast-seo-wordpress\/ -->\n<title>LA VILLE DE STRASBOURG recrute un chef de projet [F\/H] - HIERO STRASBOURG<\/title>\n<meta name=\"robots\" content=\"index, follow, max-snippet:-1, max-image-preview:large, max-video-preview:-1\" \/>\n<link rel=\"canonical\" href=\"https:\/\/hierostrasbourg.com\/index.php\/2022\/12\/19\/la-ville-de-strasbourg-recrute-un-chef-de-projet-f-h\/\" \/>\n<meta property=\"og:locale\" content=\"fr_FR\" \/>\n<meta property=\"og:type\" content=\"article\" \/>\n<meta property=\"og:title\" content=\"LA VILLE DE STRASBOURG recrute un chef de projet [F\/H] - HIERO STRASBOURG\" \/>\n<meta property=\"og:description\" content=\"Compos\u00e9e de 47 agents-es, la Direction Ev\u00e8nements et vie associative a pour mission la conception et la r\u00e9alisation d\u2019\u00e9v\u00e8nements en r\u00e9gie ainsi qu\u2019un r\u00f4le support aupr\u00e8s des organisateurs de manifestations sur le territoire strasbourgeois. Elle apporte \u00e9galement un soutien mat\u00e9riel (salles, mat\u00e9riel\u2026) et financier (subventions). Enfin, elle assure un r\u00f4le de centre de ressources pour les associations strasbourgeoises. Le D\u00e9partement Gestion de projets con\u00e7oit et r\u00e9alise des contenus \u00e9v\u00e8nementiels sur l\u2019espace avec une mission particuli\u00e8re de coordination g\u00e9n\u00e9rale de \u201cStrasbourg [&hellip;]\" \/>\n<meta property=\"og:url\" content=\"https:\/\/hierostrasbourg.com\/index.php\/2022\/12\/19\/la-ville-de-strasbourg-recrute-un-chef-de-projet-f-h\/\" \/>\n<meta property=\"og:site_name\" content=\"HIERO STRASBOURG\" \/>\n<meta property=\"article:publisher\" content=\"https:\/\/www.facebook.com\/fedehierostrasbourg\" \/>\n<meta property=\"article:published_time\" content=\"2022-12-19T17:40:24+00:00\" \/>\n<meta name=\"twitter:card\" content=\"summary_large_image\" \/>\n<meta name=\"twitter:creator\" content=\"@hierostrasbourg\" \/>\n<meta name=\"twitter:site\" content=\"@hierostrasbourg\" \/>\n<meta name=\"twitter:label1\" content=\"Dur\u00e9e de lecture estim\u00e9e\" \/>\n\t<meta name=\"twitter:data1\" content=\"4 minutes\" \/>\n<script type=\"application\/ld+json\" class=\"yoast-schema-graph\">{\"@context\":\"https:\\\/\\\/schema.org\",\"@graph\":[{\"@type\":\"Article\",\"@id\":\"https:\\\/\\\/hierostrasbourg.com\\\/index.php\\\/2022\\\/12\\\/19\\\/la-ville-de-strasbourg-recrute-un-chef-de-projet-f-h\\\/#article\",\"isPartOf\":{\"@id\":\"https:\\\/\\\/hierostrasbourg.com\\\/index.php\\\/2022\\\/12\\\/19\\\/la-ville-de-strasbourg-recrute-un-chef-de-projet-f-h\\\/\"},\"author\":{\"name\":\"\",\"@id\":\"\"},\"headline\":\"LA VILLE DE STRASBOURG recrute un chef de projet [F\\\/H]\",\"datePublished\":\"2022-12-19T17:40:24+00:00\",\"mainEntityOfPage\":{\"@id\":\"https:\\\/\\\/hierostrasbourg.com\\\/index.php\\\/2022\\\/12\\\/19\\\/la-ville-de-strasbourg-recrute-un-chef-de-projet-f-h\\\/\"},\"wordCount\":811,\"publisher\":{\"@id\":\"https:\\\/\\\/hierostrasbourg.com\\\/#organization\"},\"inLanguage\":\"fr-FR\"},{\"@type\":\"WebPage\",\"@id\":\"https:\\\/\\\/hierostrasbourg.com\\\/index.php\\\/2022\\\/12\\\/19\\\/la-ville-de-strasbourg-recrute-un-chef-de-projet-f-h\\\/\",\"url\":\"https:\\\/\\\/hierostrasbourg.com\\\/index.php\\\/2022\\\/12\\\/19\\\/la-ville-de-strasbourg-recrute-un-chef-de-projet-f-h\\\/\",\"name\":\"LA VILLE DE STRASBOURG recrute un chef de projet [F\\\/H] - HIERO STRASBOURG\",\"isPartOf\":{\"@id\":\"https:\\\/\\\/hierostrasbourg.com\\\/#website\"},\"datePublished\":\"2022-12-19T17:40:24+00:00\",\"breadcrumb\":{\"@id\":\"https:\\\/\\\/hierostrasbourg.com\\\/index.php\\\/2022\\\/12\\\/19\\\/la-ville-de-strasbourg-recrute-un-chef-de-projet-f-h\\\/#breadcrumb\"},\"inLanguage\":\"fr-FR\",\"potentialAction\":[{\"@type\":\"ReadAction\",\"target\":[\"https:\\\/\\\/hierostrasbourg.com\\\/index.php\\\/2022\\\/12\\\/19\\\/la-ville-de-strasbourg-recrute-un-chef-de-projet-f-h\\\/\"]}]},{\"@type\":\"BreadcrumbList\",\"@id\":\"https:\\\/\\\/hierostrasbourg.com\\\/index.php\\\/2022\\\/12\\\/19\\\/la-ville-de-strasbourg-recrute-un-chef-de-projet-f-h\\\/#breadcrumb\",\"itemListElement\":[{\"@type\":\"ListItem\",\"position\":1,\"name\":\"Accueil\",\"item\":\"https:\\\/\\\/hierostrasbourg.com\\\/\"},{\"@type\":\"ListItem\",\"position\":2,\"name\":\"LA VILLE DE STRASBOURG recrute un chef de projet [F\\\/H]\"}]},{\"@type\":\"WebSite\",\"@id\":\"https:\\\/\\\/hierostrasbourg.com\\\/#website\",\"url\":\"https:\\\/\\\/hierostrasbourg.com\\\/\",\"name\":\"HIERO STRASBOURG\",\"description\":\"Centre de Ressources Musiques Actuelles\",\"publisher\":{\"@id\":\"https:\\\/\\\/hierostrasbourg.com\\\/#organization\"},\"potentialAction\":[{\"@type\":\"SearchAction\",\"target\":{\"@type\":\"EntryPoint\",\"urlTemplate\":\"https:\\\/\\\/hierostrasbourg.com\\\/?s={search_term_string}\"},\"query-input\":{\"@type\":\"PropertyValueSpecification\",\"valueRequired\":true,\"valueName\":\"search_term_string\"}}],\"inLanguage\":\"fr-FR\"},{\"@type\":\"Organization\",\"@id\":\"https:\\\/\\\/hierostrasbourg.com\\\/#organization\",\"name\":\"F\u00e9d\u00e9ration Hi\u00e9ro Strasbourg\",\"url\":\"https:\\\/\\\/hierostrasbourg.com\\\/\",\"logo\":{\"@type\":\"ImageObject\",\"inLanguage\":\"fr-FR\",\"@id\":\"https:\\\/\\\/hierostrasbourg.com\\\/#\\\/schema\\\/logo\\\/image\\\/\",\"url\":\"https:\\\/\\\/hierostrasbourg.com\\\/wp-content\\\/uploads\\\/2026\\\/04\\\/logo-hiero-strasbourg.jpg\",\"contentUrl\":\"https:\\\/\\\/hierostrasbourg.com\\\/wp-content\\\/uploads\\\/2026\\\/04\\\/logo-hiero-strasbourg.jpg\",\"width\":204,\"height\":192,\"caption\":\"F\u00e9d\u00e9ration Hi\u00e9ro Strasbourg\"},\"image\":{\"@id\":\"https:\\\/\\\/hierostrasbourg.com\\\/#\\\/schema\\\/logo\\\/image\\\/\"},\"sameAs\":[\"https:\\\/\\\/www.facebook.com\\\/fedehierostrasbourg\",\"https:\\\/\\\/x.com\\\/hierostrasbourg\"]}]}<\/script>\n<!-- \/ Yoast SEO plugin. -->","yoast_head_json":{"title":"LA VILLE DE STRASBOURG recrute un chef de projet [F\/H] - HIERO STRASBOURG","robots":{"index":"index","follow":"follow","max-snippet":"max-snippet:-1","max-image-preview":"max-image-preview:large","max-video-preview":"max-video-preview:-1"},"canonical":"https:\/\/hierostrasbourg.com\/index.php\/2022\/12\/19\/la-ville-de-strasbourg-recrute-un-chef-de-projet-f-h\/","og_locale":"fr_FR","og_type":"article","og_title":"LA VILLE DE STRASBOURG recrute un chef de projet [F\/H] - HIERO STRASBOURG","og_description":"Compos\u00e9e de 47 agents-es, la Direction Ev\u00e8nements et vie associative a pour mission la conception et la r\u00e9alisation d\u2019\u00e9v\u00e8nements en r\u00e9gie ainsi qu\u2019un r\u00f4le support aupr\u00e8s des organisateurs de manifestations sur le territoire strasbourgeois. Elle apporte \u00e9galement un soutien mat\u00e9riel (salles, mat\u00e9riel\u2026) et financier (subventions). Enfin, elle assure un r\u00f4le de centre de ressources pour les associations strasbourgeoises. Le D\u00e9partement Gestion de projets con\u00e7oit et r\u00e9alise des contenus \u00e9v\u00e8nementiels sur l\u2019espace avec une mission particuli\u00e8re de coordination g\u00e9n\u00e9rale de \u201cStrasbourg [&hellip;]","og_url":"https:\/\/hierostrasbourg.com\/index.php\/2022\/12\/19\/la-ville-de-strasbourg-recrute-un-chef-de-projet-f-h\/","og_site_name":"HIERO STRASBOURG","article_publisher":"https:\/\/www.facebook.com\/fedehierostrasbourg","article_published_time":"2022-12-19T17:40:24+00:00","twitter_card":"summary_large_image","twitter_creator":"@hierostrasbourg","twitter_site":"@hierostrasbourg","twitter_misc":{"Dur\u00e9e de lecture estim\u00e9e":"4 minutes"},"schema":{"@context":"https:\/\/schema.org","@graph":[{"@type":"Article","@id":"https:\/\/hierostrasbourg.com\/index.php\/2022\/12\/19\/la-ville-de-strasbourg-recrute-un-chef-de-projet-f-h\/#article","isPartOf":{"@id":"https:\/\/hierostrasbourg.com\/index.php\/2022\/12\/19\/la-ville-de-strasbourg-recrute-un-chef-de-projet-f-h\/"},"author":{"name":"","@id":""},"headline":"LA VILLE DE STRASBOURG recrute un chef de projet [F\/H]","datePublished":"2022-12-19T17:40:24+00:00","mainEntityOfPage":{"@id":"https:\/\/hierostrasbourg.com\/index.php\/2022\/12\/19\/la-ville-de-strasbourg-recrute-un-chef-de-projet-f-h\/"},"wordCount":811,"publisher":{"@id":"https:\/\/hierostrasbourg.com\/#organization"},"inLanguage":"fr-FR"},{"@type":"WebPage","@id":"https:\/\/hierostrasbourg.com\/index.php\/2022\/12\/19\/la-ville-de-strasbourg-recrute-un-chef-de-projet-f-h\/","url":"https:\/\/hierostrasbourg.com\/index.php\/2022\/12\/19\/la-ville-de-strasbourg-recrute-un-chef-de-projet-f-h\/","name":"LA VILLE DE STRASBOURG recrute un chef de projet [F\/H] - HIERO STRASBOURG","isPartOf":{"@id":"https:\/\/hierostrasbourg.com\/#website"},"datePublished":"2022-12-19T17:40:24+00:00","breadcrumb":{"@id":"https:\/\/hierostrasbourg.com\/index.php\/2022\/12\/19\/la-ville-de-strasbourg-recrute-un-chef-de-projet-f-h\/#breadcrumb"},"inLanguage":"fr-FR","potentialAction":[{"@type":"ReadAction","target":["https:\/\/hierostrasbourg.com\/index.php\/2022\/12\/19\/la-ville-de-strasbourg-recrute-un-chef-de-projet-f-h\/"]}]},{"@type":"BreadcrumbList","@id":"https:\/\/hierostrasbourg.com\/index.php\/2022\/12\/19\/la-ville-de-strasbourg-recrute-un-chef-de-projet-f-h\/#breadcrumb","itemListElement":[{"@type":"ListItem","position":1,"name":"Accueil","item":"https:\/\/hierostrasbourg.com\/"},{"@type":"ListItem","position":2,"name":"LA VILLE DE STRASBOURG recrute un chef de projet [F\/H]"}]},{"@type":"WebSite","@id":"https:\/\/hierostrasbourg.com\/#website","url":"https:\/\/hierostrasbourg.com\/","name":"HIERO STRASBOURG","description":"Centre de Ressources Musiques Actuelles","publisher":{"@id":"https:\/\/hierostrasbourg.com\/#organization"},"potentialAction":[{"@type":"SearchAction","target":{"@type":"EntryPoint","urlTemplate":"https:\/\/hierostrasbourg.com\/?s={search_term_string}"},"query-input":{"@type":"PropertyValueSpecification","valueRequired":true,"valueName":"search_term_string"}}],"inLanguage":"fr-FR"},{"@type":"Organization","@id":"https:\/\/hierostrasbourg.com\/#organization","name":"F\u00e9d\u00e9ration Hi\u00e9ro Strasbourg","url":"https:\/\/hierostrasbourg.com\/","logo":{"@type":"ImageObject","inLanguage":"fr-FR","@id":"https:\/\/hierostrasbourg.com\/#\/schema\/logo\/image\/","url":"https:\/\/hierostrasbourg.com\/wp-content\/uploads\/2026\/04\/logo-hiero-strasbourg.jpg","contentUrl":"https:\/\/hierostrasbourg.com\/wp-content\/uploads\/2026\/04\/logo-hiero-strasbourg.jpg","width":204,"height":192,"caption":"F\u00e9d\u00e9ration Hi\u00e9ro Strasbourg"},"image":{"@id":"https:\/\/hierostrasbourg.com\/#\/schema\/logo\/image\/"},"sameAs":["https:\/\/www.facebook.com\/fedehierostrasbourg","https:\/\/x.com\/hierostrasbourg"]}]}},"_links":{"self":[{"href":"https:\/\/hierostrasbourg.com\/index.php\/wp-json\/wp\/v2\/posts\/4298","targetHints":{"allow":["GET"]}}],"collection":[{"href":"https:\/\/hierostrasbourg.com\/index.php\/wp-json\/wp\/v2\/posts"}],"about":[{"href":"https:\/\/hierostrasbourg.com\/index.php\/wp-json\/wp\/v2\/types\/post"}],"replies":[{"embeddable":true,"href":"https:\/\/hierostrasbourg.com\/index.php\/wp-json\/wp\/v2\/comments?post=4298"}],"version-history":[{"count":0,"href":"https:\/\/hierostrasbourg.com\/index.php\/wp-json\/wp\/v2\/posts\/4298\/revisions"}],"wp:attachment":[{"href":"https:\/\/hierostrasbourg.com\/index.php\/wp-json\/wp\/v2\/media?parent=4298"}],"wp:term":[{"taxonomy":"category","embeddable":true,"href":"https:\/\/hierostrasbourg.com\/index.php\/wp-json\/wp\/v2\/categories?post=4298"},{"taxonomy":"post_tag","embeddable":true,"href":"https:\/\/hierostrasbourg.com\/index.php\/wp-json\/wp\/v2\/tags?post=4298"}],"curies":[{"name":"wp","href":"https:\/\/api.w.org\/{rel}","templated":true}]}}