{"id":4293,"date":"2022-12-17T11:40:24","date_gmt":"2022-12-17T10:40:24","guid":{"rendered":"https:\/\/hierostrasbourg.com\/index.php\/2022\/12\/17\/comment-faire-face-aux-violences-sexistes-et-sexuelles-dans-le-secteur-culturel\/"},"modified":"2022-12-17T11:40:24","modified_gmt":"2022-12-17T10:40:24","slug":"comment-faire-face-aux-violences-sexistes-et-sexuelles-dans-le-secteur-culturel","status":"publish","type":"post","link":"https:\/\/hierostrasbourg.com\/index.php\/2022\/12\/17\/comment-faire-face-aux-violences-sexistes-et-sexuelles-dans-le-secteur-culturel\/","title":{"rendered":"Comment faire face aux violences sexistes et sexuelles dans le secteur culturel ?"},"content":{"rendered":"<p>C\u2019est du secteur de l\u2019industrie culturelle \u2013 et plus pr\u00e9cis\u00e9ment du cin\u00e9ma \u2013 qu\u2019a \u00e9merg\u00e9, en 2017, le mouvement #metoo, lib\u00e9rant une parole collective contre les violences sexistes qui r\u00e9sonne encore fortement aujourd\u2019hui. Pourtant, la prise de conscience est lente et le secteur culturel peine \u00e0 avancer concr\u00e8tement sur ces questions. Si la culture cherche \u00e0 \u00e9manciper les publics, les lieux culturels sont-ils \u00e9mancipateurs pour leurs \u00e9quipes ? Dans un domaine qui se consid\u00e8re comme progressiste, comment d\u00e9construire l\u2019illusion de [\u2026]<\/p>\n<p>L\u2019article <a href=\"https:\/\/musiquesactuelles.alsace\/comment-faire-face-aux-violences-sexistes-et-sexuelles-dans-le-secteur-culturel\/\">Comment faire face aux violences sexistes et sexuelles dans le secteur culturel ?<\/a> est apparu en premier sur <a href=\"https:\/\/musiquesactuelles.alsace\/\">Musiques Actuelles en Alsace<\/a>.<\/p>\n<p>L\u2019article <a href=\"https:\/\/popburo.fr\/comment-faire-face-aux-violences-sexistes-et-sexuelles-dans-le-secteur-culturel\/\">Comment faire face aux violences sexistes et sexuelles dans le secteur culturel ?<\/a> est apparu en premier sur <a href=\"https:\/\/popburo.fr\/\">POP B\u00dcRO<\/a>.<\/p>\n","protected":false},"excerpt":{"rendered":"<p>C\u2019est du secteur de l\u2019industrie culturelle \u2013 et plus pr\u00e9cis\u00e9ment du cin\u00e9ma \u2013 qu\u2019a \u00e9merg\u00e9, en 2017, le mouvement #metoo, lib\u00e9rant une parole collective contre les violences sexistes qui r\u00e9sonne encore fortement aujourd\u2019hui. Pourtant, la prise de conscience est lente et le secteur culturel peine \u00e0 avancer concr\u00e8tement sur ces questions. Si la culture cherche \u00e0 \u00e9manciper les publics, les lieux culturels sont-ils \u00e9mancipateurs pour leurs \u00e9quipes ? Dans un domaine qui se consid\u00e8re comme progressiste, comment d\u00e9construire l\u2019illusion de [&hellip;]<\/p>\n","protected":false},"author":0,"featured_media":0,"comment_status":"closed","ping_status":"open","sticky":false,"template":"","format":"standard","meta":{"footnotes":""},"categories":[1],"tags":[],"class_list":["post-4293","post","type-post","status-publish","format-standard","hentry","category-non-classe"],"yoast_head":"<!-- This site is optimized with the Yoast SEO plugin v27.5 - https:\/\/yoast.com\/product\/yoast-seo-wordpress\/ -->\n<title>Comment faire face aux violences sexistes et sexuelles dans le secteur culturel ? - HIERO STRASBOURG<\/title>\n<meta name=\"robots\" content=\"index, follow, max-snippet:-1, max-image-preview:large, max-video-preview:-1\" \/>\n<link rel=\"canonical\" href=\"https:\/\/hierostrasbourg.com\/index.php\/2022\/12\/17\/comment-faire-face-aux-violences-sexistes-et-sexuelles-dans-le-secteur-culturel\/\" \/>\n<meta property=\"og:locale\" content=\"fr_FR\" \/>\n<meta property=\"og:type\" content=\"article\" \/>\n<meta property=\"og:title\" content=\"Comment faire face aux violences sexistes et sexuelles dans le secteur culturel ? - HIERO STRASBOURG\" \/>\n<meta property=\"og:description\" content=\"C\u2019est du secteur de l\u2019industrie culturelle \u2013 et plus pr\u00e9cis\u00e9ment du cin\u00e9ma \u2013 qu\u2019a \u00e9merg\u00e9, en 2017, le mouvement #metoo, lib\u00e9rant une parole collective contre les violences sexistes qui r\u00e9sonne encore fortement aujourd\u2019hui. Pourtant, la prise de conscience est lente et le secteur culturel peine \u00e0 avancer concr\u00e8tement sur ces questions. Si la culture cherche \u00e0 \u00e9manciper les publics, les lieux culturels sont-ils \u00e9mancipateurs pour leurs \u00e9quipes ? Dans un domaine qui se consid\u00e8re comme progressiste, comment d\u00e9construire l\u2019illusion de [&hellip;]\" \/>\n<meta property=\"og:url\" content=\"https:\/\/hierostrasbourg.com\/index.php\/2022\/12\/17\/comment-faire-face-aux-violences-sexistes-et-sexuelles-dans-le-secteur-culturel\/\" \/>\n<meta property=\"og:site_name\" content=\"HIERO STRASBOURG\" \/>\n<meta property=\"article:publisher\" content=\"https:\/\/www.facebook.com\/fedehierostrasbourg\" \/>\n<meta property=\"article:published_time\" content=\"2022-12-17T10:40:24+00:00\" \/>\n<meta name=\"twitter:card\" content=\"summary_large_image\" \/>\n<meta name=\"twitter:creator\" content=\"@hierostrasbourg\" \/>\n<meta name=\"twitter:site\" content=\"@hierostrasbourg\" \/>\n<meta name=\"twitter:label1\" content=\"Dur\u00e9e de lecture estim\u00e9e\" \/>\n\t<meta name=\"twitter:data1\" content=\"1 minute\" \/>\n<script type=\"application\/ld+json\" class=\"yoast-schema-graph\">{\"@context\":\"https:\\\/\\\/schema.org\",\"@graph\":[{\"@type\":\"Article\",\"@id\":\"https:\\\/\\\/hierostrasbourg.com\\\/index.php\\\/2022\\\/12\\\/17\\\/comment-faire-face-aux-violences-sexistes-et-sexuelles-dans-le-secteur-culturel\\\/#article\",\"isPartOf\":{\"@id\":\"https:\\\/\\\/hierostrasbourg.com\\\/index.php\\\/2022\\\/12\\\/17\\\/comment-faire-face-aux-violences-sexistes-et-sexuelles-dans-le-secteur-culturel\\\/\"},\"author\":{\"name\":\"\",\"@id\":\"\"},\"headline\":\"Comment faire face aux violences sexistes et sexuelles dans le secteur culturel ?\",\"datePublished\":\"2022-12-17T10:40:24+00:00\",\"mainEntityOfPage\":{\"@id\":\"https:\\\/\\\/hierostrasbourg.com\\\/index.php\\\/2022\\\/12\\\/17\\\/comment-faire-face-aux-violences-sexistes-et-sexuelles-dans-le-secteur-culturel\\\/\"},\"wordCount\":144,\"publisher\":{\"@id\":\"https:\\\/\\\/hierostrasbourg.com\\\/#organization\"},\"inLanguage\":\"fr-FR\"},{\"@type\":\"WebPage\",\"@id\":\"https:\\\/\\\/hierostrasbourg.com\\\/index.php\\\/2022\\\/12\\\/17\\\/comment-faire-face-aux-violences-sexistes-et-sexuelles-dans-le-secteur-culturel\\\/\",\"url\":\"https:\\\/\\\/hierostrasbourg.com\\\/index.php\\\/2022\\\/12\\\/17\\\/comment-faire-face-aux-violences-sexistes-et-sexuelles-dans-le-secteur-culturel\\\/\",\"name\":\"Comment faire face aux violences sexistes et sexuelles dans le secteur culturel ? - HIERO STRASBOURG\",\"isPartOf\":{\"@id\":\"https:\\\/\\\/hierostrasbourg.com\\\/#website\"},\"datePublished\":\"2022-12-17T10:40:24+00:00\",\"breadcrumb\":{\"@id\":\"https:\\\/\\\/hierostrasbourg.com\\\/index.php\\\/2022\\\/12\\\/17\\\/comment-faire-face-aux-violences-sexistes-et-sexuelles-dans-le-secteur-culturel\\\/#breadcrumb\"},\"inLanguage\":\"fr-FR\",\"potentialAction\":[{\"@type\":\"ReadAction\",\"target\":[\"https:\\\/\\\/hierostrasbourg.com\\\/index.php\\\/2022\\\/12\\\/17\\\/comment-faire-face-aux-violences-sexistes-et-sexuelles-dans-le-secteur-culturel\\\/\"]}]},{\"@type\":\"BreadcrumbList\",\"@id\":\"https:\\\/\\\/hierostrasbourg.com\\\/index.php\\\/2022\\\/12\\\/17\\\/comment-faire-face-aux-violences-sexistes-et-sexuelles-dans-le-secteur-culturel\\\/#breadcrumb\",\"itemListElement\":[{\"@type\":\"ListItem\",\"position\":1,\"name\":\"Accueil\",\"item\":\"https:\\\/\\\/hierostrasbourg.com\\\/\"},{\"@type\":\"ListItem\",\"position\":2,\"name\":\"Comment faire face aux violences sexistes et sexuelles dans le secteur culturel ?\"}]},{\"@type\":\"WebSite\",\"@id\":\"https:\\\/\\\/hierostrasbourg.com\\\/#website\",\"url\":\"https:\\\/\\\/hierostrasbourg.com\\\/\",\"name\":\"HIERO STRASBOURG\",\"description\":\"Centre de Ressources Musiques Actuelles\",\"publisher\":{\"@id\":\"https:\\\/\\\/hierostrasbourg.com\\\/#organization\"},\"potentialAction\":[{\"@type\":\"SearchAction\",\"target\":{\"@type\":\"EntryPoint\",\"urlTemplate\":\"https:\\\/\\\/hierostrasbourg.com\\\/?s={search_term_string}\"},\"query-input\":{\"@type\":\"PropertyValueSpecification\",\"valueRequired\":true,\"valueName\":\"search_term_string\"}}],\"inLanguage\":\"fr-FR\"},{\"@type\":\"Organization\",\"@id\":\"https:\\\/\\\/hierostrasbourg.com\\\/#organization\",\"name\":\"F\u00e9d\u00e9ration Hi\u00e9ro Strasbourg\",\"url\":\"https:\\\/\\\/hierostrasbourg.com\\\/\",\"logo\":{\"@type\":\"ImageObject\",\"inLanguage\":\"fr-FR\",\"@id\":\"https:\\\/\\\/hierostrasbourg.com\\\/#\\\/schema\\\/logo\\\/image\\\/\",\"url\":\"https:\\\/\\\/hierostrasbourg.com\\\/wp-content\\\/uploads\\\/2026\\\/04\\\/logo-hiero-strasbourg.jpg\",\"contentUrl\":\"https:\\\/\\\/hierostrasbourg.com\\\/wp-content\\\/uploads\\\/2026\\\/04\\\/logo-hiero-strasbourg.jpg\",\"width\":204,\"height\":192,\"caption\":\"F\u00e9d\u00e9ration Hi\u00e9ro Strasbourg\"},\"image\":{\"@id\":\"https:\\\/\\\/hierostrasbourg.com\\\/#\\\/schema\\\/logo\\\/image\\\/\"},\"sameAs\":[\"https:\\\/\\\/www.facebook.com\\\/fedehierostrasbourg\",\"https:\\\/\\\/x.com\\\/hierostrasbourg\"]}]}<\/script>\n<!-- \/ Yoast SEO plugin. -->","yoast_head_json":{"title":"Comment faire face aux violences sexistes et sexuelles dans le secteur culturel ? - HIERO STRASBOURG","robots":{"index":"index","follow":"follow","max-snippet":"max-snippet:-1","max-image-preview":"max-image-preview:large","max-video-preview":"max-video-preview:-1"},"canonical":"https:\/\/hierostrasbourg.com\/index.php\/2022\/12\/17\/comment-faire-face-aux-violences-sexistes-et-sexuelles-dans-le-secteur-culturel\/","og_locale":"fr_FR","og_type":"article","og_title":"Comment faire face aux violences sexistes et sexuelles dans le secteur culturel ? - HIERO STRASBOURG","og_description":"C\u2019est du secteur de l\u2019industrie culturelle \u2013 et plus pr\u00e9cis\u00e9ment du cin\u00e9ma \u2013 qu\u2019a \u00e9merg\u00e9, en 2017, le mouvement #metoo, lib\u00e9rant une parole collective contre les violences sexistes qui r\u00e9sonne encore fortement aujourd\u2019hui. Pourtant, la prise de conscience est lente et le secteur culturel peine \u00e0 avancer concr\u00e8tement sur ces questions. Si la culture cherche \u00e0 \u00e9manciper les publics, les lieux culturels sont-ils \u00e9mancipateurs pour leurs \u00e9quipes ? Dans un domaine qui se consid\u00e8re comme progressiste, comment d\u00e9construire l\u2019illusion de [&hellip;]","og_url":"https:\/\/hierostrasbourg.com\/index.php\/2022\/12\/17\/comment-faire-face-aux-violences-sexistes-et-sexuelles-dans-le-secteur-culturel\/","og_site_name":"HIERO STRASBOURG","article_publisher":"https:\/\/www.facebook.com\/fedehierostrasbourg","article_published_time":"2022-12-17T10:40:24+00:00","twitter_card":"summary_large_image","twitter_creator":"@hierostrasbourg","twitter_site":"@hierostrasbourg","twitter_misc":{"Dur\u00e9e de lecture estim\u00e9e":"1 minute"},"schema":{"@context":"https:\/\/schema.org","@graph":[{"@type":"Article","@id":"https:\/\/hierostrasbourg.com\/index.php\/2022\/12\/17\/comment-faire-face-aux-violences-sexistes-et-sexuelles-dans-le-secteur-culturel\/#article","isPartOf":{"@id":"https:\/\/hierostrasbourg.com\/index.php\/2022\/12\/17\/comment-faire-face-aux-violences-sexistes-et-sexuelles-dans-le-secteur-culturel\/"},"author":{"name":"","@id":""},"headline":"Comment faire face aux violences sexistes et sexuelles dans le secteur culturel ?","datePublished":"2022-12-17T10:40:24+00:00","mainEntityOfPage":{"@id":"https:\/\/hierostrasbourg.com\/index.php\/2022\/12\/17\/comment-faire-face-aux-violences-sexistes-et-sexuelles-dans-le-secteur-culturel\/"},"wordCount":144,"publisher":{"@id":"https:\/\/hierostrasbourg.com\/#organization"},"inLanguage":"fr-FR"},{"@type":"WebPage","@id":"https:\/\/hierostrasbourg.com\/index.php\/2022\/12\/17\/comment-faire-face-aux-violences-sexistes-et-sexuelles-dans-le-secteur-culturel\/","url":"https:\/\/hierostrasbourg.com\/index.php\/2022\/12\/17\/comment-faire-face-aux-violences-sexistes-et-sexuelles-dans-le-secteur-culturel\/","name":"Comment faire face aux violences sexistes et sexuelles dans le secteur culturel ? - HIERO STRASBOURG","isPartOf":{"@id":"https:\/\/hierostrasbourg.com\/#website"},"datePublished":"2022-12-17T10:40:24+00:00","breadcrumb":{"@id":"https:\/\/hierostrasbourg.com\/index.php\/2022\/12\/17\/comment-faire-face-aux-violences-sexistes-et-sexuelles-dans-le-secteur-culturel\/#breadcrumb"},"inLanguage":"fr-FR","potentialAction":[{"@type":"ReadAction","target":["https:\/\/hierostrasbourg.com\/index.php\/2022\/12\/17\/comment-faire-face-aux-violences-sexistes-et-sexuelles-dans-le-secteur-culturel\/"]}]},{"@type":"BreadcrumbList","@id":"https:\/\/hierostrasbourg.com\/index.php\/2022\/12\/17\/comment-faire-face-aux-violences-sexistes-et-sexuelles-dans-le-secteur-culturel\/#breadcrumb","itemListElement":[{"@type":"ListItem","position":1,"name":"Accueil","item":"https:\/\/hierostrasbourg.com\/"},{"@type":"ListItem","position":2,"name":"Comment faire face aux violences sexistes et sexuelles dans le secteur culturel ?"}]},{"@type":"WebSite","@id":"https:\/\/hierostrasbourg.com\/#website","url":"https:\/\/hierostrasbourg.com\/","name":"HIERO STRASBOURG","description":"Centre de Ressources Musiques Actuelles","publisher":{"@id":"https:\/\/hierostrasbourg.com\/#organization"},"potentialAction":[{"@type":"SearchAction","target":{"@type":"EntryPoint","urlTemplate":"https:\/\/hierostrasbourg.com\/?s={search_term_string}"},"query-input":{"@type":"PropertyValueSpecification","valueRequired":true,"valueName":"search_term_string"}}],"inLanguage":"fr-FR"},{"@type":"Organization","@id":"https:\/\/hierostrasbourg.com\/#organization","name":"F\u00e9d\u00e9ration Hi\u00e9ro Strasbourg","url":"https:\/\/hierostrasbourg.com\/","logo":{"@type":"ImageObject","inLanguage":"fr-FR","@id":"https:\/\/hierostrasbourg.com\/#\/schema\/logo\/image\/","url":"https:\/\/hierostrasbourg.com\/wp-content\/uploads\/2026\/04\/logo-hiero-strasbourg.jpg","contentUrl":"https:\/\/hierostrasbourg.com\/wp-content\/uploads\/2026\/04\/logo-hiero-strasbourg.jpg","width":204,"height":192,"caption":"F\u00e9d\u00e9ration Hi\u00e9ro Strasbourg"},"image":{"@id":"https:\/\/hierostrasbourg.com\/#\/schema\/logo\/image\/"},"sameAs":["https:\/\/www.facebook.com\/fedehierostrasbourg","https:\/\/x.com\/hierostrasbourg"]}]}},"_links":{"self":[{"href":"https:\/\/hierostrasbourg.com\/index.php\/wp-json\/wp\/v2\/posts\/4293","targetHints":{"allow":["GET"]}}],"collection":[{"href":"https:\/\/hierostrasbourg.com\/index.php\/wp-json\/wp\/v2\/posts"}],"about":[{"href":"https:\/\/hierostrasbourg.com\/index.php\/wp-json\/wp\/v2\/types\/post"}],"replies":[{"embeddable":true,"href":"https:\/\/hierostrasbourg.com\/index.php\/wp-json\/wp\/v2\/comments?post=4293"}],"version-history":[{"count":0,"href":"https:\/\/hierostrasbourg.com\/index.php\/wp-json\/wp\/v2\/posts\/4293\/revisions"}],"wp:attachment":[{"href":"https:\/\/hierostrasbourg.com\/index.php\/wp-json\/wp\/v2\/media?parent=4293"}],"wp:term":[{"taxonomy":"category","embeddable":true,"href":"https:\/\/hierostrasbourg.com\/index.php\/wp-json\/wp\/v2\/categories?post=4293"},{"taxonomy":"post_tag","embeddable":true,"href":"https:\/\/hierostrasbourg.com\/index.php\/wp-json\/wp\/v2\/tags?post=4293"}],"curies":[{"name":"wp","href":"https:\/\/api.w.org\/{rel}","templated":true}]}}