{"id":4286,"date":"2022-12-16T17:41:36","date_gmt":"2022-12-16T16:41:36","guid":{"rendered":"https:\/\/hierostrasbourg.com\/index.php\/2022\/12\/16\/le-developpement-des-radios-dartistes-dans-le-rap-francais\/"},"modified":"2022-12-16T17:41:36","modified_gmt":"2022-12-16T16:41:36","slug":"le-developpement-des-radios-dartistes-dans-le-rap-francais","status":"publish","type":"post","link":"https:\/\/hierostrasbourg.com\/index.php\/2022\/12\/16\/le-developpement-des-radios-dartistes-dans-le-rap-francais\/","title":{"rendered":"Le d\u00e9veloppement des radios d\u2019artistes dans le rap fran\u00e7ais"},"content":{"rendered":"<p><a href=\"https:\/\/musiquesactuelles.alsace\/le-developpement-des-radios-dartistes-dans-le-rap-francais\/\" title=\"Le d\u00e9veloppement des radios d\u2019artistes dans le rap fran\u00e7ais\"><\/a><\/p>\n<p>Derni\u00e8rement, on constate que la cr\u00e9ation de Radios\/Podcasts d\u2019artistes rap progresse \u00e0 vitesse grand V. On a d\u00e9cid\u00e9 de se pencher sur le sujet. Source \/ Lire la suite : Le d\u00e9veloppement des radios d\u2019artistes dans le rap fran\u00e7ais<\/p>\n<p>L\u2019article <a href=\"https:\/\/musiquesactuelles.alsace\/le-developpement-des-radios-dartistes-dans-le-rap-francais\/\">Le d\u00e9veloppement des radios d\u2019artistes dans le rap fran\u00e7ais<\/a> est apparu en premier sur <a href=\"https:\/\/musiquesactuelles.alsace\/\">Musiques Actuelles en Alsace<\/a>.<\/p>\n<p>L\u2019article <a href=\"https:\/\/popburo.fr\/le-developpement-des-radios-dartistes-dans-le-rap-francais\/\">Le d\u00e9veloppement des radios d\u2019artistes dans le rap fran\u00e7ais<\/a> est apparu en premier sur <a href=\"https:\/\/popburo.fr\/\">POP B\u00dcRO<\/a>.<\/p>\n","protected":false},"excerpt":{"rendered":"<p>Derni\u00e8rement, on constate que la cr\u00e9ation de Radios\/Podcasts d\u2019artistes rap progresse \u00e0 vitesse grand V. On a d\u00e9cid\u00e9 de se pencher sur le sujet. Source \/ Lire la suite : Le d\u00e9veloppement des radios d\u2019artistes dans le rap fran\u00e7ais L\u2019article Le d\u00e9veloppement des radios d\u2019artistes dans le rap fran\u00e7ais est apparu en premier sur Musiques Actuelles en Alsace. L\u2019article Le d\u00e9veloppement des radios d\u2019artistes dans le rap fran\u00e7ais est apparu en premier sur POP B\u00dcRO.<\/p>\n","protected":false},"author":0,"featured_media":0,"comment_status":"closed","ping_status":"open","sticky":false,"template":"","format":"standard","meta":{"footnotes":""},"categories":[1],"tags":[],"class_list":["post-4286","post","type-post","status-publish","format-standard","hentry","category-non-classe"],"yoast_head":"<!-- This site is optimized with the Yoast SEO plugin v27.5 - https:\/\/yoast.com\/product\/yoast-seo-wordpress\/ -->\n<title>Le d\u00e9veloppement des radios d\u2019artistes dans le rap fran\u00e7ais - HIERO STRASBOURG<\/title>\n<meta name=\"robots\" content=\"index, follow, max-snippet:-1, max-image-preview:large, max-video-preview:-1\" \/>\n<link rel=\"canonical\" href=\"https:\/\/hierostrasbourg.com\/index.php\/2022\/12\/16\/le-developpement-des-radios-dartistes-dans-le-rap-francais\/\" \/>\n<meta property=\"og:locale\" content=\"fr_FR\" \/>\n<meta property=\"og:type\" content=\"article\" \/>\n<meta property=\"og:title\" content=\"Le d\u00e9veloppement des radios d\u2019artistes dans le rap fran\u00e7ais - HIERO STRASBOURG\" \/>\n<meta property=\"og:description\" content=\"Derni\u00e8rement, on constate que la cr\u00e9ation de Radios\/Podcasts d\u2019artistes rap progresse \u00e0 vitesse grand V. On a d\u00e9cid\u00e9 de se pencher sur le sujet. Source \/ Lire la suite : Le d\u00e9veloppement des radios d\u2019artistes dans le rap fran\u00e7ais L\u2019article Le d\u00e9veloppement des radios d\u2019artistes dans le rap fran\u00e7ais est apparu en premier sur Musiques Actuelles en Alsace. L\u2019article Le d\u00e9veloppement des radios d\u2019artistes dans le rap fran\u00e7ais est apparu en premier sur POP B\u00dcRO.\" \/>\n<meta property=\"og:url\" content=\"https:\/\/hierostrasbourg.com\/index.php\/2022\/12\/16\/le-developpement-des-radios-dartistes-dans-le-rap-francais\/\" \/>\n<meta property=\"og:site_name\" content=\"HIERO STRASBOURG\" \/>\n<meta property=\"article:publisher\" content=\"https:\/\/www.facebook.com\/fedehierostrasbourg\" \/>\n<meta property=\"article:published_time\" content=\"2022-12-16T16:41:36+00:00\" \/>\n<meta name=\"twitter:card\" content=\"summary_large_image\" \/>\n<meta name=\"twitter:creator\" content=\"@hierostrasbourg\" \/>\n<meta name=\"twitter:site\" content=\"@hierostrasbourg\" \/>\n<script type=\"application\/ld+json\" class=\"yoast-schema-graph\">{\"@context\":\"https:\\\/\\\/schema.org\",\"@graph\":[{\"@type\":\"Article\",\"@id\":\"https:\\\/\\\/hierostrasbourg.com\\\/index.php\\\/2022\\\/12\\\/16\\\/le-developpement-des-radios-dartistes-dans-le-rap-francais\\\/#article\",\"isPartOf\":{\"@id\":\"https:\\\/\\\/hierostrasbourg.com\\\/index.php\\\/2022\\\/12\\\/16\\\/le-developpement-des-radios-dartistes-dans-le-rap-francais\\\/\"},\"author\":{\"name\":\"\",\"@id\":\"\"},\"headline\":\"Le d\u00e9veloppement des radios d\u2019artistes dans le rap fran\u00e7ais\",\"datePublished\":\"2022-12-16T16:41:36+00:00\",\"mainEntityOfPage\":{\"@id\":\"https:\\\/\\\/hierostrasbourg.com\\\/index.php\\\/2022\\\/12\\\/16\\\/le-developpement-des-radios-dartistes-dans-le-rap-francais\\\/\"},\"wordCount\":101,\"publisher\":{\"@id\":\"https:\\\/\\\/hierostrasbourg.com\\\/#organization\"},\"inLanguage\":\"fr-FR\"},{\"@type\":\"WebPage\",\"@id\":\"https:\\\/\\\/hierostrasbourg.com\\\/index.php\\\/2022\\\/12\\\/16\\\/le-developpement-des-radios-dartistes-dans-le-rap-francais\\\/\",\"url\":\"https:\\\/\\\/hierostrasbourg.com\\\/index.php\\\/2022\\\/12\\\/16\\\/le-developpement-des-radios-dartistes-dans-le-rap-francais\\\/\",\"name\":\"Le d\u00e9veloppement des radios d\u2019artistes dans le rap fran\u00e7ais - HIERO STRASBOURG\",\"isPartOf\":{\"@id\":\"https:\\\/\\\/hierostrasbourg.com\\\/#website\"},\"datePublished\":\"2022-12-16T16:41:36+00:00\",\"breadcrumb\":{\"@id\":\"https:\\\/\\\/hierostrasbourg.com\\\/index.php\\\/2022\\\/12\\\/16\\\/le-developpement-des-radios-dartistes-dans-le-rap-francais\\\/#breadcrumb\"},\"inLanguage\":\"fr-FR\",\"potentialAction\":[{\"@type\":\"ReadAction\",\"target\":[\"https:\\\/\\\/hierostrasbourg.com\\\/index.php\\\/2022\\\/12\\\/16\\\/le-developpement-des-radios-dartistes-dans-le-rap-francais\\\/\"]}]},{\"@type\":\"BreadcrumbList\",\"@id\":\"https:\\\/\\\/hierostrasbourg.com\\\/index.php\\\/2022\\\/12\\\/16\\\/le-developpement-des-radios-dartistes-dans-le-rap-francais\\\/#breadcrumb\",\"itemListElement\":[{\"@type\":\"ListItem\",\"position\":1,\"name\":\"Accueil\",\"item\":\"https:\\\/\\\/hierostrasbourg.com\\\/\"},{\"@type\":\"ListItem\",\"position\":2,\"name\":\"Le d\u00e9veloppement des radios d\u2019artistes dans le rap fran\u00e7ais\"}]},{\"@type\":\"WebSite\",\"@id\":\"https:\\\/\\\/hierostrasbourg.com\\\/#website\",\"url\":\"https:\\\/\\\/hierostrasbourg.com\\\/\",\"name\":\"HIERO STRASBOURG\",\"description\":\"Centre de Ressources Musiques Actuelles\",\"publisher\":{\"@id\":\"https:\\\/\\\/hierostrasbourg.com\\\/#organization\"},\"potentialAction\":[{\"@type\":\"SearchAction\",\"target\":{\"@type\":\"EntryPoint\",\"urlTemplate\":\"https:\\\/\\\/hierostrasbourg.com\\\/?s={search_term_string}\"},\"query-input\":{\"@type\":\"PropertyValueSpecification\",\"valueRequired\":true,\"valueName\":\"search_term_string\"}}],\"inLanguage\":\"fr-FR\"},{\"@type\":\"Organization\",\"@id\":\"https:\\\/\\\/hierostrasbourg.com\\\/#organization\",\"name\":\"F\u00e9d\u00e9ration Hi\u00e9ro Strasbourg\",\"url\":\"https:\\\/\\\/hierostrasbourg.com\\\/\",\"logo\":{\"@type\":\"ImageObject\",\"inLanguage\":\"fr-FR\",\"@id\":\"https:\\\/\\\/hierostrasbourg.com\\\/#\\\/schema\\\/logo\\\/image\\\/\",\"url\":\"https:\\\/\\\/hierostrasbourg.com\\\/wp-content\\\/uploads\\\/2026\\\/04\\\/logo-hiero-strasbourg.jpg\",\"contentUrl\":\"https:\\\/\\\/hierostrasbourg.com\\\/wp-content\\\/uploads\\\/2026\\\/04\\\/logo-hiero-strasbourg.jpg\",\"width\":204,\"height\":192,\"caption\":\"F\u00e9d\u00e9ration Hi\u00e9ro Strasbourg\"},\"image\":{\"@id\":\"https:\\\/\\\/hierostrasbourg.com\\\/#\\\/schema\\\/logo\\\/image\\\/\"},\"sameAs\":[\"https:\\\/\\\/www.facebook.com\\\/fedehierostrasbourg\",\"https:\\\/\\\/x.com\\\/hierostrasbourg\"]}]}<\/script>\n<!-- \/ Yoast SEO plugin. -->","yoast_head_json":{"title":"Le d\u00e9veloppement des radios d\u2019artistes dans le rap fran\u00e7ais - HIERO STRASBOURG","robots":{"index":"index","follow":"follow","max-snippet":"max-snippet:-1","max-image-preview":"max-image-preview:large","max-video-preview":"max-video-preview:-1"},"canonical":"https:\/\/hierostrasbourg.com\/index.php\/2022\/12\/16\/le-developpement-des-radios-dartistes-dans-le-rap-francais\/","og_locale":"fr_FR","og_type":"article","og_title":"Le d\u00e9veloppement des radios d\u2019artistes dans le rap fran\u00e7ais - HIERO STRASBOURG","og_description":"Derni\u00e8rement, on constate que la cr\u00e9ation de Radios\/Podcasts d\u2019artistes rap progresse \u00e0 vitesse grand V. On a d\u00e9cid\u00e9 de se pencher sur le sujet. Source \/ Lire la suite : Le d\u00e9veloppement des radios d\u2019artistes dans le rap fran\u00e7ais L\u2019article Le d\u00e9veloppement des radios d\u2019artistes dans le rap fran\u00e7ais est apparu en premier sur Musiques Actuelles en Alsace. L\u2019article Le d\u00e9veloppement des radios d\u2019artistes dans le rap fran\u00e7ais est apparu en premier sur POP B\u00dcRO.","og_url":"https:\/\/hierostrasbourg.com\/index.php\/2022\/12\/16\/le-developpement-des-radios-dartistes-dans-le-rap-francais\/","og_site_name":"HIERO STRASBOURG","article_publisher":"https:\/\/www.facebook.com\/fedehierostrasbourg","article_published_time":"2022-12-16T16:41:36+00:00","twitter_card":"summary_large_image","twitter_creator":"@hierostrasbourg","twitter_site":"@hierostrasbourg","schema":{"@context":"https:\/\/schema.org","@graph":[{"@type":"Article","@id":"https:\/\/hierostrasbourg.com\/index.php\/2022\/12\/16\/le-developpement-des-radios-dartistes-dans-le-rap-francais\/#article","isPartOf":{"@id":"https:\/\/hierostrasbourg.com\/index.php\/2022\/12\/16\/le-developpement-des-radios-dartistes-dans-le-rap-francais\/"},"author":{"name":"","@id":""},"headline":"Le d\u00e9veloppement des radios d\u2019artistes dans le rap fran\u00e7ais","datePublished":"2022-12-16T16:41:36+00:00","mainEntityOfPage":{"@id":"https:\/\/hierostrasbourg.com\/index.php\/2022\/12\/16\/le-developpement-des-radios-dartistes-dans-le-rap-francais\/"},"wordCount":101,"publisher":{"@id":"https:\/\/hierostrasbourg.com\/#organization"},"inLanguage":"fr-FR"},{"@type":"WebPage","@id":"https:\/\/hierostrasbourg.com\/index.php\/2022\/12\/16\/le-developpement-des-radios-dartistes-dans-le-rap-francais\/","url":"https:\/\/hierostrasbourg.com\/index.php\/2022\/12\/16\/le-developpement-des-radios-dartistes-dans-le-rap-francais\/","name":"Le d\u00e9veloppement des radios d\u2019artistes dans le rap fran\u00e7ais - HIERO STRASBOURG","isPartOf":{"@id":"https:\/\/hierostrasbourg.com\/#website"},"datePublished":"2022-12-16T16:41:36+00:00","breadcrumb":{"@id":"https:\/\/hierostrasbourg.com\/index.php\/2022\/12\/16\/le-developpement-des-radios-dartistes-dans-le-rap-francais\/#breadcrumb"},"inLanguage":"fr-FR","potentialAction":[{"@type":"ReadAction","target":["https:\/\/hierostrasbourg.com\/index.php\/2022\/12\/16\/le-developpement-des-radios-dartistes-dans-le-rap-francais\/"]}]},{"@type":"BreadcrumbList","@id":"https:\/\/hierostrasbourg.com\/index.php\/2022\/12\/16\/le-developpement-des-radios-dartistes-dans-le-rap-francais\/#breadcrumb","itemListElement":[{"@type":"ListItem","position":1,"name":"Accueil","item":"https:\/\/hierostrasbourg.com\/"},{"@type":"ListItem","position":2,"name":"Le d\u00e9veloppement des radios d\u2019artistes dans le rap fran\u00e7ais"}]},{"@type":"WebSite","@id":"https:\/\/hierostrasbourg.com\/#website","url":"https:\/\/hierostrasbourg.com\/","name":"HIERO STRASBOURG","description":"Centre de Ressources Musiques Actuelles","publisher":{"@id":"https:\/\/hierostrasbourg.com\/#organization"},"potentialAction":[{"@type":"SearchAction","target":{"@type":"EntryPoint","urlTemplate":"https:\/\/hierostrasbourg.com\/?s={search_term_string}"},"query-input":{"@type":"PropertyValueSpecification","valueRequired":true,"valueName":"search_term_string"}}],"inLanguage":"fr-FR"},{"@type":"Organization","@id":"https:\/\/hierostrasbourg.com\/#organization","name":"F\u00e9d\u00e9ration Hi\u00e9ro Strasbourg","url":"https:\/\/hierostrasbourg.com\/","logo":{"@type":"ImageObject","inLanguage":"fr-FR","@id":"https:\/\/hierostrasbourg.com\/#\/schema\/logo\/image\/","url":"https:\/\/hierostrasbourg.com\/wp-content\/uploads\/2026\/04\/logo-hiero-strasbourg.jpg","contentUrl":"https:\/\/hierostrasbourg.com\/wp-content\/uploads\/2026\/04\/logo-hiero-strasbourg.jpg","width":204,"height":192,"caption":"F\u00e9d\u00e9ration Hi\u00e9ro Strasbourg"},"image":{"@id":"https:\/\/hierostrasbourg.com\/#\/schema\/logo\/image\/"},"sameAs":["https:\/\/www.facebook.com\/fedehierostrasbourg","https:\/\/x.com\/hierostrasbourg"]}]}},"_links":{"self":[{"href":"https:\/\/hierostrasbourg.com\/index.php\/wp-json\/wp\/v2\/posts\/4286","targetHints":{"allow":["GET"]}}],"collection":[{"href":"https:\/\/hierostrasbourg.com\/index.php\/wp-json\/wp\/v2\/posts"}],"about":[{"href":"https:\/\/hierostrasbourg.com\/index.php\/wp-json\/wp\/v2\/types\/post"}],"replies":[{"embeddable":true,"href":"https:\/\/hierostrasbourg.com\/index.php\/wp-json\/wp\/v2\/comments?post=4286"}],"version-history":[{"count":0,"href":"https:\/\/hierostrasbourg.com\/index.php\/wp-json\/wp\/v2\/posts\/4286\/revisions"}],"wp:attachment":[{"href":"https:\/\/hierostrasbourg.com\/index.php\/wp-json\/wp\/v2\/media?parent=4286"}],"wp:term":[{"taxonomy":"category","embeddable":true,"href":"https:\/\/hierostrasbourg.com\/index.php\/wp-json\/wp\/v2\/categories?post=4286"},{"taxonomy":"post_tag","embeddable":true,"href":"https:\/\/hierostrasbourg.com\/index.php\/wp-json\/wp\/v2\/tags?post=4286"}],"curies":[{"name":"wp","href":"https:\/\/api.w.org\/{rel}","templated":true}]}}