{"id":4268,"date":"2022-12-13T23:36:23","date_gmt":"2022-12-13T22:36:23","guid":{"rendered":"https:\/\/hierostrasbourg.com\/index.php\/2022\/12\/13\/paris-2024-les-festivals-et-les-evenements-sportifs-devront-sadapter-au-calendrier-des-jeux-olympiques\/"},"modified":"2022-12-13T23:36:23","modified_gmt":"2022-12-13T22:36:23","slug":"paris-2024-les-festivals-et-les-evenements-sportifs-devront-sadapter-au-calendrier-des-jeux-olympiques","status":"publish","type":"post","link":"https:\/\/hierostrasbourg.com\/index.php\/2022\/12\/13\/paris-2024-les-festivals-et-les-evenements-sportifs-devront-sadapter-au-calendrier-des-jeux-olympiques\/","title":{"rendered":"Paris 2024 : les festivals et les \u00e9v\u00e9nements sportifs devront s\u2019adapter au calendrier des Jeux olympiques"},"content":{"rendered":"<p><a href=\"https:\/\/musiquesactuelles.alsace\/paris-2024-les-festivals-et-les-evenements-sportifs-devront-sadapter-au-calendrier-des-jeux-olympiques\/\" title=\"Paris 2024 : les festivals et les \u00e9v\u00e9nements sportifs devront s\u2019adapter au calendrier des Jeux olympiques\"><\/a><\/p>\n<p>Les ministres de l\u2019int\u00e9rieur, des sports et de la culture ont pr\u00e9cis\u00e9 les contraintes li\u00e9es \u00e0 la mobilisation des forces de l\u2019ordre pour les JO, tout en assurant que les gros \u00e9v\u00e9nements pourront avoir lieu. Source \/ Lire la suite : Paris 2024 : les festivals et les \u00e9v\u00e9nements sportifs devront s\u2019adapter au calendrier des Jeux olympiques<\/p>\n<p>L\u2019article <a href=\"https:\/\/musiquesactuelles.alsace\/paris-2024-les-festivals-et-les-evenements-sportifs-devront-sadapter-au-calendrier-des-jeux-olympiques\/\">Paris 2024 : les festivals et les \u00e9v\u00e9nements sportifs devront s\u2019adapter au calendrier des Jeux olympiques<\/a> est apparu en premier sur <a href=\"https:\/\/musiquesactuelles.alsace\/\">Musiques Actuelles en Alsace<\/a>.<\/p>\n<p>L\u2019article <a href=\"https:\/\/popburo.fr\/paris-2024-les-festivals-et-les-evenements-sportifs-devront-sadapter-au-calendrier-des-jeux-olympiques\/\">Paris 2024 : les festivals et les \u00e9v\u00e9nements sportifs devront s\u2019adapter au calendrier des Jeux olympiques<\/a> est apparu en premier sur <a href=\"https:\/\/popburo.fr\/\">POP B\u00dcRO<\/a>.<\/p>\n","protected":false},"excerpt":{"rendered":"<p>Les ministres de l\u2019int\u00e9rieur, des sports et de la culture ont pr\u00e9cis\u00e9 les contraintes li\u00e9es \u00e0 la mobilisation des forces de l\u2019ordre pour les JO, tout en assurant que les gros \u00e9v\u00e9nements pourront avoir lieu. Source \/ Lire la suite : Paris 2024 : les festivals et les \u00e9v\u00e9nements sportifs devront s\u2019adapter au calendrier des Jeux olympiques L\u2019article Paris 2024 : les festivals et les \u00e9v\u00e9nements sportifs devront s\u2019adapter au calendrier des Jeux olympiques est apparu en premier sur Musiques [&hellip;]<\/p>\n","protected":false},"author":0,"featured_media":0,"comment_status":"closed","ping_status":"open","sticky":false,"template":"","format":"standard","meta":{"footnotes":""},"categories":[1],"tags":[],"class_list":["post-4268","post","type-post","status-publish","format-standard","hentry","category-non-classe"],"yoast_head":"<!-- This site is optimized with the Yoast SEO plugin v27.5 - https:\/\/yoast.com\/product\/yoast-seo-wordpress\/ -->\n<title>Paris 2024 : les festivals et les \u00e9v\u00e9nements sportifs devront s\u2019adapter au calendrier des Jeux olympiques - HIERO STRASBOURG<\/title>\n<meta name=\"robots\" content=\"index, follow, max-snippet:-1, max-image-preview:large, max-video-preview:-1\" \/>\n<link rel=\"canonical\" href=\"https:\/\/hierostrasbourg.com\/index.php\/2022\/12\/13\/paris-2024-les-festivals-et-les-evenements-sportifs-devront-sadapter-au-calendrier-des-jeux-olympiques\/\" \/>\n<meta property=\"og:locale\" content=\"fr_FR\" \/>\n<meta property=\"og:type\" content=\"article\" \/>\n<meta property=\"og:title\" content=\"Paris 2024 : les festivals et les \u00e9v\u00e9nements sportifs devront s\u2019adapter au calendrier des Jeux olympiques - HIERO STRASBOURG\" \/>\n<meta property=\"og:description\" content=\"Les ministres de l\u2019int\u00e9rieur, des sports et de la culture ont pr\u00e9cis\u00e9 les contraintes li\u00e9es \u00e0 la mobilisation des forces de l\u2019ordre pour les JO, tout en assurant que les gros \u00e9v\u00e9nements pourront avoir lieu. Source \/ Lire la suite : Paris 2024 : les festivals et les \u00e9v\u00e9nements sportifs devront s\u2019adapter au calendrier des Jeux olympiques L\u2019article Paris 2024 : les festivals et les \u00e9v\u00e9nements sportifs devront s\u2019adapter au calendrier des Jeux olympiques est apparu en premier sur Musiques [&hellip;]\" \/>\n<meta property=\"og:url\" content=\"https:\/\/hierostrasbourg.com\/index.php\/2022\/12\/13\/paris-2024-les-festivals-et-les-evenements-sportifs-devront-sadapter-au-calendrier-des-jeux-olympiques\/\" \/>\n<meta property=\"og:site_name\" content=\"HIERO STRASBOURG\" \/>\n<meta property=\"article:publisher\" content=\"https:\/\/www.facebook.com\/fedehierostrasbourg\" \/>\n<meta property=\"article:published_time\" content=\"2022-12-13T22:36:23+00:00\" \/>\n<meta name=\"twitter:card\" content=\"summary_large_image\" \/>\n<meta name=\"twitter:creator\" content=\"@hierostrasbourg\" \/>\n<meta name=\"twitter:site\" content=\"@hierostrasbourg\" \/>\n<meta name=\"twitter:label1\" content=\"Dur\u00e9e de lecture estim\u00e9e\" \/>\n\t<meta name=\"twitter:data1\" content=\"1 minute\" \/>\n<script type=\"application\/ld+json\" class=\"yoast-schema-graph\">{\"@context\":\"https:\\\/\\\/schema.org\",\"@graph\":[{\"@type\":\"Article\",\"@id\":\"https:\\\/\\\/hierostrasbourg.com\\\/index.php\\\/2022\\\/12\\\/13\\\/paris-2024-les-festivals-et-les-evenements-sportifs-devront-sadapter-au-calendrier-des-jeux-olympiques\\\/#article\",\"isPartOf\":{\"@id\":\"https:\\\/\\\/hierostrasbourg.com\\\/index.php\\\/2022\\\/12\\\/13\\\/paris-2024-les-festivals-et-les-evenements-sportifs-devront-sadapter-au-calendrier-des-jeux-olympiques\\\/\"},\"author\":{\"name\":\"\",\"@id\":\"\"},\"headline\":\"Paris 2024 : les festivals et les \u00e9v\u00e9nements sportifs devront s\u2019adapter au calendrier des Jeux olympiques\",\"datePublished\":\"2022-12-13T22:36:23+00:00\",\"mainEntityOfPage\":{\"@id\":\"https:\\\/\\\/hierostrasbourg.com\\\/index.php\\\/2022\\\/12\\\/13\\\/paris-2024-les-festivals-et-les-evenements-sportifs-devront-sadapter-au-calendrier-des-jeux-olympiques\\\/\"},\"wordCount\":129,\"publisher\":{\"@id\":\"https:\\\/\\\/hierostrasbourg.com\\\/#organization\"},\"inLanguage\":\"fr-FR\"},{\"@type\":\"WebPage\",\"@id\":\"https:\\\/\\\/hierostrasbourg.com\\\/index.php\\\/2022\\\/12\\\/13\\\/paris-2024-les-festivals-et-les-evenements-sportifs-devront-sadapter-au-calendrier-des-jeux-olympiques\\\/\",\"url\":\"https:\\\/\\\/hierostrasbourg.com\\\/index.php\\\/2022\\\/12\\\/13\\\/paris-2024-les-festivals-et-les-evenements-sportifs-devront-sadapter-au-calendrier-des-jeux-olympiques\\\/\",\"name\":\"Paris 2024 : les festivals et les \u00e9v\u00e9nements sportifs devront s\u2019adapter au calendrier des Jeux olympiques - HIERO STRASBOURG\",\"isPartOf\":{\"@id\":\"https:\\\/\\\/hierostrasbourg.com\\\/#website\"},\"datePublished\":\"2022-12-13T22:36:23+00:00\",\"breadcrumb\":{\"@id\":\"https:\\\/\\\/hierostrasbourg.com\\\/index.php\\\/2022\\\/12\\\/13\\\/paris-2024-les-festivals-et-les-evenements-sportifs-devront-sadapter-au-calendrier-des-jeux-olympiques\\\/#breadcrumb\"},\"inLanguage\":\"fr-FR\",\"potentialAction\":[{\"@type\":\"ReadAction\",\"target\":[\"https:\\\/\\\/hierostrasbourg.com\\\/index.php\\\/2022\\\/12\\\/13\\\/paris-2024-les-festivals-et-les-evenements-sportifs-devront-sadapter-au-calendrier-des-jeux-olympiques\\\/\"]}]},{\"@type\":\"BreadcrumbList\",\"@id\":\"https:\\\/\\\/hierostrasbourg.com\\\/index.php\\\/2022\\\/12\\\/13\\\/paris-2024-les-festivals-et-les-evenements-sportifs-devront-sadapter-au-calendrier-des-jeux-olympiques\\\/#breadcrumb\",\"itemListElement\":[{\"@type\":\"ListItem\",\"position\":1,\"name\":\"Accueil\",\"item\":\"https:\\\/\\\/hierostrasbourg.com\\\/\"},{\"@type\":\"ListItem\",\"position\":2,\"name\":\"Paris 2024 : les festivals et les \u00e9v\u00e9nements sportifs devront s\u2019adapter au calendrier des Jeux olympiques\"}]},{\"@type\":\"WebSite\",\"@id\":\"https:\\\/\\\/hierostrasbourg.com\\\/#website\",\"url\":\"https:\\\/\\\/hierostrasbourg.com\\\/\",\"name\":\"HIERO STRASBOURG\",\"description\":\"Centre de Ressources Musiques Actuelles\",\"publisher\":{\"@id\":\"https:\\\/\\\/hierostrasbourg.com\\\/#organization\"},\"potentialAction\":[{\"@type\":\"SearchAction\",\"target\":{\"@type\":\"EntryPoint\",\"urlTemplate\":\"https:\\\/\\\/hierostrasbourg.com\\\/?s={search_term_string}\"},\"query-input\":{\"@type\":\"PropertyValueSpecification\",\"valueRequired\":true,\"valueName\":\"search_term_string\"}}],\"inLanguage\":\"fr-FR\"},{\"@type\":\"Organization\",\"@id\":\"https:\\\/\\\/hierostrasbourg.com\\\/#organization\",\"name\":\"F\u00e9d\u00e9ration Hi\u00e9ro Strasbourg\",\"url\":\"https:\\\/\\\/hierostrasbourg.com\\\/\",\"logo\":{\"@type\":\"ImageObject\",\"inLanguage\":\"fr-FR\",\"@id\":\"https:\\\/\\\/hierostrasbourg.com\\\/#\\\/schema\\\/logo\\\/image\\\/\",\"url\":\"https:\\\/\\\/hierostrasbourg.com\\\/wp-content\\\/uploads\\\/2026\\\/04\\\/logo-hiero-strasbourg.jpg\",\"contentUrl\":\"https:\\\/\\\/hierostrasbourg.com\\\/wp-content\\\/uploads\\\/2026\\\/04\\\/logo-hiero-strasbourg.jpg\",\"width\":204,\"height\":192,\"caption\":\"F\u00e9d\u00e9ration Hi\u00e9ro Strasbourg\"},\"image\":{\"@id\":\"https:\\\/\\\/hierostrasbourg.com\\\/#\\\/schema\\\/logo\\\/image\\\/\"},\"sameAs\":[\"https:\\\/\\\/www.facebook.com\\\/fedehierostrasbourg\",\"https:\\\/\\\/x.com\\\/hierostrasbourg\"]}]}<\/script>\n<!-- \/ Yoast SEO plugin. -->","yoast_head_json":{"title":"Paris 2024 : les festivals et les \u00e9v\u00e9nements sportifs devront s\u2019adapter au calendrier des Jeux olympiques - HIERO STRASBOURG","robots":{"index":"index","follow":"follow","max-snippet":"max-snippet:-1","max-image-preview":"max-image-preview:large","max-video-preview":"max-video-preview:-1"},"canonical":"https:\/\/hierostrasbourg.com\/index.php\/2022\/12\/13\/paris-2024-les-festivals-et-les-evenements-sportifs-devront-sadapter-au-calendrier-des-jeux-olympiques\/","og_locale":"fr_FR","og_type":"article","og_title":"Paris 2024 : les festivals et les \u00e9v\u00e9nements sportifs devront s\u2019adapter au calendrier des Jeux olympiques - HIERO STRASBOURG","og_description":"Les ministres de l\u2019int\u00e9rieur, des sports et de la culture ont pr\u00e9cis\u00e9 les contraintes li\u00e9es \u00e0 la mobilisation des forces de l\u2019ordre pour les JO, tout en assurant que les gros \u00e9v\u00e9nements pourront avoir lieu. Source \/ Lire la suite : Paris 2024 : les festivals et les \u00e9v\u00e9nements sportifs devront s\u2019adapter au calendrier des Jeux olympiques L\u2019article Paris 2024 : les festivals et les \u00e9v\u00e9nements sportifs devront s\u2019adapter au calendrier des Jeux olympiques est apparu en premier sur Musiques [&hellip;]","og_url":"https:\/\/hierostrasbourg.com\/index.php\/2022\/12\/13\/paris-2024-les-festivals-et-les-evenements-sportifs-devront-sadapter-au-calendrier-des-jeux-olympiques\/","og_site_name":"HIERO STRASBOURG","article_publisher":"https:\/\/www.facebook.com\/fedehierostrasbourg","article_published_time":"2022-12-13T22:36:23+00:00","twitter_card":"summary_large_image","twitter_creator":"@hierostrasbourg","twitter_site":"@hierostrasbourg","twitter_misc":{"Dur\u00e9e de lecture estim\u00e9e":"1 minute"},"schema":{"@context":"https:\/\/schema.org","@graph":[{"@type":"Article","@id":"https:\/\/hierostrasbourg.com\/index.php\/2022\/12\/13\/paris-2024-les-festivals-et-les-evenements-sportifs-devront-sadapter-au-calendrier-des-jeux-olympiques\/#article","isPartOf":{"@id":"https:\/\/hierostrasbourg.com\/index.php\/2022\/12\/13\/paris-2024-les-festivals-et-les-evenements-sportifs-devront-sadapter-au-calendrier-des-jeux-olympiques\/"},"author":{"name":"","@id":""},"headline":"Paris 2024 : les festivals et les \u00e9v\u00e9nements sportifs devront s\u2019adapter au calendrier des Jeux olympiques","datePublished":"2022-12-13T22:36:23+00:00","mainEntityOfPage":{"@id":"https:\/\/hierostrasbourg.com\/index.php\/2022\/12\/13\/paris-2024-les-festivals-et-les-evenements-sportifs-devront-sadapter-au-calendrier-des-jeux-olympiques\/"},"wordCount":129,"publisher":{"@id":"https:\/\/hierostrasbourg.com\/#organization"},"inLanguage":"fr-FR"},{"@type":"WebPage","@id":"https:\/\/hierostrasbourg.com\/index.php\/2022\/12\/13\/paris-2024-les-festivals-et-les-evenements-sportifs-devront-sadapter-au-calendrier-des-jeux-olympiques\/","url":"https:\/\/hierostrasbourg.com\/index.php\/2022\/12\/13\/paris-2024-les-festivals-et-les-evenements-sportifs-devront-sadapter-au-calendrier-des-jeux-olympiques\/","name":"Paris 2024 : les festivals et les \u00e9v\u00e9nements sportifs devront s\u2019adapter au calendrier des Jeux olympiques - HIERO STRASBOURG","isPartOf":{"@id":"https:\/\/hierostrasbourg.com\/#website"},"datePublished":"2022-12-13T22:36:23+00:00","breadcrumb":{"@id":"https:\/\/hierostrasbourg.com\/index.php\/2022\/12\/13\/paris-2024-les-festivals-et-les-evenements-sportifs-devront-sadapter-au-calendrier-des-jeux-olympiques\/#breadcrumb"},"inLanguage":"fr-FR","potentialAction":[{"@type":"ReadAction","target":["https:\/\/hierostrasbourg.com\/index.php\/2022\/12\/13\/paris-2024-les-festivals-et-les-evenements-sportifs-devront-sadapter-au-calendrier-des-jeux-olympiques\/"]}]},{"@type":"BreadcrumbList","@id":"https:\/\/hierostrasbourg.com\/index.php\/2022\/12\/13\/paris-2024-les-festivals-et-les-evenements-sportifs-devront-sadapter-au-calendrier-des-jeux-olympiques\/#breadcrumb","itemListElement":[{"@type":"ListItem","position":1,"name":"Accueil","item":"https:\/\/hierostrasbourg.com\/"},{"@type":"ListItem","position":2,"name":"Paris 2024 : les festivals et les \u00e9v\u00e9nements sportifs devront s\u2019adapter au calendrier des Jeux olympiques"}]},{"@type":"WebSite","@id":"https:\/\/hierostrasbourg.com\/#website","url":"https:\/\/hierostrasbourg.com\/","name":"HIERO STRASBOURG","description":"Centre de Ressources Musiques Actuelles","publisher":{"@id":"https:\/\/hierostrasbourg.com\/#organization"},"potentialAction":[{"@type":"SearchAction","target":{"@type":"EntryPoint","urlTemplate":"https:\/\/hierostrasbourg.com\/?s={search_term_string}"},"query-input":{"@type":"PropertyValueSpecification","valueRequired":true,"valueName":"search_term_string"}}],"inLanguage":"fr-FR"},{"@type":"Organization","@id":"https:\/\/hierostrasbourg.com\/#organization","name":"F\u00e9d\u00e9ration Hi\u00e9ro Strasbourg","url":"https:\/\/hierostrasbourg.com\/","logo":{"@type":"ImageObject","inLanguage":"fr-FR","@id":"https:\/\/hierostrasbourg.com\/#\/schema\/logo\/image\/","url":"https:\/\/hierostrasbourg.com\/wp-content\/uploads\/2026\/04\/logo-hiero-strasbourg.jpg","contentUrl":"https:\/\/hierostrasbourg.com\/wp-content\/uploads\/2026\/04\/logo-hiero-strasbourg.jpg","width":204,"height":192,"caption":"F\u00e9d\u00e9ration Hi\u00e9ro Strasbourg"},"image":{"@id":"https:\/\/hierostrasbourg.com\/#\/schema\/logo\/image\/"},"sameAs":["https:\/\/www.facebook.com\/fedehierostrasbourg","https:\/\/x.com\/hierostrasbourg"]}]}},"_links":{"self":[{"href":"https:\/\/hierostrasbourg.com\/index.php\/wp-json\/wp\/v2\/posts\/4268","targetHints":{"allow":["GET"]}}],"collection":[{"href":"https:\/\/hierostrasbourg.com\/index.php\/wp-json\/wp\/v2\/posts"}],"about":[{"href":"https:\/\/hierostrasbourg.com\/index.php\/wp-json\/wp\/v2\/types\/post"}],"replies":[{"embeddable":true,"href":"https:\/\/hierostrasbourg.com\/index.php\/wp-json\/wp\/v2\/comments?post=4268"}],"version-history":[{"count":0,"href":"https:\/\/hierostrasbourg.com\/index.php\/wp-json\/wp\/v2\/posts\/4268\/revisions"}],"wp:attachment":[{"href":"https:\/\/hierostrasbourg.com\/index.php\/wp-json\/wp\/v2\/media?parent=4268"}],"wp:term":[{"taxonomy":"category","embeddable":true,"href":"https:\/\/hierostrasbourg.com\/index.php\/wp-json\/wp\/v2\/categories?post=4268"},{"taxonomy":"post_tag","embeddable":true,"href":"https:\/\/hierostrasbourg.com\/index.php\/wp-json\/wp\/v2\/tags?post=4268"}],"curies":[{"name":"wp","href":"https:\/\/api.w.org\/{rel}","templated":true}]}}