{"id":4267,"date":"2022-12-13T19:38:03","date_gmt":"2022-12-13T18:38:03","guid":{"rendered":"https:\/\/hierostrasbourg.com\/index.php\/2022\/12\/13\/la-pop-est-elle-morte\/"},"modified":"2022-12-13T19:38:03","modified_gmt":"2022-12-13T18:38:03","slug":"la-pop-est-elle-morte","status":"publish","type":"post","link":"https:\/\/hierostrasbourg.com\/index.php\/2022\/12\/13\/la-pop-est-elle-morte\/","title":{"rendered":"La pop est-elle morte ?"},"content":{"rendered":"<p><a href=\"https:\/\/musiquesactuelles.alsace\/la-pop-est-elle-morte\/\" title=\"La pop est-elle morte ?\"><\/a><\/p>\n<p>Les fins d\u2019ann\u00e9e ne seraient pas ce qu\u2019elles sont dans l\u2019esprit de chacun sans leur lot d\u2019in\u00e9vitables palmar\u00e8s de ce qui a pu marquer musicalement les 12 derniers mois, s\u2019agissant notamment de la pop music. Pourtant, d\u2019embl\u00e9e, avant m\u00eame d\u2019offrir un quelconque top 10, une question urgente se pose qui, depuis quelques ann\u00e9es, se fait entendre de mani\u00e8re lancinante dans toute son inqui\u00e9tante singularit\u00e9 : la pop music existe-t-elle encore ? Existe-t-il encore une star globale ? Existe-t-il m\u00eame encore [\u2026]<\/p>\n<p>L\u2019article <a href=\"https:\/\/musiquesactuelles.alsace\/la-pop-est-elle-morte\/\">La pop est-elle morte ?<\/a> est apparu en premier sur <a href=\"https:\/\/musiquesactuelles.alsace\/\">Musiques Actuelles en Alsace<\/a>.<\/p>\n<p>L\u2019article <a href=\"https:\/\/popburo.fr\/la-pop-est-elle-morte\/\">La pop est-elle morte ?<\/a> est apparu en premier sur <a href=\"https:\/\/popburo.fr\/\">POP B\u00dcRO<\/a>.<\/p>\n","protected":false},"excerpt":{"rendered":"<p>Les fins d\u2019ann\u00e9e ne seraient pas ce qu\u2019elles sont dans l\u2019esprit de chacun sans leur lot d\u2019in\u00e9vitables palmar\u00e8s de ce qui a pu marquer musicalement les 12 derniers mois, s\u2019agissant notamment de la pop music. Pourtant, d\u2019embl\u00e9e, avant m\u00eame d\u2019offrir un quelconque top 10, une question urgente se pose qui, depuis quelques ann\u00e9es, se fait entendre de mani\u00e8re lancinante dans toute son inqui\u00e9tante singularit\u00e9 : la pop music existe-t-elle encore ? Existe-t-il encore une star globale ? Existe-t-il m\u00eame encore [&hellip;]<\/p>\n","protected":false},"author":0,"featured_media":0,"comment_status":"closed","ping_status":"open","sticky":false,"template":"","format":"standard","meta":{"footnotes":""},"categories":[1],"tags":[],"class_list":["post-4267","post","type-post","status-publish","format-standard","hentry","category-non-classe"],"yoast_head":"<!-- This site is optimized with the Yoast SEO plugin v27.5 - https:\/\/yoast.com\/product\/yoast-seo-wordpress\/ -->\n<title>La pop est-elle morte ? - HIERO STRASBOURG<\/title>\n<meta name=\"robots\" content=\"index, follow, max-snippet:-1, max-image-preview:large, max-video-preview:-1\" \/>\n<link rel=\"canonical\" href=\"https:\/\/hierostrasbourg.com\/index.php\/2022\/12\/13\/la-pop-est-elle-morte\/\" \/>\n<meta property=\"og:locale\" content=\"fr_FR\" \/>\n<meta property=\"og:type\" content=\"article\" \/>\n<meta property=\"og:title\" content=\"La pop est-elle morte ? - HIERO STRASBOURG\" \/>\n<meta property=\"og:description\" content=\"Les fins d\u2019ann\u00e9e ne seraient pas ce qu\u2019elles sont dans l\u2019esprit de chacun sans leur lot d\u2019in\u00e9vitables palmar\u00e8s de ce qui a pu marquer musicalement les 12 derniers mois, s\u2019agissant notamment de la pop music. Pourtant, d\u2019embl\u00e9e, avant m\u00eame d\u2019offrir un quelconque top 10, une question urgente se pose qui, depuis quelques ann\u00e9es, se fait entendre de mani\u00e8re lancinante dans toute son inqui\u00e9tante singularit\u00e9 : la pop music existe-t-elle encore ? Existe-t-il encore une star globale ? Existe-t-il m\u00eame encore [&hellip;]\" \/>\n<meta property=\"og:url\" content=\"https:\/\/hierostrasbourg.com\/index.php\/2022\/12\/13\/la-pop-est-elle-morte\/\" \/>\n<meta property=\"og:site_name\" content=\"HIERO STRASBOURG\" \/>\n<meta property=\"article:publisher\" content=\"https:\/\/www.facebook.com\/fedehierostrasbourg\" \/>\n<meta property=\"article:published_time\" content=\"2022-12-13T18:38:03+00:00\" \/>\n<meta name=\"twitter:card\" content=\"summary_large_image\" \/>\n<meta name=\"twitter:creator\" content=\"@hierostrasbourg\" \/>\n<meta name=\"twitter:site\" content=\"@hierostrasbourg\" \/>\n<meta name=\"twitter:label1\" content=\"Dur\u00e9e de lecture estim\u00e9e\" \/>\n\t<meta name=\"twitter:data1\" content=\"1 minute\" \/>\n<script type=\"application\/ld+json\" class=\"yoast-schema-graph\">{\"@context\":\"https:\\\/\\\/schema.org\",\"@graph\":[{\"@type\":\"Article\",\"@id\":\"https:\\\/\\\/hierostrasbourg.com\\\/index.php\\\/2022\\\/12\\\/13\\\/la-pop-est-elle-morte\\\/#article\",\"isPartOf\":{\"@id\":\"https:\\\/\\\/hierostrasbourg.com\\\/index.php\\\/2022\\\/12\\\/13\\\/la-pop-est-elle-morte\\\/\"},\"author\":{\"name\":\"\",\"@id\":\"\"},\"headline\":\"La pop est-elle morte ?\",\"datePublished\":\"2022-12-13T18:38:03+00:00\",\"mainEntityOfPage\":{\"@id\":\"https:\\\/\\\/hierostrasbourg.com\\\/index.php\\\/2022\\\/12\\\/13\\\/la-pop-est-elle-morte\\\/\"},\"wordCount\":124,\"publisher\":{\"@id\":\"https:\\\/\\\/hierostrasbourg.com\\\/#organization\"},\"inLanguage\":\"fr-FR\"},{\"@type\":\"WebPage\",\"@id\":\"https:\\\/\\\/hierostrasbourg.com\\\/index.php\\\/2022\\\/12\\\/13\\\/la-pop-est-elle-morte\\\/\",\"url\":\"https:\\\/\\\/hierostrasbourg.com\\\/index.php\\\/2022\\\/12\\\/13\\\/la-pop-est-elle-morte\\\/\",\"name\":\"La pop est-elle morte ? - HIERO STRASBOURG\",\"isPartOf\":{\"@id\":\"https:\\\/\\\/hierostrasbourg.com\\\/#website\"},\"datePublished\":\"2022-12-13T18:38:03+00:00\",\"breadcrumb\":{\"@id\":\"https:\\\/\\\/hierostrasbourg.com\\\/index.php\\\/2022\\\/12\\\/13\\\/la-pop-est-elle-morte\\\/#breadcrumb\"},\"inLanguage\":\"fr-FR\",\"potentialAction\":[{\"@type\":\"ReadAction\",\"target\":[\"https:\\\/\\\/hierostrasbourg.com\\\/index.php\\\/2022\\\/12\\\/13\\\/la-pop-est-elle-morte\\\/\"]}]},{\"@type\":\"BreadcrumbList\",\"@id\":\"https:\\\/\\\/hierostrasbourg.com\\\/index.php\\\/2022\\\/12\\\/13\\\/la-pop-est-elle-morte\\\/#breadcrumb\",\"itemListElement\":[{\"@type\":\"ListItem\",\"position\":1,\"name\":\"Accueil\",\"item\":\"https:\\\/\\\/hierostrasbourg.com\\\/\"},{\"@type\":\"ListItem\",\"position\":2,\"name\":\"La pop est-elle morte ?\"}]},{\"@type\":\"WebSite\",\"@id\":\"https:\\\/\\\/hierostrasbourg.com\\\/#website\",\"url\":\"https:\\\/\\\/hierostrasbourg.com\\\/\",\"name\":\"HIERO STRASBOURG\",\"description\":\"Centre de Ressources Musiques Actuelles\",\"publisher\":{\"@id\":\"https:\\\/\\\/hierostrasbourg.com\\\/#organization\"},\"potentialAction\":[{\"@type\":\"SearchAction\",\"target\":{\"@type\":\"EntryPoint\",\"urlTemplate\":\"https:\\\/\\\/hierostrasbourg.com\\\/?s={search_term_string}\"},\"query-input\":{\"@type\":\"PropertyValueSpecification\",\"valueRequired\":true,\"valueName\":\"search_term_string\"}}],\"inLanguage\":\"fr-FR\"},{\"@type\":\"Organization\",\"@id\":\"https:\\\/\\\/hierostrasbourg.com\\\/#organization\",\"name\":\"F\u00e9d\u00e9ration Hi\u00e9ro Strasbourg\",\"url\":\"https:\\\/\\\/hierostrasbourg.com\\\/\",\"logo\":{\"@type\":\"ImageObject\",\"inLanguage\":\"fr-FR\",\"@id\":\"https:\\\/\\\/hierostrasbourg.com\\\/#\\\/schema\\\/logo\\\/image\\\/\",\"url\":\"https:\\\/\\\/hierostrasbourg.com\\\/wp-content\\\/uploads\\\/2026\\\/04\\\/logo-hiero-strasbourg.jpg\",\"contentUrl\":\"https:\\\/\\\/hierostrasbourg.com\\\/wp-content\\\/uploads\\\/2026\\\/04\\\/logo-hiero-strasbourg.jpg\",\"width\":204,\"height\":192,\"caption\":\"F\u00e9d\u00e9ration Hi\u00e9ro Strasbourg\"},\"image\":{\"@id\":\"https:\\\/\\\/hierostrasbourg.com\\\/#\\\/schema\\\/logo\\\/image\\\/\"},\"sameAs\":[\"https:\\\/\\\/www.facebook.com\\\/fedehierostrasbourg\",\"https:\\\/\\\/x.com\\\/hierostrasbourg\"]}]}<\/script>\n<!-- \/ Yoast SEO plugin. -->","yoast_head_json":{"title":"La pop est-elle morte ? - HIERO STRASBOURG","robots":{"index":"index","follow":"follow","max-snippet":"max-snippet:-1","max-image-preview":"max-image-preview:large","max-video-preview":"max-video-preview:-1"},"canonical":"https:\/\/hierostrasbourg.com\/index.php\/2022\/12\/13\/la-pop-est-elle-morte\/","og_locale":"fr_FR","og_type":"article","og_title":"La pop est-elle morte ? - HIERO STRASBOURG","og_description":"Les fins d\u2019ann\u00e9e ne seraient pas ce qu\u2019elles sont dans l\u2019esprit de chacun sans leur lot d\u2019in\u00e9vitables palmar\u00e8s de ce qui a pu marquer musicalement les 12 derniers mois, s\u2019agissant notamment de la pop music. Pourtant, d\u2019embl\u00e9e, avant m\u00eame d\u2019offrir un quelconque top 10, une question urgente se pose qui, depuis quelques ann\u00e9es, se fait entendre de mani\u00e8re lancinante dans toute son inqui\u00e9tante singularit\u00e9 : la pop music existe-t-elle encore ? Existe-t-il encore une star globale ? Existe-t-il m\u00eame encore [&hellip;]","og_url":"https:\/\/hierostrasbourg.com\/index.php\/2022\/12\/13\/la-pop-est-elle-morte\/","og_site_name":"HIERO STRASBOURG","article_publisher":"https:\/\/www.facebook.com\/fedehierostrasbourg","article_published_time":"2022-12-13T18:38:03+00:00","twitter_card":"summary_large_image","twitter_creator":"@hierostrasbourg","twitter_site":"@hierostrasbourg","twitter_misc":{"Dur\u00e9e de lecture estim\u00e9e":"1 minute"},"schema":{"@context":"https:\/\/schema.org","@graph":[{"@type":"Article","@id":"https:\/\/hierostrasbourg.com\/index.php\/2022\/12\/13\/la-pop-est-elle-morte\/#article","isPartOf":{"@id":"https:\/\/hierostrasbourg.com\/index.php\/2022\/12\/13\/la-pop-est-elle-morte\/"},"author":{"name":"","@id":""},"headline":"La pop est-elle morte ?","datePublished":"2022-12-13T18:38:03+00:00","mainEntityOfPage":{"@id":"https:\/\/hierostrasbourg.com\/index.php\/2022\/12\/13\/la-pop-est-elle-morte\/"},"wordCount":124,"publisher":{"@id":"https:\/\/hierostrasbourg.com\/#organization"},"inLanguage":"fr-FR"},{"@type":"WebPage","@id":"https:\/\/hierostrasbourg.com\/index.php\/2022\/12\/13\/la-pop-est-elle-morte\/","url":"https:\/\/hierostrasbourg.com\/index.php\/2022\/12\/13\/la-pop-est-elle-morte\/","name":"La pop est-elle morte ? - HIERO STRASBOURG","isPartOf":{"@id":"https:\/\/hierostrasbourg.com\/#website"},"datePublished":"2022-12-13T18:38:03+00:00","breadcrumb":{"@id":"https:\/\/hierostrasbourg.com\/index.php\/2022\/12\/13\/la-pop-est-elle-morte\/#breadcrumb"},"inLanguage":"fr-FR","potentialAction":[{"@type":"ReadAction","target":["https:\/\/hierostrasbourg.com\/index.php\/2022\/12\/13\/la-pop-est-elle-morte\/"]}]},{"@type":"BreadcrumbList","@id":"https:\/\/hierostrasbourg.com\/index.php\/2022\/12\/13\/la-pop-est-elle-morte\/#breadcrumb","itemListElement":[{"@type":"ListItem","position":1,"name":"Accueil","item":"https:\/\/hierostrasbourg.com\/"},{"@type":"ListItem","position":2,"name":"La pop est-elle morte ?"}]},{"@type":"WebSite","@id":"https:\/\/hierostrasbourg.com\/#website","url":"https:\/\/hierostrasbourg.com\/","name":"HIERO STRASBOURG","description":"Centre de Ressources Musiques Actuelles","publisher":{"@id":"https:\/\/hierostrasbourg.com\/#organization"},"potentialAction":[{"@type":"SearchAction","target":{"@type":"EntryPoint","urlTemplate":"https:\/\/hierostrasbourg.com\/?s={search_term_string}"},"query-input":{"@type":"PropertyValueSpecification","valueRequired":true,"valueName":"search_term_string"}}],"inLanguage":"fr-FR"},{"@type":"Organization","@id":"https:\/\/hierostrasbourg.com\/#organization","name":"F\u00e9d\u00e9ration Hi\u00e9ro Strasbourg","url":"https:\/\/hierostrasbourg.com\/","logo":{"@type":"ImageObject","inLanguage":"fr-FR","@id":"https:\/\/hierostrasbourg.com\/#\/schema\/logo\/image\/","url":"https:\/\/hierostrasbourg.com\/wp-content\/uploads\/2026\/04\/logo-hiero-strasbourg.jpg","contentUrl":"https:\/\/hierostrasbourg.com\/wp-content\/uploads\/2026\/04\/logo-hiero-strasbourg.jpg","width":204,"height":192,"caption":"F\u00e9d\u00e9ration Hi\u00e9ro Strasbourg"},"image":{"@id":"https:\/\/hierostrasbourg.com\/#\/schema\/logo\/image\/"},"sameAs":["https:\/\/www.facebook.com\/fedehierostrasbourg","https:\/\/x.com\/hierostrasbourg"]}]}},"_links":{"self":[{"href":"https:\/\/hierostrasbourg.com\/index.php\/wp-json\/wp\/v2\/posts\/4267","targetHints":{"allow":["GET"]}}],"collection":[{"href":"https:\/\/hierostrasbourg.com\/index.php\/wp-json\/wp\/v2\/posts"}],"about":[{"href":"https:\/\/hierostrasbourg.com\/index.php\/wp-json\/wp\/v2\/types\/post"}],"replies":[{"embeddable":true,"href":"https:\/\/hierostrasbourg.com\/index.php\/wp-json\/wp\/v2\/comments?post=4267"}],"version-history":[{"count":0,"href":"https:\/\/hierostrasbourg.com\/index.php\/wp-json\/wp\/v2\/posts\/4267\/revisions"}],"wp:attachment":[{"href":"https:\/\/hierostrasbourg.com\/index.php\/wp-json\/wp\/v2\/media?parent=4267"}],"wp:term":[{"taxonomy":"category","embeddable":true,"href":"https:\/\/hierostrasbourg.com\/index.php\/wp-json\/wp\/v2\/categories?post=4267"},{"taxonomy":"post_tag","embeddable":true,"href":"https:\/\/hierostrasbourg.com\/index.php\/wp-json\/wp\/v2\/tags?post=4267"}],"curies":[{"name":"wp","href":"https:\/\/api.w.org\/{rel}","templated":true}]}}