{"id":4248,"date":"2022-12-11T19:35:47","date_gmt":"2022-12-11T18:35:47","guid":{"rendered":"https:\/\/hierostrasbourg.com\/index.php\/2022\/12\/11\/appel-a-manifestation-dinteret-france-2030-poles-territoriaux-dindustries-culturelles-et-creatives-favorisant-la-structuration-decosystemes-locaux\/"},"modified":"2022-12-11T19:35:47","modified_gmt":"2022-12-11T18:35:47","slug":"appel-a-manifestation-dinteret-france-2030-poles-territoriaux-dindustries-culturelles-et-creatives-favorisant-la-structuration-decosystemes-locaux","status":"publish","type":"post","link":"https:\/\/hierostrasbourg.com\/index.php\/2022\/12\/11\/appel-a-manifestation-dinteret-france-2030-poles-territoriaux-dindustries-culturelles-et-creatives-favorisant-la-structuration-decosystemes-locaux\/","title":{"rendered":"Appel \u00e0 Manifestation d\u2019Int\u00e9r\u00eat :  France 2030 \u2013 P\u00f4les territoriaux d\u2019industries culturelles et cr\u00e9atives favorisant la structuration d\u2019\u00e9cosyst\u00e8mes locaux"},"content":{"rendered":"<p><a href=\"https:\/\/musiquesactuelles.alsace\/appel-a-manifestation-dinteret-france-2030-poles-territoriaux-dindustries-culturelles-et-creatives-favorisant-la-structuration-decosystemes-locaux\/\" title=\"Appel \u00e0 Manifestation d'Int\u00e9r\u00eat :  France 2030 \u2013 P\u00f4les territoriaux d\u2019industries culturelles et cr\u00e9atives favorisant la structuration d\u2019\u00e9cosyst\u00e8mes locaux\"><\/a><\/p>\n<p>communiqu\u00e9 Dans le cadre de France 2030, Rima Abdul Malak, ministre de la Culture et Bruno Bonnell, secr\u00e9taire g\u00e9n\u00e9ral pour l\u2019investissement, en charge de France 2030, annoncent le lancement du dispositif \u00ab\u00a0P\u00f4les territoriaux d\u2019industries culturelles et cr\u00e9atives\u00a0\u00bb dot\u00e9 d\u2019un montant total de 46,8\u00a0M\u20ac. L\u2019ambition de France 2030 est de transformer durablement des secteurs clefs de notre \u00e9conomie par l\u2019innovation technologique et industrielle afin d\u2019anticiper les mutations et de faire \u00e9merger les champions de demain, en investissant dans 10\u00a0objectifs clefs pour [\u2026]<\/p>\n<p>L\u2019article <a href=\"https:\/\/musiquesactuelles.alsace\/appel-a-manifestation-dinteret-france-2030-poles-territoriaux-dindustries-culturelles-et-creatives-favorisant-la-structuration-decosystemes-locaux\/\">Appel \u00e0 Manifestation d\u2019Int\u00e9r\u00eat :  France 2030 \u2013 P\u00f4les territoriaux d\u2019industries culturelles et cr\u00e9atives favorisant la structuration d\u2019\u00e9cosyst\u00e8mes locaux<\/a> est apparu en premier sur <a href=\"https:\/\/musiquesactuelles.alsace\/\">Musiques Actuelles en Alsace<\/a>.<\/p>\n<p>L\u2019article <a href=\"https:\/\/popburo.fr\/appel-a-manifestation-dinteret-france-2030-poles-territoriaux-dindustries-culturelles-et-creatives-favorisant-la-structuration-decosystemes-locaux\/\">Appel \u00e0 Manifestation d\u2019Int\u00e9r\u00eat :  France 2030 \u2013 P\u00f4les territoriaux d\u2019industries culturelles et cr\u00e9atives favorisant la structuration d\u2019\u00e9cosyst\u00e8mes locaux<\/a> est apparu en premier sur <a href=\"https:\/\/popburo.fr\/\">POP B\u00dcRO<\/a>.<\/p>\n","protected":false},"excerpt":{"rendered":"<p>communiqu\u00e9 Dans le cadre de France 2030, Rima Abdul Malak, ministre de la Culture et Bruno Bonnell, secr\u00e9taire g\u00e9n\u00e9ral pour l\u2019investissement, en charge de France 2030, annoncent le lancement du dispositif \u00ab\u00a0P\u00f4les territoriaux d\u2019industries culturelles et cr\u00e9atives\u00a0\u00bb dot\u00e9 d\u2019un montant total de 46,8\u00a0M\u20ac. L\u2019ambition de France 2030 est de transformer durablement des secteurs clefs de notre \u00e9conomie par l\u2019innovation technologique et industrielle afin d\u2019anticiper les mutations et de faire \u00e9merger les champions de demain, en investissant dans 10\u00a0objectifs clefs pour [&hellip;]<\/p>\n","protected":false},"author":0,"featured_media":0,"comment_status":"closed","ping_status":"open","sticky":false,"template":"","format":"standard","meta":{"footnotes":""},"categories":[1],"tags":[],"class_list":["post-4248","post","type-post","status-publish","format-standard","hentry","category-non-classe"],"yoast_head":"<!-- This site is optimized with the Yoast SEO plugin v27.5 - https:\/\/yoast.com\/product\/yoast-seo-wordpress\/ -->\n<title>Appel \u00e0 Manifestation d\u2019Int\u00e9r\u00eat : France 2030 \u2013 P\u00f4les territoriaux d\u2019industries culturelles et cr\u00e9atives favorisant la structuration d\u2019\u00e9cosyst\u00e8mes locaux - HIERO STRASBOURG<\/title>\n<meta name=\"robots\" content=\"index, follow, max-snippet:-1, max-image-preview:large, max-video-preview:-1\" \/>\n<link rel=\"canonical\" href=\"https:\/\/hierostrasbourg.com\/index.php\/2022\/12\/11\/appel-a-manifestation-dinteret-france-2030-poles-territoriaux-dindustries-culturelles-et-creatives-favorisant-la-structuration-decosystemes-locaux\/\" \/>\n<meta property=\"og:locale\" content=\"fr_FR\" \/>\n<meta property=\"og:type\" content=\"article\" \/>\n<meta property=\"og:title\" content=\"Appel \u00e0 Manifestation d\u2019Int\u00e9r\u00eat : France 2030 \u2013 P\u00f4les territoriaux d\u2019industries culturelles et cr\u00e9atives favorisant la structuration d\u2019\u00e9cosyst\u00e8mes locaux - HIERO STRASBOURG\" \/>\n<meta property=\"og:description\" content=\"communiqu\u00e9 Dans le cadre de France 2030, Rima Abdul Malak, ministre de la Culture et Bruno Bonnell, secr\u00e9taire g\u00e9n\u00e9ral pour l\u2019investissement, en charge de France 2030, annoncent le lancement du dispositif \u00ab\u00a0P\u00f4les territoriaux d\u2019industries culturelles et cr\u00e9atives\u00a0\u00bb dot\u00e9 d\u2019un montant total de 46,8\u00a0M\u20ac. L\u2019ambition de France 2030 est de transformer durablement des secteurs clefs de notre \u00e9conomie par l\u2019innovation technologique et industrielle afin d\u2019anticiper les mutations et de faire \u00e9merger les champions de demain, en investissant dans 10\u00a0objectifs clefs pour [&hellip;]\" \/>\n<meta property=\"og:url\" content=\"https:\/\/hierostrasbourg.com\/index.php\/2022\/12\/11\/appel-a-manifestation-dinteret-france-2030-poles-territoriaux-dindustries-culturelles-et-creatives-favorisant-la-structuration-decosystemes-locaux\/\" \/>\n<meta property=\"og:site_name\" content=\"HIERO STRASBOURG\" \/>\n<meta property=\"article:publisher\" content=\"https:\/\/www.facebook.com\/fedehierostrasbourg\" \/>\n<meta property=\"article:published_time\" content=\"2022-12-11T18:35:47+00:00\" \/>\n<meta name=\"twitter:card\" content=\"summary_large_image\" \/>\n<meta name=\"twitter:creator\" content=\"@hierostrasbourg\" \/>\n<meta name=\"twitter:site\" content=\"@hierostrasbourg\" \/>\n<meta name=\"twitter:label1\" content=\"Dur\u00e9e de lecture estim\u00e9e\" \/>\n\t<meta name=\"twitter:data1\" content=\"1 minute\" \/>\n<script type=\"application\/ld+json\" class=\"yoast-schema-graph\">{\"@context\":\"https:\\\/\\\/schema.org\",\"@graph\":[{\"@type\":\"Article\",\"@id\":\"https:\\\/\\\/hierostrasbourg.com\\\/index.php\\\/2022\\\/12\\\/11\\\/appel-a-manifestation-dinteret-france-2030-poles-territoriaux-dindustries-culturelles-et-creatives-favorisant-la-structuration-decosystemes-locaux\\\/#article\",\"isPartOf\":{\"@id\":\"https:\\\/\\\/hierostrasbourg.com\\\/index.php\\\/2022\\\/12\\\/11\\\/appel-a-manifestation-dinteret-france-2030-poles-territoriaux-dindustries-culturelles-et-creatives-favorisant-la-structuration-decosystemes-locaux\\\/\"},\"author\":{\"name\":\"\",\"@id\":\"\"},\"headline\":\"Appel \u00e0 Manifestation d\u2019Int\u00e9r\u00eat : France 2030 \u2013 P\u00f4les territoriaux d\u2019industries culturelles et cr\u00e9atives favorisant la structuration d\u2019\u00e9cosyst\u00e8mes locaux\",\"datePublished\":\"2022-12-11T18:35:47+00:00\",\"mainEntityOfPage\":{\"@id\":\"https:\\\/\\\/hierostrasbourg.com\\\/index.php\\\/2022\\\/12\\\/11\\\/appel-a-manifestation-dinteret-france-2030-poles-territoriaux-dindustries-culturelles-et-creatives-favorisant-la-structuration-decosystemes-locaux\\\/\"},\"wordCount\":178,\"publisher\":{\"@id\":\"https:\\\/\\\/hierostrasbourg.com\\\/#organization\"},\"inLanguage\":\"fr-FR\"},{\"@type\":\"WebPage\",\"@id\":\"https:\\\/\\\/hierostrasbourg.com\\\/index.php\\\/2022\\\/12\\\/11\\\/appel-a-manifestation-dinteret-france-2030-poles-territoriaux-dindustries-culturelles-et-creatives-favorisant-la-structuration-decosystemes-locaux\\\/\",\"url\":\"https:\\\/\\\/hierostrasbourg.com\\\/index.php\\\/2022\\\/12\\\/11\\\/appel-a-manifestation-dinteret-france-2030-poles-territoriaux-dindustries-culturelles-et-creatives-favorisant-la-structuration-decosystemes-locaux\\\/\",\"name\":\"Appel \u00e0 Manifestation d\u2019Int\u00e9r\u00eat : France 2030 \u2013 P\u00f4les territoriaux d\u2019industries culturelles et cr\u00e9atives favorisant la structuration d\u2019\u00e9cosyst\u00e8mes locaux - HIERO STRASBOURG\",\"isPartOf\":{\"@id\":\"https:\\\/\\\/hierostrasbourg.com\\\/#website\"},\"datePublished\":\"2022-12-11T18:35:47+00:00\",\"breadcrumb\":{\"@id\":\"https:\\\/\\\/hierostrasbourg.com\\\/index.php\\\/2022\\\/12\\\/11\\\/appel-a-manifestation-dinteret-france-2030-poles-territoriaux-dindustries-culturelles-et-creatives-favorisant-la-structuration-decosystemes-locaux\\\/#breadcrumb\"},\"inLanguage\":\"fr-FR\",\"potentialAction\":[{\"@type\":\"ReadAction\",\"target\":[\"https:\\\/\\\/hierostrasbourg.com\\\/index.php\\\/2022\\\/12\\\/11\\\/appel-a-manifestation-dinteret-france-2030-poles-territoriaux-dindustries-culturelles-et-creatives-favorisant-la-structuration-decosystemes-locaux\\\/\"]}]},{\"@type\":\"BreadcrumbList\",\"@id\":\"https:\\\/\\\/hierostrasbourg.com\\\/index.php\\\/2022\\\/12\\\/11\\\/appel-a-manifestation-dinteret-france-2030-poles-territoriaux-dindustries-culturelles-et-creatives-favorisant-la-structuration-decosystemes-locaux\\\/#breadcrumb\",\"itemListElement\":[{\"@type\":\"ListItem\",\"position\":1,\"name\":\"Accueil\",\"item\":\"https:\\\/\\\/hierostrasbourg.com\\\/\"},{\"@type\":\"ListItem\",\"position\":2,\"name\":\"Appel \u00e0 Manifestation d\u2019Int\u00e9r\u00eat : France 2030 \u2013 P\u00f4les territoriaux d\u2019industries culturelles et cr\u00e9atives favorisant la structuration d\u2019\u00e9cosyst\u00e8mes locaux\"}]},{\"@type\":\"WebSite\",\"@id\":\"https:\\\/\\\/hierostrasbourg.com\\\/#website\",\"url\":\"https:\\\/\\\/hierostrasbourg.com\\\/\",\"name\":\"HIERO STRASBOURG\",\"description\":\"Centre de Ressources Musiques Actuelles\",\"publisher\":{\"@id\":\"https:\\\/\\\/hierostrasbourg.com\\\/#organization\"},\"potentialAction\":[{\"@type\":\"SearchAction\",\"target\":{\"@type\":\"EntryPoint\",\"urlTemplate\":\"https:\\\/\\\/hierostrasbourg.com\\\/?s={search_term_string}\"},\"query-input\":{\"@type\":\"PropertyValueSpecification\",\"valueRequired\":true,\"valueName\":\"search_term_string\"}}],\"inLanguage\":\"fr-FR\"},{\"@type\":\"Organization\",\"@id\":\"https:\\\/\\\/hierostrasbourg.com\\\/#organization\",\"name\":\"F\u00e9d\u00e9ration Hi\u00e9ro Strasbourg\",\"url\":\"https:\\\/\\\/hierostrasbourg.com\\\/\",\"logo\":{\"@type\":\"ImageObject\",\"inLanguage\":\"fr-FR\",\"@id\":\"https:\\\/\\\/hierostrasbourg.com\\\/#\\\/schema\\\/logo\\\/image\\\/\",\"url\":\"https:\\\/\\\/hierostrasbourg.com\\\/wp-content\\\/uploads\\\/2026\\\/04\\\/logo-hiero-strasbourg.jpg\",\"contentUrl\":\"https:\\\/\\\/hierostrasbourg.com\\\/wp-content\\\/uploads\\\/2026\\\/04\\\/logo-hiero-strasbourg.jpg\",\"width\":204,\"height\":192,\"caption\":\"F\u00e9d\u00e9ration Hi\u00e9ro Strasbourg\"},\"image\":{\"@id\":\"https:\\\/\\\/hierostrasbourg.com\\\/#\\\/schema\\\/logo\\\/image\\\/\"},\"sameAs\":[\"https:\\\/\\\/www.facebook.com\\\/fedehierostrasbourg\",\"https:\\\/\\\/x.com\\\/hierostrasbourg\"]}]}<\/script>\n<!-- \/ Yoast SEO plugin. -->","yoast_head_json":{"title":"Appel \u00e0 Manifestation d\u2019Int\u00e9r\u00eat : France 2030 \u2013 P\u00f4les territoriaux d\u2019industries culturelles et cr\u00e9atives favorisant la structuration d\u2019\u00e9cosyst\u00e8mes locaux - HIERO STRASBOURG","robots":{"index":"index","follow":"follow","max-snippet":"max-snippet:-1","max-image-preview":"max-image-preview:large","max-video-preview":"max-video-preview:-1"},"canonical":"https:\/\/hierostrasbourg.com\/index.php\/2022\/12\/11\/appel-a-manifestation-dinteret-france-2030-poles-territoriaux-dindustries-culturelles-et-creatives-favorisant-la-structuration-decosystemes-locaux\/","og_locale":"fr_FR","og_type":"article","og_title":"Appel \u00e0 Manifestation d\u2019Int\u00e9r\u00eat : France 2030 \u2013 P\u00f4les territoriaux d\u2019industries culturelles et cr\u00e9atives favorisant la structuration d\u2019\u00e9cosyst\u00e8mes locaux - HIERO STRASBOURG","og_description":"communiqu\u00e9 Dans le cadre de France 2030, Rima Abdul Malak, ministre de la Culture et Bruno Bonnell, secr\u00e9taire g\u00e9n\u00e9ral pour l\u2019investissement, en charge de France 2030, annoncent le lancement du dispositif \u00ab\u00a0P\u00f4les territoriaux d\u2019industries culturelles et cr\u00e9atives\u00a0\u00bb dot\u00e9 d\u2019un montant total de 46,8\u00a0M\u20ac. L\u2019ambition de France 2030 est de transformer durablement des secteurs clefs de notre \u00e9conomie par l\u2019innovation technologique et industrielle afin d\u2019anticiper les mutations et de faire \u00e9merger les champions de demain, en investissant dans 10\u00a0objectifs clefs pour [&hellip;]","og_url":"https:\/\/hierostrasbourg.com\/index.php\/2022\/12\/11\/appel-a-manifestation-dinteret-france-2030-poles-territoriaux-dindustries-culturelles-et-creatives-favorisant-la-structuration-decosystemes-locaux\/","og_site_name":"HIERO STRASBOURG","article_publisher":"https:\/\/www.facebook.com\/fedehierostrasbourg","article_published_time":"2022-12-11T18:35:47+00:00","twitter_card":"summary_large_image","twitter_creator":"@hierostrasbourg","twitter_site":"@hierostrasbourg","twitter_misc":{"Dur\u00e9e de lecture estim\u00e9e":"1 minute"},"schema":{"@context":"https:\/\/schema.org","@graph":[{"@type":"Article","@id":"https:\/\/hierostrasbourg.com\/index.php\/2022\/12\/11\/appel-a-manifestation-dinteret-france-2030-poles-territoriaux-dindustries-culturelles-et-creatives-favorisant-la-structuration-decosystemes-locaux\/#article","isPartOf":{"@id":"https:\/\/hierostrasbourg.com\/index.php\/2022\/12\/11\/appel-a-manifestation-dinteret-france-2030-poles-territoriaux-dindustries-culturelles-et-creatives-favorisant-la-structuration-decosystemes-locaux\/"},"author":{"name":"","@id":""},"headline":"Appel \u00e0 Manifestation d\u2019Int\u00e9r\u00eat : France 2030 \u2013 P\u00f4les territoriaux d\u2019industries culturelles et cr\u00e9atives favorisant la structuration d\u2019\u00e9cosyst\u00e8mes locaux","datePublished":"2022-12-11T18:35:47+00:00","mainEntityOfPage":{"@id":"https:\/\/hierostrasbourg.com\/index.php\/2022\/12\/11\/appel-a-manifestation-dinteret-france-2030-poles-territoriaux-dindustries-culturelles-et-creatives-favorisant-la-structuration-decosystemes-locaux\/"},"wordCount":178,"publisher":{"@id":"https:\/\/hierostrasbourg.com\/#organization"},"inLanguage":"fr-FR"},{"@type":"WebPage","@id":"https:\/\/hierostrasbourg.com\/index.php\/2022\/12\/11\/appel-a-manifestation-dinteret-france-2030-poles-territoriaux-dindustries-culturelles-et-creatives-favorisant-la-structuration-decosystemes-locaux\/","url":"https:\/\/hierostrasbourg.com\/index.php\/2022\/12\/11\/appel-a-manifestation-dinteret-france-2030-poles-territoriaux-dindustries-culturelles-et-creatives-favorisant-la-structuration-decosystemes-locaux\/","name":"Appel \u00e0 Manifestation d\u2019Int\u00e9r\u00eat : France 2030 \u2013 P\u00f4les territoriaux d\u2019industries culturelles et cr\u00e9atives favorisant la structuration d\u2019\u00e9cosyst\u00e8mes locaux - HIERO STRASBOURG","isPartOf":{"@id":"https:\/\/hierostrasbourg.com\/#website"},"datePublished":"2022-12-11T18:35:47+00:00","breadcrumb":{"@id":"https:\/\/hierostrasbourg.com\/index.php\/2022\/12\/11\/appel-a-manifestation-dinteret-france-2030-poles-territoriaux-dindustries-culturelles-et-creatives-favorisant-la-structuration-decosystemes-locaux\/#breadcrumb"},"inLanguage":"fr-FR","potentialAction":[{"@type":"ReadAction","target":["https:\/\/hierostrasbourg.com\/index.php\/2022\/12\/11\/appel-a-manifestation-dinteret-france-2030-poles-territoriaux-dindustries-culturelles-et-creatives-favorisant-la-structuration-decosystemes-locaux\/"]}]},{"@type":"BreadcrumbList","@id":"https:\/\/hierostrasbourg.com\/index.php\/2022\/12\/11\/appel-a-manifestation-dinteret-france-2030-poles-territoriaux-dindustries-culturelles-et-creatives-favorisant-la-structuration-decosystemes-locaux\/#breadcrumb","itemListElement":[{"@type":"ListItem","position":1,"name":"Accueil","item":"https:\/\/hierostrasbourg.com\/"},{"@type":"ListItem","position":2,"name":"Appel \u00e0 Manifestation d\u2019Int\u00e9r\u00eat : France 2030 \u2013 P\u00f4les territoriaux d\u2019industries culturelles et cr\u00e9atives favorisant la structuration d\u2019\u00e9cosyst\u00e8mes locaux"}]},{"@type":"WebSite","@id":"https:\/\/hierostrasbourg.com\/#website","url":"https:\/\/hierostrasbourg.com\/","name":"HIERO STRASBOURG","description":"Centre de Ressources Musiques Actuelles","publisher":{"@id":"https:\/\/hierostrasbourg.com\/#organization"},"potentialAction":[{"@type":"SearchAction","target":{"@type":"EntryPoint","urlTemplate":"https:\/\/hierostrasbourg.com\/?s={search_term_string}"},"query-input":{"@type":"PropertyValueSpecification","valueRequired":true,"valueName":"search_term_string"}}],"inLanguage":"fr-FR"},{"@type":"Organization","@id":"https:\/\/hierostrasbourg.com\/#organization","name":"F\u00e9d\u00e9ration Hi\u00e9ro Strasbourg","url":"https:\/\/hierostrasbourg.com\/","logo":{"@type":"ImageObject","inLanguage":"fr-FR","@id":"https:\/\/hierostrasbourg.com\/#\/schema\/logo\/image\/","url":"https:\/\/hierostrasbourg.com\/wp-content\/uploads\/2026\/04\/logo-hiero-strasbourg.jpg","contentUrl":"https:\/\/hierostrasbourg.com\/wp-content\/uploads\/2026\/04\/logo-hiero-strasbourg.jpg","width":204,"height":192,"caption":"F\u00e9d\u00e9ration Hi\u00e9ro Strasbourg"},"image":{"@id":"https:\/\/hierostrasbourg.com\/#\/schema\/logo\/image\/"},"sameAs":["https:\/\/www.facebook.com\/fedehierostrasbourg","https:\/\/x.com\/hierostrasbourg"]}]}},"_links":{"self":[{"href":"https:\/\/hierostrasbourg.com\/index.php\/wp-json\/wp\/v2\/posts\/4248","targetHints":{"allow":["GET"]}}],"collection":[{"href":"https:\/\/hierostrasbourg.com\/index.php\/wp-json\/wp\/v2\/posts"}],"about":[{"href":"https:\/\/hierostrasbourg.com\/index.php\/wp-json\/wp\/v2\/types\/post"}],"replies":[{"embeddable":true,"href":"https:\/\/hierostrasbourg.com\/index.php\/wp-json\/wp\/v2\/comments?post=4248"}],"version-history":[{"count":0,"href":"https:\/\/hierostrasbourg.com\/index.php\/wp-json\/wp\/v2\/posts\/4248\/revisions"}],"wp:attachment":[{"href":"https:\/\/hierostrasbourg.com\/index.php\/wp-json\/wp\/v2\/media?parent=4248"}],"wp:term":[{"taxonomy":"category","embeddable":true,"href":"https:\/\/hierostrasbourg.com\/index.php\/wp-json\/wp\/v2\/categories?post=4248"},{"taxonomy":"post_tag","embeddable":true,"href":"https:\/\/hierostrasbourg.com\/index.php\/wp-json\/wp\/v2\/tags?post=4248"}],"curies":[{"name":"wp","href":"https:\/\/api.w.org\/{rel}","templated":true}]}}