{"id":4247,"date":"2022-12-11T16:39:41","date_gmt":"2022-12-11T15:39:41","guid":{"rendered":"https:\/\/hierostrasbourg.com\/index.php\/2022\/12\/11\/circuit-court-un-modele-adapte-pour-la-culture\/"},"modified":"2022-12-11T16:39:41","modified_gmt":"2022-12-11T15:39:41","slug":"circuit-court-un-modele-adapte-pour-la-culture","status":"publish","type":"post","link":"https:\/\/hierostrasbourg.com\/index.php\/2022\/12\/11\/circuit-court-un-modele-adapte-pour-la-culture\/","title":{"rendered":"Circuit court : un mod\u00e8le adapt\u00e9 pour la culture ?"},"content":{"rendered":"<p>\u00c0 l\u2019heure de la d\u00e9carbonation, les notions de proximit\u00e9 et de circuit court s\u00e9duisent. Si, aujourd\u2019hui, il est ais\u00e9 d\u2019appliquer sans peine le principe de circuit court aux paniers \u00e0 l\u00e9gumes, les programmations artistiques peuvent-elles ais\u00e9ment s\u2019y soumettre ? Adapt\u00e9 au secteur culturel, le concept favorise le lien entre les artistes implant\u00e9s sur un territoire et les citoyens qui y vivent. Mais \u00e0 quoi s\u2019exposent alors les politiques culturelles si elles ne sont pens\u00e9es qu\u2019en fonction des seules ressources du [\u2026]<\/p>\n<p>L\u2019article <a href=\"https:\/\/musiquesactuelles.alsace\/circuit-court-un-modele-adapte-pour-la-culture\/\">Circuit court : un mod\u00e8le adapt\u00e9 pour la culture ?<\/a> est apparu en premier sur <a href=\"https:\/\/musiquesactuelles.alsace\/\">Musiques Actuelles en Alsace<\/a>.<\/p>\n<p>L\u2019article <a href=\"https:\/\/popburo.fr\/circuit-court-un-modele-adapte-pour-la-culture\/\">Circuit court : un mod\u00e8le adapt\u00e9 pour la culture ?<\/a> est apparu en premier sur <a href=\"https:\/\/popburo.fr\/\">POP B\u00dcRO<\/a>.<\/p>\n","protected":false},"excerpt":{"rendered":"<p>\u00c0 l\u2019heure de la d\u00e9carbonation, les notions de proximit\u00e9 et de circuit court s\u00e9duisent. Si, aujourd\u2019hui, il est ais\u00e9 d\u2019appliquer sans peine le principe de circuit court aux paniers \u00e0 l\u00e9gumes, les programmations artistiques peuvent-elles ais\u00e9ment s\u2019y soumettre ? Adapt\u00e9 au secteur culturel, le concept favorise le lien entre les artistes implant\u00e9s sur un territoire et les citoyens qui y vivent. Mais \u00e0 quoi s\u2019exposent alors les politiques culturelles si elles ne sont pens\u00e9es qu\u2019en fonction des seules ressources du [&hellip;]<\/p>\n","protected":false},"author":0,"featured_media":0,"comment_status":"closed","ping_status":"open","sticky":false,"template":"","format":"standard","meta":{"footnotes":""},"categories":[1],"tags":[],"class_list":["post-4247","post","type-post","status-publish","format-standard","hentry","category-non-classe"],"yoast_head":"<!-- This site is optimized with the Yoast SEO plugin v27.5 - https:\/\/yoast.com\/product\/yoast-seo-wordpress\/ -->\n<title>Circuit court : un mod\u00e8le adapt\u00e9 pour la culture ? - HIERO STRASBOURG<\/title>\n<meta name=\"robots\" content=\"index, follow, max-snippet:-1, max-image-preview:large, max-video-preview:-1\" \/>\n<link rel=\"canonical\" href=\"https:\/\/hierostrasbourg.com\/index.php\/2022\/12\/11\/circuit-court-un-modele-adapte-pour-la-culture\/\" \/>\n<meta property=\"og:locale\" content=\"fr_FR\" \/>\n<meta property=\"og:type\" content=\"article\" \/>\n<meta property=\"og:title\" content=\"Circuit court : un mod\u00e8le adapt\u00e9 pour la culture ? - HIERO STRASBOURG\" \/>\n<meta property=\"og:description\" content=\"\u00c0 l\u2019heure de la d\u00e9carbonation, les notions de proximit\u00e9 et de circuit court s\u00e9duisent. Si, aujourd\u2019hui, il est ais\u00e9 d\u2019appliquer sans peine le principe de circuit court aux paniers \u00e0 l\u00e9gumes, les programmations artistiques peuvent-elles ais\u00e9ment s\u2019y soumettre ? Adapt\u00e9 au secteur culturel, le concept favorise le lien entre les artistes implant\u00e9s sur un territoire et les citoyens qui y vivent. Mais \u00e0 quoi s\u2019exposent alors les politiques culturelles si elles ne sont pens\u00e9es qu\u2019en fonction des seules ressources du [&hellip;]\" \/>\n<meta property=\"og:url\" content=\"https:\/\/hierostrasbourg.com\/index.php\/2022\/12\/11\/circuit-court-un-modele-adapte-pour-la-culture\/\" \/>\n<meta property=\"og:site_name\" content=\"HIERO STRASBOURG\" \/>\n<meta property=\"article:publisher\" content=\"https:\/\/www.facebook.com\/fedehierostrasbourg\" \/>\n<meta property=\"article:published_time\" content=\"2022-12-11T15:39:41+00:00\" \/>\n<meta name=\"twitter:card\" content=\"summary_large_image\" \/>\n<meta name=\"twitter:creator\" content=\"@hierostrasbourg\" \/>\n<meta name=\"twitter:site\" content=\"@hierostrasbourg\" \/>\n<meta name=\"twitter:label1\" content=\"Dur\u00e9e de lecture estim\u00e9e\" \/>\n\t<meta name=\"twitter:data1\" content=\"1 minute\" \/>\n<script type=\"application\/ld+json\" class=\"yoast-schema-graph\">{\"@context\":\"https:\\\/\\\/schema.org\",\"@graph\":[{\"@type\":\"Article\",\"@id\":\"https:\\\/\\\/hierostrasbourg.com\\\/index.php\\\/2022\\\/12\\\/11\\\/circuit-court-un-modele-adapte-pour-la-culture\\\/#article\",\"isPartOf\":{\"@id\":\"https:\\\/\\\/hierostrasbourg.com\\\/index.php\\\/2022\\\/12\\\/11\\\/circuit-court-un-modele-adapte-pour-la-culture\\\/\"},\"author\":{\"name\":\"\",\"@id\":\"\"},\"headline\":\"Circuit court : un mod\u00e8le adapt\u00e9 pour la culture ?\",\"datePublished\":\"2022-12-11T15:39:41+00:00\",\"mainEntityOfPage\":{\"@id\":\"https:\\\/\\\/hierostrasbourg.com\\\/index.php\\\/2022\\\/12\\\/11\\\/circuit-court-un-modele-adapte-pour-la-culture\\\/\"},\"wordCount\":136,\"publisher\":{\"@id\":\"https:\\\/\\\/hierostrasbourg.com\\\/#organization\"},\"inLanguage\":\"fr-FR\"},{\"@type\":\"WebPage\",\"@id\":\"https:\\\/\\\/hierostrasbourg.com\\\/index.php\\\/2022\\\/12\\\/11\\\/circuit-court-un-modele-adapte-pour-la-culture\\\/\",\"url\":\"https:\\\/\\\/hierostrasbourg.com\\\/index.php\\\/2022\\\/12\\\/11\\\/circuit-court-un-modele-adapte-pour-la-culture\\\/\",\"name\":\"Circuit court : un mod\u00e8le adapt\u00e9 pour la culture ? - HIERO STRASBOURG\",\"isPartOf\":{\"@id\":\"https:\\\/\\\/hierostrasbourg.com\\\/#website\"},\"datePublished\":\"2022-12-11T15:39:41+00:00\",\"breadcrumb\":{\"@id\":\"https:\\\/\\\/hierostrasbourg.com\\\/index.php\\\/2022\\\/12\\\/11\\\/circuit-court-un-modele-adapte-pour-la-culture\\\/#breadcrumb\"},\"inLanguage\":\"fr-FR\",\"potentialAction\":[{\"@type\":\"ReadAction\",\"target\":[\"https:\\\/\\\/hierostrasbourg.com\\\/index.php\\\/2022\\\/12\\\/11\\\/circuit-court-un-modele-adapte-pour-la-culture\\\/\"]}]},{\"@type\":\"BreadcrumbList\",\"@id\":\"https:\\\/\\\/hierostrasbourg.com\\\/index.php\\\/2022\\\/12\\\/11\\\/circuit-court-un-modele-adapte-pour-la-culture\\\/#breadcrumb\",\"itemListElement\":[{\"@type\":\"ListItem\",\"position\":1,\"name\":\"Accueil\",\"item\":\"https:\\\/\\\/hierostrasbourg.com\\\/\"},{\"@type\":\"ListItem\",\"position\":2,\"name\":\"Circuit court : un mod\u00e8le adapt\u00e9 pour la culture ?\"}]},{\"@type\":\"WebSite\",\"@id\":\"https:\\\/\\\/hierostrasbourg.com\\\/#website\",\"url\":\"https:\\\/\\\/hierostrasbourg.com\\\/\",\"name\":\"HIERO STRASBOURG\",\"description\":\"Centre de Ressources Musiques Actuelles\",\"publisher\":{\"@id\":\"https:\\\/\\\/hierostrasbourg.com\\\/#organization\"},\"potentialAction\":[{\"@type\":\"SearchAction\",\"target\":{\"@type\":\"EntryPoint\",\"urlTemplate\":\"https:\\\/\\\/hierostrasbourg.com\\\/?s={search_term_string}\"},\"query-input\":{\"@type\":\"PropertyValueSpecification\",\"valueRequired\":true,\"valueName\":\"search_term_string\"}}],\"inLanguage\":\"fr-FR\"},{\"@type\":\"Organization\",\"@id\":\"https:\\\/\\\/hierostrasbourg.com\\\/#organization\",\"name\":\"F\u00e9d\u00e9ration Hi\u00e9ro Strasbourg\",\"url\":\"https:\\\/\\\/hierostrasbourg.com\\\/\",\"logo\":{\"@type\":\"ImageObject\",\"inLanguage\":\"fr-FR\",\"@id\":\"https:\\\/\\\/hierostrasbourg.com\\\/#\\\/schema\\\/logo\\\/image\\\/\",\"url\":\"https:\\\/\\\/hierostrasbourg.com\\\/wp-content\\\/uploads\\\/2026\\\/04\\\/logo-hiero-strasbourg.jpg\",\"contentUrl\":\"https:\\\/\\\/hierostrasbourg.com\\\/wp-content\\\/uploads\\\/2026\\\/04\\\/logo-hiero-strasbourg.jpg\",\"width\":204,\"height\":192,\"caption\":\"F\u00e9d\u00e9ration Hi\u00e9ro Strasbourg\"},\"image\":{\"@id\":\"https:\\\/\\\/hierostrasbourg.com\\\/#\\\/schema\\\/logo\\\/image\\\/\"},\"sameAs\":[\"https:\\\/\\\/www.facebook.com\\\/fedehierostrasbourg\",\"https:\\\/\\\/x.com\\\/hierostrasbourg\"]}]}<\/script>\n<!-- \/ Yoast SEO plugin. -->","yoast_head_json":{"title":"Circuit court : un mod\u00e8le adapt\u00e9 pour la culture ? - HIERO STRASBOURG","robots":{"index":"index","follow":"follow","max-snippet":"max-snippet:-1","max-image-preview":"max-image-preview:large","max-video-preview":"max-video-preview:-1"},"canonical":"https:\/\/hierostrasbourg.com\/index.php\/2022\/12\/11\/circuit-court-un-modele-adapte-pour-la-culture\/","og_locale":"fr_FR","og_type":"article","og_title":"Circuit court : un mod\u00e8le adapt\u00e9 pour la culture ? - HIERO STRASBOURG","og_description":"\u00c0 l\u2019heure de la d\u00e9carbonation, les notions de proximit\u00e9 et de circuit court s\u00e9duisent. Si, aujourd\u2019hui, il est ais\u00e9 d\u2019appliquer sans peine le principe de circuit court aux paniers \u00e0 l\u00e9gumes, les programmations artistiques peuvent-elles ais\u00e9ment s\u2019y soumettre ? Adapt\u00e9 au secteur culturel, le concept favorise le lien entre les artistes implant\u00e9s sur un territoire et les citoyens qui y vivent. Mais \u00e0 quoi s\u2019exposent alors les politiques culturelles si elles ne sont pens\u00e9es qu\u2019en fonction des seules ressources du [&hellip;]","og_url":"https:\/\/hierostrasbourg.com\/index.php\/2022\/12\/11\/circuit-court-un-modele-adapte-pour-la-culture\/","og_site_name":"HIERO STRASBOURG","article_publisher":"https:\/\/www.facebook.com\/fedehierostrasbourg","article_published_time":"2022-12-11T15:39:41+00:00","twitter_card":"summary_large_image","twitter_creator":"@hierostrasbourg","twitter_site":"@hierostrasbourg","twitter_misc":{"Dur\u00e9e de lecture estim\u00e9e":"1 minute"},"schema":{"@context":"https:\/\/schema.org","@graph":[{"@type":"Article","@id":"https:\/\/hierostrasbourg.com\/index.php\/2022\/12\/11\/circuit-court-un-modele-adapte-pour-la-culture\/#article","isPartOf":{"@id":"https:\/\/hierostrasbourg.com\/index.php\/2022\/12\/11\/circuit-court-un-modele-adapte-pour-la-culture\/"},"author":{"name":"","@id":""},"headline":"Circuit court : un mod\u00e8le adapt\u00e9 pour la culture ?","datePublished":"2022-12-11T15:39:41+00:00","mainEntityOfPage":{"@id":"https:\/\/hierostrasbourg.com\/index.php\/2022\/12\/11\/circuit-court-un-modele-adapte-pour-la-culture\/"},"wordCount":136,"publisher":{"@id":"https:\/\/hierostrasbourg.com\/#organization"},"inLanguage":"fr-FR"},{"@type":"WebPage","@id":"https:\/\/hierostrasbourg.com\/index.php\/2022\/12\/11\/circuit-court-un-modele-adapte-pour-la-culture\/","url":"https:\/\/hierostrasbourg.com\/index.php\/2022\/12\/11\/circuit-court-un-modele-adapte-pour-la-culture\/","name":"Circuit court : un mod\u00e8le adapt\u00e9 pour la culture ? - HIERO STRASBOURG","isPartOf":{"@id":"https:\/\/hierostrasbourg.com\/#website"},"datePublished":"2022-12-11T15:39:41+00:00","breadcrumb":{"@id":"https:\/\/hierostrasbourg.com\/index.php\/2022\/12\/11\/circuit-court-un-modele-adapte-pour-la-culture\/#breadcrumb"},"inLanguage":"fr-FR","potentialAction":[{"@type":"ReadAction","target":["https:\/\/hierostrasbourg.com\/index.php\/2022\/12\/11\/circuit-court-un-modele-adapte-pour-la-culture\/"]}]},{"@type":"BreadcrumbList","@id":"https:\/\/hierostrasbourg.com\/index.php\/2022\/12\/11\/circuit-court-un-modele-adapte-pour-la-culture\/#breadcrumb","itemListElement":[{"@type":"ListItem","position":1,"name":"Accueil","item":"https:\/\/hierostrasbourg.com\/"},{"@type":"ListItem","position":2,"name":"Circuit court : un mod\u00e8le adapt\u00e9 pour la culture ?"}]},{"@type":"WebSite","@id":"https:\/\/hierostrasbourg.com\/#website","url":"https:\/\/hierostrasbourg.com\/","name":"HIERO STRASBOURG","description":"Centre de Ressources Musiques Actuelles","publisher":{"@id":"https:\/\/hierostrasbourg.com\/#organization"},"potentialAction":[{"@type":"SearchAction","target":{"@type":"EntryPoint","urlTemplate":"https:\/\/hierostrasbourg.com\/?s={search_term_string}"},"query-input":{"@type":"PropertyValueSpecification","valueRequired":true,"valueName":"search_term_string"}}],"inLanguage":"fr-FR"},{"@type":"Organization","@id":"https:\/\/hierostrasbourg.com\/#organization","name":"F\u00e9d\u00e9ration Hi\u00e9ro Strasbourg","url":"https:\/\/hierostrasbourg.com\/","logo":{"@type":"ImageObject","inLanguage":"fr-FR","@id":"https:\/\/hierostrasbourg.com\/#\/schema\/logo\/image\/","url":"https:\/\/hierostrasbourg.com\/wp-content\/uploads\/2026\/04\/logo-hiero-strasbourg.jpg","contentUrl":"https:\/\/hierostrasbourg.com\/wp-content\/uploads\/2026\/04\/logo-hiero-strasbourg.jpg","width":204,"height":192,"caption":"F\u00e9d\u00e9ration Hi\u00e9ro Strasbourg"},"image":{"@id":"https:\/\/hierostrasbourg.com\/#\/schema\/logo\/image\/"},"sameAs":["https:\/\/www.facebook.com\/fedehierostrasbourg","https:\/\/x.com\/hierostrasbourg"]}]}},"_links":{"self":[{"href":"https:\/\/hierostrasbourg.com\/index.php\/wp-json\/wp\/v2\/posts\/4247","targetHints":{"allow":["GET"]}}],"collection":[{"href":"https:\/\/hierostrasbourg.com\/index.php\/wp-json\/wp\/v2\/posts"}],"about":[{"href":"https:\/\/hierostrasbourg.com\/index.php\/wp-json\/wp\/v2\/types\/post"}],"replies":[{"embeddable":true,"href":"https:\/\/hierostrasbourg.com\/index.php\/wp-json\/wp\/v2\/comments?post=4247"}],"version-history":[{"count":0,"href":"https:\/\/hierostrasbourg.com\/index.php\/wp-json\/wp\/v2\/posts\/4247\/revisions"}],"wp:attachment":[{"href":"https:\/\/hierostrasbourg.com\/index.php\/wp-json\/wp\/v2\/media?parent=4247"}],"wp:term":[{"taxonomy":"category","embeddable":true,"href":"https:\/\/hierostrasbourg.com\/index.php\/wp-json\/wp\/v2\/categories?post=4247"},{"taxonomy":"post_tag","embeddable":true,"href":"https:\/\/hierostrasbourg.com\/index.php\/wp-json\/wp\/v2\/tags?post=4247"}],"curies":[{"name":"wp","href":"https:\/\/api.w.org\/{rel}","templated":true}]}}