{"id":4246,"date":"2022-12-11T13:35:47","date_gmt":"2022-12-11T12:35:47","guid":{"rendered":"https:\/\/hierostrasbourg.com\/index.php\/2022\/12\/11\/les-bis-chercheront-des-remedes-a-la-crise-prolongee-du-spectacle\/"},"modified":"2022-12-11T13:35:47","modified_gmt":"2022-12-11T12:35:47","slug":"les-bis-chercheront-des-remedes-a-la-crise-prolongee-du-spectacle","status":"publish","type":"post","link":"https:\/\/hierostrasbourg.com\/index.php\/2022\/12\/11\/les-bis-chercheront-des-remedes-a-la-crise-prolongee-du-spectacle\/","title":{"rendered":"Les BIS chercheront des rem\u00e8des \u00e0 la crise prolong\u00e9e du spectacle"},"content":{"rendered":"<p><a href=\"https:\/\/musiquesactuelles.alsace\/les-bis-chercheront-des-remedes-a-la-crise-prolongee-du-spectacle\/\" title=\"Les BIS chercheront des rem\u00e8des \u00e0 la crise prolong\u00e9e du spectacle\"><\/a><\/p>\n<p>L\u2019avenir d\u2019une fili\u00e8re convalescente sera au centre des \u00e9changes lors de ce rendez-vous qui se tient les 11 et 12 janvier, \u00e0 Nantes, avec une riche programmation. Inflation, \u00e9nergies, mutations des publics, crise des vocations, tensions salariales, annulations de festivals potentielles pour cause de JO\u2026 Le d\u00e9but de saison 2022\/2023 aura \u00e9t\u00e9 celui de tous les dangers pour le spectacle vivant, qui aura rarement crois\u00e9 autant de chausse-trapes dans son histoire. Des d\u00e9fis \u00e9conomiques, techniques et \u00e9thiques qui trouveront probablement [\u2026]<\/p>\n<p>L\u2019article <a href=\"https:\/\/musiquesactuelles.alsace\/les-bis-chercheront-des-remedes-a-la-crise-prolongee-du-spectacle\/\">Les BIS chercheront des rem\u00e8des \u00e0 la crise prolong\u00e9e du spectacle<\/a> est apparu en premier sur <a href=\"https:\/\/musiquesactuelles.alsace\/\">Musiques Actuelles en Alsace<\/a>.<\/p>\n<p>L\u2019article <a href=\"https:\/\/popburo.fr\/les-bis-chercheront-des-remedes-a-la-crise-prolongee-du-spectacle\/\">Les BIS chercheront des rem\u00e8des \u00e0 la crise prolong\u00e9e du spectacle<\/a> est apparu en premier sur <a href=\"https:\/\/popburo.fr\/\">POP B\u00dcRO<\/a>.<\/p>\n","protected":false},"excerpt":{"rendered":"<p>L\u2019avenir d\u2019une fili\u00e8re convalescente sera au centre des \u00e9changes lors de ce rendez-vous qui se tient les 11 et 12 janvier, \u00e0 Nantes, avec une riche programmation. Inflation, \u00e9nergies, mutations des publics, crise des vocations, tensions salariales, annulations de festivals potentielles pour cause de JO\u2026 Le d\u00e9but de saison 2022\/2023 aura \u00e9t\u00e9 celui de tous les dangers pour le spectacle vivant, qui aura rarement crois\u00e9 autant de chausse-trapes dans son histoire. Des d\u00e9fis \u00e9conomiques, techniques et \u00e9thiques qui trouveront probablement [&hellip;]<\/p>\n","protected":false},"author":0,"featured_media":0,"comment_status":"closed","ping_status":"open","sticky":false,"template":"","format":"standard","meta":{"footnotes":""},"categories":[1],"tags":[],"class_list":["post-4246","post","type-post","status-publish","format-standard","hentry","category-non-classe"],"yoast_head":"<!-- This site is optimized with the Yoast SEO plugin v27.5 - https:\/\/yoast.com\/product\/yoast-seo-wordpress\/ -->\n<title>Les BIS chercheront des rem\u00e8des \u00e0 la crise prolong\u00e9e du spectacle - HIERO STRASBOURG<\/title>\n<meta name=\"robots\" content=\"index, follow, max-snippet:-1, max-image-preview:large, max-video-preview:-1\" \/>\n<link rel=\"canonical\" href=\"https:\/\/hierostrasbourg.com\/index.php\/2022\/12\/11\/les-bis-chercheront-des-remedes-a-la-crise-prolongee-du-spectacle\/\" \/>\n<meta property=\"og:locale\" content=\"fr_FR\" \/>\n<meta property=\"og:type\" content=\"article\" \/>\n<meta property=\"og:title\" content=\"Les BIS chercheront des rem\u00e8des \u00e0 la crise prolong\u00e9e du spectacle - HIERO STRASBOURG\" \/>\n<meta property=\"og:description\" content=\"L\u2019avenir d\u2019une fili\u00e8re convalescente sera au centre des \u00e9changes lors de ce rendez-vous qui se tient les 11 et 12 janvier, \u00e0 Nantes, avec une riche programmation. Inflation, \u00e9nergies, mutations des publics, crise des vocations, tensions salariales, annulations de festivals potentielles pour cause de JO\u2026 Le d\u00e9but de saison 2022\/2023 aura \u00e9t\u00e9 celui de tous les dangers pour le spectacle vivant, qui aura rarement crois\u00e9 autant de chausse-trapes dans son histoire. Des d\u00e9fis \u00e9conomiques, techniques et \u00e9thiques qui trouveront probablement [&hellip;]\" \/>\n<meta property=\"og:url\" content=\"https:\/\/hierostrasbourg.com\/index.php\/2022\/12\/11\/les-bis-chercheront-des-remedes-a-la-crise-prolongee-du-spectacle\/\" \/>\n<meta property=\"og:site_name\" content=\"HIERO STRASBOURG\" \/>\n<meta property=\"article:publisher\" content=\"https:\/\/www.facebook.com\/fedehierostrasbourg\" \/>\n<meta property=\"article:published_time\" content=\"2022-12-11T12:35:47+00:00\" \/>\n<meta name=\"twitter:card\" content=\"summary_large_image\" \/>\n<meta name=\"twitter:creator\" content=\"@hierostrasbourg\" \/>\n<meta name=\"twitter:site\" content=\"@hierostrasbourg\" \/>\n<meta name=\"twitter:label1\" content=\"Dur\u00e9e de lecture estim\u00e9e\" \/>\n\t<meta name=\"twitter:data1\" content=\"1 minute\" \/>\n<script type=\"application\/ld+json\" class=\"yoast-schema-graph\">{\"@context\":\"https:\\\/\\\/schema.org\",\"@graph\":[{\"@type\":\"Article\",\"@id\":\"https:\\\/\\\/hierostrasbourg.com\\\/index.php\\\/2022\\\/12\\\/11\\\/les-bis-chercheront-des-remedes-a-la-crise-prolongee-du-spectacle\\\/#article\",\"isPartOf\":{\"@id\":\"https:\\\/\\\/hierostrasbourg.com\\\/index.php\\\/2022\\\/12\\\/11\\\/les-bis-chercheront-des-remedes-a-la-crise-prolongee-du-spectacle\\\/\"},\"author\":{\"name\":\"\",\"@id\":\"\"},\"headline\":\"Les BIS chercheront des rem\u00e8des \u00e0 la crise prolong\u00e9e du spectacle\",\"datePublished\":\"2022-12-11T12:35:47+00:00\",\"mainEntityOfPage\":{\"@id\":\"https:\\\/\\\/hierostrasbourg.com\\\/index.php\\\/2022\\\/12\\\/11\\\/les-bis-chercheront-des-remedes-a-la-crise-prolongee-du-spectacle\\\/\"},\"wordCount\":138,\"publisher\":{\"@id\":\"https:\\\/\\\/hierostrasbourg.com\\\/#organization\"},\"inLanguage\":\"fr-FR\"},{\"@type\":\"WebPage\",\"@id\":\"https:\\\/\\\/hierostrasbourg.com\\\/index.php\\\/2022\\\/12\\\/11\\\/les-bis-chercheront-des-remedes-a-la-crise-prolongee-du-spectacle\\\/\",\"url\":\"https:\\\/\\\/hierostrasbourg.com\\\/index.php\\\/2022\\\/12\\\/11\\\/les-bis-chercheront-des-remedes-a-la-crise-prolongee-du-spectacle\\\/\",\"name\":\"Les BIS chercheront des rem\u00e8des \u00e0 la crise prolong\u00e9e du spectacle - HIERO STRASBOURG\",\"isPartOf\":{\"@id\":\"https:\\\/\\\/hierostrasbourg.com\\\/#website\"},\"datePublished\":\"2022-12-11T12:35:47+00:00\",\"breadcrumb\":{\"@id\":\"https:\\\/\\\/hierostrasbourg.com\\\/index.php\\\/2022\\\/12\\\/11\\\/les-bis-chercheront-des-remedes-a-la-crise-prolongee-du-spectacle\\\/#breadcrumb\"},\"inLanguage\":\"fr-FR\",\"potentialAction\":[{\"@type\":\"ReadAction\",\"target\":[\"https:\\\/\\\/hierostrasbourg.com\\\/index.php\\\/2022\\\/12\\\/11\\\/les-bis-chercheront-des-remedes-a-la-crise-prolongee-du-spectacle\\\/\"]}]},{\"@type\":\"BreadcrumbList\",\"@id\":\"https:\\\/\\\/hierostrasbourg.com\\\/index.php\\\/2022\\\/12\\\/11\\\/les-bis-chercheront-des-remedes-a-la-crise-prolongee-du-spectacle\\\/#breadcrumb\",\"itemListElement\":[{\"@type\":\"ListItem\",\"position\":1,\"name\":\"Accueil\",\"item\":\"https:\\\/\\\/hierostrasbourg.com\\\/\"},{\"@type\":\"ListItem\",\"position\":2,\"name\":\"Les BIS chercheront des rem\u00e8des \u00e0 la crise prolong\u00e9e du spectacle\"}]},{\"@type\":\"WebSite\",\"@id\":\"https:\\\/\\\/hierostrasbourg.com\\\/#website\",\"url\":\"https:\\\/\\\/hierostrasbourg.com\\\/\",\"name\":\"HIERO STRASBOURG\",\"description\":\"Centre de Ressources Musiques Actuelles\",\"publisher\":{\"@id\":\"https:\\\/\\\/hierostrasbourg.com\\\/#organization\"},\"potentialAction\":[{\"@type\":\"SearchAction\",\"target\":{\"@type\":\"EntryPoint\",\"urlTemplate\":\"https:\\\/\\\/hierostrasbourg.com\\\/?s={search_term_string}\"},\"query-input\":{\"@type\":\"PropertyValueSpecification\",\"valueRequired\":true,\"valueName\":\"search_term_string\"}}],\"inLanguage\":\"fr-FR\"},{\"@type\":\"Organization\",\"@id\":\"https:\\\/\\\/hierostrasbourg.com\\\/#organization\",\"name\":\"F\u00e9d\u00e9ration Hi\u00e9ro Strasbourg\",\"url\":\"https:\\\/\\\/hierostrasbourg.com\\\/\",\"logo\":{\"@type\":\"ImageObject\",\"inLanguage\":\"fr-FR\",\"@id\":\"https:\\\/\\\/hierostrasbourg.com\\\/#\\\/schema\\\/logo\\\/image\\\/\",\"url\":\"https:\\\/\\\/hierostrasbourg.com\\\/wp-content\\\/uploads\\\/2026\\\/04\\\/logo-hiero-strasbourg.jpg\",\"contentUrl\":\"https:\\\/\\\/hierostrasbourg.com\\\/wp-content\\\/uploads\\\/2026\\\/04\\\/logo-hiero-strasbourg.jpg\",\"width\":204,\"height\":192,\"caption\":\"F\u00e9d\u00e9ration Hi\u00e9ro Strasbourg\"},\"image\":{\"@id\":\"https:\\\/\\\/hierostrasbourg.com\\\/#\\\/schema\\\/logo\\\/image\\\/\"},\"sameAs\":[\"https:\\\/\\\/www.facebook.com\\\/fedehierostrasbourg\",\"https:\\\/\\\/x.com\\\/hierostrasbourg\"]}]}<\/script>\n<!-- \/ Yoast SEO plugin. -->","yoast_head_json":{"title":"Les BIS chercheront des rem\u00e8des \u00e0 la crise prolong\u00e9e du spectacle - HIERO STRASBOURG","robots":{"index":"index","follow":"follow","max-snippet":"max-snippet:-1","max-image-preview":"max-image-preview:large","max-video-preview":"max-video-preview:-1"},"canonical":"https:\/\/hierostrasbourg.com\/index.php\/2022\/12\/11\/les-bis-chercheront-des-remedes-a-la-crise-prolongee-du-spectacle\/","og_locale":"fr_FR","og_type":"article","og_title":"Les BIS chercheront des rem\u00e8des \u00e0 la crise prolong\u00e9e du spectacle - HIERO STRASBOURG","og_description":"L\u2019avenir d\u2019une fili\u00e8re convalescente sera au centre des \u00e9changes lors de ce rendez-vous qui se tient les 11 et 12 janvier, \u00e0 Nantes, avec une riche programmation. Inflation, \u00e9nergies, mutations des publics, crise des vocations, tensions salariales, annulations de festivals potentielles pour cause de JO\u2026 Le d\u00e9but de saison 2022\/2023 aura \u00e9t\u00e9 celui de tous les dangers pour le spectacle vivant, qui aura rarement crois\u00e9 autant de chausse-trapes dans son histoire. Des d\u00e9fis \u00e9conomiques, techniques et \u00e9thiques qui trouveront probablement [&hellip;]","og_url":"https:\/\/hierostrasbourg.com\/index.php\/2022\/12\/11\/les-bis-chercheront-des-remedes-a-la-crise-prolongee-du-spectacle\/","og_site_name":"HIERO STRASBOURG","article_publisher":"https:\/\/www.facebook.com\/fedehierostrasbourg","article_published_time":"2022-12-11T12:35:47+00:00","twitter_card":"summary_large_image","twitter_creator":"@hierostrasbourg","twitter_site":"@hierostrasbourg","twitter_misc":{"Dur\u00e9e de lecture estim\u00e9e":"1 minute"},"schema":{"@context":"https:\/\/schema.org","@graph":[{"@type":"Article","@id":"https:\/\/hierostrasbourg.com\/index.php\/2022\/12\/11\/les-bis-chercheront-des-remedes-a-la-crise-prolongee-du-spectacle\/#article","isPartOf":{"@id":"https:\/\/hierostrasbourg.com\/index.php\/2022\/12\/11\/les-bis-chercheront-des-remedes-a-la-crise-prolongee-du-spectacle\/"},"author":{"name":"","@id":""},"headline":"Les BIS chercheront des rem\u00e8des \u00e0 la crise prolong\u00e9e du spectacle","datePublished":"2022-12-11T12:35:47+00:00","mainEntityOfPage":{"@id":"https:\/\/hierostrasbourg.com\/index.php\/2022\/12\/11\/les-bis-chercheront-des-remedes-a-la-crise-prolongee-du-spectacle\/"},"wordCount":138,"publisher":{"@id":"https:\/\/hierostrasbourg.com\/#organization"},"inLanguage":"fr-FR"},{"@type":"WebPage","@id":"https:\/\/hierostrasbourg.com\/index.php\/2022\/12\/11\/les-bis-chercheront-des-remedes-a-la-crise-prolongee-du-spectacle\/","url":"https:\/\/hierostrasbourg.com\/index.php\/2022\/12\/11\/les-bis-chercheront-des-remedes-a-la-crise-prolongee-du-spectacle\/","name":"Les BIS chercheront des rem\u00e8des \u00e0 la crise prolong\u00e9e du spectacle - HIERO STRASBOURG","isPartOf":{"@id":"https:\/\/hierostrasbourg.com\/#website"},"datePublished":"2022-12-11T12:35:47+00:00","breadcrumb":{"@id":"https:\/\/hierostrasbourg.com\/index.php\/2022\/12\/11\/les-bis-chercheront-des-remedes-a-la-crise-prolongee-du-spectacle\/#breadcrumb"},"inLanguage":"fr-FR","potentialAction":[{"@type":"ReadAction","target":["https:\/\/hierostrasbourg.com\/index.php\/2022\/12\/11\/les-bis-chercheront-des-remedes-a-la-crise-prolongee-du-spectacle\/"]}]},{"@type":"BreadcrumbList","@id":"https:\/\/hierostrasbourg.com\/index.php\/2022\/12\/11\/les-bis-chercheront-des-remedes-a-la-crise-prolongee-du-spectacle\/#breadcrumb","itemListElement":[{"@type":"ListItem","position":1,"name":"Accueil","item":"https:\/\/hierostrasbourg.com\/"},{"@type":"ListItem","position":2,"name":"Les BIS chercheront des rem\u00e8des \u00e0 la crise prolong\u00e9e du spectacle"}]},{"@type":"WebSite","@id":"https:\/\/hierostrasbourg.com\/#website","url":"https:\/\/hierostrasbourg.com\/","name":"HIERO STRASBOURG","description":"Centre de Ressources Musiques Actuelles","publisher":{"@id":"https:\/\/hierostrasbourg.com\/#organization"},"potentialAction":[{"@type":"SearchAction","target":{"@type":"EntryPoint","urlTemplate":"https:\/\/hierostrasbourg.com\/?s={search_term_string}"},"query-input":{"@type":"PropertyValueSpecification","valueRequired":true,"valueName":"search_term_string"}}],"inLanguage":"fr-FR"},{"@type":"Organization","@id":"https:\/\/hierostrasbourg.com\/#organization","name":"F\u00e9d\u00e9ration Hi\u00e9ro Strasbourg","url":"https:\/\/hierostrasbourg.com\/","logo":{"@type":"ImageObject","inLanguage":"fr-FR","@id":"https:\/\/hierostrasbourg.com\/#\/schema\/logo\/image\/","url":"https:\/\/hierostrasbourg.com\/wp-content\/uploads\/2026\/04\/logo-hiero-strasbourg.jpg","contentUrl":"https:\/\/hierostrasbourg.com\/wp-content\/uploads\/2026\/04\/logo-hiero-strasbourg.jpg","width":204,"height":192,"caption":"F\u00e9d\u00e9ration Hi\u00e9ro Strasbourg"},"image":{"@id":"https:\/\/hierostrasbourg.com\/#\/schema\/logo\/image\/"},"sameAs":["https:\/\/www.facebook.com\/fedehierostrasbourg","https:\/\/x.com\/hierostrasbourg"]}]}},"_links":{"self":[{"href":"https:\/\/hierostrasbourg.com\/index.php\/wp-json\/wp\/v2\/posts\/4246","targetHints":{"allow":["GET"]}}],"collection":[{"href":"https:\/\/hierostrasbourg.com\/index.php\/wp-json\/wp\/v2\/posts"}],"about":[{"href":"https:\/\/hierostrasbourg.com\/index.php\/wp-json\/wp\/v2\/types\/post"}],"replies":[{"embeddable":true,"href":"https:\/\/hierostrasbourg.com\/index.php\/wp-json\/wp\/v2\/comments?post=4246"}],"version-history":[{"count":0,"href":"https:\/\/hierostrasbourg.com\/index.php\/wp-json\/wp\/v2\/posts\/4246\/revisions"}],"wp:attachment":[{"href":"https:\/\/hierostrasbourg.com\/index.php\/wp-json\/wp\/v2\/media?parent=4246"}],"wp:term":[{"taxonomy":"category","embeddable":true,"href":"https:\/\/hierostrasbourg.com\/index.php\/wp-json\/wp\/v2\/categories?post=4246"},{"taxonomy":"post_tag","embeddable":true,"href":"https:\/\/hierostrasbourg.com\/index.php\/wp-json\/wp\/v2\/tags?post=4246"}],"curies":[{"name":"wp","href":"https:\/\/api.w.org\/{rel}","templated":true}]}}