{"id":4244,"date":"2022-12-11T13:35:47","date_gmt":"2022-12-11T12:35:47","guid":{"rendered":"https:\/\/hierostrasbourg.com\/index.php\/2022\/12\/11\/apres-cinq-ans-dabsence-le-festival-babel-med-dedie-aux-musiques-du-monde-revient-a-marseille\/"},"modified":"2022-12-11T13:35:47","modified_gmt":"2022-12-11T12:35:47","slug":"apres-cinq-ans-dabsence-le-festival-babel-med-dedie-aux-musiques-du-monde-revient-a-marseille","status":"publish","type":"post","link":"https:\/\/hierostrasbourg.com\/index.php\/2022\/12\/11\/apres-cinq-ans-dabsence-le-festival-babel-med-dedie-aux-musiques-du-monde-revient-a-marseille\/","title":{"rendered":"Apr\u00e8s cinq ans d\u2019absence, le festival Babel Med d\u00e9di\u00e9 aux musiques du monde revient \u00e0 Marseille"},"content":{"rendered":"<p><a href=\"https:\/\/musiquesactuelles.alsace\/apres-cinq-ans-dabsence-le-festival-babel-med-dedie-aux-musiques-du-monde-revient-a-marseille\/\" title=\"Apr\u00e8s cinq ans d'absence, le festival Babel Med d\u00e9di\u00e9 aux musiques du monde revient \u00e0 Marseille\"><\/a><\/p>\n<p>Apr\u00e8s cinq ans d\u2019interruption en raison de coupes budg\u00e9taires de la r\u00e9gion, le festival et march\u00e9 musical Babel Med, un des plus r\u00e9put\u00e9s d\u2019Europe, revient en mars 2023 \u00e0 Marseille avec une formule \u201c\u00e9largie\u201d rebaptis\u00e9e \u201cBabel Music XP\u201d, pour servir de \u201cpasserelle\u201d entre des musiciens de diff\u00e9rents continents et l\u2019industrie musicale. Source \/ Lire la suite : Apr\u00e8s cinq ans d\u2019absence, le festival Babel Med d\u00e9di\u00e9 aux musiques du monde revient \u00e0 Marseille<\/p>\n<p>L\u2019article <a href=\"https:\/\/musiquesactuelles.alsace\/apres-cinq-ans-dabsence-le-festival-babel-med-dedie-aux-musiques-du-monde-revient-a-marseille\/\">Apr\u00e8s cinq ans d\u2019absence, le festival Babel Med d\u00e9di\u00e9 aux musiques du monde revient \u00e0 Marseille<\/a> est apparu en premier sur <a href=\"https:\/\/musiquesactuelles.alsace\/\">Musiques Actuelles en Alsace<\/a>.<\/p>\n<p>L\u2019article <a href=\"https:\/\/popburo.fr\/apres-cinq-ans-dabsence-le-festival-babel-med-dedie-aux-musiques-du-monde-revient-a-marseille\/\">Apr\u00e8s cinq ans d\u2019absence, le festival Babel Med d\u00e9di\u00e9 aux musiques du monde revient \u00e0 Marseille<\/a> est apparu en premier sur <a href=\"https:\/\/popburo.fr\/\">POP B\u00dcRO<\/a>.<\/p>\n","protected":false},"excerpt":{"rendered":"<p>Apr\u00e8s cinq ans d\u2019interruption en raison de coupes budg\u00e9taires de la r\u00e9gion, le festival et march\u00e9 musical Babel Med, un des plus r\u00e9put\u00e9s d\u2019Europe, revient en mars 2023 \u00e0 Marseille avec une formule \u201c\u00e9largie\u201d rebaptis\u00e9e \u201cBabel Music XP\u201d, pour servir de \u201cpasserelle\u201d entre des musiciens de diff\u00e9rents continents et l\u2019industrie musicale. Source \/ Lire la suite : Apr\u00e8s cinq ans d\u2019absence, le festival Babel Med d\u00e9di\u00e9 aux musiques du monde revient \u00e0 Marseille L\u2019article Apr\u00e8s cinq ans d\u2019absence, le festival [&hellip;]<\/p>\n","protected":false},"author":0,"featured_media":0,"comment_status":"closed","ping_status":"open","sticky":false,"template":"","format":"standard","meta":{"footnotes":""},"categories":[1],"tags":[],"class_list":["post-4244","post","type-post","status-publish","format-standard","hentry","category-non-classe"],"yoast_head":"<!-- This site is optimized with the Yoast SEO plugin v27.5 - https:\/\/yoast.com\/product\/yoast-seo-wordpress\/ -->\n<title>Apr\u00e8s cinq ans d\u2019absence, le festival Babel Med d\u00e9di\u00e9 aux musiques du monde revient \u00e0 Marseille - HIERO STRASBOURG<\/title>\n<meta name=\"robots\" content=\"index, follow, max-snippet:-1, max-image-preview:large, max-video-preview:-1\" \/>\n<link rel=\"canonical\" href=\"https:\/\/hierostrasbourg.com\/index.php\/2022\/12\/11\/apres-cinq-ans-dabsence-le-festival-babel-med-dedie-aux-musiques-du-monde-revient-a-marseille\/\" \/>\n<meta property=\"og:locale\" content=\"fr_FR\" \/>\n<meta property=\"og:type\" content=\"article\" \/>\n<meta property=\"og:title\" content=\"Apr\u00e8s cinq ans d\u2019absence, le festival Babel Med d\u00e9di\u00e9 aux musiques du monde revient \u00e0 Marseille - HIERO STRASBOURG\" \/>\n<meta property=\"og:description\" content=\"Apr\u00e8s cinq ans d\u2019interruption en raison de coupes budg\u00e9taires de la r\u00e9gion, le festival et march\u00e9 musical Babel Med, un des plus r\u00e9put\u00e9s d\u2019Europe, revient en mars 2023 \u00e0 Marseille avec une formule \u201c\u00e9largie\u201d rebaptis\u00e9e \u201cBabel Music XP\u201d, pour servir de \u201cpasserelle\u201d entre des musiciens de diff\u00e9rents continents et l\u2019industrie musicale. Source \/ Lire la suite : Apr\u00e8s cinq ans d\u2019absence, le festival Babel Med d\u00e9di\u00e9 aux musiques du monde revient \u00e0 Marseille L\u2019article Apr\u00e8s cinq ans d\u2019absence, le festival [&hellip;]\" \/>\n<meta property=\"og:url\" content=\"https:\/\/hierostrasbourg.com\/index.php\/2022\/12\/11\/apres-cinq-ans-dabsence-le-festival-babel-med-dedie-aux-musiques-du-monde-revient-a-marseille\/\" \/>\n<meta property=\"og:site_name\" content=\"HIERO STRASBOURG\" \/>\n<meta property=\"article:publisher\" content=\"https:\/\/www.facebook.com\/fedehierostrasbourg\" \/>\n<meta property=\"article:published_time\" content=\"2022-12-11T12:35:47+00:00\" \/>\n<meta name=\"twitter:card\" content=\"summary_large_image\" \/>\n<meta name=\"twitter:creator\" content=\"@hierostrasbourg\" \/>\n<meta name=\"twitter:site\" content=\"@hierostrasbourg\" \/>\n<meta name=\"twitter:label1\" content=\"Dur\u00e9e de lecture estim\u00e9e\" \/>\n\t<meta name=\"twitter:data1\" content=\"1 minute\" \/>\n<script type=\"application\/ld+json\" class=\"yoast-schema-graph\">{\"@context\":\"https:\\\/\\\/schema.org\",\"@graph\":[{\"@type\":\"Article\",\"@id\":\"https:\\\/\\\/hierostrasbourg.com\\\/index.php\\\/2022\\\/12\\\/11\\\/apres-cinq-ans-dabsence-le-festival-babel-med-dedie-aux-musiques-du-monde-revient-a-marseille\\\/#article\",\"isPartOf\":{\"@id\":\"https:\\\/\\\/hierostrasbourg.com\\\/index.php\\\/2022\\\/12\\\/11\\\/apres-cinq-ans-dabsence-le-festival-babel-med-dedie-aux-musiques-du-monde-revient-a-marseille\\\/\"},\"author\":{\"name\":\"\",\"@id\":\"\"},\"headline\":\"Apr\u00e8s cinq ans d\u2019absence, le festival Babel Med d\u00e9di\u00e9 aux musiques du monde revient \u00e0 Marseille\",\"datePublished\":\"2022-12-11T12:35:47+00:00\",\"mainEntityOfPage\":{\"@id\":\"https:\\\/\\\/hierostrasbourg.com\\\/index.php\\\/2022\\\/12\\\/11\\\/apres-cinq-ans-dabsence-le-festival-babel-med-dedie-aux-musiques-du-monde-revient-a-marseille\\\/\"},\"wordCount\":156,\"publisher\":{\"@id\":\"https:\\\/\\\/hierostrasbourg.com\\\/#organization\"},\"inLanguage\":\"fr-FR\"},{\"@type\":\"WebPage\",\"@id\":\"https:\\\/\\\/hierostrasbourg.com\\\/index.php\\\/2022\\\/12\\\/11\\\/apres-cinq-ans-dabsence-le-festival-babel-med-dedie-aux-musiques-du-monde-revient-a-marseille\\\/\",\"url\":\"https:\\\/\\\/hierostrasbourg.com\\\/index.php\\\/2022\\\/12\\\/11\\\/apres-cinq-ans-dabsence-le-festival-babel-med-dedie-aux-musiques-du-monde-revient-a-marseille\\\/\",\"name\":\"Apr\u00e8s cinq ans d\u2019absence, le festival Babel Med d\u00e9di\u00e9 aux musiques du monde revient \u00e0 Marseille - HIERO STRASBOURG\",\"isPartOf\":{\"@id\":\"https:\\\/\\\/hierostrasbourg.com\\\/#website\"},\"datePublished\":\"2022-12-11T12:35:47+00:00\",\"breadcrumb\":{\"@id\":\"https:\\\/\\\/hierostrasbourg.com\\\/index.php\\\/2022\\\/12\\\/11\\\/apres-cinq-ans-dabsence-le-festival-babel-med-dedie-aux-musiques-du-monde-revient-a-marseille\\\/#breadcrumb\"},\"inLanguage\":\"fr-FR\",\"potentialAction\":[{\"@type\":\"ReadAction\",\"target\":[\"https:\\\/\\\/hierostrasbourg.com\\\/index.php\\\/2022\\\/12\\\/11\\\/apres-cinq-ans-dabsence-le-festival-babel-med-dedie-aux-musiques-du-monde-revient-a-marseille\\\/\"]}]},{\"@type\":\"BreadcrumbList\",\"@id\":\"https:\\\/\\\/hierostrasbourg.com\\\/index.php\\\/2022\\\/12\\\/11\\\/apres-cinq-ans-dabsence-le-festival-babel-med-dedie-aux-musiques-du-monde-revient-a-marseille\\\/#breadcrumb\",\"itemListElement\":[{\"@type\":\"ListItem\",\"position\":1,\"name\":\"Accueil\",\"item\":\"https:\\\/\\\/hierostrasbourg.com\\\/\"},{\"@type\":\"ListItem\",\"position\":2,\"name\":\"Apr\u00e8s cinq ans d\u2019absence, le festival Babel Med d\u00e9di\u00e9 aux musiques du monde revient \u00e0 Marseille\"}]},{\"@type\":\"WebSite\",\"@id\":\"https:\\\/\\\/hierostrasbourg.com\\\/#website\",\"url\":\"https:\\\/\\\/hierostrasbourg.com\\\/\",\"name\":\"HIERO STRASBOURG\",\"description\":\"Centre de Ressources Musiques Actuelles\",\"publisher\":{\"@id\":\"https:\\\/\\\/hierostrasbourg.com\\\/#organization\"},\"potentialAction\":[{\"@type\":\"SearchAction\",\"target\":{\"@type\":\"EntryPoint\",\"urlTemplate\":\"https:\\\/\\\/hierostrasbourg.com\\\/?s={search_term_string}\"},\"query-input\":{\"@type\":\"PropertyValueSpecification\",\"valueRequired\":true,\"valueName\":\"search_term_string\"}}],\"inLanguage\":\"fr-FR\"},{\"@type\":\"Organization\",\"@id\":\"https:\\\/\\\/hierostrasbourg.com\\\/#organization\",\"name\":\"F\u00e9d\u00e9ration Hi\u00e9ro Strasbourg\",\"url\":\"https:\\\/\\\/hierostrasbourg.com\\\/\",\"logo\":{\"@type\":\"ImageObject\",\"inLanguage\":\"fr-FR\",\"@id\":\"https:\\\/\\\/hierostrasbourg.com\\\/#\\\/schema\\\/logo\\\/image\\\/\",\"url\":\"https:\\\/\\\/hierostrasbourg.com\\\/wp-content\\\/uploads\\\/2026\\\/04\\\/logo-hiero-strasbourg.jpg\",\"contentUrl\":\"https:\\\/\\\/hierostrasbourg.com\\\/wp-content\\\/uploads\\\/2026\\\/04\\\/logo-hiero-strasbourg.jpg\",\"width\":204,\"height\":192,\"caption\":\"F\u00e9d\u00e9ration Hi\u00e9ro Strasbourg\"},\"image\":{\"@id\":\"https:\\\/\\\/hierostrasbourg.com\\\/#\\\/schema\\\/logo\\\/image\\\/\"},\"sameAs\":[\"https:\\\/\\\/www.facebook.com\\\/fedehierostrasbourg\",\"https:\\\/\\\/x.com\\\/hierostrasbourg\"]}]}<\/script>\n<!-- \/ Yoast SEO plugin. -->","yoast_head_json":{"title":"Apr\u00e8s cinq ans d\u2019absence, le festival Babel Med d\u00e9di\u00e9 aux musiques du monde revient \u00e0 Marseille - HIERO STRASBOURG","robots":{"index":"index","follow":"follow","max-snippet":"max-snippet:-1","max-image-preview":"max-image-preview:large","max-video-preview":"max-video-preview:-1"},"canonical":"https:\/\/hierostrasbourg.com\/index.php\/2022\/12\/11\/apres-cinq-ans-dabsence-le-festival-babel-med-dedie-aux-musiques-du-monde-revient-a-marseille\/","og_locale":"fr_FR","og_type":"article","og_title":"Apr\u00e8s cinq ans d\u2019absence, le festival Babel Med d\u00e9di\u00e9 aux musiques du monde revient \u00e0 Marseille - HIERO STRASBOURG","og_description":"Apr\u00e8s cinq ans d\u2019interruption en raison de coupes budg\u00e9taires de la r\u00e9gion, le festival et march\u00e9 musical Babel Med, un des plus r\u00e9put\u00e9s d\u2019Europe, revient en mars 2023 \u00e0 Marseille avec une formule \u201c\u00e9largie\u201d rebaptis\u00e9e \u201cBabel Music XP\u201d, pour servir de \u201cpasserelle\u201d entre des musiciens de diff\u00e9rents continents et l\u2019industrie musicale. Source \/ Lire la suite : Apr\u00e8s cinq ans d\u2019absence, le festival Babel Med d\u00e9di\u00e9 aux musiques du monde revient \u00e0 Marseille L\u2019article Apr\u00e8s cinq ans d\u2019absence, le festival [&hellip;]","og_url":"https:\/\/hierostrasbourg.com\/index.php\/2022\/12\/11\/apres-cinq-ans-dabsence-le-festival-babel-med-dedie-aux-musiques-du-monde-revient-a-marseille\/","og_site_name":"HIERO STRASBOURG","article_publisher":"https:\/\/www.facebook.com\/fedehierostrasbourg","article_published_time":"2022-12-11T12:35:47+00:00","twitter_card":"summary_large_image","twitter_creator":"@hierostrasbourg","twitter_site":"@hierostrasbourg","twitter_misc":{"Dur\u00e9e de lecture estim\u00e9e":"1 minute"},"schema":{"@context":"https:\/\/schema.org","@graph":[{"@type":"Article","@id":"https:\/\/hierostrasbourg.com\/index.php\/2022\/12\/11\/apres-cinq-ans-dabsence-le-festival-babel-med-dedie-aux-musiques-du-monde-revient-a-marseille\/#article","isPartOf":{"@id":"https:\/\/hierostrasbourg.com\/index.php\/2022\/12\/11\/apres-cinq-ans-dabsence-le-festival-babel-med-dedie-aux-musiques-du-monde-revient-a-marseille\/"},"author":{"name":"","@id":""},"headline":"Apr\u00e8s cinq ans d\u2019absence, le festival Babel Med d\u00e9di\u00e9 aux musiques du monde revient \u00e0 Marseille","datePublished":"2022-12-11T12:35:47+00:00","mainEntityOfPage":{"@id":"https:\/\/hierostrasbourg.com\/index.php\/2022\/12\/11\/apres-cinq-ans-dabsence-le-festival-babel-med-dedie-aux-musiques-du-monde-revient-a-marseille\/"},"wordCount":156,"publisher":{"@id":"https:\/\/hierostrasbourg.com\/#organization"},"inLanguage":"fr-FR"},{"@type":"WebPage","@id":"https:\/\/hierostrasbourg.com\/index.php\/2022\/12\/11\/apres-cinq-ans-dabsence-le-festival-babel-med-dedie-aux-musiques-du-monde-revient-a-marseille\/","url":"https:\/\/hierostrasbourg.com\/index.php\/2022\/12\/11\/apres-cinq-ans-dabsence-le-festival-babel-med-dedie-aux-musiques-du-monde-revient-a-marseille\/","name":"Apr\u00e8s cinq ans d\u2019absence, le festival Babel Med d\u00e9di\u00e9 aux musiques du monde revient \u00e0 Marseille - HIERO STRASBOURG","isPartOf":{"@id":"https:\/\/hierostrasbourg.com\/#website"},"datePublished":"2022-12-11T12:35:47+00:00","breadcrumb":{"@id":"https:\/\/hierostrasbourg.com\/index.php\/2022\/12\/11\/apres-cinq-ans-dabsence-le-festival-babel-med-dedie-aux-musiques-du-monde-revient-a-marseille\/#breadcrumb"},"inLanguage":"fr-FR","potentialAction":[{"@type":"ReadAction","target":["https:\/\/hierostrasbourg.com\/index.php\/2022\/12\/11\/apres-cinq-ans-dabsence-le-festival-babel-med-dedie-aux-musiques-du-monde-revient-a-marseille\/"]}]},{"@type":"BreadcrumbList","@id":"https:\/\/hierostrasbourg.com\/index.php\/2022\/12\/11\/apres-cinq-ans-dabsence-le-festival-babel-med-dedie-aux-musiques-du-monde-revient-a-marseille\/#breadcrumb","itemListElement":[{"@type":"ListItem","position":1,"name":"Accueil","item":"https:\/\/hierostrasbourg.com\/"},{"@type":"ListItem","position":2,"name":"Apr\u00e8s cinq ans d\u2019absence, le festival Babel Med d\u00e9di\u00e9 aux musiques du monde revient \u00e0 Marseille"}]},{"@type":"WebSite","@id":"https:\/\/hierostrasbourg.com\/#website","url":"https:\/\/hierostrasbourg.com\/","name":"HIERO STRASBOURG","description":"Centre de Ressources Musiques Actuelles","publisher":{"@id":"https:\/\/hierostrasbourg.com\/#organization"},"potentialAction":[{"@type":"SearchAction","target":{"@type":"EntryPoint","urlTemplate":"https:\/\/hierostrasbourg.com\/?s={search_term_string}"},"query-input":{"@type":"PropertyValueSpecification","valueRequired":true,"valueName":"search_term_string"}}],"inLanguage":"fr-FR"},{"@type":"Organization","@id":"https:\/\/hierostrasbourg.com\/#organization","name":"F\u00e9d\u00e9ration Hi\u00e9ro Strasbourg","url":"https:\/\/hierostrasbourg.com\/","logo":{"@type":"ImageObject","inLanguage":"fr-FR","@id":"https:\/\/hierostrasbourg.com\/#\/schema\/logo\/image\/","url":"https:\/\/hierostrasbourg.com\/wp-content\/uploads\/2026\/04\/logo-hiero-strasbourg.jpg","contentUrl":"https:\/\/hierostrasbourg.com\/wp-content\/uploads\/2026\/04\/logo-hiero-strasbourg.jpg","width":204,"height":192,"caption":"F\u00e9d\u00e9ration Hi\u00e9ro Strasbourg"},"image":{"@id":"https:\/\/hierostrasbourg.com\/#\/schema\/logo\/image\/"},"sameAs":["https:\/\/www.facebook.com\/fedehierostrasbourg","https:\/\/x.com\/hierostrasbourg"]}]}},"_links":{"self":[{"href":"https:\/\/hierostrasbourg.com\/index.php\/wp-json\/wp\/v2\/posts\/4244","targetHints":{"allow":["GET"]}}],"collection":[{"href":"https:\/\/hierostrasbourg.com\/index.php\/wp-json\/wp\/v2\/posts"}],"about":[{"href":"https:\/\/hierostrasbourg.com\/index.php\/wp-json\/wp\/v2\/types\/post"}],"replies":[{"embeddable":true,"href":"https:\/\/hierostrasbourg.com\/index.php\/wp-json\/wp\/v2\/comments?post=4244"}],"version-history":[{"count":0,"href":"https:\/\/hierostrasbourg.com\/index.php\/wp-json\/wp\/v2\/posts\/4244\/revisions"}],"wp:attachment":[{"href":"https:\/\/hierostrasbourg.com\/index.php\/wp-json\/wp\/v2\/media?parent=4244"}],"wp:term":[{"taxonomy":"category","embeddable":true,"href":"https:\/\/hierostrasbourg.com\/index.php\/wp-json\/wp\/v2\/categories?post=4244"},{"taxonomy":"post_tag","embeddable":true,"href":"https:\/\/hierostrasbourg.com\/index.php\/wp-json\/wp\/v2\/tags?post=4244"}],"curies":[{"name":"wp","href":"https:\/\/api.w.org\/{rel}","templated":true}]}}