{"id":4241,"date":"2022-12-11T12:36:01","date_gmt":"2022-12-11T11:36:01","guid":{"rendered":"https:\/\/hierostrasbourg.com\/index.php\/2022\/12\/11\/la-filiere-dans-lattente-dun-grand-plan-de-transition\/"},"modified":"2022-12-11T12:36:01","modified_gmt":"2022-12-11T11:36:01","slug":"la-filiere-dans-lattente-dun-grand-plan-de-transition","status":"publish","type":"post","link":"https:\/\/hierostrasbourg.com\/index.php\/2022\/12\/11\/la-filiere-dans-lattente-dun-grand-plan-de-transition\/","title":{"rendered":"La fili\u00e8re dans l\u2019attente d\u2019un grand plan de transition"},"content":{"rendered":"<p><a href=\"https:\/\/musiquesactuelles.alsace\/la-filiere-dans-lattente-dun-grand-plan-de-transition\/\" title=\"La fili\u00e8re dans l\u2019attente d\u2019un grand plan de transition\"><\/a><\/p>\n<p>La ministre de la Culture a pr\u00e9sent\u00e9 de grands axes de travail sur la transition \u00e9cologique. Un plan plus d\u00e9taill\u00e9 est pr\u00e9vu pour d\u00e9but 2023. Source \/ Lire la suite : La fili\u00e8re dans l\u2019attente d\u2019un grand plan de transition<\/p>\n<p>L\u2019article <a href=\"https:\/\/musiquesactuelles.alsace\/la-filiere-dans-lattente-dun-grand-plan-de-transition\/\">La fili\u00e8re dans l\u2019attente d\u2019un grand plan de transition<\/a> est apparu en premier sur <a href=\"https:\/\/musiquesactuelles.alsace\/\">Musiques Actuelles en Alsace<\/a>.<\/p>\n<p>L\u2019article <a href=\"https:\/\/popburo.fr\/la-filiere-dans-lattente-dun-grand-plan-de-transition\/\">La fili\u00e8re dans l\u2019attente d\u2019un grand plan de transition<\/a> est apparu en premier sur <a href=\"https:\/\/popburo.fr\/\">POP B\u00dcRO<\/a>.<\/p>\n","protected":false},"excerpt":{"rendered":"<p>La ministre de la Culture a pr\u00e9sent\u00e9 de grands axes de travail sur la transition \u00e9cologique. Un plan plus d\u00e9taill\u00e9 est pr\u00e9vu pour d\u00e9but 2023. Source \/ Lire la suite : La fili\u00e8re dans l\u2019attente d\u2019un grand plan de transition L\u2019article La fili\u00e8re dans l\u2019attente d\u2019un grand plan de transition est apparu en premier sur Musiques Actuelles en Alsace. L\u2019article La fili\u00e8re dans l\u2019attente d\u2019un grand plan de transition est apparu en premier sur POP B\u00dcRO.<\/p>\n","protected":false},"author":0,"featured_media":0,"comment_status":"closed","ping_status":"open","sticky":false,"template":"","format":"standard","meta":{"footnotes":""},"categories":[1],"tags":[],"class_list":["post-4241","post","type-post","status-publish","format-standard","hentry","category-non-classe"],"yoast_head":"<!-- This site is optimized with the Yoast SEO plugin v27.5 - https:\/\/yoast.com\/product\/yoast-seo-wordpress\/ -->\n<title>La fili\u00e8re dans l\u2019attente d\u2019un grand plan de transition - HIERO STRASBOURG<\/title>\n<meta name=\"robots\" content=\"index, follow, max-snippet:-1, max-image-preview:large, max-video-preview:-1\" \/>\n<link rel=\"canonical\" href=\"https:\/\/hierostrasbourg.com\/index.php\/2022\/12\/11\/la-filiere-dans-lattente-dun-grand-plan-de-transition\/\" \/>\n<meta property=\"og:locale\" content=\"fr_FR\" \/>\n<meta property=\"og:type\" content=\"article\" \/>\n<meta property=\"og:title\" content=\"La fili\u00e8re dans l\u2019attente d\u2019un grand plan de transition - HIERO STRASBOURG\" \/>\n<meta property=\"og:description\" content=\"La ministre de la Culture a pr\u00e9sent\u00e9 de grands axes de travail sur la transition \u00e9cologique. Un plan plus d\u00e9taill\u00e9 est pr\u00e9vu pour d\u00e9but 2023. Source \/ Lire la suite : La fili\u00e8re dans l\u2019attente d\u2019un grand plan de transition L\u2019article La fili\u00e8re dans l\u2019attente d\u2019un grand plan de transition est apparu en premier sur Musiques Actuelles en Alsace. L\u2019article La fili\u00e8re dans l\u2019attente d\u2019un grand plan de transition est apparu en premier sur POP B\u00dcRO.\" \/>\n<meta property=\"og:url\" content=\"https:\/\/hierostrasbourg.com\/index.php\/2022\/12\/11\/la-filiere-dans-lattente-dun-grand-plan-de-transition\/\" \/>\n<meta property=\"og:site_name\" content=\"HIERO STRASBOURG\" \/>\n<meta property=\"article:publisher\" content=\"https:\/\/www.facebook.com\/fedehierostrasbourg\" \/>\n<meta property=\"article:published_time\" content=\"2022-12-11T11:36:01+00:00\" \/>\n<meta name=\"twitter:card\" content=\"summary_large_image\" \/>\n<meta name=\"twitter:creator\" content=\"@hierostrasbourg\" \/>\n<meta name=\"twitter:site\" content=\"@hierostrasbourg\" \/>\n<script type=\"application\/ld+json\" class=\"yoast-schema-graph\">{\"@context\":\"https:\\\/\\\/schema.org\",\"@graph\":[{\"@type\":\"Article\",\"@id\":\"https:\\\/\\\/hierostrasbourg.com\\\/index.php\\\/2022\\\/12\\\/11\\\/la-filiere-dans-lattente-dun-grand-plan-de-transition\\\/#article\",\"isPartOf\":{\"@id\":\"https:\\\/\\\/hierostrasbourg.com\\\/index.php\\\/2022\\\/12\\\/11\\\/la-filiere-dans-lattente-dun-grand-plan-de-transition\\\/\"},\"author\":{\"name\":\"\",\"@id\":\"\"},\"headline\":\"La fili\u00e8re dans l\u2019attente d\u2019un grand plan de transition\",\"datePublished\":\"2022-12-11T11:36:01+00:00\",\"mainEntityOfPage\":{\"@id\":\"https:\\\/\\\/hierostrasbourg.com\\\/index.php\\\/2022\\\/12\\\/11\\\/la-filiere-dans-lattente-dun-grand-plan-de-transition\\\/\"},\"wordCount\":101,\"publisher\":{\"@id\":\"https:\\\/\\\/hierostrasbourg.com\\\/#organization\"},\"inLanguage\":\"fr-FR\"},{\"@type\":\"WebPage\",\"@id\":\"https:\\\/\\\/hierostrasbourg.com\\\/index.php\\\/2022\\\/12\\\/11\\\/la-filiere-dans-lattente-dun-grand-plan-de-transition\\\/\",\"url\":\"https:\\\/\\\/hierostrasbourg.com\\\/index.php\\\/2022\\\/12\\\/11\\\/la-filiere-dans-lattente-dun-grand-plan-de-transition\\\/\",\"name\":\"La fili\u00e8re dans l\u2019attente d\u2019un grand plan de transition - HIERO STRASBOURG\",\"isPartOf\":{\"@id\":\"https:\\\/\\\/hierostrasbourg.com\\\/#website\"},\"datePublished\":\"2022-12-11T11:36:01+00:00\",\"breadcrumb\":{\"@id\":\"https:\\\/\\\/hierostrasbourg.com\\\/index.php\\\/2022\\\/12\\\/11\\\/la-filiere-dans-lattente-dun-grand-plan-de-transition\\\/#breadcrumb\"},\"inLanguage\":\"fr-FR\",\"potentialAction\":[{\"@type\":\"ReadAction\",\"target\":[\"https:\\\/\\\/hierostrasbourg.com\\\/index.php\\\/2022\\\/12\\\/11\\\/la-filiere-dans-lattente-dun-grand-plan-de-transition\\\/\"]}]},{\"@type\":\"BreadcrumbList\",\"@id\":\"https:\\\/\\\/hierostrasbourg.com\\\/index.php\\\/2022\\\/12\\\/11\\\/la-filiere-dans-lattente-dun-grand-plan-de-transition\\\/#breadcrumb\",\"itemListElement\":[{\"@type\":\"ListItem\",\"position\":1,\"name\":\"Accueil\",\"item\":\"https:\\\/\\\/hierostrasbourg.com\\\/\"},{\"@type\":\"ListItem\",\"position\":2,\"name\":\"La fili\u00e8re dans l\u2019attente d\u2019un grand plan de transition\"}]},{\"@type\":\"WebSite\",\"@id\":\"https:\\\/\\\/hierostrasbourg.com\\\/#website\",\"url\":\"https:\\\/\\\/hierostrasbourg.com\\\/\",\"name\":\"HIERO STRASBOURG\",\"description\":\"Centre de Ressources Musiques Actuelles\",\"publisher\":{\"@id\":\"https:\\\/\\\/hierostrasbourg.com\\\/#organization\"},\"potentialAction\":[{\"@type\":\"SearchAction\",\"target\":{\"@type\":\"EntryPoint\",\"urlTemplate\":\"https:\\\/\\\/hierostrasbourg.com\\\/?s={search_term_string}\"},\"query-input\":{\"@type\":\"PropertyValueSpecification\",\"valueRequired\":true,\"valueName\":\"search_term_string\"}}],\"inLanguage\":\"fr-FR\"},{\"@type\":\"Organization\",\"@id\":\"https:\\\/\\\/hierostrasbourg.com\\\/#organization\",\"name\":\"F\u00e9d\u00e9ration Hi\u00e9ro Strasbourg\",\"url\":\"https:\\\/\\\/hierostrasbourg.com\\\/\",\"logo\":{\"@type\":\"ImageObject\",\"inLanguage\":\"fr-FR\",\"@id\":\"https:\\\/\\\/hierostrasbourg.com\\\/#\\\/schema\\\/logo\\\/image\\\/\",\"url\":\"https:\\\/\\\/hierostrasbourg.com\\\/wp-content\\\/uploads\\\/2026\\\/04\\\/logo-hiero-strasbourg.jpg\",\"contentUrl\":\"https:\\\/\\\/hierostrasbourg.com\\\/wp-content\\\/uploads\\\/2026\\\/04\\\/logo-hiero-strasbourg.jpg\",\"width\":204,\"height\":192,\"caption\":\"F\u00e9d\u00e9ration Hi\u00e9ro Strasbourg\"},\"image\":{\"@id\":\"https:\\\/\\\/hierostrasbourg.com\\\/#\\\/schema\\\/logo\\\/image\\\/\"},\"sameAs\":[\"https:\\\/\\\/www.facebook.com\\\/fedehierostrasbourg\",\"https:\\\/\\\/x.com\\\/hierostrasbourg\"]}]}<\/script>\n<!-- \/ Yoast SEO plugin. -->","yoast_head_json":{"title":"La fili\u00e8re dans l\u2019attente d\u2019un grand plan de transition - HIERO STRASBOURG","robots":{"index":"index","follow":"follow","max-snippet":"max-snippet:-1","max-image-preview":"max-image-preview:large","max-video-preview":"max-video-preview:-1"},"canonical":"https:\/\/hierostrasbourg.com\/index.php\/2022\/12\/11\/la-filiere-dans-lattente-dun-grand-plan-de-transition\/","og_locale":"fr_FR","og_type":"article","og_title":"La fili\u00e8re dans l\u2019attente d\u2019un grand plan de transition - HIERO STRASBOURG","og_description":"La ministre de la Culture a pr\u00e9sent\u00e9 de grands axes de travail sur la transition \u00e9cologique. Un plan plus d\u00e9taill\u00e9 est pr\u00e9vu pour d\u00e9but 2023. Source \/ Lire la suite : La fili\u00e8re dans l\u2019attente d\u2019un grand plan de transition L\u2019article La fili\u00e8re dans l\u2019attente d\u2019un grand plan de transition est apparu en premier sur Musiques Actuelles en Alsace. L\u2019article La fili\u00e8re dans l\u2019attente d\u2019un grand plan de transition est apparu en premier sur POP B\u00dcRO.","og_url":"https:\/\/hierostrasbourg.com\/index.php\/2022\/12\/11\/la-filiere-dans-lattente-dun-grand-plan-de-transition\/","og_site_name":"HIERO STRASBOURG","article_publisher":"https:\/\/www.facebook.com\/fedehierostrasbourg","article_published_time":"2022-12-11T11:36:01+00:00","twitter_card":"summary_large_image","twitter_creator":"@hierostrasbourg","twitter_site":"@hierostrasbourg","schema":{"@context":"https:\/\/schema.org","@graph":[{"@type":"Article","@id":"https:\/\/hierostrasbourg.com\/index.php\/2022\/12\/11\/la-filiere-dans-lattente-dun-grand-plan-de-transition\/#article","isPartOf":{"@id":"https:\/\/hierostrasbourg.com\/index.php\/2022\/12\/11\/la-filiere-dans-lattente-dun-grand-plan-de-transition\/"},"author":{"name":"","@id":""},"headline":"La fili\u00e8re dans l\u2019attente d\u2019un grand plan de transition","datePublished":"2022-12-11T11:36:01+00:00","mainEntityOfPage":{"@id":"https:\/\/hierostrasbourg.com\/index.php\/2022\/12\/11\/la-filiere-dans-lattente-dun-grand-plan-de-transition\/"},"wordCount":101,"publisher":{"@id":"https:\/\/hierostrasbourg.com\/#organization"},"inLanguage":"fr-FR"},{"@type":"WebPage","@id":"https:\/\/hierostrasbourg.com\/index.php\/2022\/12\/11\/la-filiere-dans-lattente-dun-grand-plan-de-transition\/","url":"https:\/\/hierostrasbourg.com\/index.php\/2022\/12\/11\/la-filiere-dans-lattente-dun-grand-plan-de-transition\/","name":"La fili\u00e8re dans l\u2019attente d\u2019un grand plan de transition - HIERO STRASBOURG","isPartOf":{"@id":"https:\/\/hierostrasbourg.com\/#website"},"datePublished":"2022-12-11T11:36:01+00:00","breadcrumb":{"@id":"https:\/\/hierostrasbourg.com\/index.php\/2022\/12\/11\/la-filiere-dans-lattente-dun-grand-plan-de-transition\/#breadcrumb"},"inLanguage":"fr-FR","potentialAction":[{"@type":"ReadAction","target":["https:\/\/hierostrasbourg.com\/index.php\/2022\/12\/11\/la-filiere-dans-lattente-dun-grand-plan-de-transition\/"]}]},{"@type":"BreadcrumbList","@id":"https:\/\/hierostrasbourg.com\/index.php\/2022\/12\/11\/la-filiere-dans-lattente-dun-grand-plan-de-transition\/#breadcrumb","itemListElement":[{"@type":"ListItem","position":1,"name":"Accueil","item":"https:\/\/hierostrasbourg.com\/"},{"@type":"ListItem","position":2,"name":"La fili\u00e8re dans l\u2019attente d\u2019un grand plan de transition"}]},{"@type":"WebSite","@id":"https:\/\/hierostrasbourg.com\/#website","url":"https:\/\/hierostrasbourg.com\/","name":"HIERO STRASBOURG","description":"Centre de Ressources Musiques Actuelles","publisher":{"@id":"https:\/\/hierostrasbourg.com\/#organization"},"potentialAction":[{"@type":"SearchAction","target":{"@type":"EntryPoint","urlTemplate":"https:\/\/hierostrasbourg.com\/?s={search_term_string}"},"query-input":{"@type":"PropertyValueSpecification","valueRequired":true,"valueName":"search_term_string"}}],"inLanguage":"fr-FR"},{"@type":"Organization","@id":"https:\/\/hierostrasbourg.com\/#organization","name":"F\u00e9d\u00e9ration Hi\u00e9ro Strasbourg","url":"https:\/\/hierostrasbourg.com\/","logo":{"@type":"ImageObject","inLanguage":"fr-FR","@id":"https:\/\/hierostrasbourg.com\/#\/schema\/logo\/image\/","url":"https:\/\/hierostrasbourg.com\/wp-content\/uploads\/2026\/04\/logo-hiero-strasbourg.jpg","contentUrl":"https:\/\/hierostrasbourg.com\/wp-content\/uploads\/2026\/04\/logo-hiero-strasbourg.jpg","width":204,"height":192,"caption":"F\u00e9d\u00e9ration Hi\u00e9ro Strasbourg"},"image":{"@id":"https:\/\/hierostrasbourg.com\/#\/schema\/logo\/image\/"},"sameAs":["https:\/\/www.facebook.com\/fedehierostrasbourg","https:\/\/x.com\/hierostrasbourg"]}]}},"_links":{"self":[{"href":"https:\/\/hierostrasbourg.com\/index.php\/wp-json\/wp\/v2\/posts\/4241","targetHints":{"allow":["GET"]}}],"collection":[{"href":"https:\/\/hierostrasbourg.com\/index.php\/wp-json\/wp\/v2\/posts"}],"about":[{"href":"https:\/\/hierostrasbourg.com\/index.php\/wp-json\/wp\/v2\/types\/post"}],"replies":[{"embeddable":true,"href":"https:\/\/hierostrasbourg.com\/index.php\/wp-json\/wp\/v2\/comments?post=4241"}],"version-history":[{"count":0,"href":"https:\/\/hierostrasbourg.com\/index.php\/wp-json\/wp\/v2\/posts\/4241\/revisions"}],"wp:attachment":[{"href":"https:\/\/hierostrasbourg.com\/index.php\/wp-json\/wp\/v2\/media?parent=4241"}],"wp:term":[{"taxonomy":"category","embeddable":true,"href":"https:\/\/hierostrasbourg.com\/index.php\/wp-json\/wp\/v2\/categories?post=4241"},{"taxonomy":"post_tag","embeddable":true,"href":"https:\/\/hierostrasbourg.com\/index.php\/wp-json\/wp\/v2\/tags?post=4241"}],"curies":[{"name":"wp","href":"https:\/\/api.w.org\/{rel}","templated":true}]}}