{"id":4240,"date":"2022-12-11T11:36:38","date_gmt":"2022-12-11T10:36:38","guid":{"rendered":"https:\/\/hierostrasbourg.com\/index.php\/2022\/12\/11\/podcast-les-arrangeurs-compositeurs\/"},"modified":"2022-12-11T11:36:38","modified_gmt":"2022-12-11T10:36:38","slug":"podcast-les-arrangeurs-compositeurs","status":"publish","type":"post","link":"https:\/\/hierostrasbourg.com\/index.php\/2022\/12\/11\/podcast-les-arrangeurs-compositeurs\/","title":{"rendered":"[Podcast] Les arrangeurs \/compositeurs"},"content":{"rendered":"<p><a href=\"https:\/\/musiquesactuelles.alsace\/podcast-les-arrangeurs-compositeurs\/\" title=\"[Podcast] Les arrangeurs \/compositeurs\"><\/a><\/p>\n<p>\u201cGabriel Yared a compos\u00e9 la bande-son de nos vies : du piano de\u00a037\u00b02 Le Matin\u00a0au g\u00e9n\u00e9rique du 20 heures de TF1 en passant par Fran\u00e7oise Hardy, Mina ou Godard, sa musique impr\u00e8gne nos existences. C\u2019est un personnage entier, sinc\u00e8re, g\u00e9n\u00e9reux qui cache, derri\u00e8re sa douceur m\u00e9diterran\u00e9enne, une intensit\u00e9 et une exigence folle. Pour dialoguer avec lui, nous avons choisi quelqu\u2019un de tr\u00e8s diff\u00e9rent, au parcours plus chaotique, dont les musiques de films n\u2019ont pas \u00e9t\u00e9 r\u00e9compens\u00e9es aux Oscars, ni aux [\u2026]<\/p>\n<p>L\u2019article <a href=\"https:\/\/musiquesactuelles.alsace\/podcast-les-arrangeurs-compositeurs\/\">[Podcast] Les arrangeurs \/compositeurs<\/a> est apparu en premier sur <a href=\"https:\/\/musiquesactuelles.alsace\/\">Musiques Actuelles en Alsace<\/a>.<\/p>\n<p>L\u2019article <a href=\"https:\/\/popburo.fr\/podcast-les-arrangeurs-compositeurs\/\">[Podcast] Les arrangeurs \/compositeurs<\/a> est apparu en premier sur <a href=\"https:\/\/popburo.fr\/\">POP B\u00dcRO<\/a>.<\/p>\n","protected":false},"excerpt":{"rendered":"<p>\u201cGabriel Yared a compos\u00e9 la bande-son de nos vies : du piano de\u00a037\u00b02 Le Matin\u00a0au g\u00e9n\u00e9rique du 20 heures de TF1 en passant par Fran\u00e7oise Hardy, Mina ou Godard, sa musique impr\u00e8gne nos existences. C\u2019est un personnage entier, sinc\u00e8re, g\u00e9n\u00e9reux qui cache, derri\u00e8re sa douceur m\u00e9diterran\u00e9enne, une intensit\u00e9 et une exigence folle. Pour dialoguer avec lui, nous avons choisi quelqu\u2019un de tr\u00e8s diff\u00e9rent, au parcours plus chaotique, dont les musiques de films n\u2019ont pas \u00e9t\u00e9 r\u00e9compens\u00e9es aux Oscars, ni aux [&hellip;]<\/p>\n","protected":false},"author":0,"featured_media":0,"comment_status":"closed","ping_status":"open","sticky":false,"template":"","format":"standard","meta":{"footnotes":""},"categories":[1],"tags":[],"class_list":["post-4240","post","type-post","status-publish","format-standard","hentry","category-non-classe"],"yoast_head":"<!-- This site is optimized with the Yoast SEO plugin v27.5 - https:\/\/yoast.com\/product\/yoast-seo-wordpress\/ -->\n<title>[Podcast] Les arrangeurs \/compositeurs - HIERO STRASBOURG<\/title>\n<meta name=\"robots\" content=\"index, follow, max-snippet:-1, max-image-preview:large, max-video-preview:-1\" \/>\n<link rel=\"canonical\" href=\"https:\/\/hierostrasbourg.com\/index.php\/2022\/12\/11\/podcast-les-arrangeurs-compositeurs\/\" \/>\n<meta property=\"og:locale\" content=\"fr_FR\" \/>\n<meta property=\"og:type\" content=\"article\" \/>\n<meta property=\"og:title\" content=\"[Podcast] Les arrangeurs \/compositeurs - HIERO STRASBOURG\" \/>\n<meta property=\"og:description\" content=\"\u201cGabriel Yared a compos\u00e9 la bande-son de nos vies : du piano de\u00a037\u00b02 Le Matin\u00a0au g\u00e9n\u00e9rique du 20 heures de TF1 en passant par Fran\u00e7oise Hardy, Mina ou Godard, sa musique impr\u00e8gne nos existences. C\u2019est un personnage entier, sinc\u00e8re, g\u00e9n\u00e9reux qui cache, derri\u00e8re sa douceur m\u00e9diterran\u00e9enne, une intensit\u00e9 et une exigence folle. Pour dialoguer avec lui, nous avons choisi quelqu\u2019un de tr\u00e8s diff\u00e9rent, au parcours plus chaotique, dont les musiques de films n\u2019ont pas \u00e9t\u00e9 r\u00e9compens\u00e9es aux Oscars, ni aux [&hellip;]\" \/>\n<meta property=\"og:url\" content=\"https:\/\/hierostrasbourg.com\/index.php\/2022\/12\/11\/podcast-les-arrangeurs-compositeurs\/\" \/>\n<meta property=\"og:site_name\" content=\"HIERO STRASBOURG\" \/>\n<meta property=\"article:publisher\" content=\"https:\/\/www.facebook.com\/fedehierostrasbourg\" \/>\n<meta property=\"article:published_time\" content=\"2022-12-11T10:36:38+00:00\" \/>\n<meta name=\"twitter:card\" content=\"summary_large_image\" \/>\n<meta name=\"twitter:creator\" content=\"@hierostrasbourg\" \/>\n<meta name=\"twitter:site\" content=\"@hierostrasbourg\" \/>\n<meta name=\"twitter:label1\" content=\"Dur\u00e9e de lecture estim\u00e9e\" \/>\n\t<meta name=\"twitter:data1\" content=\"1 minute\" \/>\n<script type=\"application\/ld+json\" class=\"yoast-schema-graph\">{\"@context\":\"https:\\\/\\\/schema.org\",\"@graph\":[{\"@type\":\"Article\",\"@id\":\"https:\\\/\\\/hierostrasbourg.com\\\/index.php\\\/2022\\\/12\\\/11\\\/podcast-les-arrangeurs-compositeurs\\\/#article\",\"isPartOf\":{\"@id\":\"https:\\\/\\\/hierostrasbourg.com\\\/index.php\\\/2022\\\/12\\\/11\\\/podcast-les-arrangeurs-compositeurs\\\/\"},\"author\":{\"name\":\"\",\"@id\":\"\"},\"headline\":\"[Podcast] Les arrangeurs \\\/compositeurs\",\"datePublished\":\"2022-12-11T10:36:38+00:00\",\"mainEntityOfPage\":{\"@id\":\"https:\\\/\\\/hierostrasbourg.com\\\/index.php\\\/2022\\\/12\\\/11\\\/podcast-les-arrangeurs-compositeurs\\\/\"},\"wordCount\":129,\"publisher\":{\"@id\":\"https:\\\/\\\/hierostrasbourg.com\\\/#organization\"},\"inLanguage\":\"fr-FR\"},{\"@type\":\"WebPage\",\"@id\":\"https:\\\/\\\/hierostrasbourg.com\\\/index.php\\\/2022\\\/12\\\/11\\\/podcast-les-arrangeurs-compositeurs\\\/\",\"url\":\"https:\\\/\\\/hierostrasbourg.com\\\/index.php\\\/2022\\\/12\\\/11\\\/podcast-les-arrangeurs-compositeurs\\\/\",\"name\":\"[Podcast] Les arrangeurs \\\/compositeurs - HIERO STRASBOURG\",\"isPartOf\":{\"@id\":\"https:\\\/\\\/hierostrasbourg.com\\\/#website\"},\"datePublished\":\"2022-12-11T10:36:38+00:00\",\"breadcrumb\":{\"@id\":\"https:\\\/\\\/hierostrasbourg.com\\\/index.php\\\/2022\\\/12\\\/11\\\/podcast-les-arrangeurs-compositeurs\\\/#breadcrumb\"},\"inLanguage\":\"fr-FR\",\"potentialAction\":[{\"@type\":\"ReadAction\",\"target\":[\"https:\\\/\\\/hierostrasbourg.com\\\/index.php\\\/2022\\\/12\\\/11\\\/podcast-les-arrangeurs-compositeurs\\\/\"]}]},{\"@type\":\"BreadcrumbList\",\"@id\":\"https:\\\/\\\/hierostrasbourg.com\\\/index.php\\\/2022\\\/12\\\/11\\\/podcast-les-arrangeurs-compositeurs\\\/#breadcrumb\",\"itemListElement\":[{\"@type\":\"ListItem\",\"position\":1,\"name\":\"Accueil\",\"item\":\"https:\\\/\\\/hierostrasbourg.com\\\/\"},{\"@type\":\"ListItem\",\"position\":2,\"name\":\"[Podcast] Les arrangeurs \\\/compositeurs\"}]},{\"@type\":\"WebSite\",\"@id\":\"https:\\\/\\\/hierostrasbourg.com\\\/#website\",\"url\":\"https:\\\/\\\/hierostrasbourg.com\\\/\",\"name\":\"HIERO STRASBOURG\",\"description\":\"Centre de Ressources Musiques Actuelles\",\"publisher\":{\"@id\":\"https:\\\/\\\/hierostrasbourg.com\\\/#organization\"},\"potentialAction\":[{\"@type\":\"SearchAction\",\"target\":{\"@type\":\"EntryPoint\",\"urlTemplate\":\"https:\\\/\\\/hierostrasbourg.com\\\/?s={search_term_string}\"},\"query-input\":{\"@type\":\"PropertyValueSpecification\",\"valueRequired\":true,\"valueName\":\"search_term_string\"}}],\"inLanguage\":\"fr-FR\"},{\"@type\":\"Organization\",\"@id\":\"https:\\\/\\\/hierostrasbourg.com\\\/#organization\",\"name\":\"F\u00e9d\u00e9ration Hi\u00e9ro Strasbourg\",\"url\":\"https:\\\/\\\/hierostrasbourg.com\\\/\",\"logo\":{\"@type\":\"ImageObject\",\"inLanguage\":\"fr-FR\",\"@id\":\"https:\\\/\\\/hierostrasbourg.com\\\/#\\\/schema\\\/logo\\\/image\\\/\",\"url\":\"https:\\\/\\\/hierostrasbourg.com\\\/wp-content\\\/uploads\\\/2026\\\/04\\\/logo-hiero-strasbourg.jpg\",\"contentUrl\":\"https:\\\/\\\/hierostrasbourg.com\\\/wp-content\\\/uploads\\\/2026\\\/04\\\/logo-hiero-strasbourg.jpg\",\"width\":204,\"height\":192,\"caption\":\"F\u00e9d\u00e9ration Hi\u00e9ro Strasbourg\"},\"image\":{\"@id\":\"https:\\\/\\\/hierostrasbourg.com\\\/#\\\/schema\\\/logo\\\/image\\\/\"},\"sameAs\":[\"https:\\\/\\\/www.facebook.com\\\/fedehierostrasbourg\",\"https:\\\/\\\/x.com\\\/hierostrasbourg\"]}]}<\/script>\n<!-- \/ Yoast SEO plugin. -->","yoast_head_json":{"title":"[Podcast] Les arrangeurs \/compositeurs - HIERO STRASBOURG","robots":{"index":"index","follow":"follow","max-snippet":"max-snippet:-1","max-image-preview":"max-image-preview:large","max-video-preview":"max-video-preview:-1"},"canonical":"https:\/\/hierostrasbourg.com\/index.php\/2022\/12\/11\/podcast-les-arrangeurs-compositeurs\/","og_locale":"fr_FR","og_type":"article","og_title":"[Podcast] Les arrangeurs \/compositeurs - HIERO STRASBOURG","og_description":"\u201cGabriel Yared a compos\u00e9 la bande-son de nos vies : du piano de\u00a037\u00b02 Le Matin\u00a0au g\u00e9n\u00e9rique du 20 heures de TF1 en passant par Fran\u00e7oise Hardy, Mina ou Godard, sa musique impr\u00e8gne nos existences. C\u2019est un personnage entier, sinc\u00e8re, g\u00e9n\u00e9reux qui cache, derri\u00e8re sa douceur m\u00e9diterran\u00e9enne, une intensit\u00e9 et une exigence folle. Pour dialoguer avec lui, nous avons choisi quelqu\u2019un de tr\u00e8s diff\u00e9rent, au parcours plus chaotique, dont les musiques de films n\u2019ont pas \u00e9t\u00e9 r\u00e9compens\u00e9es aux Oscars, ni aux [&hellip;]","og_url":"https:\/\/hierostrasbourg.com\/index.php\/2022\/12\/11\/podcast-les-arrangeurs-compositeurs\/","og_site_name":"HIERO STRASBOURG","article_publisher":"https:\/\/www.facebook.com\/fedehierostrasbourg","article_published_time":"2022-12-11T10:36:38+00:00","twitter_card":"summary_large_image","twitter_creator":"@hierostrasbourg","twitter_site":"@hierostrasbourg","twitter_misc":{"Dur\u00e9e de lecture estim\u00e9e":"1 minute"},"schema":{"@context":"https:\/\/schema.org","@graph":[{"@type":"Article","@id":"https:\/\/hierostrasbourg.com\/index.php\/2022\/12\/11\/podcast-les-arrangeurs-compositeurs\/#article","isPartOf":{"@id":"https:\/\/hierostrasbourg.com\/index.php\/2022\/12\/11\/podcast-les-arrangeurs-compositeurs\/"},"author":{"name":"","@id":""},"headline":"[Podcast] Les arrangeurs \/compositeurs","datePublished":"2022-12-11T10:36:38+00:00","mainEntityOfPage":{"@id":"https:\/\/hierostrasbourg.com\/index.php\/2022\/12\/11\/podcast-les-arrangeurs-compositeurs\/"},"wordCount":129,"publisher":{"@id":"https:\/\/hierostrasbourg.com\/#organization"},"inLanguage":"fr-FR"},{"@type":"WebPage","@id":"https:\/\/hierostrasbourg.com\/index.php\/2022\/12\/11\/podcast-les-arrangeurs-compositeurs\/","url":"https:\/\/hierostrasbourg.com\/index.php\/2022\/12\/11\/podcast-les-arrangeurs-compositeurs\/","name":"[Podcast] Les arrangeurs \/compositeurs - HIERO STRASBOURG","isPartOf":{"@id":"https:\/\/hierostrasbourg.com\/#website"},"datePublished":"2022-12-11T10:36:38+00:00","breadcrumb":{"@id":"https:\/\/hierostrasbourg.com\/index.php\/2022\/12\/11\/podcast-les-arrangeurs-compositeurs\/#breadcrumb"},"inLanguage":"fr-FR","potentialAction":[{"@type":"ReadAction","target":["https:\/\/hierostrasbourg.com\/index.php\/2022\/12\/11\/podcast-les-arrangeurs-compositeurs\/"]}]},{"@type":"BreadcrumbList","@id":"https:\/\/hierostrasbourg.com\/index.php\/2022\/12\/11\/podcast-les-arrangeurs-compositeurs\/#breadcrumb","itemListElement":[{"@type":"ListItem","position":1,"name":"Accueil","item":"https:\/\/hierostrasbourg.com\/"},{"@type":"ListItem","position":2,"name":"[Podcast] Les arrangeurs \/compositeurs"}]},{"@type":"WebSite","@id":"https:\/\/hierostrasbourg.com\/#website","url":"https:\/\/hierostrasbourg.com\/","name":"HIERO STRASBOURG","description":"Centre de Ressources Musiques Actuelles","publisher":{"@id":"https:\/\/hierostrasbourg.com\/#organization"},"potentialAction":[{"@type":"SearchAction","target":{"@type":"EntryPoint","urlTemplate":"https:\/\/hierostrasbourg.com\/?s={search_term_string}"},"query-input":{"@type":"PropertyValueSpecification","valueRequired":true,"valueName":"search_term_string"}}],"inLanguage":"fr-FR"},{"@type":"Organization","@id":"https:\/\/hierostrasbourg.com\/#organization","name":"F\u00e9d\u00e9ration Hi\u00e9ro Strasbourg","url":"https:\/\/hierostrasbourg.com\/","logo":{"@type":"ImageObject","inLanguage":"fr-FR","@id":"https:\/\/hierostrasbourg.com\/#\/schema\/logo\/image\/","url":"https:\/\/hierostrasbourg.com\/wp-content\/uploads\/2026\/04\/logo-hiero-strasbourg.jpg","contentUrl":"https:\/\/hierostrasbourg.com\/wp-content\/uploads\/2026\/04\/logo-hiero-strasbourg.jpg","width":204,"height":192,"caption":"F\u00e9d\u00e9ration Hi\u00e9ro Strasbourg"},"image":{"@id":"https:\/\/hierostrasbourg.com\/#\/schema\/logo\/image\/"},"sameAs":["https:\/\/www.facebook.com\/fedehierostrasbourg","https:\/\/x.com\/hierostrasbourg"]}]}},"_links":{"self":[{"href":"https:\/\/hierostrasbourg.com\/index.php\/wp-json\/wp\/v2\/posts\/4240","targetHints":{"allow":["GET"]}}],"collection":[{"href":"https:\/\/hierostrasbourg.com\/index.php\/wp-json\/wp\/v2\/posts"}],"about":[{"href":"https:\/\/hierostrasbourg.com\/index.php\/wp-json\/wp\/v2\/types\/post"}],"replies":[{"embeddable":true,"href":"https:\/\/hierostrasbourg.com\/index.php\/wp-json\/wp\/v2\/comments?post=4240"}],"version-history":[{"count":0,"href":"https:\/\/hierostrasbourg.com\/index.php\/wp-json\/wp\/v2\/posts\/4240\/revisions"}],"wp:attachment":[{"href":"https:\/\/hierostrasbourg.com\/index.php\/wp-json\/wp\/v2\/media?parent=4240"}],"wp:term":[{"taxonomy":"category","embeddable":true,"href":"https:\/\/hierostrasbourg.com\/index.php\/wp-json\/wp\/v2\/categories?post=4240"},{"taxonomy":"post_tag","embeddable":true,"href":"https:\/\/hierostrasbourg.com\/index.php\/wp-json\/wp\/v2\/tags?post=4240"}],"curies":[{"name":"wp","href":"https:\/\/api.w.org\/{rel}","templated":true}]}}