{"id":4239,"date":"2022-12-11T00:38:52","date_gmt":"2022-12-10T23:38:52","guid":{"rendered":"https:\/\/hierostrasbourg.com\/index.php\/2022\/12\/11\/les-contrebasses-et-les-harpes-ne-prendront-toujours-pas-le-train\/"},"modified":"2022-12-11T00:38:52","modified_gmt":"2022-12-10T23:38:52","slug":"les-contrebasses-et-les-harpes-ne-prendront-toujours-pas-le-train","status":"publish","type":"post","link":"https:\/\/hierostrasbourg.com\/index.php\/2022\/12\/11\/les-contrebasses-et-les-harpes-ne-prendront-toujours-pas-le-train\/","title":{"rendered":"Les contrebasses et les harpes ne prendront (toujours) pas le train"},"content":{"rendered":"<p><a href=\"https:\/\/musiquesactuelles.alsace\/les-contrebasses-et-les-harpes-ne-prendront-toujours-pas-le-train\/\" title=\"Les contrebasses et les harpes ne prendront (toujours) pas le train\"><\/a><\/p>\n<p>On avait cru l\u2019affaire r\u00e9gl\u00e9e, mais elle ne l\u2019est que pour les violoncelles. Les contrebasses et les harpes de grande taille ne sont toujours pas admises \u00e0 bord des trains. Une situation ubuesque pour les musiciens\u2026 Source \/ Lire la suite : Les contrebasses et les harpes ne prendront (toujours) pas le train<\/p>\n<p>L\u2019article <a href=\"https:\/\/musiquesactuelles.alsace\/les-contrebasses-et-les-harpes-ne-prendront-toujours-pas-le-train\/\">Les contrebasses et les harpes ne prendront (toujours) pas le train<\/a> est apparu en premier sur <a href=\"https:\/\/musiquesactuelles.alsace\/\">Musiques Actuelles en Alsace<\/a>.<\/p>\n<p>L\u2019article <a href=\"https:\/\/popburo.fr\/les-contrebasses-et-les-harpes-ne-prendront-toujours-pas-le-train\/\">Les contrebasses et les harpes ne prendront (toujours) pas le train<\/a> est apparu en premier sur <a href=\"https:\/\/popburo.fr\/\">POP B\u00dcRO<\/a>.<\/p>\n","protected":false},"excerpt":{"rendered":"<p>On avait cru l\u2019affaire r\u00e9gl\u00e9e, mais elle ne l\u2019est que pour les violoncelles. Les contrebasses et les harpes de grande taille ne sont toujours pas admises \u00e0 bord des trains. Une situation ubuesque pour les musiciens\u2026 Source \/ Lire la suite : Les contrebasses et les harpes ne prendront (toujours) pas le train L\u2019article Les contrebasses et les harpes ne prendront (toujours) pas le train est apparu en premier sur Musiques Actuelles en Alsace. L\u2019article Les contrebasses et les harpes [&hellip;]<\/p>\n","protected":false},"author":0,"featured_media":0,"comment_status":"closed","ping_status":"open","sticky":false,"template":"","format":"standard","meta":{"footnotes":""},"categories":[1],"tags":[],"class_list":["post-4239","post","type-post","status-publish","format-standard","hentry","category-non-classe"],"yoast_head":"<!-- This site is optimized with the Yoast SEO plugin v27.5 - https:\/\/yoast.com\/product\/yoast-seo-wordpress\/ -->\n<title>Les contrebasses et les harpes ne prendront (toujours) pas le train - HIERO STRASBOURG<\/title>\n<meta name=\"robots\" content=\"index, follow, max-snippet:-1, max-image-preview:large, max-video-preview:-1\" \/>\n<link rel=\"canonical\" href=\"https:\/\/hierostrasbourg.com\/index.php\/2022\/12\/11\/les-contrebasses-et-les-harpes-ne-prendront-toujours-pas-le-train\/\" \/>\n<meta property=\"og:locale\" content=\"fr_FR\" \/>\n<meta property=\"og:type\" content=\"article\" \/>\n<meta property=\"og:title\" content=\"Les contrebasses et les harpes ne prendront (toujours) pas le train - HIERO STRASBOURG\" \/>\n<meta property=\"og:description\" content=\"On avait cru l\u2019affaire r\u00e9gl\u00e9e, mais elle ne l\u2019est que pour les violoncelles. Les contrebasses et les harpes de grande taille ne sont toujours pas admises \u00e0 bord des trains. Une situation ubuesque pour les musiciens\u2026 Source \/ Lire la suite : Les contrebasses et les harpes ne prendront (toujours) pas le train L\u2019article Les contrebasses et les harpes ne prendront (toujours) pas le train est apparu en premier sur Musiques Actuelles en Alsace. L\u2019article Les contrebasses et les harpes [&hellip;]\" \/>\n<meta property=\"og:url\" content=\"https:\/\/hierostrasbourg.com\/index.php\/2022\/12\/11\/les-contrebasses-et-les-harpes-ne-prendront-toujours-pas-le-train\/\" \/>\n<meta property=\"og:site_name\" content=\"HIERO STRASBOURG\" \/>\n<meta property=\"article:publisher\" content=\"https:\/\/www.facebook.com\/fedehierostrasbourg\" \/>\n<meta property=\"article:published_time\" content=\"2022-12-10T23:38:52+00:00\" \/>\n<meta name=\"twitter:card\" content=\"summary_large_image\" \/>\n<meta name=\"twitter:creator\" content=\"@hierostrasbourg\" \/>\n<meta name=\"twitter:site\" content=\"@hierostrasbourg\" \/>\n<script type=\"application\/ld+json\" class=\"yoast-schema-graph\">{\"@context\":\"https:\\\/\\\/schema.org\",\"@graph\":[{\"@type\":\"Article\",\"@id\":\"https:\\\/\\\/hierostrasbourg.com\\\/index.php\\\/2022\\\/12\\\/11\\\/les-contrebasses-et-les-harpes-ne-prendront-toujours-pas-le-train\\\/#article\",\"isPartOf\":{\"@id\":\"https:\\\/\\\/hierostrasbourg.com\\\/index.php\\\/2022\\\/12\\\/11\\\/les-contrebasses-et-les-harpes-ne-prendront-toujours-pas-le-train\\\/\"},\"author\":{\"name\":\"\",\"@id\":\"\"},\"headline\":\"Les contrebasses et les harpes ne prendront (toujours) pas le train\",\"datePublished\":\"2022-12-10T23:38:52+00:00\",\"mainEntityOfPage\":{\"@id\":\"https:\\\/\\\/hierostrasbourg.com\\\/index.php\\\/2022\\\/12\\\/11\\\/les-contrebasses-et-les-harpes-ne-prendront-toujours-pas-le-train\\\/\"},\"wordCount\":108,\"publisher\":{\"@id\":\"https:\\\/\\\/hierostrasbourg.com\\\/#organization\"},\"inLanguage\":\"fr-FR\"},{\"@type\":\"WebPage\",\"@id\":\"https:\\\/\\\/hierostrasbourg.com\\\/index.php\\\/2022\\\/12\\\/11\\\/les-contrebasses-et-les-harpes-ne-prendront-toujours-pas-le-train\\\/\",\"url\":\"https:\\\/\\\/hierostrasbourg.com\\\/index.php\\\/2022\\\/12\\\/11\\\/les-contrebasses-et-les-harpes-ne-prendront-toujours-pas-le-train\\\/\",\"name\":\"Les contrebasses et les harpes ne prendront (toujours) pas le train - HIERO STRASBOURG\",\"isPartOf\":{\"@id\":\"https:\\\/\\\/hierostrasbourg.com\\\/#website\"},\"datePublished\":\"2022-12-10T23:38:52+00:00\",\"breadcrumb\":{\"@id\":\"https:\\\/\\\/hierostrasbourg.com\\\/index.php\\\/2022\\\/12\\\/11\\\/les-contrebasses-et-les-harpes-ne-prendront-toujours-pas-le-train\\\/#breadcrumb\"},\"inLanguage\":\"fr-FR\",\"potentialAction\":[{\"@type\":\"ReadAction\",\"target\":[\"https:\\\/\\\/hierostrasbourg.com\\\/index.php\\\/2022\\\/12\\\/11\\\/les-contrebasses-et-les-harpes-ne-prendront-toujours-pas-le-train\\\/\"]}]},{\"@type\":\"BreadcrumbList\",\"@id\":\"https:\\\/\\\/hierostrasbourg.com\\\/index.php\\\/2022\\\/12\\\/11\\\/les-contrebasses-et-les-harpes-ne-prendront-toujours-pas-le-train\\\/#breadcrumb\",\"itemListElement\":[{\"@type\":\"ListItem\",\"position\":1,\"name\":\"Accueil\",\"item\":\"https:\\\/\\\/hierostrasbourg.com\\\/\"},{\"@type\":\"ListItem\",\"position\":2,\"name\":\"Les contrebasses et les harpes ne prendront (toujours) pas le train\"}]},{\"@type\":\"WebSite\",\"@id\":\"https:\\\/\\\/hierostrasbourg.com\\\/#website\",\"url\":\"https:\\\/\\\/hierostrasbourg.com\\\/\",\"name\":\"HIERO STRASBOURG\",\"description\":\"Centre de Ressources Musiques Actuelles\",\"publisher\":{\"@id\":\"https:\\\/\\\/hierostrasbourg.com\\\/#organization\"},\"potentialAction\":[{\"@type\":\"SearchAction\",\"target\":{\"@type\":\"EntryPoint\",\"urlTemplate\":\"https:\\\/\\\/hierostrasbourg.com\\\/?s={search_term_string}\"},\"query-input\":{\"@type\":\"PropertyValueSpecification\",\"valueRequired\":true,\"valueName\":\"search_term_string\"}}],\"inLanguage\":\"fr-FR\"},{\"@type\":\"Organization\",\"@id\":\"https:\\\/\\\/hierostrasbourg.com\\\/#organization\",\"name\":\"F\u00e9d\u00e9ration Hi\u00e9ro Strasbourg\",\"url\":\"https:\\\/\\\/hierostrasbourg.com\\\/\",\"logo\":{\"@type\":\"ImageObject\",\"inLanguage\":\"fr-FR\",\"@id\":\"https:\\\/\\\/hierostrasbourg.com\\\/#\\\/schema\\\/logo\\\/image\\\/\",\"url\":\"https:\\\/\\\/hierostrasbourg.com\\\/wp-content\\\/uploads\\\/2026\\\/04\\\/logo-hiero-strasbourg.jpg\",\"contentUrl\":\"https:\\\/\\\/hierostrasbourg.com\\\/wp-content\\\/uploads\\\/2026\\\/04\\\/logo-hiero-strasbourg.jpg\",\"width\":204,\"height\":192,\"caption\":\"F\u00e9d\u00e9ration Hi\u00e9ro Strasbourg\"},\"image\":{\"@id\":\"https:\\\/\\\/hierostrasbourg.com\\\/#\\\/schema\\\/logo\\\/image\\\/\"},\"sameAs\":[\"https:\\\/\\\/www.facebook.com\\\/fedehierostrasbourg\",\"https:\\\/\\\/x.com\\\/hierostrasbourg\"]}]}<\/script>\n<!-- \/ Yoast SEO plugin. -->","yoast_head_json":{"title":"Les contrebasses et les harpes ne prendront (toujours) pas le train - HIERO STRASBOURG","robots":{"index":"index","follow":"follow","max-snippet":"max-snippet:-1","max-image-preview":"max-image-preview:large","max-video-preview":"max-video-preview:-1"},"canonical":"https:\/\/hierostrasbourg.com\/index.php\/2022\/12\/11\/les-contrebasses-et-les-harpes-ne-prendront-toujours-pas-le-train\/","og_locale":"fr_FR","og_type":"article","og_title":"Les contrebasses et les harpes ne prendront (toujours) pas le train - HIERO STRASBOURG","og_description":"On avait cru l\u2019affaire r\u00e9gl\u00e9e, mais elle ne l\u2019est que pour les violoncelles. Les contrebasses et les harpes de grande taille ne sont toujours pas admises \u00e0 bord des trains. Une situation ubuesque pour les musiciens\u2026 Source \/ Lire la suite : Les contrebasses et les harpes ne prendront (toujours) pas le train L\u2019article Les contrebasses et les harpes ne prendront (toujours) pas le train est apparu en premier sur Musiques Actuelles en Alsace. L\u2019article Les contrebasses et les harpes [&hellip;]","og_url":"https:\/\/hierostrasbourg.com\/index.php\/2022\/12\/11\/les-contrebasses-et-les-harpes-ne-prendront-toujours-pas-le-train\/","og_site_name":"HIERO STRASBOURG","article_publisher":"https:\/\/www.facebook.com\/fedehierostrasbourg","article_published_time":"2022-12-10T23:38:52+00:00","twitter_card":"summary_large_image","twitter_creator":"@hierostrasbourg","twitter_site":"@hierostrasbourg","schema":{"@context":"https:\/\/schema.org","@graph":[{"@type":"Article","@id":"https:\/\/hierostrasbourg.com\/index.php\/2022\/12\/11\/les-contrebasses-et-les-harpes-ne-prendront-toujours-pas-le-train\/#article","isPartOf":{"@id":"https:\/\/hierostrasbourg.com\/index.php\/2022\/12\/11\/les-contrebasses-et-les-harpes-ne-prendront-toujours-pas-le-train\/"},"author":{"name":"","@id":""},"headline":"Les contrebasses et les harpes ne prendront (toujours) pas le train","datePublished":"2022-12-10T23:38:52+00:00","mainEntityOfPage":{"@id":"https:\/\/hierostrasbourg.com\/index.php\/2022\/12\/11\/les-contrebasses-et-les-harpes-ne-prendront-toujours-pas-le-train\/"},"wordCount":108,"publisher":{"@id":"https:\/\/hierostrasbourg.com\/#organization"},"inLanguage":"fr-FR"},{"@type":"WebPage","@id":"https:\/\/hierostrasbourg.com\/index.php\/2022\/12\/11\/les-contrebasses-et-les-harpes-ne-prendront-toujours-pas-le-train\/","url":"https:\/\/hierostrasbourg.com\/index.php\/2022\/12\/11\/les-contrebasses-et-les-harpes-ne-prendront-toujours-pas-le-train\/","name":"Les contrebasses et les harpes ne prendront (toujours) pas le train - HIERO STRASBOURG","isPartOf":{"@id":"https:\/\/hierostrasbourg.com\/#website"},"datePublished":"2022-12-10T23:38:52+00:00","breadcrumb":{"@id":"https:\/\/hierostrasbourg.com\/index.php\/2022\/12\/11\/les-contrebasses-et-les-harpes-ne-prendront-toujours-pas-le-train\/#breadcrumb"},"inLanguage":"fr-FR","potentialAction":[{"@type":"ReadAction","target":["https:\/\/hierostrasbourg.com\/index.php\/2022\/12\/11\/les-contrebasses-et-les-harpes-ne-prendront-toujours-pas-le-train\/"]}]},{"@type":"BreadcrumbList","@id":"https:\/\/hierostrasbourg.com\/index.php\/2022\/12\/11\/les-contrebasses-et-les-harpes-ne-prendront-toujours-pas-le-train\/#breadcrumb","itemListElement":[{"@type":"ListItem","position":1,"name":"Accueil","item":"https:\/\/hierostrasbourg.com\/"},{"@type":"ListItem","position":2,"name":"Les contrebasses et les harpes ne prendront (toujours) pas le train"}]},{"@type":"WebSite","@id":"https:\/\/hierostrasbourg.com\/#website","url":"https:\/\/hierostrasbourg.com\/","name":"HIERO STRASBOURG","description":"Centre de Ressources Musiques Actuelles","publisher":{"@id":"https:\/\/hierostrasbourg.com\/#organization"},"potentialAction":[{"@type":"SearchAction","target":{"@type":"EntryPoint","urlTemplate":"https:\/\/hierostrasbourg.com\/?s={search_term_string}"},"query-input":{"@type":"PropertyValueSpecification","valueRequired":true,"valueName":"search_term_string"}}],"inLanguage":"fr-FR"},{"@type":"Organization","@id":"https:\/\/hierostrasbourg.com\/#organization","name":"F\u00e9d\u00e9ration Hi\u00e9ro Strasbourg","url":"https:\/\/hierostrasbourg.com\/","logo":{"@type":"ImageObject","inLanguage":"fr-FR","@id":"https:\/\/hierostrasbourg.com\/#\/schema\/logo\/image\/","url":"https:\/\/hierostrasbourg.com\/wp-content\/uploads\/2026\/04\/logo-hiero-strasbourg.jpg","contentUrl":"https:\/\/hierostrasbourg.com\/wp-content\/uploads\/2026\/04\/logo-hiero-strasbourg.jpg","width":204,"height":192,"caption":"F\u00e9d\u00e9ration Hi\u00e9ro Strasbourg"},"image":{"@id":"https:\/\/hierostrasbourg.com\/#\/schema\/logo\/image\/"},"sameAs":["https:\/\/www.facebook.com\/fedehierostrasbourg","https:\/\/x.com\/hierostrasbourg"]}]}},"_links":{"self":[{"href":"https:\/\/hierostrasbourg.com\/index.php\/wp-json\/wp\/v2\/posts\/4239","targetHints":{"allow":["GET"]}}],"collection":[{"href":"https:\/\/hierostrasbourg.com\/index.php\/wp-json\/wp\/v2\/posts"}],"about":[{"href":"https:\/\/hierostrasbourg.com\/index.php\/wp-json\/wp\/v2\/types\/post"}],"replies":[{"embeddable":true,"href":"https:\/\/hierostrasbourg.com\/index.php\/wp-json\/wp\/v2\/comments?post=4239"}],"version-history":[{"count":0,"href":"https:\/\/hierostrasbourg.com\/index.php\/wp-json\/wp\/v2\/posts\/4239\/revisions"}],"wp:attachment":[{"href":"https:\/\/hierostrasbourg.com\/index.php\/wp-json\/wp\/v2\/media?parent=4239"}],"wp:term":[{"taxonomy":"category","embeddable":true,"href":"https:\/\/hierostrasbourg.com\/index.php\/wp-json\/wp\/v2\/categories?post=4239"},{"taxonomy":"post_tag","embeddable":true,"href":"https:\/\/hierostrasbourg.com\/index.php\/wp-json\/wp\/v2\/tags?post=4239"}],"curies":[{"name":"wp","href":"https:\/\/api.w.org\/{rel}","templated":true}]}}