{"id":4230,"date":"2022-12-09T19:36:02","date_gmt":"2022-12-09T18:36:02","guid":{"rendered":"https:\/\/hierostrasbourg.com\/index.php\/2022\/12\/09\/lhyperacousie-cette-migraine-de-loreille-due-aux-agressions-sonores\/"},"modified":"2022-12-09T19:36:02","modified_gmt":"2022-12-09T18:36:02","slug":"lhyperacousie-cette-migraine-de-loreille-due-aux-agressions-sonores","status":"publish","type":"post","link":"https:\/\/hierostrasbourg.com\/index.php\/2022\/12\/09\/lhyperacousie-cette-migraine-de-loreille-due-aux-agressions-sonores\/","title":{"rendered":"L\u2019hyperacousie, cette \u201cmigraine de l\u2019oreille\u201d due aux agressions sonores"},"content":{"rendered":"<p><a href=\"https:\/\/musiquesactuelles.alsace\/lhyperacousie-cette-migraine-de-loreille-due-aux-agressions-sonores\/\" title=\"L'hyperacousie, cette &quot;migraine de l'oreille&quot; due aux agressions sonores\"><\/a><\/p>\n<p>Cette affection auditive, qui se traduit par une hypersensibilit\u00e9 accrue ou douloureuse au son, pourrait concerner jusqu\u2019\u00e0 600.000 personnes en France. Elle est pourtant encore mal connue et mal soign\u00e9e. Source \/ Lire la suite : L\u2019hyperacousie, cette \u00abmigraine de l\u2019oreille\u00bb due aux agressions sonores<\/p>\n<p>L\u2019article <a href=\"https:\/\/musiquesactuelles.alsace\/lhyperacousie-cette-migraine-de-loreille-due-aux-agressions-sonores\/\">L\u2019hyperacousie, cette \u201cmigraine de l\u2019oreille\u201d due aux agressions sonores<\/a> est apparu en premier sur <a href=\"https:\/\/musiquesactuelles.alsace\/\">Musiques Actuelles en Alsace<\/a>.<\/p>\n<p>L\u2019article <a href=\"https:\/\/popburo.fr\/lhyperacousie-cette-migraine-de-loreille-due-aux-agressions-sonores\/\">L\u2019hyperacousie, cette \u201cmigraine de l\u2019oreille\u201d due aux agressions sonores<\/a> est apparu en premier sur <a href=\"https:\/\/popburo.fr\/\">POP B\u00dcRO<\/a>.<\/p>\n","protected":false},"excerpt":{"rendered":"<p>Cette affection auditive, qui se traduit par une hypersensibilit\u00e9 accrue ou douloureuse au son, pourrait concerner jusqu\u2019\u00e0 600.000 personnes en France. Elle est pourtant encore mal connue et mal soign\u00e9e. Source \/ Lire la suite : L\u2019hyperacousie, cette \u00abmigraine de l\u2019oreille\u00bb due aux agressions sonores L\u2019article L\u2019hyperacousie, cette \u201cmigraine de l\u2019oreille\u201d due aux agressions sonores est apparu en premier sur Musiques Actuelles en Alsace. L\u2019article L\u2019hyperacousie, cette \u201cmigraine de l\u2019oreille\u201d due aux agressions sonores est apparu en premier sur POP [&hellip;]<\/p>\n","protected":false},"author":0,"featured_media":0,"comment_status":"closed","ping_status":"open","sticky":false,"template":"","format":"standard","meta":{"footnotes":""},"categories":[1],"tags":[],"class_list":["post-4230","post","type-post","status-publish","format-standard","hentry","category-non-classe"],"yoast_head":"<!-- This site is optimized with the Yoast SEO plugin v27.5 - https:\/\/yoast.com\/product\/yoast-seo-wordpress\/ -->\n<title>L\u2019hyperacousie, cette \u201cmigraine de l\u2019oreille\u201d due aux agressions sonores - HIERO STRASBOURG<\/title>\n<meta name=\"robots\" content=\"index, follow, max-snippet:-1, max-image-preview:large, max-video-preview:-1\" \/>\n<link rel=\"canonical\" href=\"https:\/\/hierostrasbourg.com\/index.php\/2022\/12\/09\/lhyperacousie-cette-migraine-de-loreille-due-aux-agressions-sonores\/\" \/>\n<meta property=\"og:locale\" content=\"fr_FR\" \/>\n<meta property=\"og:type\" content=\"article\" \/>\n<meta property=\"og:title\" content=\"L\u2019hyperacousie, cette \u201cmigraine de l\u2019oreille\u201d due aux agressions sonores - HIERO STRASBOURG\" \/>\n<meta property=\"og:description\" content=\"Cette affection auditive, qui se traduit par une hypersensibilit\u00e9 accrue ou douloureuse au son, pourrait concerner jusqu\u2019\u00e0 600.000 personnes en France. Elle est pourtant encore mal connue et mal soign\u00e9e. Source \/ Lire la suite : L\u2019hyperacousie, cette \u00abmigraine de l\u2019oreille\u00bb due aux agressions sonores L\u2019article L\u2019hyperacousie, cette \u201cmigraine de l\u2019oreille\u201d due aux agressions sonores est apparu en premier sur Musiques Actuelles en Alsace. L\u2019article L\u2019hyperacousie, cette \u201cmigraine de l\u2019oreille\u201d due aux agressions sonores est apparu en premier sur POP [&hellip;]\" \/>\n<meta property=\"og:url\" content=\"https:\/\/hierostrasbourg.com\/index.php\/2022\/12\/09\/lhyperacousie-cette-migraine-de-loreille-due-aux-agressions-sonores\/\" \/>\n<meta property=\"og:site_name\" content=\"HIERO STRASBOURG\" \/>\n<meta property=\"article:publisher\" content=\"https:\/\/www.facebook.com\/fedehierostrasbourg\" \/>\n<meta property=\"article:published_time\" content=\"2022-12-09T18:36:02+00:00\" \/>\n<meta name=\"twitter:card\" content=\"summary_large_image\" \/>\n<meta name=\"twitter:creator\" content=\"@hierostrasbourg\" \/>\n<meta name=\"twitter:site\" content=\"@hierostrasbourg\" \/>\n<script type=\"application\/ld+json\" class=\"yoast-schema-graph\">{\"@context\":\"https:\\\/\\\/schema.org\",\"@graph\":[{\"@type\":\"Article\",\"@id\":\"https:\\\/\\\/hierostrasbourg.com\\\/index.php\\\/2022\\\/12\\\/09\\\/lhyperacousie-cette-migraine-de-loreille-due-aux-agressions-sonores\\\/#article\",\"isPartOf\":{\"@id\":\"https:\\\/\\\/hierostrasbourg.com\\\/index.php\\\/2022\\\/12\\\/09\\\/lhyperacousie-cette-migraine-de-loreille-due-aux-agressions-sonores\\\/\"},\"author\":{\"name\":\"\",\"@id\":\"\"},\"headline\":\"L\u2019hyperacousie, cette \u201cmigraine de l\u2019oreille\u201d due aux agressions sonores\",\"datePublished\":\"2022-12-09T18:36:02+00:00\",\"mainEntityOfPage\":{\"@id\":\"https:\\\/\\\/hierostrasbourg.com\\\/index.php\\\/2022\\\/12\\\/09\\\/lhyperacousie-cette-migraine-de-loreille-due-aux-agressions-sonores\\\/\"},\"wordCount\":99,\"publisher\":{\"@id\":\"https:\\\/\\\/hierostrasbourg.com\\\/#organization\"},\"inLanguage\":\"fr-FR\"},{\"@type\":\"WebPage\",\"@id\":\"https:\\\/\\\/hierostrasbourg.com\\\/index.php\\\/2022\\\/12\\\/09\\\/lhyperacousie-cette-migraine-de-loreille-due-aux-agressions-sonores\\\/\",\"url\":\"https:\\\/\\\/hierostrasbourg.com\\\/index.php\\\/2022\\\/12\\\/09\\\/lhyperacousie-cette-migraine-de-loreille-due-aux-agressions-sonores\\\/\",\"name\":\"L\u2019hyperacousie, cette \u201cmigraine de l\u2019oreille\u201d due aux agressions sonores - HIERO STRASBOURG\",\"isPartOf\":{\"@id\":\"https:\\\/\\\/hierostrasbourg.com\\\/#website\"},\"datePublished\":\"2022-12-09T18:36:02+00:00\",\"breadcrumb\":{\"@id\":\"https:\\\/\\\/hierostrasbourg.com\\\/index.php\\\/2022\\\/12\\\/09\\\/lhyperacousie-cette-migraine-de-loreille-due-aux-agressions-sonores\\\/#breadcrumb\"},\"inLanguage\":\"fr-FR\",\"potentialAction\":[{\"@type\":\"ReadAction\",\"target\":[\"https:\\\/\\\/hierostrasbourg.com\\\/index.php\\\/2022\\\/12\\\/09\\\/lhyperacousie-cette-migraine-de-loreille-due-aux-agressions-sonores\\\/\"]}]},{\"@type\":\"BreadcrumbList\",\"@id\":\"https:\\\/\\\/hierostrasbourg.com\\\/index.php\\\/2022\\\/12\\\/09\\\/lhyperacousie-cette-migraine-de-loreille-due-aux-agressions-sonores\\\/#breadcrumb\",\"itemListElement\":[{\"@type\":\"ListItem\",\"position\":1,\"name\":\"Accueil\",\"item\":\"https:\\\/\\\/hierostrasbourg.com\\\/\"},{\"@type\":\"ListItem\",\"position\":2,\"name\":\"L\u2019hyperacousie, cette \u201cmigraine de l\u2019oreille\u201d due aux agressions sonores\"}]},{\"@type\":\"WebSite\",\"@id\":\"https:\\\/\\\/hierostrasbourg.com\\\/#website\",\"url\":\"https:\\\/\\\/hierostrasbourg.com\\\/\",\"name\":\"HIERO STRASBOURG\",\"description\":\"Centre de Ressources Musiques Actuelles\",\"publisher\":{\"@id\":\"https:\\\/\\\/hierostrasbourg.com\\\/#organization\"},\"potentialAction\":[{\"@type\":\"SearchAction\",\"target\":{\"@type\":\"EntryPoint\",\"urlTemplate\":\"https:\\\/\\\/hierostrasbourg.com\\\/?s={search_term_string}\"},\"query-input\":{\"@type\":\"PropertyValueSpecification\",\"valueRequired\":true,\"valueName\":\"search_term_string\"}}],\"inLanguage\":\"fr-FR\"},{\"@type\":\"Organization\",\"@id\":\"https:\\\/\\\/hierostrasbourg.com\\\/#organization\",\"name\":\"F\u00e9d\u00e9ration Hi\u00e9ro Strasbourg\",\"url\":\"https:\\\/\\\/hierostrasbourg.com\\\/\",\"logo\":{\"@type\":\"ImageObject\",\"inLanguage\":\"fr-FR\",\"@id\":\"https:\\\/\\\/hierostrasbourg.com\\\/#\\\/schema\\\/logo\\\/image\\\/\",\"url\":\"https:\\\/\\\/hierostrasbourg.com\\\/wp-content\\\/uploads\\\/2026\\\/04\\\/logo-hiero-strasbourg.jpg\",\"contentUrl\":\"https:\\\/\\\/hierostrasbourg.com\\\/wp-content\\\/uploads\\\/2026\\\/04\\\/logo-hiero-strasbourg.jpg\",\"width\":204,\"height\":192,\"caption\":\"F\u00e9d\u00e9ration Hi\u00e9ro Strasbourg\"},\"image\":{\"@id\":\"https:\\\/\\\/hierostrasbourg.com\\\/#\\\/schema\\\/logo\\\/image\\\/\"},\"sameAs\":[\"https:\\\/\\\/www.facebook.com\\\/fedehierostrasbourg\",\"https:\\\/\\\/x.com\\\/hierostrasbourg\"]}]}<\/script>\n<!-- \/ Yoast SEO plugin. -->","yoast_head_json":{"title":"L\u2019hyperacousie, cette \u201cmigraine de l\u2019oreille\u201d due aux agressions sonores - HIERO STRASBOURG","robots":{"index":"index","follow":"follow","max-snippet":"max-snippet:-1","max-image-preview":"max-image-preview:large","max-video-preview":"max-video-preview:-1"},"canonical":"https:\/\/hierostrasbourg.com\/index.php\/2022\/12\/09\/lhyperacousie-cette-migraine-de-loreille-due-aux-agressions-sonores\/","og_locale":"fr_FR","og_type":"article","og_title":"L\u2019hyperacousie, cette \u201cmigraine de l\u2019oreille\u201d due aux agressions sonores - HIERO STRASBOURG","og_description":"Cette affection auditive, qui se traduit par une hypersensibilit\u00e9 accrue ou douloureuse au son, pourrait concerner jusqu\u2019\u00e0 600.000 personnes en France. Elle est pourtant encore mal connue et mal soign\u00e9e. Source \/ Lire la suite : L\u2019hyperacousie, cette \u00abmigraine de l\u2019oreille\u00bb due aux agressions sonores L\u2019article L\u2019hyperacousie, cette \u201cmigraine de l\u2019oreille\u201d due aux agressions sonores est apparu en premier sur Musiques Actuelles en Alsace. L\u2019article L\u2019hyperacousie, cette \u201cmigraine de l\u2019oreille\u201d due aux agressions sonores est apparu en premier sur POP [&hellip;]","og_url":"https:\/\/hierostrasbourg.com\/index.php\/2022\/12\/09\/lhyperacousie-cette-migraine-de-loreille-due-aux-agressions-sonores\/","og_site_name":"HIERO STRASBOURG","article_publisher":"https:\/\/www.facebook.com\/fedehierostrasbourg","article_published_time":"2022-12-09T18:36:02+00:00","twitter_card":"summary_large_image","twitter_creator":"@hierostrasbourg","twitter_site":"@hierostrasbourg","schema":{"@context":"https:\/\/schema.org","@graph":[{"@type":"Article","@id":"https:\/\/hierostrasbourg.com\/index.php\/2022\/12\/09\/lhyperacousie-cette-migraine-de-loreille-due-aux-agressions-sonores\/#article","isPartOf":{"@id":"https:\/\/hierostrasbourg.com\/index.php\/2022\/12\/09\/lhyperacousie-cette-migraine-de-loreille-due-aux-agressions-sonores\/"},"author":{"name":"","@id":""},"headline":"L\u2019hyperacousie, cette \u201cmigraine de l\u2019oreille\u201d due aux agressions sonores","datePublished":"2022-12-09T18:36:02+00:00","mainEntityOfPage":{"@id":"https:\/\/hierostrasbourg.com\/index.php\/2022\/12\/09\/lhyperacousie-cette-migraine-de-loreille-due-aux-agressions-sonores\/"},"wordCount":99,"publisher":{"@id":"https:\/\/hierostrasbourg.com\/#organization"},"inLanguage":"fr-FR"},{"@type":"WebPage","@id":"https:\/\/hierostrasbourg.com\/index.php\/2022\/12\/09\/lhyperacousie-cette-migraine-de-loreille-due-aux-agressions-sonores\/","url":"https:\/\/hierostrasbourg.com\/index.php\/2022\/12\/09\/lhyperacousie-cette-migraine-de-loreille-due-aux-agressions-sonores\/","name":"L\u2019hyperacousie, cette \u201cmigraine de l\u2019oreille\u201d due aux agressions sonores - HIERO STRASBOURG","isPartOf":{"@id":"https:\/\/hierostrasbourg.com\/#website"},"datePublished":"2022-12-09T18:36:02+00:00","breadcrumb":{"@id":"https:\/\/hierostrasbourg.com\/index.php\/2022\/12\/09\/lhyperacousie-cette-migraine-de-loreille-due-aux-agressions-sonores\/#breadcrumb"},"inLanguage":"fr-FR","potentialAction":[{"@type":"ReadAction","target":["https:\/\/hierostrasbourg.com\/index.php\/2022\/12\/09\/lhyperacousie-cette-migraine-de-loreille-due-aux-agressions-sonores\/"]}]},{"@type":"BreadcrumbList","@id":"https:\/\/hierostrasbourg.com\/index.php\/2022\/12\/09\/lhyperacousie-cette-migraine-de-loreille-due-aux-agressions-sonores\/#breadcrumb","itemListElement":[{"@type":"ListItem","position":1,"name":"Accueil","item":"https:\/\/hierostrasbourg.com\/"},{"@type":"ListItem","position":2,"name":"L\u2019hyperacousie, cette \u201cmigraine de l\u2019oreille\u201d due aux agressions sonores"}]},{"@type":"WebSite","@id":"https:\/\/hierostrasbourg.com\/#website","url":"https:\/\/hierostrasbourg.com\/","name":"HIERO STRASBOURG","description":"Centre de Ressources Musiques Actuelles","publisher":{"@id":"https:\/\/hierostrasbourg.com\/#organization"},"potentialAction":[{"@type":"SearchAction","target":{"@type":"EntryPoint","urlTemplate":"https:\/\/hierostrasbourg.com\/?s={search_term_string}"},"query-input":{"@type":"PropertyValueSpecification","valueRequired":true,"valueName":"search_term_string"}}],"inLanguage":"fr-FR"},{"@type":"Organization","@id":"https:\/\/hierostrasbourg.com\/#organization","name":"F\u00e9d\u00e9ration Hi\u00e9ro Strasbourg","url":"https:\/\/hierostrasbourg.com\/","logo":{"@type":"ImageObject","inLanguage":"fr-FR","@id":"https:\/\/hierostrasbourg.com\/#\/schema\/logo\/image\/","url":"https:\/\/hierostrasbourg.com\/wp-content\/uploads\/2026\/04\/logo-hiero-strasbourg.jpg","contentUrl":"https:\/\/hierostrasbourg.com\/wp-content\/uploads\/2026\/04\/logo-hiero-strasbourg.jpg","width":204,"height":192,"caption":"F\u00e9d\u00e9ration Hi\u00e9ro Strasbourg"},"image":{"@id":"https:\/\/hierostrasbourg.com\/#\/schema\/logo\/image\/"},"sameAs":["https:\/\/www.facebook.com\/fedehierostrasbourg","https:\/\/x.com\/hierostrasbourg"]}]}},"_links":{"self":[{"href":"https:\/\/hierostrasbourg.com\/index.php\/wp-json\/wp\/v2\/posts\/4230","targetHints":{"allow":["GET"]}}],"collection":[{"href":"https:\/\/hierostrasbourg.com\/index.php\/wp-json\/wp\/v2\/posts"}],"about":[{"href":"https:\/\/hierostrasbourg.com\/index.php\/wp-json\/wp\/v2\/types\/post"}],"replies":[{"embeddable":true,"href":"https:\/\/hierostrasbourg.com\/index.php\/wp-json\/wp\/v2\/comments?post=4230"}],"version-history":[{"count":0,"href":"https:\/\/hierostrasbourg.com\/index.php\/wp-json\/wp\/v2\/posts\/4230\/revisions"}],"wp:attachment":[{"href":"https:\/\/hierostrasbourg.com\/index.php\/wp-json\/wp\/v2\/media?parent=4230"}],"wp:term":[{"taxonomy":"category","embeddable":true,"href":"https:\/\/hierostrasbourg.com\/index.php\/wp-json\/wp\/v2\/categories?post=4230"},{"taxonomy":"post_tag","embeddable":true,"href":"https:\/\/hierostrasbourg.com\/index.php\/wp-json\/wp\/v2\/tags?post=4230"}],"curies":[{"name":"wp","href":"https:\/\/api.w.org\/{rel}","templated":true}]}}