{"id":4214,"date":"2022-12-06T19:38:51","date_gmt":"2022-12-06T18:38:51","guid":{"rendered":"https:\/\/hierostrasbourg.com\/index.php\/2022\/12\/06\/le-ville-de-colmar-recrute-un-charge-de-mission-culture-f-h\/"},"modified":"2022-12-06T19:38:51","modified_gmt":"2022-12-06T18:38:51","slug":"le-ville-de-colmar-recrute-un-charge-de-mission-culture-f-h","status":"publish","type":"post","link":"https:\/\/hierostrasbourg.com\/index.php\/2022\/12\/06\/le-ville-de-colmar-recrute-un-charge-de-mission-culture-f-h\/","title":{"rendered":"LE VILLE DE COLMAR recrute un charg\u00e9 de mission culture [F\/H]"},"content":{"rendered":"<div class=\"job_description\">\n<p>Riche d\u2019un patrimoine exceptionnellement pr\u00e9serv\u00e9 et de nombreux \u00e9tablissements culturels et artistiques, la Ville de Colmar m\u00e8ne depuis plusieurs d\u00e9cennies une politique ambitieuse en faveur de la culture, levier essentiel de son d\u00e9veloppement et de sa qualit\u00e9 de vie.<br \/>\nAu sein de la direction de la culture (240 agents et 13 \u00e9quipements) en tant que charg\u00e9(e) de mission culture, vous \u00eates le r\u00e9f\u00e9rent\/la r\u00e9f\u00e9rente des dossiers relatifs aux domaines de l\u2019\u00e9ducation artistique, de la cr\u00e9ation artistique professionnelle ou en voie de professionnalisation et de la diffusion artistique (arts visuels, spectacle vivant\u2026) dans un esprit de transversalit\u00e9 et d\u2019innovation.<br \/>\nSous l\u2019autorit\u00e9 de la directrice de la culture et en lien avec les directeurs d\u2019\u00e9quipements et d\u2019associations, en synergie avec les charg\u00e9s de mission (art et histoire\/Mus\u00e9e et Publics\/Festivals), les services de la collectivit\u00e9, et les collectivit\u00e9s territoriales partenaires vous veillez \u00e0 la mise en \u0153uvre et \u00e0 l\u2019optimisation de cette part de la politique culturelle.<\/p>\n<h2>MISSIONS<\/h2>\n<p>Votre objectif est d\u2019accompagner le fonctionnement des \u00e9quipements culturels et de faciliter les collaborations, de favoriser les synergies en impulsant des projets communs, d\u2019optimiser l\u2019exp\u00e9rience et les parcours des usagers des \u00e9tablissements d\u2019enseignements artistiques. Vous contribuez \u00e0 une articulation optimale avec le territoire et \u00e0 optimiser le lien avec les publics et les sc\u00e8nes artistiques professionnelles.<\/p>\n<p>Pour ce faire vous \u00eates en charge :<\/p>\n<p>Du suivi des conventions et de leur renouvellement liant la Vile avec les \u00e9tablissements et associations partenaires : Op\u00e9ra du Rhin, CDN Com\u00e9die de Colmar, CERAC,<br \/>\nDu suivi des \u00e9quipements municipaux en lien avec ces questions : Conservatoire, Ecole d\u2019arts plastiques, centre d\u2019art contemporain, Grillen (Musiques actuelles), Th\u00e9\u00e2tre et salle Europe.<br \/>\nGr\u00e2ce \u00e0 une veille professionnelle (politiques culturelles, appel \u00e0 projets, etc), vous \u00eates force de proposition pour am\u00e9liorer l\u2019existant et optimiser les financements,<br \/>\nVous \u00e9tablissez des outils de suivi et d\u2019\u00e9valuation des \u00e9tablissements culturels en coh\u00e9rence avec les orientations de la politique culturelle de la ville<br \/>\nen collaboration avec les responsables d\u2019\u00e9quipement, vous am\u00e9liorez les documents cadres r\u00e9gissant les fonctionnements des structures (r\u00e8glements int\u00e9rieurs, proc\u00e9dures internes, outils num\u00e9riques\u2026) en soutien aux \u00e9quipes.<\/p>\n<p>Liste des activit\u00e9s non exhaustive susceptible de varier fonction des besoins et des obligations de la direction<\/p>\n<h2>PROFIL<\/h2>\n<p>Cadre d\u2019emplois des attach\u00e9s territoriaux (fili\u00e8re administrative ou culturelle) titulaire ou contractuel<br \/>\nExp\u00e9rience professionnelle dans le domaine culturel indispensable,<br \/>\nBonne connaissance des politiques culturelles et de leurs enjeux actuels,<br \/>\nConnaissance et int\u00e9r\u00eat pour la cr\u00e9ation contemporaine et ses enjeux, nourris par un parcours professionnel.<\/p>\n<h4>SAVOIRS ET SAVOIR-FAIRE<\/h4>\n<p>Bonne culture g\u00e9n\u00e9rale<br \/>\nManagement de projet<br \/>\nBonnes capacit\u00e9s r\u00e9dactionnelles et relationnelles<br \/>\nCapacit\u00e9 r\u00e9dactionnelle av\u00e9r\u00e9e, notions juridiques et organisationnelles,<br \/>\nCapacit\u00e9 de veille professionnelle, notamment sur les r\u00e9seaux artistiques et culturels,<br \/>\nConnaissance de l\u2019administration publique<\/p>\n<h4>QUALIT\u00c9S<\/h4>\n<p>Sens de l\u2019organisation, de la rigueur<br \/>\nCapacit\u00e9 \u00e0 travailler de mani\u00e8re autonome et collaborative<br \/>\nEsprit d\u2019analyse et de synth\u00e8se<br \/>\nAdaptabilit\u00e9 et esprit d\u2019initiative<br \/>\nExcellent relationnel et sens de la n\u00e9gociation<\/p>\n<h2>CONDITIONS DE TRAVAIL<\/h2>\n<p>38 h 30 sur 5 jours travaill\u00e9s avec RTT, t\u00e9l\u00e9travail partiel possible<\/p>\n<p>R\u00e9mun\u00e9ration statutaire + r\u00e9gime indemnitaire + avantages sociaux + prime de fin d\u2019ann\u00e9e<\/p>\n<p>Poste \u00e0 pourvoir d\u00e8s que possible<br \/>\nDate limite de candidature : 15\/01\/2023<\/p>\n<p>COMMUNE DE COLMAR<br \/>\n1 place de la mairie \u2013 bp 50528<br \/>\n68021 Colmar<\/p>\n<p><a class=\"maxbutton-1 maxbutton maxbutton-inscription\" href=\"https:\/\/eservices.portail.colmar.fr\/\"><span class=\"mb-text\">POSTULEZ<\/span><\/a><\/p>\n<\/div>\n<p>L\u2019article <a href=\"https:\/\/popburo.fr\/le-ville-de-colmar-recrute-un-charge-de-mission-culture-f-h\/\">LE VILLE DE COLMAR recrute un charg\u00e9 de mission culture [F\/H]<\/a> est apparu en premier sur <a href=\"https:\/\/popburo.fr\/\">POP B\u00dcRO<\/a>.<\/p>\n","protected":false},"excerpt":{"rendered":"<p>Riche d\u2019un patrimoine exceptionnellement pr\u00e9serv\u00e9 et de nombreux \u00e9tablissements culturels et artistiques, la Ville de Colmar m\u00e8ne depuis plusieurs d\u00e9cennies une politique ambitieuse en faveur de la culture, levier essentiel de son d\u00e9veloppement et de sa qualit\u00e9 de vie. Au sein de la direction de la culture (240 agents et 13 \u00e9quipements) en tant que charg\u00e9(e) de mission culture, vous \u00eates le r\u00e9f\u00e9rent\/la r\u00e9f\u00e9rente des dossiers relatifs aux domaines de l\u2019\u00e9ducation artistique, de la cr\u00e9ation artistique professionnelle ou en voie [&hellip;]<\/p>\n","protected":false},"author":0,"featured_media":0,"comment_status":"closed","ping_status":"open","sticky":false,"template":"","format":"standard","meta":{"footnotes":""},"categories":[1],"tags":[],"class_list":["post-4214","post","type-post","status-publish","format-standard","hentry","category-non-classe"],"yoast_head":"<!-- This site is optimized with the Yoast SEO plugin v27.5 - https:\/\/yoast.com\/product\/yoast-seo-wordpress\/ -->\n<title>LE VILLE DE COLMAR recrute un charg\u00e9 de mission culture [F\/H] - HIERO STRASBOURG<\/title>\n<meta name=\"robots\" content=\"index, follow, max-snippet:-1, max-image-preview:large, max-video-preview:-1\" \/>\n<link rel=\"canonical\" href=\"https:\/\/hierostrasbourg.com\/index.php\/2022\/12\/06\/le-ville-de-colmar-recrute-un-charge-de-mission-culture-f-h\/\" \/>\n<meta property=\"og:locale\" content=\"fr_FR\" \/>\n<meta property=\"og:type\" content=\"article\" \/>\n<meta property=\"og:title\" content=\"LE VILLE DE COLMAR recrute un charg\u00e9 de mission culture [F\/H] - HIERO STRASBOURG\" \/>\n<meta property=\"og:description\" content=\"Riche d\u2019un patrimoine exceptionnellement pr\u00e9serv\u00e9 et de nombreux \u00e9tablissements culturels et artistiques, la Ville de Colmar m\u00e8ne depuis plusieurs d\u00e9cennies une politique ambitieuse en faveur de la culture, levier essentiel de son d\u00e9veloppement et de sa qualit\u00e9 de vie. Au sein de la direction de la culture (240 agents et 13 \u00e9quipements) en tant que charg\u00e9(e) de mission culture, vous \u00eates le r\u00e9f\u00e9rent\/la r\u00e9f\u00e9rente des dossiers relatifs aux domaines de l\u2019\u00e9ducation artistique, de la cr\u00e9ation artistique professionnelle ou en voie [&hellip;]\" \/>\n<meta property=\"og:url\" content=\"https:\/\/hierostrasbourg.com\/index.php\/2022\/12\/06\/le-ville-de-colmar-recrute-un-charge-de-mission-culture-f-h\/\" \/>\n<meta property=\"og:site_name\" content=\"HIERO STRASBOURG\" \/>\n<meta property=\"article:publisher\" content=\"https:\/\/www.facebook.com\/fedehierostrasbourg\" \/>\n<meta property=\"article:published_time\" content=\"2022-12-06T18:38:51+00:00\" \/>\n<meta name=\"twitter:card\" content=\"summary_large_image\" \/>\n<meta name=\"twitter:creator\" content=\"@hierostrasbourg\" \/>\n<meta name=\"twitter:site\" content=\"@hierostrasbourg\" \/>\n<meta name=\"twitter:label1\" content=\"Dur\u00e9e de lecture estim\u00e9e\" \/>\n\t<meta name=\"twitter:data1\" content=\"3 minutes\" \/>\n<script type=\"application\/ld+json\" class=\"yoast-schema-graph\">{\"@context\":\"https:\\\/\\\/schema.org\",\"@graph\":[{\"@type\":\"Article\",\"@id\":\"https:\\\/\\\/hierostrasbourg.com\\\/index.php\\\/2022\\\/12\\\/06\\\/le-ville-de-colmar-recrute-un-charge-de-mission-culture-f-h\\\/#article\",\"isPartOf\":{\"@id\":\"https:\\\/\\\/hierostrasbourg.com\\\/index.php\\\/2022\\\/12\\\/06\\\/le-ville-de-colmar-recrute-un-charge-de-mission-culture-f-h\\\/\"},\"author\":{\"name\":\"\",\"@id\":\"\"},\"headline\":\"LE VILLE DE COLMAR recrute un charg\u00e9 de mission culture [F\\\/H]\",\"datePublished\":\"2022-12-06T18:38:51+00:00\",\"mainEntityOfPage\":{\"@id\":\"https:\\\/\\\/hierostrasbourg.com\\\/index.php\\\/2022\\\/12\\\/06\\\/le-ville-de-colmar-recrute-un-charge-de-mission-culture-f-h\\\/\"},\"wordCount\":613,\"publisher\":{\"@id\":\"https:\\\/\\\/hierostrasbourg.com\\\/#organization\"},\"inLanguage\":\"fr-FR\"},{\"@type\":\"WebPage\",\"@id\":\"https:\\\/\\\/hierostrasbourg.com\\\/index.php\\\/2022\\\/12\\\/06\\\/le-ville-de-colmar-recrute-un-charge-de-mission-culture-f-h\\\/\",\"url\":\"https:\\\/\\\/hierostrasbourg.com\\\/index.php\\\/2022\\\/12\\\/06\\\/le-ville-de-colmar-recrute-un-charge-de-mission-culture-f-h\\\/\",\"name\":\"LE VILLE DE COLMAR recrute un charg\u00e9 de mission culture [F\\\/H] - HIERO STRASBOURG\",\"isPartOf\":{\"@id\":\"https:\\\/\\\/hierostrasbourg.com\\\/#website\"},\"datePublished\":\"2022-12-06T18:38:51+00:00\",\"breadcrumb\":{\"@id\":\"https:\\\/\\\/hierostrasbourg.com\\\/index.php\\\/2022\\\/12\\\/06\\\/le-ville-de-colmar-recrute-un-charge-de-mission-culture-f-h\\\/#breadcrumb\"},\"inLanguage\":\"fr-FR\",\"potentialAction\":[{\"@type\":\"ReadAction\",\"target\":[\"https:\\\/\\\/hierostrasbourg.com\\\/index.php\\\/2022\\\/12\\\/06\\\/le-ville-de-colmar-recrute-un-charge-de-mission-culture-f-h\\\/\"]}]},{\"@type\":\"BreadcrumbList\",\"@id\":\"https:\\\/\\\/hierostrasbourg.com\\\/index.php\\\/2022\\\/12\\\/06\\\/le-ville-de-colmar-recrute-un-charge-de-mission-culture-f-h\\\/#breadcrumb\",\"itemListElement\":[{\"@type\":\"ListItem\",\"position\":1,\"name\":\"Accueil\",\"item\":\"https:\\\/\\\/hierostrasbourg.com\\\/\"},{\"@type\":\"ListItem\",\"position\":2,\"name\":\"LE VILLE DE COLMAR recrute un charg\u00e9 de mission culture [F\\\/H]\"}]},{\"@type\":\"WebSite\",\"@id\":\"https:\\\/\\\/hierostrasbourg.com\\\/#website\",\"url\":\"https:\\\/\\\/hierostrasbourg.com\\\/\",\"name\":\"HIERO STRASBOURG\",\"description\":\"Centre de Ressources Musiques Actuelles\",\"publisher\":{\"@id\":\"https:\\\/\\\/hierostrasbourg.com\\\/#organization\"},\"potentialAction\":[{\"@type\":\"SearchAction\",\"target\":{\"@type\":\"EntryPoint\",\"urlTemplate\":\"https:\\\/\\\/hierostrasbourg.com\\\/?s={search_term_string}\"},\"query-input\":{\"@type\":\"PropertyValueSpecification\",\"valueRequired\":true,\"valueName\":\"search_term_string\"}}],\"inLanguage\":\"fr-FR\"},{\"@type\":\"Organization\",\"@id\":\"https:\\\/\\\/hierostrasbourg.com\\\/#organization\",\"name\":\"F\u00e9d\u00e9ration Hi\u00e9ro Strasbourg\",\"url\":\"https:\\\/\\\/hierostrasbourg.com\\\/\",\"logo\":{\"@type\":\"ImageObject\",\"inLanguage\":\"fr-FR\",\"@id\":\"https:\\\/\\\/hierostrasbourg.com\\\/#\\\/schema\\\/logo\\\/image\\\/\",\"url\":\"https:\\\/\\\/hierostrasbourg.com\\\/wp-content\\\/uploads\\\/2026\\\/04\\\/logo-hiero-strasbourg.jpg\",\"contentUrl\":\"https:\\\/\\\/hierostrasbourg.com\\\/wp-content\\\/uploads\\\/2026\\\/04\\\/logo-hiero-strasbourg.jpg\",\"width\":204,\"height\":192,\"caption\":\"F\u00e9d\u00e9ration Hi\u00e9ro Strasbourg\"},\"image\":{\"@id\":\"https:\\\/\\\/hierostrasbourg.com\\\/#\\\/schema\\\/logo\\\/image\\\/\"},\"sameAs\":[\"https:\\\/\\\/www.facebook.com\\\/fedehierostrasbourg\",\"https:\\\/\\\/x.com\\\/hierostrasbourg\"]}]}<\/script>\n<!-- \/ Yoast SEO plugin. -->","yoast_head_json":{"title":"LE VILLE DE COLMAR recrute un charg\u00e9 de mission culture [F\/H] - HIERO STRASBOURG","robots":{"index":"index","follow":"follow","max-snippet":"max-snippet:-1","max-image-preview":"max-image-preview:large","max-video-preview":"max-video-preview:-1"},"canonical":"https:\/\/hierostrasbourg.com\/index.php\/2022\/12\/06\/le-ville-de-colmar-recrute-un-charge-de-mission-culture-f-h\/","og_locale":"fr_FR","og_type":"article","og_title":"LE VILLE DE COLMAR recrute un charg\u00e9 de mission culture [F\/H] - HIERO STRASBOURG","og_description":"Riche d\u2019un patrimoine exceptionnellement pr\u00e9serv\u00e9 et de nombreux \u00e9tablissements culturels et artistiques, la Ville de Colmar m\u00e8ne depuis plusieurs d\u00e9cennies une politique ambitieuse en faveur de la culture, levier essentiel de son d\u00e9veloppement et de sa qualit\u00e9 de vie. Au sein de la direction de la culture (240 agents et 13 \u00e9quipements) en tant que charg\u00e9(e) de mission culture, vous \u00eates le r\u00e9f\u00e9rent\/la r\u00e9f\u00e9rente des dossiers relatifs aux domaines de l\u2019\u00e9ducation artistique, de la cr\u00e9ation artistique professionnelle ou en voie [&hellip;]","og_url":"https:\/\/hierostrasbourg.com\/index.php\/2022\/12\/06\/le-ville-de-colmar-recrute-un-charge-de-mission-culture-f-h\/","og_site_name":"HIERO STRASBOURG","article_publisher":"https:\/\/www.facebook.com\/fedehierostrasbourg","article_published_time":"2022-12-06T18:38:51+00:00","twitter_card":"summary_large_image","twitter_creator":"@hierostrasbourg","twitter_site":"@hierostrasbourg","twitter_misc":{"Dur\u00e9e de lecture estim\u00e9e":"3 minutes"},"schema":{"@context":"https:\/\/schema.org","@graph":[{"@type":"Article","@id":"https:\/\/hierostrasbourg.com\/index.php\/2022\/12\/06\/le-ville-de-colmar-recrute-un-charge-de-mission-culture-f-h\/#article","isPartOf":{"@id":"https:\/\/hierostrasbourg.com\/index.php\/2022\/12\/06\/le-ville-de-colmar-recrute-un-charge-de-mission-culture-f-h\/"},"author":{"name":"","@id":""},"headline":"LE VILLE DE COLMAR recrute un charg\u00e9 de mission culture [F\/H]","datePublished":"2022-12-06T18:38:51+00:00","mainEntityOfPage":{"@id":"https:\/\/hierostrasbourg.com\/index.php\/2022\/12\/06\/le-ville-de-colmar-recrute-un-charge-de-mission-culture-f-h\/"},"wordCount":613,"publisher":{"@id":"https:\/\/hierostrasbourg.com\/#organization"},"inLanguage":"fr-FR"},{"@type":"WebPage","@id":"https:\/\/hierostrasbourg.com\/index.php\/2022\/12\/06\/le-ville-de-colmar-recrute-un-charge-de-mission-culture-f-h\/","url":"https:\/\/hierostrasbourg.com\/index.php\/2022\/12\/06\/le-ville-de-colmar-recrute-un-charge-de-mission-culture-f-h\/","name":"LE VILLE DE COLMAR recrute un charg\u00e9 de mission culture [F\/H] - HIERO STRASBOURG","isPartOf":{"@id":"https:\/\/hierostrasbourg.com\/#website"},"datePublished":"2022-12-06T18:38:51+00:00","breadcrumb":{"@id":"https:\/\/hierostrasbourg.com\/index.php\/2022\/12\/06\/le-ville-de-colmar-recrute-un-charge-de-mission-culture-f-h\/#breadcrumb"},"inLanguage":"fr-FR","potentialAction":[{"@type":"ReadAction","target":["https:\/\/hierostrasbourg.com\/index.php\/2022\/12\/06\/le-ville-de-colmar-recrute-un-charge-de-mission-culture-f-h\/"]}]},{"@type":"BreadcrumbList","@id":"https:\/\/hierostrasbourg.com\/index.php\/2022\/12\/06\/le-ville-de-colmar-recrute-un-charge-de-mission-culture-f-h\/#breadcrumb","itemListElement":[{"@type":"ListItem","position":1,"name":"Accueil","item":"https:\/\/hierostrasbourg.com\/"},{"@type":"ListItem","position":2,"name":"LE VILLE DE COLMAR recrute un charg\u00e9 de mission culture [F\/H]"}]},{"@type":"WebSite","@id":"https:\/\/hierostrasbourg.com\/#website","url":"https:\/\/hierostrasbourg.com\/","name":"HIERO STRASBOURG","description":"Centre de Ressources Musiques Actuelles","publisher":{"@id":"https:\/\/hierostrasbourg.com\/#organization"},"potentialAction":[{"@type":"SearchAction","target":{"@type":"EntryPoint","urlTemplate":"https:\/\/hierostrasbourg.com\/?s={search_term_string}"},"query-input":{"@type":"PropertyValueSpecification","valueRequired":true,"valueName":"search_term_string"}}],"inLanguage":"fr-FR"},{"@type":"Organization","@id":"https:\/\/hierostrasbourg.com\/#organization","name":"F\u00e9d\u00e9ration Hi\u00e9ro Strasbourg","url":"https:\/\/hierostrasbourg.com\/","logo":{"@type":"ImageObject","inLanguage":"fr-FR","@id":"https:\/\/hierostrasbourg.com\/#\/schema\/logo\/image\/","url":"https:\/\/hierostrasbourg.com\/wp-content\/uploads\/2026\/04\/logo-hiero-strasbourg.jpg","contentUrl":"https:\/\/hierostrasbourg.com\/wp-content\/uploads\/2026\/04\/logo-hiero-strasbourg.jpg","width":204,"height":192,"caption":"F\u00e9d\u00e9ration Hi\u00e9ro Strasbourg"},"image":{"@id":"https:\/\/hierostrasbourg.com\/#\/schema\/logo\/image\/"},"sameAs":["https:\/\/www.facebook.com\/fedehierostrasbourg","https:\/\/x.com\/hierostrasbourg"]}]}},"_links":{"self":[{"href":"https:\/\/hierostrasbourg.com\/index.php\/wp-json\/wp\/v2\/posts\/4214","targetHints":{"allow":["GET"]}}],"collection":[{"href":"https:\/\/hierostrasbourg.com\/index.php\/wp-json\/wp\/v2\/posts"}],"about":[{"href":"https:\/\/hierostrasbourg.com\/index.php\/wp-json\/wp\/v2\/types\/post"}],"replies":[{"embeddable":true,"href":"https:\/\/hierostrasbourg.com\/index.php\/wp-json\/wp\/v2\/comments?post=4214"}],"version-history":[{"count":0,"href":"https:\/\/hierostrasbourg.com\/index.php\/wp-json\/wp\/v2\/posts\/4214\/revisions"}],"wp:attachment":[{"href":"https:\/\/hierostrasbourg.com\/index.php\/wp-json\/wp\/v2\/media?parent=4214"}],"wp:term":[{"taxonomy":"category","embeddable":true,"href":"https:\/\/hierostrasbourg.com\/index.php\/wp-json\/wp\/v2\/categories?post=4214"},{"taxonomy":"post_tag","embeddable":true,"href":"https:\/\/hierostrasbourg.com\/index.php\/wp-json\/wp\/v2\/tags?post=4214"}],"curies":[{"name":"wp","href":"https:\/\/api.w.org\/{rel}","templated":true}]}}