{"id":4207,"date":"2022-12-03T16:36:28","date_gmt":"2022-12-03T15:36:28","guid":{"rendered":"https:\/\/hierostrasbourg.com\/index.php\/2022\/12\/03\/vers-un-hyper-instrumentalisme-des-politiques-culturelles\/"},"modified":"2022-12-03T16:36:28","modified_gmt":"2022-12-03T15:36:28","slug":"vers-un-hyper-instrumentalisme-des-politiques-culturelles","status":"publish","type":"post","link":"https:\/\/hierostrasbourg.com\/index.php\/2022\/12\/03\/vers-un-hyper-instrumentalisme-des-politiques-culturelles\/","title":{"rendered":"Vers un hyper-instrumentalisme des politiques culturelles"},"content":{"rendered":"<p><a href=\"https:\/\/musiquesactuelles.alsace\/vers-un-hyper-instrumentalisme-des-politiques-culturelles\/\" title=\"Vers un hyper-instrumentalisme des politiques culturelles\"><\/a><\/p>\n<p>La culture se caract\u00e9rise par une longue tradition de politisation qui s\u2019enracine depuis les Lumi\u00e8res et la R\u00e9volution dans la lutte pour le partage de la culture, pour la libert\u00e9 (Schiller) pour l\u2019\u00e9dification d\u2019un homme nouveau (le citoyen) pour la justice sociale (Victor Hugo) et politique (affaire Dreyfus) et pour le droit au bonheur (Front populaire). Cette instrumentalisation, assez classique, a contribu\u00e9 \u00e0 l\u2019extension et \u00e0 l\u2019institutionnalisation de la politique culturelle. De nouvelles formes d\u2019instrumentalisation sont apparues r\u00e9cemment qui autorisent [\u2026]<\/p>\n<p>L\u2019article <a href=\"https:\/\/musiquesactuelles.alsace\/vers-un-hyper-instrumentalisme-des-politiques-culturelles\/\">Vers un hyper-instrumentalisme des politiques culturelles<\/a> est apparu en premier sur <a href=\"https:\/\/musiquesactuelles.alsace\/\">Musiques Actuelles en Alsace<\/a>.<\/p>\n<p>L\u2019article <a href=\"https:\/\/popburo.fr\/vers-un-hyper-instrumentalisme-des-politiques-culturelles\/\">Vers un hyper-instrumentalisme des politiques culturelles<\/a> est apparu en premier sur <a href=\"https:\/\/popburo.fr\/\">POP B\u00dcRO<\/a>.<\/p>\n","protected":false},"excerpt":{"rendered":"<p>La culture se caract\u00e9rise par une longue tradition de politisation qui s\u2019enracine depuis les Lumi\u00e8res et la R\u00e9volution dans la lutte pour le partage de la culture, pour la libert\u00e9 (Schiller) pour l\u2019\u00e9dification d\u2019un homme nouveau (le citoyen) pour la justice sociale (Victor Hugo) et politique (affaire Dreyfus) et pour le droit au bonheur (Front populaire). Cette instrumentalisation, assez classique, a contribu\u00e9 \u00e0 l\u2019extension et \u00e0 l\u2019institutionnalisation de la politique culturelle. De nouvelles formes d\u2019instrumentalisation sont apparues r\u00e9cemment qui autorisent [&hellip;]<\/p>\n","protected":false},"author":0,"featured_media":0,"comment_status":"closed","ping_status":"open","sticky":false,"template":"","format":"standard","meta":{"footnotes":""},"categories":[1],"tags":[],"class_list":["post-4207","post","type-post","status-publish","format-standard","hentry","category-non-classe"],"yoast_head":"<!-- This site is optimized with the Yoast SEO plugin v27.5 - https:\/\/yoast.com\/product\/yoast-seo-wordpress\/ -->\n<title>Vers un hyper-instrumentalisme des politiques culturelles - HIERO STRASBOURG<\/title>\n<meta name=\"robots\" content=\"index, follow, max-snippet:-1, max-image-preview:large, max-video-preview:-1\" \/>\n<link rel=\"canonical\" href=\"https:\/\/hierostrasbourg.com\/index.php\/2022\/12\/03\/vers-un-hyper-instrumentalisme-des-politiques-culturelles\/\" \/>\n<meta property=\"og:locale\" content=\"fr_FR\" \/>\n<meta property=\"og:type\" content=\"article\" \/>\n<meta property=\"og:title\" content=\"Vers un hyper-instrumentalisme des politiques culturelles - HIERO STRASBOURG\" \/>\n<meta property=\"og:description\" content=\"La culture se caract\u00e9rise par une longue tradition de politisation qui s\u2019enracine depuis les Lumi\u00e8res et la R\u00e9volution dans la lutte pour le partage de la culture, pour la libert\u00e9 (Schiller) pour l\u2019\u00e9dification d\u2019un homme nouveau (le citoyen) pour la justice sociale (Victor Hugo) et politique (affaire Dreyfus) et pour le droit au bonheur (Front populaire). Cette instrumentalisation, assez classique, a contribu\u00e9 \u00e0 l\u2019extension et \u00e0 l\u2019institutionnalisation de la politique culturelle. De nouvelles formes d\u2019instrumentalisation sont apparues r\u00e9cemment qui autorisent [&hellip;]\" \/>\n<meta property=\"og:url\" content=\"https:\/\/hierostrasbourg.com\/index.php\/2022\/12\/03\/vers-un-hyper-instrumentalisme-des-politiques-culturelles\/\" \/>\n<meta property=\"og:site_name\" content=\"HIERO STRASBOURG\" \/>\n<meta property=\"article:publisher\" content=\"https:\/\/www.facebook.com\/fedehierostrasbourg\" \/>\n<meta property=\"article:published_time\" content=\"2022-12-03T15:36:28+00:00\" \/>\n<meta name=\"twitter:card\" content=\"summary_large_image\" \/>\n<meta name=\"twitter:creator\" content=\"@hierostrasbourg\" \/>\n<meta name=\"twitter:site\" content=\"@hierostrasbourg\" \/>\n<meta name=\"twitter:label1\" content=\"Dur\u00e9e de lecture estim\u00e9e\" \/>\n\t<meta name=\"twitter:data1\" content=\"1 minute\" \/>\n<script type=\"application\/ld+json\" class=\"yoast-schema-graph\">{\"@context\":\"https:\\\/\\\/schema.org\",\"@graph\":[{\"@type\":\"Article\",\"@id\":\"https:\\\/\\\/hierostrasbourg.com\\\/index.php\\\/2022\\\/12\\\/03\\\/vers-un-hyper-instrumentalisme-des-politiques-culturelles\\\/#article\",\"isPartOf\":{\"@id\":\"https:\\\/\\\/hierostrasbourg.com\\\/index.php\\\/2022\\\/12\\\/03\\\/vers-un-hyper-instrumentalisme-des-politiques-culturelles\\\/\"},\"author\":{\"name\":\"\",\"@id\":\"\"},\"headline\":\"Vers un hyper-instrumentalisme des politiques culturelles\",\"datePublished\":\"2022-12-03T15:36:28+00:00\",\"mainEntityOfPage\":{\"@id\":\"https:\\\/\\\/hierostrasbourg.com\\\/index.php\\\/2022\\\/12\\\/03\\\/vers-un-hyper-instrumentalisme-des-politiques-culturelles\\\/\"},\"wordCount\":127,\"publisher\":{\"@id\":\"https:\\\/\\\/hierostrasbourg.com\\\/#organization\"},\"inLanguage\":\"fr-FR\"},{\"@type\":\"WebPage\",\"@id\":\"https:\\\/\\\/hierostrasbourg.com\\\/index.php\\\/2022\\\/12\\\/03\\\/vers-un-hyper-instrumentalisme-des-politiques-culturelles\\\/\",\"url\":\"https:\\\/\\\/hierostrasbourg.com\\\/index.php\\\/2022\\\/12\\\/03\\\/vers-un-hyper-instrumentalisme-des-politiques-culturelles\\\/\",\"name\":\"Vers un hyper-instrumentalisme des politiques culturelles - HIERO STRASBOURG\",\"isPartOf\":{\"@id\":\"https:\\\/\\\/hierostrasbourg.com\\\/#website\"},\"datePublished\":\"2022-12-03T15:36:28+00:00\",\"breadcrumb\":{\"@id\":\"https:\\\/\\\/hierostrasbourg.com\\\/index.php\\\/2022\\\/12\\\/03\\\/vers-un-hyper-instrumentalisme-des-politiques-culturelles\\\/#breadcrumb\"},\"inLanguage\":\"fr-FR\",\"potentialAction\":[{\"@type\":\"ReadAction\",\"target\":[\"https:\\\/\\\/hierostrasbourg.com\\\/index.php\\\/2022\\\/12\\\/03\\\/vers-un-hyper-instrumentalisme-des-politiques-culturelles\\\/\"]}]},{\"@type\":\"BreadcrumbList\",\"@id\":\"https:\\\/\\\/hierostrasbourg.com\\\/index.php\\\/2022\\\/12\\\/03\\\/vers-un-hyper-instrumentalisme-des-politiques-culturelles\\\/#breadcrumb\",\"itemListElement\":[{\"@type\":\"ListItem\",\"position\":1,\"name\":\"Accueil\",\"item\":\"https:\\\/\\\/hierostrasbourg.com\\\/\"},{\"@type\":\"ListItem\",\"position\":2,\"name\":\"Vers un hyper-instrumentalisme des politiques culturelles\"}]},{\"@type\":\"WebSite\",\"@id\":\"https:\\\/\\\/hierostrasbourg.com\\\/#website\",\"url\":\"https:\\\/\\\/hierostrasbourg.com\\\/\",\"name\":\"HIERO STRASBOURG\",\"description\":\"Centre de Ressources Musiques Actuelles\",\"publisher\":{\"@id\":\"https:\\\/\\\/hierostrasbourg.com\\\/#organization\"},\"potentialAction\":[{\"@type\":\"SearchAction\",\"target\":{\"@type\":\"EntryPoint\",\"urlTemplate\":\"https:\\\/\\\/hierostrasbourg.com\\\/?s={search_term_string}\"},\"query-input\":{\"@type\":\"PropertyValueSpecification\",\"valueRequired\":true,\"valueName\":\"search_term_string\"}}],\"inLanguage\":\"fr-FR\"},{\"@type\":\"Organization\",\"@id\":\"https:\\\/\\\/hierostrasbourg.com\\\/#organization\",\"name\":\"F\u00e9d\u00e9ration Hi\u00e9ro Strasbourg\",\"url\":\"https:\\\/\\\/hierostrasbourg.com\\\/\",\"logo\":{\"@type\":\"ImageObject\",\"inLanguage\":\"fr-FR\",\"@id\":\"https:\\\/\\\/hierostrasbourg.com\\\/#\\\/schema\\\/logo\\\/image\\\/\",\"url\":\"https:\\\/\\\/hierostrasbourg.com\\\/wp-content\\\/uploads\\\/2026\\\/04\\\/logo-hiero-strasbourg.jpg\",\"contentUrl\":\"https:\\\/\\\/hierostrasbourg.com\\\/wp-content\\\/uploads\\\/2026\\\/04\\\/logo-hiero-strasbourg.jpg\",\"width\":204,\"height\":192,\"caption\":\"F\u00e9d\u00e9ration Hi\u00e9ro Strasbourg\"},\"image\":{\"@id\":\"https:\\\/\\\/hierostrasbourg.com\\\/#\\\/schema\\\/logo\\\/image\\\/\"},\"sameAs\":[\"https:\\\/\\\/www.facebook.com\\\/fedehierostrasbourg\",\"https:\\\/\\\/x.com\\\/hierostrasbourg\"]}]}<\/script>\n<!-- \/ Yoast SEO plugin. -->","yoast_head_json":{"title":"Vers un hyper-instrumentalisme des politiques culturelles - HIERO STRASBOURG","robots":{"index":"index","follow":"follow","max-snippet":"max-snippet:-1","max-image-preview":"max-image-preview:large","max-video-preview":"max-video-preview:-1"},"canonical":"https:\/\/hierostrasbourg.com\/index.php\/2022\/12\/03\/vers-un-hyper-instrumentalisme-des-politiques-culturelles\/","og_locale":"fr_FR","og_type":"article","og_title":"Vers un hyper-instrumentalisme des politiques culturelles - HIERO STRASBOURG","og_description":"La culture se caract\u00e9rise par une longue tradition de politisation qui s\u2019enracine depuis les Lumi\u00e8res et la R\u00e9volution dans la lutte pour le partage de la culture, pour la libert\u00e9 (Schiller) pour l\u2019\u00e9dification d\u2019un homme nouveau (le citoyen) pour la justice sociale (Victor Hugo) et politique (affaire Dreyfus) et pour le droit au bonheur (Front populaire). Cette instrumentalisation, assez classique, a contribu\u00e9 \u00e0 l\u2019extension et \u00e0 l\u2019institutionnalisation de la politique culturelle. De nouvelles formes d\u2019instrumentalisation sont apparues r\u00e9cemment qui autorisent [&hellip;]","og_url":"https:\/\/hierostrasbourg.com\/index.php\/2022\/12\/03\/vers-un-hyper-instrumentalisme-des-politiques-culturelles\/","og_site_name":"HIERO STRASBOURG","article_publisher":"https:\/\/www.facebook.com\/fedehierostrasbourg","article_published_time":"2022-12-03T15:36:28+00:00","twitter_card":"summary_large_image","twitter_creator":"@hierostrasbourg","twitter_site":"@hierostrasbourg","twitter_misc":{"Dur\u00e9e de lecture estim\u00e9e":"1 minute"},"schema":{"@context":"https:\/\/schema.org","@graph":[{"@type":"Article","@id":"https:\/\/hierostrasbourg.com\/index.php\/2022\/12\/03\/vers-un-hyper-instrumentalisme-des-politiques-culturelles\/#article","isPartOf":{"@id":"https:\/\/hierostrasbourg.com\/index.php\/2022\/12\/03\/vers-un-hyper-instrumentalisme-des-politiques-culturelles\/"},"author":{"name":"","@id":""},"headline":"Vers un hyper-instrumentalisme des politiques culturelles","datePublished":"2022-12-03T15:36:28+00:00","mainEntityOfPage":{"@id":"https:\/\/hierostrasbourg.com\/index.php\/2022\/12\/03\/vers-un-hyper-instrumentalisme-des-politiques-culturelles\/"},"wordCount":127,"publisher":{"@id":"https:\/\/hierostrasbourg.com\/#organization"},"inLanguage":"fr-FR"},{"@type":"WebPage","@id":"https:\/\/hierostrasbourg.com\/index.php\/2022\/12\/03\/vers-un-hyper-instrumentalisme-des-politiques-culturelles\/","url":"https:\/\/hierostrasbourg.com\/index.php\/2022\/12\/03\/vers-un-hyper-instrumentalisme-des-politiques-culturelles\/","name":"Vers un hyper-instrumentalisme des politiques culturelles - HIERO STRASBOURG","isPartOf":{"@id":"https:\/\/hierostrasbourg.com\/#website"},"datePublished":"2022-12-03T15:36:28+00:00","breadcrumb":{"@id":"https:\/\/hierostrasbourg.com\/index.php\/2022\/12\/03\/vers-un-hyper-instrumentalisme-des-politiques-culturelles\/#breadcrumb"},"inLanguage":"fr-FR","potentialAction":[{"@type":"ReadAction","target":["https:\/\/hierostrasbourg.com\/index.php\/2022\/12\/03\/vers-un-hyper-instrumentalisme-des-politiques-culturelles\/"]}]},{"@type":"BreadcrumbList","@id":"https:\/\/hierostrasbourg.com\/index.php\/2022\/12\/03\/vers-un-hyper-instrumentalisme-des-politiques-culturelles\/#breadcrumb","itemListElement":[{"@type":"ListItem","position":1,"name":"Accueil","item":"https:\/\/hierostrasbourg.com\/"},{"@type":"ListItem","position":2,"name":"Vers un hyper-instrumentalisme des politiques culturelles"}]},{"@type":"WebSite","@id":"https:\/\/hierostrasbourg.com\/#website","url":"https:\/\/hierostrasbourg.com\/","name":"HIERO STRASBOURG","description":"Centre de Ressources Musiques Actuelles","publisher":{"@id":"https:\/\/hierostrasbourg.com\/#organization"},"potentialAction":[{"@type":"SearchAction","target":{"@type":"EntryPoint","urlTemplate":"https:\/\/hierostrasbourg.com\/?s={search_term_string}"},"query-input":{"@type":"PropertyValueSpecification","valueRequired":true,"valueName":"search_term_string"}}],"inLanguage":"fr-FR"},{"@type":"Organization","@id":"https:\/\/hierostrasbourg.com\/#organization","name":"F\u00e9d\u00e9ration Hi\u00e9ro Strasbourg","url":"https:\/\/hierostrasbourg.com\/","logo":{"@type":"ImageObject","inLanguage":"fr-FR","@id":"https:\/\/hierostrasbourg.com\/#\/schema\/logo\/image\/","url":"https:\/\/hierostrasbourg.com\/wp-content\/uploads\/2026\/04\/logo-hiero-strasbourg.jpg","contentUrl":"https:\/\/hierostrasbourg.com\/wp-content\/uploads\/2026\/04\/logo-hiero-strasbourg.jpg","width":204,"height":192,"caption":"F\u00e9d\u00e9ration Hi\u00e9ro Strasbourg"},"image":{"@id":"https:\/\/hierostrasbourg.com\/#\/schema\/logo\/image\/"},"sameAs":["https:\/\/www.facebook.com\/fedehierostrasbourg","https:\/\/x.com\/hierostrasbourg"]}]}},"_links":{"self":[{"href":"https:\/\/hierostrasbourg.com\/index.php\/wp-json\/wp\/v2\/posts\/4207","targetHints":{"allow":["GET"]}}],"collection":[{"href":"https:\/\/hierostrasbourg.com\/index.php\/wp-json\/wp\/v2\/posts"}],"about":[{"href":"https:\/\/hierostrasbourg.com\/index.php\/wp-json\/wp\/v2\/types\/post"}],"replies":[{"embeddable":true,"href":"https:\/\/hierostrasbourg.com\/index.php\/wp-json\/wp\/v2\/comments?post=4207"}],"version-history":[{"count":0,"href":"https:\/\/hierostrasbourg.com\/index.php\/wp-json\/wp\/v2\/posts\/4207\/revisions"}],"wp:attachment":[{"href":"https:\/\/hierostrasbourg.com\/index.php\/wp-json\/wp\/v2\/media?parent=4207"}],"wp:term":[{"taxonomy":"category","embeddable":true,"href":"https:\/\/hierostrasbourg.com\/index.php\/wp-json\/wp\/v2\/categories?post=4207"},{"taxonomy":"post_tag","embeddable":true,"href":"https:\/\/hierostrasbourg.com\/index.php\/wp-json\/wp\/v2\/tags?post=4207"}],"curies":[{"name":"wp","href":"https:\/\/api.w.org\/{rel}","templated":true}]}}