{"id":4200,"date":"2022-12-02T23:36:19","date_gmt":"2022-12-02T22:36:19","guid":{"rendered":"https:\/\/hierostrasbourg.com\/index.php\/2022\/12\/02\/leurometropole-de-strasbourg-recrute-un-regisseur-evenementiel-f-h-2\/"},"modified":"2022-12-02T23:36:19","modified_gmt":"2022-12-02T22:36:19","slug":"leurometropole-de-strasbourg-recrute-un-regisseur-evenementiel-f-h-2","status":"publish","type":"post","link":"https:\/\/hierostrasbourg.com\/index.php\/2022\/12\/02\/leurometropole-de-strasbourg-recrute-un-regisseur-evenementiel-f-h-2\/","title":{"rendered":"L\u2019EUROMETROPOLE DE STRASBOURG recrute un r\u00e9gisseur \u00e9v\u00e9nementiel [F\/H]"},"content":{"rendered":"<p><a href=\"https:\/\/musiquesactuelles.alsace\/leurometropole-de-strasbourg-recrute-un-regisseur-evenementiel-f-h\/\" title=\"L'EUROMETROPOLE DE STRASBOURG recrute un r\u00e9gisseur \u00e9v\u00e9nementiel [F\/H]\"><\/a><\/p>\n<p>Compos\u00e9e de 47 agents, la Direction Ev\u00e8nements et vie associative a pour mission la conception et la r\u00e9alisation d\u2019\u00e9v\u00e8nements en r\u00e9gie ainsi qu\u2019un r\u00f4le support aupr\u00e8s des organisateurs de manifestations sur le territoire strasbourgeois. Elle apporte \u00e9galement un soutien mat\u00e9riel (salles, mat\u00e9riel\u2026) et financier (subventions). Enfin, elle assure un r\u00f4le de centre de ressources pour les associations strasbourgeoises. La cellule gestion de projets \u00e9v\u00e8nementiels, compos\u00e9e 3 charg\u00e9s-es d\u2019\u00e9v\u00e8nements et 2 r\u00e9gisseurs \u00e9v\u00e9nementiels, assure la conception, la production et la r\u00e9alisation [\u2026]<\/p>\n<p>L\u2019article <a href=\"https:\/\/musiquesactuelles.alsace\/leurometropole-de-strasbourg-recrute-un-regisseur-evenementiel-f-h\/\">L\u2019EUROMETROPOLE DE STRASBOURG recrute un r\u00e9gisseur \u00e9v\u00e9nementiel [F\/H]<\/a> est apparu en premier sur <a href=\"https:\/\/musiquesactuelles.alsace\/\">Musiques Actuelles en Alsace<\/a>.<\/p>\n<p>L\u2019article <a href=\"https:\/\/popburo.fr\/leurometropole-de-strasbourg-recrute-un-regisseur-evenementiel-f-h-2\/\">L\u2019EUROMETROPOLE DE STRASBOURG recrute un r\u00e9gisseur \u00e9v\u00e9nementiel [F\/H]<\/a> est apparu en premier sur <a href=\"https:\/\/popburo.fr\/\">POP B\u00dcRO<\/a>.<\/p>\n","protected":false},"excerpt":{"rendered":"<p>Compos\u00e9e de 47 agents, la Direction Ev\u00e8nements et vie associative a pour mission la conception et la r\u00e9alisation d\u2019\u00e9v\u00e8nements en r\u00e9gie ainsi qu\u2019un r\u00f4le support aupr\u00e8s des organisateurs de manifestations sur le territoire strasbourgeois. Elle apporte \u00e9galement un soutien mat\u00e9riel (salles, mat\u00e9riel\u2026) et financier (subventions). Enfin, elle assure un r\u00f4le de centre de ressources pour les associations strasbourgeoises. La cellule gestion de projets \u00e9v\u00e8nementiels, compos\u00e9e 3 charg\u00e9s-es d\u2019\u00e9v\u00e8nements et 2 r\u00e9gisseurs \u00e9v\u00e9nementiels, assure la conception, la production et la r\u00e9alisation [&hellip;]<\/p>\n","protected":false},"author":0,"featured_media":0,"comment_status":"closed","ping_status":"open","sticky":false,"template":"","format":"standard","meta":{"footnotes":""},"categories":[1],"tags":[],"class_list":["post-4200","post","type-post","status-publish","format-standard","hentry","category-non-classe"],"yoast_head":"<!-- This site is optimized with the Yoast SEO plugin v27.5 - https:\/\/yoast.com\/product\/yoast-seo-wordpress\/ -->\n<title>L\u2019EUROMETROPOLE DE STRASBOURG recrute un r\u00e9gisseur \u00e9v\u00e9nementiel [F\/H] - HIERO STRASBOURG<\/title>\n<meta name=\"robots\" content=\"index, follow, max-snippet:-1, max-image-preview:large, max-video-preview:-1\" \/>\n<link rel=\"canonical\" href=\"https:\/\/hierostrasbourg.com\/index.php\/2022\/12\/02\/leurometropole-de-strasbourg-recrute-un-regisseur-evenementiel-f-h-2\/\" \/>\n<meta property=\"og:locale\" content=\"fr_FR\" \/>\n<meta property=\"og:type\" content=\"article\" \/>\n<meta property=\"og:title\" content=\"L\u2019EUROMETROPOLE DE STRASBOURG recrute un r\u00e9gisseur \u00e9v\u00e9nementiel [F\/H] - HIERO STRASBOURG\" \/>\n<meta property=\"og:description\" content=\"Compos\u00e9e de 47 agents, la Direction Ev\u00e8nements et vie associative a pour mission la conception et la r\u00e9alisation d\u2019\u00e9v\u00e8nements en r\u00e9gie ainsi qu\u2019un r\u00f4le support aupr\u00e8s des organisateurs de manifestations sur le territoire strasbourgeois. Elle apporte \u00e9galement un soutien mat\u00e9riel (salles, mat\u00e9riel\u2026) et financier (subventions). Enfin, elle assure un r\u00f4le de centre de ressources pour les associations strasbourgeoises. La cellule gestion de projets \u00e9v\u00e8nementiels, compos\u00e9e 3 charg\u00e9s-es d\u2019\u00e9v\u00e8nements et 2 r\u00e9gisseurs \u00e9v\u00e9nementiels, assure la conception, la production et la r\u00e9alisation [&hellip;]\" \/>\n<meta property=\"og:url\" content=\"https:\/\/hierostrasbourg.com\/index.php\/2022\/12\/02\/leurometropole-de-strasbourg-recrute-un-regisseur-evenementiel-f-h-2\/\" \/>\n<meta property=\"og:site_name\" content=\"HIERO STRASBOURG\" \/>\n<meta property=\"article:publisher\" content=\"https:\/\/www.facebook.com\/fedehierostrasbourg\" \/>\n<meta property=\"article:published_time\" content=\"2022-12-02T22:36:19+00:00\" \/>\n<meta name=\"twitter:card\" content=\"summary_large_image\" \/>\n<meta name=\"twitter:creator\" content=\"@hierostrasbourg\" \/>\n<meta name=\"twitter:site\" content=\"@hierostrasbourg\" \/>\n<meta name=\"twitter:label1\" content=\"Dur\u00e9e de lecture estim\u00e9e\" \/>\n\t<meta name=\"twitter:data1\" content=\"1 minute\" \/>\n<script type=\"application\/ld+json\" class=\"yoast-schema-graph\">{\"@context\":\"https:\\\/\\\/schema.org\",\"@graph\":[{\"@type\":\"Article\",\"@id\":\"https:\\\/\\\/hierostrasbourg.com\\\/index.php\\\/2022\\\/12\\\/02\\\/leurometropole-de-strasbourg-recrute-un-regisseur-evenementiel-f-h-2\\\/#article\",\"isPartOf\":{\"@id\":\"https:\\\/\\\/hierostrasbourg.com\\\/index.php\\\/2022\\\/12\\\/02\\\/leurometropole-de-strasbourg-recrute-un-regisseur-evenementiel-f-h-2\\\/\"},\"author\":{\"name\":\"\",\"@id\":\"\"},\"headline\":\"L\u2019EUROMETROPOLE DE STRASBOURG recrute un r\u00e9gisseur \u00e9v\u00e9nementiel [F\\\/H]\",\"datePublished\":\"2022-12-02T22:36:19+00:00\",\"mainEntityOfPage\":{\"@id\":\"https:\\\/\\\/hierostrasbourg.com\\\/index.php\\\/2022\\\/12\\\/02\\\/leurometropole-de-strasbourg-recrute-un-regisseur-evenementiel-f-h-2\\\/\"},\"wordCount\":154,\"publisher\":{\"@id\":\"https:\\\/\\\/hierostrasbourg.com\\\/#organization\"},\"inLanguage\":\"fr-FR\"},{\"@type\":\"WebPage\",\"@id\":\"https:\\\/\\\/hierostrasbourg.com\\\/index.php\\\/2022\\\/12\\\/02\\\/leurometropole-de-strasbourg-recrute-un-regisseur-evenementiel-f-h-2\\\/\",\"url\":\"https:\\\/\\\/hierostrasbourg.com\\\/index.php\\\/2022\\\/12\\\/02\\\/leurometropole-de-strasbourg-recrute-un-regisseur-evenementiel-f-h-2\\\/\",\"name\":\"L\u2019EUROMETROPOLE DE STRASBOURG recrute un r\u00e9gisseur \u00e9v\u00e9nementiel [F\\\/H] - HIERO STRASBOURG\",\"isPartOf\":{\"@id\":\"https:\\\/\\\/hierostrasbourg.com\\\/#website\"},\"datePublished\":\"2022-12-02T22:36:19+00:00\",\"breadcrumb\":{\"@id\":\"https:\\\/\\\/hierostrasbourg.com\\\/index.php\\\/2022\\\/12\\\/02\\\/leurometropole-de-strasbourg-recrute-un-regisseur-evenementiel-f-h-2\\\/#breadcrumb\"},\"inLanguage\":\"fr-FR\",\"potentialAction\":[{\"@type\":\"ReadAction\",\"target\":[\"https:\\\/\\\/hierostrasbourg.com\\\/index.php\\\/2022\\\/12\\\/02\\\/leurometropole-de-strasbourg-recrute-un-regisseur-evenementiel-f-h-2\\\/\"]}]},{\"@type\":\"BreadcrumbList\",\"@id\":\"https:\\\/\\\/hierostrasbourg.com\\\/index.php\\\/2022\\\/12\\\/02\\\/leurometropole-de-strasbourg-recrute-un-regisseur-evenementiel-f-h-2\\\/#breadcrumb\",\"itemListElement\":[{\"@type\":\"ListItem\",\"position\":1,\"name\":\"Accueil\",\"item\":\"https:\\\/\\\/hierostrasbourg.com\\\/\"},{\"@type\":\"ListItem\",\"position\":2,\"name\":\"L\u2019EUROMETROPOLE DE STRASBOURG recrute un r\u00e9gisseur \u00e9v\u00e9nementiel [F\\\/H]\"}]},{\"@type\":\"WebSite\",\"@id\":\"https:\\\/\\\/hierostrasbourg.com\\\/#website\",\"url\":\"https:\\\/\\\/hierostrasbourg.com\\\/\",\"name\":\"HIERO STRASBOURG\",\"description\":\"Centre de Ressources Musiques Actuelles\",\"publisher\":{\"@id\":\"https:\\\/\\\/hierostrasbourg.com\\\/#organization\"},\"potentialAction\":[{\"@type\":\"SearchAction\",\"target\":{\"@type\":\"EntryPoint\",\"urlTemplate\":\"https:\\\/\\\/hierostrasbourg.com\\\/?s={search_term_string}\"},\"query-input\":{\"@type\":\"PropertyValueSpecification\",\"valueRequired\":true,\"valueName\":\"search_term_string\"}}],\"inLanguage\":\"fr-FR\"},{\"@type\":\"Organization\",\"@id\":\"https:\\\/\\\/hierostrasbourg.com\\\/#organization\",\"name\":\"F\u00e9d\u00e9ration Hi\u00e9ro Strasbourg\",\"url\":\"https:\\\/\\\/hierostrasbourg.com\\\/\",\"logo\":{\"@type\":\"ImageObject\",\"inLanguage\":\"fr-FR\",\"@id\":\"https:\\\/\\\/hierostrasbourg.com\\\/#\\\/schema\\\/logo\\\/image\\\/\",\"url\":\"https:\\\/\\\/hierostrasbourg.com\\\/wp-content\\\/uploads\\\/2026\\\/04\\\/logo-hiero-strasbourg.jpg\",\"contentUrl\":\"https:\\\/\\\/hierostrasbourg.com\\\/wp-content\\\/uploads\\\/2026\\\/04\\\/logo-hiero-strasbourg.jpg\",\"width\":204,\"height\":192,\"caption\":\"F\u00e9d\u00e9ration Hi\u00e9ro Strasbourg\"},\"image\":{\"@id\":\"https:\\\/\\\/hierostrasbourg.com\\\/#\\\/schema\\\/logo\\\/image\\\/\"},\"sameAs\":[\"https:\\\/\\\/www.facebook.com\\\/fedehierostrasbourg\",\"https:\\\/\\\/x.com\\\/hierostrasbourg\"]}]}<\/script>\n<!-- \/ Yoast SEO plugin. -->","yoast_head_json":{"title":"L\u2019EUROMETROPOLE DE STRASBOURG recrute un r\u00e9gisseur \u00e9v\u00e9nementiel [F\/H] - HIERO STRASBOURG","robots":{"index":"index","follow":"follow","max-snippet":"max-snippet:-1","max-image-preview":"max-image-preview:large","max-video-preview":"max-video-preview:-1"},"canonical":"https:\/\/hierostrasbourg.com\/index.php\/2022\/12\/02\/leurometropole-de-strasbourg-recrute-un-regisseur-evenementiel-f-h-2\/","og_locale":"fr_FR","og_type":"article","og_title":"L\u2019EUROMETROPOLE DE STRASBOURG recrute un r\u00e9gisseur \u00e9v\u00e9nementiel [F\/H] - HIERO STRASBOURG","og_description":"Compos\u00e9e de 47 agents, la Direction Ev\u00e8nements et vie associative a pour mission la conception et la r\u00e9alisation d\u2019\u00e9v\u00e8nements en r\u00e9gie ainsi qu\u2019un r\u00f4le support aupr\u00e8s des organisateurs de manifestations sur le territoire strasbourgeois. Elle apporte \u00e9galement un soutien mat\u00e9riel (salles, mat\u00e9riel\u2026) et financier (subventions). Enfin, elle assure un r\u00f4le de centre de ressources pour les associations strasbourgeoises. La cellule gestion de projets \u00e9v\u00e8nementiels, compos\u00e9e 3 charg\u00e9s-es d\u2019\u00e9v\u00e8nements et 2 r\u00e9gisseurs \u00e9v\u00e9nementiels, assure la conception, la production et la r\u00e9alisation [&hellip;]","og_url":"https:\/\/hierostrasbourg.com\/index.php\/2022\/12\/02\/leurometropole-de-strasbourg-recrute-un-regisseur-evenementiel-f-h-2\/","og_site_name":"HIERO STRASBOURG","article_publisher":"https:\/\/www.facebook.com\/fedehierostrasbourg","article_published_time":"2022-12-02T22:36:19+00:00","twitter_card":"summary_large_image","twitter_creator":"@hierostrasbourg","twitter_site":"@hierostrasbourg","twitter_misc":{"Dur\u00e9e de lecture estim\u00e9e":"1 minute"},"schema":{"@context":"https:\/\/schema.org","@graph":[{"@type":"Article","@id":"https:\/\/hierostrasbourg.com\/index.php\/2022\/12\/02\/leurometropole-de-strasbourg-recrute-un-regisseur-evenementiel-f-h-2\/#article","isPartOf":{"@id":"https:\/\/hierostrasbourg.com\/index.php\/2022\/12\/02\/leurometropole-de-strasbourg-recrute-un-regisseur-evenementiel-f-h-2\/"},"author":{"name":"","@id":""},"headline":"L\u2019EUROMETROPOLE DE STRASBOURG recrute un r\u00e9gisseur \u00e9v\u00e9nementiel [F\/H]","datePublished":"2022-12-02T22:36:19+00:00","mainEntityOfPage":{"@id":"https:\/\/hierostrasbourg.com\/index.php\/2022\/12\/02\/leurometropole-de-strasbourg-recrute-un-regisseur-evenementiel-f-h-2\/"},"wordCount":154,"publisher":{"@id":"https:\/\/hierostrasbourg.com\/#organization"},"inLanguage":"fr-FR"},{"@type":"WebPage","@id":"https:\/\/hierostrasbourg.com\/index.php\/2022\/12\/02\/leurometropole-de-strasbourg-recrute-un-regisseur-evenementiel-f-h-2\/","url":"https:\/\/hierostrasbourg.com\/index.php\/2022\/12\/02\/leurometropole-de-strasbourg-recrute-un-regisseur-evenementiel-f-h-2\/","name":"L\u2019EUROMETROPOLE DE STRASBOURG recrute un r\u00e9gisseur \u00e9v\u00e9nementiel [F\/H] - HIERO STRASBOURG","isPartOf":{"@id":"https:\/\/hierostrasbourg.com\/#website"},"datePublished":"2022-12-02T22:36:19+00:00","breadcrumb":{"@id":"https:\/\/hierostrasbourg.com\/index.php\/2022\/12\/02\/leurometropole-de-strasbourg-recrute-un-regisseur-evenementiel-f-h-2\/#breadcrumb"},"inLanguage":"fr-FR","potentialAction":[{"@type":"ReadAction","target":["https:\/\/hierostrasbourg.com\/index.php\/2022\/12\/02\/leurometropole-de-strasbourg-recrute-un-regisseur-evenementiel-f-h-2\/"]}]},{"@type":"BreadcrumbList","@id":"https:\/\/hierostrasbourg.com\/index.php\/2022\/12\/02\/leurometropole-de-strasbourg-recrute-un-regisseur-evenementiel-f-h-2\/#breadcrumb","itemListElement":[{"@type":"ListItem","position":1,"name":"Accueil","item":"https:\/\/hierostrasbourg.com\/"},{"@type":"ListItem","position":2,"name":"L\u2019EUROMETROPOLE DE STRASBOURG recrute un r\u00e9gisseur \u00e9v\u00e9nementiel [F\/H]"}]},{"@type":"WebSite","@id":"https:\/\/hierostrasbourg.com\/#website","url":"https:\/\/hierostrasbourg.com\/","name":"HIERO STRASBOURG","description":"Centre de Ressources Musiques Actuelles","publisher":{"@id":"https:\/\/hierostrasbourg.com\/#organization"},"potentialAction":[{"@type":"SearchAction","target":{"@type":"EntryPoint","urlTemplate":"https:\/\/hierostrasbourg.com\/?s={search_term_string}"},"query-input":{"@type":"PropertyValueSpecification","valueRequired":true,"valueName":"search_term_string"}}],"inLanguage":"fr-FR"},{"@type":"Organization","@id":"https:\/\/hierostrasbourg.com\/#organization","name":"F\u00e9d\u00e9ration Hi\u00e9ro Strasbourg","url":"https:\/\/hierostrasbourg.com\/","logo":{"@type":"ImageObject","inLanguage":"fr-FR","@id":"https:\/\/hierostrasbourg.com\/#\/schema\/logo\/image\/","url":"https:\/\/hierostrasbourg.com\/wp-content\/uploads\/2026\/04\/logo-hiero-strasbourg.jpg","contentUrl":"https:\/\/hierostrasbourg.com\/wp-content\/uploads\/2026\/04\/logo-hiero-strasbourg.jpg","width":204,"height":192,"caption":"F\u00e9d\u00e9ration Hi\u00e9ro Strasbourg"},"image":{"@id":"https:\/\/hierostrasbourg.com\/#\/schema\/logo\/image\/"},"sameAs":["https:\/\/www.facebook.com\/fedehierostrasbourg","https:\/\/x.com\/hierostrasbourg"]}]}},"_links":{"self":[{"href":"https:\/\/hierostrasbourg.com\/index.php\/wp-json\/wp\/v2\/posts\/4200","targetHints":{"allow":["GET"]}}],"collection":[{"href":"https:\/\/hierostrasbourg.com\/index.php\/wp-json\/wp\/v2\/posts"}],"about":[{"href":"https:\/\/hierostrasbourg.com\/index.php\/wp-json\/wp\/v2\/types\/post"}],"replies":[{"embeddable":true,"href":"https:\/\/hierostrasbourg.com\/index.php\/wp-json\/wp\/v2\/comments?post=4200"}],"version-history":[{"count":0,"href":"https:\/\/hierostrasbourg.com\/index.php\/wp-json\/wp\/v2\/posts\/4200\/revisions"}],"wp:attachment":[{"href":"https:\/\/hierostrasbourg.com\/index.php\/wp-json\/wp\/v2\/media?parent=4200"}],"wp:term":[{"taxonomy":"category","embeddable":true,"href":"https:\/\/hierostrasbourg.com\/index.php\/wp-json\/wp\/v2\/categories?post=4200"},{"taxonomy":"post_tag","embeddable":true,"href":"https:\/\/hierostrasbourg.com\/index.php\/wp-json\/wp\/v2\/tags?post=4200"}],"curies":[{"name":"wp","href":"https:\/\/api.w.org\/{rel}","templated":true}]}}