{"id":4199,"date":"2022-12-02T22:35:58","date_gmt":"2022-12-02T21:35:58","guid":{"rendered":"https:\/\/hierostrasbourg.com\/index.php\/2022\/12\/02\/leurometropole-de-strasbourg-recrute-un-regisseur-evenementiel-f-h\/"},"modified":"2022-12-02T22:35:58","modified_gmt":"2022-12-02T21:35:58","slug":"leurometropole-de-strasbourg-recrute-un-regisseur-evenementiel-f-h","status":"publish","type":"post","link":"https:\/\/hierostrasbourg.com\/index.php\/2022\/12\/02\/leurometropole-de-strasbourg-recrute-un-regisseur-evenementiel-f-h\/","title":{"rendered":"L&rsquo;EUROMETROPOLE DE STRASBOURG recrute un r\u00e9gisseur \u00e9v\u00e9nementiel [F\/H]"},"content":{"rendered":"<p>Compos\u00e9e de 47 agents, la Direction Ev\u00e8nements et vie associative a pour mission la conception et la r\u00e9alisation d\u2019\u00e9v\u00e8nements en r\u00e9gie ainsi qu\u2019un r\u00f4le support aupr\u00e8s des organisateurs de manifestations sur le territoire strasbourgeois. Elle apporte \u00e9galement un soutien mat\u00e9riel (salles, mat\u00e9riel\u2026) et financier (subventions). Enfin, elle assure un r\u00f4le de centre de ressources pour les associations strasbourgeoises.<\/p>\n<p>La cellule gestion de projets \u00e9v\u00e8nementiels, compos\u00e9e 3 charg\u00e9s-es d\u2019\u00e9v\u00e8nements et 2 r\u00e9gisseurs \u00e9v\u00e9nementiels, assure la conception, la production et la r\u00e9alisation d\u2019\u00e9v\u00e8nements en r\u00e9gie directe (F\u00eate de la Musique, 14 juillet, FARSe, \u00e9v\u00e9nements estivaux et p\u00e9riode de No\u00ebl\u2026) ainsi qu\u2019une expertise \u00e9v\u00e8nementielle pour les manifestations organis\u00e9es par d\u2019autres services internes ou des partenaires sur l\u2019espace public.<\/p>\n<h2>Missions<\/h2>\n<p>Vous organisez, coordonnez et suivez la mise en \u0153uvre des dispositifs techniques n\u00e9cessaires \u00e0 la r\u00e9alisation des \u00e9v\u00e9nements.<br \/>\nVous garantissez des solutions techniques en ad\u00e9quation aux exigences artistiques, de s\u00e9curit\u00e9 et aux fiches techniques des \u00e9v\u00e9nements.<\/p>\n<h4>Activit\u00e9s principales<\/h4>\n<p>Recueillir les besoins et r\u00e9aliser la traduction technique.<br \/>\nManager directement ou indirectement les \u00e9quipes op\u00e9rationnelles.<br \/>\nConduire les \u00e9tudes techniques pr\u00e9alables \u00e0 la r\u00e9alisation d\u2019un \u00e9v\u00e9nement.<br \/>\nDiagnostiquer les contraintes, les fonctionnalit\u00e9s et les conditions d\u2019\u00e9quipements d\u2019un site d\u2019accueil.<br \/>\n\u00c9valuer les faisabilit\u00e9s techniques de l\u2019op\u00e9ration et rendre compte de leur op\u00e9rationnalit\u00e9.<br \/>\n\u00catre force de proposition en solution technique tous corps de m\u00e9tiers confondus (image, vid\u00e9o, sonorisation\u2026).<br \/>\nAssurer l\u2019interface avec les interlocuteurs techniques des lieux de manifestation (gestionnaire, directeur, r\u00e9gisseur\u2026).<br \/>\nGarantir la r\u00e9alisation des travaux dans le respect de la commande initiale, des co\u00fbts et d\u00e9lais.<br \/>\nAssurer l\u2019accueil des prestataires lors des manifestations et \u00e9v\u00e8nements.<br \/>\nR\u00e9diger des documents techniques : r\u00e9tro planning, conducteur, plans, coupe \u00e0 l\u2019\u00e9chelle, plans d\u2019implantations, plans de principe \u00e9lectrique, vid\u00e9o, audio, plan de feu\u2026<\/p>\n<h4>Activit\u00e9s secondaires :<\/h4>\n<p>Avec le-la chef-fe de projet, \u00e9laborer le dossier d\u2019organisation ou tout autre document n\u00e9cessaire.<br \/>\nVeiller dans sa conception \u00e0 la s\u00e9curit\u00e9 du public ainsi qu\u2019aux r\u00e8glementations en vigueur.<br \/>\nParticiper \u00e0 l\u2019\u00e9laboration et l\u2019analyse des march\u00e9s publics.<br \/>\nVeiller \u00e0 la bonne tenue budg\u00e9taire de l\u2019\u00e9v\u00e9nement.<br \/>\nRespecter et faire appliquer aux \u00e9quipes techniques les exigences r\u00e9glementaires et les pr\u00e9conisations de s\u00e9curit\u00e9 (bon montage, travaux effectu\u00e9s selon la r\u00e8glementation en vigueur\u2026).<br \/>\nMise en place et suivi du plan de pr\u00e9vention, veiller \u00e0 l\u2019application des consignes \u00e9labor\u00e9es dans le document.<br \/>\n\u00c9laborer, transmettre et faire appliquer les consignes aux agents de s\u00e9curit\u00e9.<br \/>\nResponsable unique de s\u00e9curit\u00e9 du Palais des F\u00eates.<\/p>\n<h2>Profils recherch\u00e9s<\/h2>\n<p>Bac + 2 en r\u00e9gie g\u00e9n\u00e9rale ou \u00e9quivalent.<br \/>\nExp\u00e9rience minimale de 5 ans dans le m\u00e9tier.<br \/>\nMa\u00eetrise en r\u00e9gie g\u00e9n\u00e9rale.<br \/>\nMa\u00eetrise en mati\u00e8re d\u2019organisation de manifestations sur l\u2019espace public.<br \/>\nMa\u00eetrise de la r\u00e9glementation des ERP.<br \/>\nMa\u00eetrise des dispositifs et \u00e9quipements techniques.<br \/>\nConnaissance d\u2019outils de cr\u00e9ation de plans.<br \/>\nCapacit\u00e9 \u00e0 utiliser des outils de planification.<br \/>\nCapacit\u00e9 \u00e0 coordonner les \u00e9quipes op\u00e9rationnelles.<br \/>\nCapacit\u00e9 \u00e0 analyse des dessins techniques.<br \/>\nCapacit\u00e9 \u00e0 r\u00e9diger, construire un argumentaire, f\u00e9d\u00e9rer.<br \/>\nM\u00e9thode, rigueur, organisation.<br \/>\nForce de proposition.<br \/>\nCapacit\u00e9 \u00e0 r\u00e9sister au stress.<\/p>\n<p>Temps de travail : Complet, 35h00 hebdomadaire<br \/>\nPoste \u00e0 pourvoir le : 20\/02\/2023<br \/>\nDate limite de candidature : 01\/01\/2023<\/p>\n<\/p>\n<p>Merci de postuler \u00e0 cette offre (avec lettre de motivation et CV) directement sur notre site<\/p>\n<p><strong>EUROMETROPOLE DE STRASBOURG<\/strong><br \/>\nService emploi et d\u00e9veloppement des comp\u00e9tences \u2013 1 parc de l\u2019etoile<br \/>\n67076 Strasbourg<\/p>\n<p><a class=\"maxbutton-1 maxbutton maxbutton-inscription\" href=\"https:\/\/www.emploi.strasbourg.eu\/\"><span class=\"mb-text\">POSTULEZ<\/span><\/a><\/p>\n<p>L\u2019article <a href=\"https:\/\/popburo.fr\/leurometropole-de-strasbourg-recrute-un-regisseur-evenementiel-f-h\/\">L&rsquo;EUROMETROPOLE DE STRASBOURG recrute un r\u00e9gisseur \u00e9v\u00e9nementiel [F\/H]<\/a> est apparu en premier sur <a href=\"https:\/\/popburo.fr\/\">POP B\u00dcRO<\/a>.<\/p>\n","protected":false},"excerpt":{"rendered":"<p>Compos\u00e9e de 47 agents, la Direction Ev\u00e8nements et vie associative a pour mission la conception et la r\u00e9alisation d\u2019\u00e9v\u00e8nements en r\u00e9gie ainsi qu\u2019un r\u00f4le support aupr\u00e8s des organisateurs de manifestations sur le territoire strasbourgeois. Elle apporte \u00e9galement un soutien mat\u00e9riel (salles, mat\u00e9riel\u2026) et financier (subventions). Enfin, elle assure un r\u00f4le de centre de ressources pour les associations strasbourgeoises. La cellule gestion de projets \u00e9v\u00e8nementiels, compos\u00e9e 3 charg\u00e9s-es d\u2019\u00e9v\u00e8nements et 2 r\u00e9gisseurs \u00e9v\u00e9nementiels, assure la conception, la production et la r\u00e9alisation [&hellip;]<\/p>\n","protected":false},"author":0,"featured_media":0,"comment_status":"closed","ping_status":"open","sticky":false,"template":"","format":"standard","meta":{"footnotes":""},"categories":[1],"tags":[],"class_list":["post-4199","post","type-post","status-publish","format-standard","hentry","category-non-classe"],"yoast_head":"<!-- This site is optimized with the Yoast SEO plugin v27.5 - https:\/\/yoast.com\/product\/yoast-seo-wordpress\/ -->\n<title>L&#039;EUROMETROPOLE DE STRASBOURG recrute un r\u00e9gisseur \u00e9v\u00e9nementiel [F\/H] - HIERO STRASBOURG<\/title>\n<meta name=\"robots\" content=\"index, follow, max-snippet:-1, max-image-preview:large, max-video-preview:-1\" \/>\n<link rel=\"canonical\" href=\"https:\/\/hierostrasbourg.com\/index.php\/2022\/12\/02\/leurometropole-de-strasbourg-recrute-un-regisseur-evenementiel-f-h\/\" \/>\n<meta property=\"og:locale\" content=\"fr_FR\" \/>\n<meta property=\"og:type\" content=\"article\" \/>\n<meta property=\"og:title\" content=\"L&#039;EUROMETROPOLE DE STRASBOURG recrute un r\u00e9gisseur \u00e9v\u00e9nementiel [F\/H] - HIERO STRASBOURG\" \/>\n<meta property=\"og:description\" content=\"Compos\u00e9e de 47 agents, la Direction Ev\u00e8nements et vie associative a pour mission la conception et la r\u00e9alisation d\u2019\u00e9v\u00e8nements en r\u00e9gie ainsi qu\u2019un r\u00f4le support aupr\u00e8s des organisateurs de manifestations sur le territoire strasbourgeois. Elle apporte \u00e9galement un soutien mat\u00e9riel (salles, mat\u00e9riel\u2026) et financier (subventions). Enfin, elle assure un r\u00f4le de centre de ressources pour les associations strasbourgeoises. La cellule gestion de projets \u00e9v\u00e8nementiels, compos\u00e9e 3 charg\u00e9s-es d\u2019\u00e9v\u00e8nements et 2 r\u00e9gisseurs \u00e9v\u00e9nementiels, assure la conception, la production et la r\u00e9alisation [&hellip;]\" \/>\n<meta property=\"og:url\" content=\"https:\/\/hierostrasbourg.com\/index.php\/2022\/12\/02\/leurometropole-de-strasbourg-recrute-un-regisseur-evenementiel-f-h\/\" \/>\n<meta property=\"og:site_name\" content=\"HIERO STRASBOURG\" \/>\n<meta property=\"article:publisher\" content=\"https:\/\/www.facebook.com\/fedehierostrasbourg\" \/>\n<meta property=\"article:published_time\" content=\"2022-12-02T21:35:58+00:00\" \/>\n<meta name=\"twitter:card\" content=\"summary_large_image\" \/>\n<meta name=\"twitter:creator\" content=\"@hierostrasbourg\" \/>\n<meta name=\"twitter:site\" content=\"@hierostrasbourg\" \/>\n<meta name=\"twitter:label1\" content=\"Dur\u00e9e de lecture estim\u00e9e\" \/>\n\t<meta name=\"twitter:data1\" content=\"3 minutes\" \/>\n<script type=\"application\/ld+json\" class=\"yoast-schema-graph\">{\"@context\":\"https:\\\/\\\/schema.org\",\"@graph\":[{\"@type\":\"Article\",\"@id\":\"https:\\\/\\\/hierostrasbourg.com\\\/index.php\\\/2022\\\/12\\\/02\\\/leurometropole-de-strasbourg-recrute-un-regisseur-evenementiel-f-h\\\/#article\",\"isPartOf\":{\"@id\":\"https:\\\/\\\/hierostrasbourg.com\\\/index.php\\\/2022\\\/12\\\/02\\\/leurometropole-de-strasbourg-recrute-un-regisseur-evenementiel-f-h\\\/\"},\"author\":{\"name\":\"\",\"@id\":\"\"},\"headline\":\"L&rsquo;EUROMETROPOLE DE STRASBOURG recrute un r\u00e9gisseur \u00e9v\u00e9nementiel [F\\\/H]\",\"datePublished\":\"2022-12-02T21:35:58+00:00\",\"mainEntityOfPage\":{\"@id\":\"https:\\\/\\\/hierostrasbourg.com\\\/index.php\\\/2022\\\/12\\\/02\\\/leurometropole-de-strasbourg-recrute-un-regisseur-evenementiel-f-h\\\/\"},\"wordCount\":646,\"publisher\":{\"@id\":\"https:\\\/\\\/hierostrasbourg.com\\\/#organization\"},\"inLanguage\":\"fr-FR\"},{\"@type\":\"WebPage\",\"@id\":\"https:\\\/\\\/hierostrasbourg.com\\\/index.php\\\/2022\\\/12\\\/02\\\/leurometropole-de-strasbourg-recrute-un-regisseur-evenementiel-f-h\\\/\",\"url\":\"https:\\\/\\\/hierostrasbourg.com\\\/index.php\\\/2022\\\/12\\\/02\\\/leurometropole-de-strasbourg-recrute-un-regisseur-evenementiel-f-h\\\/\",\"name\":\"L'EUROMETROPOLE DE STRASBOURG recrute un r\u00e9gisseur \u00e9v\u00e9nementiel [F\\\/H] - HIERO STRASBOURG\",\"isPartOf\":{\"@id\":\"https:\\\/\\\/hierostrasbourg.com\\\/#website\"},\"datePublished\":\"2022-12-02T21:35:58+00:00\",\"breadcrumb\":{\"@id\":\"https:\\\/\\\/hierostrasbourg.com\\\/index.php\\\/2022\\\/12\\\/02\\\/leurometropole-de-strasbourg-recrute-un-regisseur-evenementiel-f-h\\\/#breadcrumb\"},\"inLanguage\":\"fr-FR\",\"potentialAction\":[{\"@type\":\"ReadAction\",\"target\":[\"https:\\\/\\\/hierostrasbourg.com\\\/index.php\\\/2022\\\/12\\\/02\\\/leurometropole-de-strasbourg-recrute-un-regisseur-evenementiel-f-h\\\/\"]}]},{\"@type\":\"BreadcrumbList\",\"@id\":\"https:\\\/\\\/hierostrasbourg.com\\\/index.php\\\/2022\\\/12\\\/02\\\/leurometropole-de-strasbourg-recrute-un-regisseur-evenementiel-f-h\\\/#breadcrumb\",\"itemListElement\":[{\"@type\":\"ListItem\",\"position\":1,\"name\":\"Accueil\",\"item\":\"https:\\\/\\\/hierostrasbourg.com\\\/\"},{\"@type\":\"ListItem\",\"position\":2,\"name\":\"L&#8217;EUROMETROPOLE DE STRASBOURG recrute un r\u00e9gisseur \u00e9v\u00e9nementiel [F\\\/H]\"}]},{\"@type\":\"WebSite\",\"@id\":\"https:\\\/\\\/hierostrasbourg.com\\\/#website\",\"url\":\"https:\\\/\\\/hierostrasbourg.com\\\/\",\"name\":\"HIERO STRASBOURG\",\"description\":\"Centre de Ressources Musiques Actuelles\",\"publisher\":{\"@id\":\"https:\\\/\\\/hierostrasbourg.com\\\/#organization\"},\"potentialAction\":[{\"@type\":\"SearchAction\",\"target\":{\"@type\":\"EntryPoint\",\"urlTemplate\":\"https:\\\/\\\/hierostrasbourg.com\\\/?s={search_term_string}\"},\"query-input\":{\"@type\":\"PropertyValueSpecification\",\"valueRequired\":true,\"valueName\":\"search_term_string\"}}],\"inLanguage\":\"fr-FR\"},{\"@type\":\"Organization\",\"@id\":\"https:\\\/\\\/hierostrasbourg.com\\\/#organization\",\"name\":\"F\u00e9d\u00e9ration Hi\u00e9ro Strasbourg\",\"url\":\"https:\\\/\\\/hierostrasbourg.com\\\/\",\"logo\":{\"@type\":\"ImageObject\",\"inLanguage\":\"fr-FR\",\"@id\":\"https:\\\/\\\/hierostrasbourg.com\\\/#\\\/schema\\\/logo\\\/image\\\/\",\"url\":\"https:\\\/\\\/hierostrasbourg.com\\\/wp-content\\\/uploads\\\/2026\\\/04\\\/logo-hiero-strasbourg.jpg\",\"contentUrl\":\"https:\\\/\\\/hierostrasbourg.com\\\/wp-content\\\/uploads\\\/2026\\\/04\\\/logo-hiero-strasbourg.jpg\",\"width\":204,\"height\":192,\"caption\":\"F\u00e9d\u00e9ration Hi\u00e9ro Strasbourg\"},\"image\":{\"@id\":\"https:\\\/\\\/hierostrasbourg.com\\\/#\\\/schema\\\/logo\\\/image\\\/\"},\"sameAs\":[\"https:\\\/\\\/www.facebook.com\\\/fedehierostrasbourg\",\"https:\\\/\\\/x.com\\\/hierostrasbourg\"]}]}<\/script>\n<!-- \/ Yoast SEO plugin. -->","yoast_head_json":{"title":"L'EUROMETROPOLE DE STRASBOURG recrute un r\u00e9gisseur \u00e9v\u00e9nementiel [F\/H] - HIERO STRASBOURG","robots":{"index":"index","follow":"follow","max-snippet":"max-snippet:-1","max-image-preview":"max-image-preview:large","max-video-preview":"max-video-preview:-1"},"canonical":"https:\/\/hierostrasbourg.com\/index.php\/2022\/12\/02\/leurometropole-de-strasbourg-recrute-un-regisseur-evenementiel-f-h\/","og_locale":"fr_FR","og_type":"article","og_title":"L'EUROMETROPOLE DE STRASBOURG recrute un r\u00e9gisseur \u00e9v\u00e9nementiel [F\/H] - HIERO STRASBOURG","og_description":"Compos\u00e9e de 47 agents, la Direction Ev\u00e8nements et vie associative a pour mission la conception et la r\u00e9alisation d\u2019\u00e9v\u00e8nements en r\u00e9gie ainsi qu\u2019un r\u00f4le support aupr\u00e8s des organisateurs de manifestations sur le territoire strasbourgeois. Elle apporte \u00e9galement un soutien mat\u00e9riel (salles, mat\u00e9riel\u2026) et financier (subventions). Enfin, elle assure un r\u00f4le de centre de ressources pour les associations strasbourgeoises. La cellule gestion de projets \u00e9v\u00e8nementiels, compos\u00e9e 3 charg\u00e9s-es d\u2019\u00e9v\u00e8nements et 2 r\u00e9gisseurs \u00e9v\u00e9nementiels, assure la conception, la production et la r\u00e9alisation [&hellip;]","og_url":"https:\/\/hierostrasbourg.com\/index.php\/2022\/12\/02\/leurometropole-de-strasbourg-recrute-un-regisseur-evenementiel-f-h\/","og_site_name":"HIERO STRASBOURG","article_publisher":"https:\/\/www.facebook.com\/fedehierostrasbourg","article_published_time":"2022-12-02T21:35:58+00:00","twitter_card":"summary_large_image","twitter_creator":"@hierostrasbourg","twitter_site":"@hierostrasbourg","twitter_misc":{"Dur\u00e9e de lecture estim\u00e9e":"3 minutes"},"schema":{"@context":"https:\/\/schema.org","@graph":[{"@type":"Article","@id":"https:\/\/hierostrasbourg.com\/index.php\/2022\/12\/02\/leurometropole-de-strasbourg-recrute-un-regisseur-evenementiel-f-h\/#article","isPartOf":{"@id":"https:\/\/hierostrasbourg.com\/index.php\/2022\/12\/02\/leurometropole-de-strasbourg-recrute-un-regisseur-evenementiel-f-h\/"},"author":{"name":"","@id":""},"headline":"L&rsquo;EUROMETROPOLE DE STRASBOURG recrute un r\u00e9gisseur \u00e9v\u00e9nementiel [F\/H]","datePublished":"2022-12-02T21:35:58+00:00","mainEntityOfPage":{"@id":"https:\/\/hierostrasbourg.com\/index.php\/2022\/12\/02\/leurometropole-de-strasbourg-recrute-un-regisseur-evenementiel-f-h\/"},"wordCount":646,"publisher":{"@id":"https:\/\/hierostrasbourg.com\/#organization"},"inLanguage":"fr-FR"},{"@type":"WebPage","@id":"https:\/\/hierostrasbourg.com\/index.php\/2022\/12\/02\/leurometropole-de-strasbourg-recrute-un-regisseur-evenementiel-f-h\/","url":"https:\/\/hierostrasbourg.com\/index.php\/2022\/12\/02\/leurometropole-de-strasbourg-recrute-un-regisseur-evenementiel-f-h\/","name":"L'EUROMETROPOLE DE STRASBOURG recrute un r\u00e9gisseur \u00e9v\u00e9nementiel [F\/H] - HIERO STRASBOURG","isPartOf":{"@id":"https:\/\/hierostrasbourg.com\/#website"},"datePublished":"2022-12-02T21:35:58+00:00","breadcrumb":{"@id":"https:\/\/hierostrasbourg.com\/index.php\/2022\/12\/02\/leurometropole-de-strasbourg-recrute-un-regisseur-evenementiel-f-h\/#breadcrumb"},"inLanguage":"fr-FR","potentialAction":[{"@type":"ReadAction","target":["https:\/\/hierostrasbourg.com\/index.php\/2022\/12\/02\/leurometropole-de-strasbourg-recrute-un-regisseur-evenementiel-f-h\/"]}]},{"@type":"BreadcrumbList","@id":"https:\/\/hierostrasbourg.com\/index.php\/2022\/12\/02\/leurometropole-de-strasbourg-recrute-un-regisseur-evenementiel-f-h\/#breadcrumb","itemListElement":[{"@type":"ListItem","position":1,"name":"Accueil","item":"https:\/\/hierostrasbourg.com\/"},{"@type":"ListItem","position":2,"name":"L&#8217;EUROMETROPOLE DE STRASBOURG recrute un r\u00e9gisseur \u00e9v\u00e9nementiel [F\/H]"}]},{"@type":"WebSite","@id":"https:\/\/hierostrasbourg.com\/#website","url":"https:\/\/hierostrasbourg.com\/","name":"HIERO STRASBOURG","description":"Centre de Ressources Musiques Actuelles","publisher":{"@id":"https:\/\/hierostrasbourg.com\/#organization"},"potentialAction":[{"@type":"SearchAction","target":{"@type":"EntryPoint","urlTemplate":"https:\/\/hierostrasbourg.com\/?s={search_term_string}"},"query-input":{"@type":"PropertyValueSpecification","valueRequired":true,"valueName":"search_term_string"}}],"inLanguage":"fr-FR"},{"@type":"Organization","@id":"https:\/\/hierostrasbourg.com\/#organization","name":"F\u00e9d\u00e9ration Hi\u00e9ro Strasbourg","url":"https:\/\/hierostrasbourg.com\/","logo":{"@type":"ImageObject","inLanguage":"fr-FR","@id":"https:\/\/hierostrasbourg.com\/#\/schema\/logo\/image\/","url":"https:\/\/hierostrasbourg.com\/wp-content\/uploads\/2026\/04\/logo-hiero-strasbourg.jpg","contentUrl":"https:\/\/hierostrasbourg.com\/wp-content\/uploads\/2026\/04\/logo-hiero-strasbourg.jpg","width":204,"height":192,"caption":"F\u00e9d\u00e9ration Hi\u00e9ro Strasbourg"},"image":{"@id":"https:\/\/hierostrasbourg.com\/#\/schema\/logo\/image\/"},"sameAs":["https:\/\/www.facebook.com\/fedehierostrasbourg","https:\/\/x.com\/hierostrasbourg"]}]}},"_links":{"self":[{"href":"https:\/\/hierostrasbourg.com\/index.php\/wp-json\/wp\/v2\/posts\/4199","targetHints":{"allow":["GET"]}}],"collection":[{"href":"https:\/\/hierostrasbourg.com\/index.php\/wp-json\/wp\/v2\/posts"}],"about":[{"href":"https:\/\/hierostrasbourg.com\/index.php\/wp-json\/wp\/v2\/types\/post"}],"replies":[{"embeddable":true,"href":"https:\/\/hierostrasbourg.com\/index.php\/wp-json\/wp\/v2\/comments?post=4199"}],"version-history":[{"count":0,"href":"https:\/\/hierostrasbourg.com\/index.php\/wp-json\/wp\/v2\/posts\/4199\/revisions"}],"wp:attachment":[{"href":"https:\/\/hierostrasbourg.com\/index.php\/wp-json\/wp\/v2\/media?parent=4199"}],"wp:term":[{"taxonomy":"category","embeddable":true,"href":"https:\/\/hierostrasbourg.com\/index.php\/wp-json\/wp\/v2\/categories?post=4199"},{"taxonomy":"post_tag","embeddable":true,"href":"https:\/\/hierostrasbourg.com\/index.php\/wp-json\/wp\/v2\/tags?post=4199"}],"curies":[{"name":"wp","href":"https:\/\/api.w.org\/{rel}","templated":true}]}}