{"id":4190,"date":"2022-12-01T20:37:30","date_gmt":"2022-12-01T19:37:30","guid":{"rendered":"https:\/\/hierostrasbourg.com\/index.php\/2022\/12\/01\/la-ville-de-bischheim-propose-un-stage-participer-aux-projets-portes-par-la-direction-des-affaires-culturelles\/"},"modified":"2022-12-01T20:37:30","modified_gmt":"2022-12-01T19:37:30","slug":"la-ville-de-bischheim-propose-un-stage-participer-aux-projets-portes-par-la-direction-des-affaires-culturelles","status":"publish","type":"post","link":"https:\/\/hierostrasbourg.com\/index.php\/2022\/12\/01\/la-ville-de-bischheim-propose-un-stage-participer-aux-projets-portes-par-la-direction-des-affaires-culturelles\/","title":{"rendered":"La VILLE DE BISCHHEIM propose un stage \u00ab\u00a0Participer aux projets port\u00e9s par la Direction des Affaires Culturelles\u00a0\u00bb"},"content":{"rendered":"<p>L\u2019\u00e9tudiant aura ainsi pour missions de :<\/p>\n<p>Finaliser le projet de politique culturelle de la Ville sur la base des \u00e9l\u00e9ments existants ;<br \/>\nParticiper aux r\u00e9unions li\u00e9es \u00e0 la mise en place de la politique culturelle (avec les \u00e9lus, associations,<br \/>\npartenaires, etc\u2026) ;<br \/>\nContribuer \u00e0 la pr\u00e9paration et la diffusion des supports de communication de la direction ;<br \/>\nParticiper \u00e0 la pr\u00e9paration et \u00e0 l\u2019accueil des artistes, des publics lors des \u00e9v\u00e9nements de la saison<br \/>\nculturelle ;<br \/>\nElaborer diff\u00e9rents documents li\u00e9s au fonctionnement du service ;<br \/>\nD\u00e9velopper de nouvelles pistes de m\u00e9c\u00e9nats et de partenariats ;<br \/>\nR\u00e9diger des comptes rendus de r\u00e9unions.<\/p>\n<p>Dans le cadre de ses missions qui pourront \u00e9voluer en cours de stage, l\u2019\u00e9tudiant participera aux<br \/>\nprojets artistiques et culturels en cours et \u00e0 la vie de la Direction des affaires culturelles<\/p>\n<h2>Formation<\/h2>\n<p>Master 1 ou 2 (culture, management de projets, communication)<br \/>\nBonnes connaissances en m\u00e9thodologie de projets<br \/>\nPorter un fort int\u00e9r\u00eat pour les projets culturels de territoire<br \/>\nEsprit de synth\u00e8se<br \/>\nCapacit\u00e9s r\u00e9dactionnelles<br \/>\nMa\u00eetrise des outils bureautiques classiques<br \/>\nAutonomie, rigueur, sens de l\u2019organisation et bon relationnel<\/p>\n<p>Dur\u00e9e : 2 mois minimum<br \/>\nD\u00e9but de mission : premier trimestre 2023<br \/>\nLieux de stage : Mairie de Bischheim, 37 route de Bischwiller, 67800<br \/>\nGratification conforme \u00e0 la l\u00e9gislation<\/p>\n<p>Candidatures \u00e0 adresser par mail \u00e0 Alexandre Michta<br \/>\na.michta@ville-bischheim.fr<\/p>\n<p>L\u2019article <a href=\"https:\/\/popburo.fr\/la-ville-de-bischheim-propose-un-stage-participer-aux-projets-portes-par-la-direction-des-affaires-culturelles\/\">La VILLE DE BISCHHEIM propose un stage \u00ab\u00a0Participer aux projets port\u00e9s par la Direction des Affaires Culturelles\u00a0\u00bb<\/a> est apparu en premier sur <a href=\"https:\/\/popburo.fr\/\">POP B\u00dcRO<\/a>.<\/p>\n","protected":false},"excerpt":{"rendered":"<p>L\u2019\u00e9tudiant aura ainsi pour missions de : Finaliser le projet de politique culturelle de la Ville sur la base des \u00e9l\u00e9ments existants ; Participer aux r\u00e9unions li\u00e9es \u00e0 la mise en place de la politique culturelle (avec les \u00e9lus, associations, partenaires, etc\u2026) ; Contribuer \u00e0 la pr\u00e9paration et la diffusion des supports de communication de la direction ; Participer \u00e0 la pr\u00e9paration et \u00e0 l\u2019accueil des artistes, des publics lors des \u00e9v\u00e9nements de la saison culturelle ; Elaborer diff\u00e9rents documents [&hellip;]<\/p>\n","protected":false},"author":0,"featured_media":0,"comment_status":"closed","ping_status":"open","sticky":false,"template":"","format":"standard","meta":{"footnotes":""},"categories":[1],"tags":[],"class_list":["post-4190","post","type-post","status-publish","format-standard","hentry","category-non-classe"],"yoast_head":"<!-- This site is optimized with the Yoast SEO plugin v27.5 - https:\/\/yoast.com\/product\/yoast-seo-wordpress\/ -->\n<title>La VILLE DE BISCHHEIM propose un stage &quot;Participer aux projets port\u00e9s par la Direction des Affaires Culturelles&quot; - HIERO STRASBOURG<\/title>\n<meta name=\"robots\" content=\"index, follow, max-snippet:-1, max-image-preview:large, max-video-preview:-1\" \/>\n<link rel=\"canonical\" href=\"https:\/\/hierostrasbourg.com\/index.php\/2022\/12\/01\/la-ville-de-bischheim-propose-un-stage-participer-aux-projets-portes-par-la-direction-des-affaires-culturelles\/\" \/>\n<meta property=\"og:locale\" content=\"fr_FR\" \/>\n<meta property=\"og:type\" content=\"article\" \/>\n<meta property=\"og:title\" content=\"La VILLE DE BISCHHEIM propose un stage &quot;Participer aux projets port\u00e9s par la Direction des Affaires Culturelles&quot; - HIERO STRASBOURG\" \/>\n<meta property=\"og:description\" content=\"L\u2019\u00e9tudiant aura ainsi pour missions de : Finaliser le projet de politique culturelle de la Ville sur la base des \u00e9l\u00e9ments existants ; Participer aux r\u00e9unions li\u00e9es \u00e0 la mise en place de la politique culturelle (avec les \u00e9lus, associations, partenaires, etc\u2026) ; Contribuer \u00e0 la pr\u00e9paration et la diffusion des supports de communication de la direction ; Participer \u00e0 la pr\u00e9paration et \u00e0 l\u2019accueil des artistes, des publics lors des \u00e9v\u00e9nements de la saison culturelle ; Elaborer diff\u00e9rents documents [&hellip;]\" \/>\n<meta property=\"og:url\" content=\"https:\/\/hierostrasbourg.com\/index.php\/2022\/12\/01\/la-ville-de-bischheim-propose-un-stage-participer-aux-projets-portes-par-la-direction-des-affaires-culturelles\/\" \/>\n<meta property=\"og:site_name\" content=\"HIERO STRASBOURG\" \/>\n<meta property=\"article:publisher\" content=\"https:\/\/www.facebook.com\/fedehierostrasbourg\" \/>\n<meta property=\"article:published_time\" content=\"2022-12-01T19:37:30+00:00\" \/>\n<meta name=\"twitter:card\" content=\"summary_large_image\" \/>\n<meta name=\"twitter:creator\" content=\"@hierostrasbourg\" \/>\n<meta name=\"twitter:site\" content=\"@hierostrasbourg\" \/>\n<meta name=\"twitter:label1\" content=\"Dur\u00e9e de lecture estim\u00e9e\" \/>\n\t<meta name=\"twitter:data1\" content=\"1 minute\" \/>\n<script type=\"application\/ld+json\" class=\"yoast-schema-graph\">{\"@context\":\"https:\\\/\\\/schema.org\",\"@graph\":[{\"@type\":\"Article\",\"@id\":\"https:\\\/\\\/hierostrasbourg.com\\\/index.php\\\/2022\\\/12\\\/01\\\/la-ville-de-bischheim-propose-un-stage-participer-aux-projets-portes-par-la-direction-des-affaires-culturelles\\\/#article\",\"isPartOf\":{\"@id\":\"https:\\\/\\\/hierostrasbourg.com\\\/index.php\\\/2022\\\/12\\\/01\\\/la-ville-de-bischheim-propose-un-stage-participer-aux-projets-portes-par-la-direction-des-affaires-culturelles\\\/\"},\"author\":{\"name\":\"\",\"@id\":\"\"},\"headline\":\"La VILLE DE BISCHHEIM propose un stage \u00ab\u00a0Participer aux projets port\u00e9s par la Direction des Affaires Culturelles\u00a0\u00bb\",\"datePublished\":\"2022-12-01T19:37:30+00:00\",\"mainEntityOfPage\":{\"@id\":\"https:\\\/\\\/hierostrasbourg.com\\\/index.php\\\/2022\\\/12\\\/01\\\/la-ville-de-bischheim-propose-un-stage-participer-aux-projets-portes-par-la-direction-des-affaires-culturelles\\\/\"},\"wordCount\":268,\"publisher\":{\"@id\":\"https:\\\/\\\/hierostrasbourg.com\\\/#organization\"},\"inLanguage\":\"fr-FR\"},{\"@type\":\"WebPage\",\"@id\":\"https:\\\/\\\/hierostrasbourg.com\\\/index.php\\\/2022\\\/12\\\/01\\\/la-ville-de-bischheim-propose-un-stage-participer-aux-projets-portes-par-la-direction-des-affaires-culturelles\\\/\",\"url\":\"https:\\\/\\\/hierostrasbourg.com\\\/index.php\\\/2022\\\/12\\\/01\\\/la-ville-de-bischheim-propose-un-stage-participer-aux-projets-portes-par-la-direction-des-affaires-culturelles\\\/\",\"name\":\"La VILLE DE BISCHHEIM propose un stage \\\"Participer aux projets port\u00e9s par la Direction des Affaires Culturelles\\\" - HIERO STRASBOURG\",\"isPartOf\":{\"@id\":\"https:\\\/\\\/hierostrasbourg.com\\\/#website\"},\"datePublished\":\"2022-12-01T19:37:30+00:00\",\"breadcrumb\":{\"@id\":\"https:\\\/\\\/hierostrasbourg.com\\\/index.php\\\/2022\\\/12\\\/01\\\/la-ville-de-bischheim-propose-un-stage-participer-aux-projets-portes-par-la-direction-des-affaires-culturelles\\\/#breadcrumb\"},\"inLanguage\":\"fr-FR\",\"potentialAction\":[{\"@type\":\"ReadAction\",\"target\":[\"https:\\\/\\\/hierostrasbourg.com\\\/index.php\\\/2022\\\/12\\\/01\\\/la-ville-de-bischheim-propose-un-stage-participer-aux-projets-portes-par-la-direction-des-affaires-culturelles\\\/\"]}]},{\"@type\":\"BreadcrumbList\",\"@id\":\"https:\\\/\\\/hierostrasbourg.com\\\/index.php\\\/2022\\\/12\\\/01\\\/la-ville-de-bischheim-propose-un-stage-participer-aux-projets-portes-par-la-direction-des-affaires-culturelles\\\/#breadcrumb\",\"itemListElement\":[{\"@type\":\"ListItem\",\"position\":1,\"name\":\"Accueil\",\"item\":\"https:\\\/\\\/hierostrasbourg.com\\\/\"},{\"@type\":\"ListItem\",\"position\":2,\"name\":\"La VILLE DE BISCHHEIM propose un stage &#8220;Participer aux projets port\u00e9s par la Direction des Affaires Culturelles&#8221;\"}]},{\"@type\":\"WebSite\",\"@id\":\"https:\\\/\\\/hierostrasbourg.com\\\/#website\",\"url\":\"https:\\\/\\\/hierostrasbourg.com\\\/\",\"name\":\"HIERO STRASBOURG\",\"description\":\"Centre de Ressources Musiques Actuelles\",\"publisher\":{\"@id\":\"https:\\\/\\\/hierostrasbourg.com\\\/#organization\"},\"potentialAction\":[{\"@type\":\"SearchAction\",\"target\":{\"@type\":\"EntryPoint\",\"urlTemplate\":\"https:\\\/\\\/hierostrasbourg.com\\\/?s={search_term_string}\"},\"query-input\":{\"@type\":\"PropertyValueSpecification\",\"valueRequired\":true,\"valueName\":\"search_term_string\"}}],\"inLanguage\":\"fr-FR\"},{\"@type\":\"Organization\",\"@id\":\"https:\\\/\\\/hierostrasbourg.com\\\/#organization\",\"name\":\"F\u00e9d\u00e9ration Hi\u00e9ro Strasbourg\",\"url\":\"https:\\\/\\\/hierostrasbourg.com\\\/\",\"logo\":{\"@type\":\"ImageObject\",\"inLanguage\":\"fr-FR\",\"@id\":\"https:\\\/\\\/hierostrasbourg.com\\\/#\\\/schema\\\/logo\\\/image\\\/\",\"url\":\"https:\\\/\\\/hierostrasbourg.com\\\/wp-content\\\/uploads\\\/2026\\\/04\\\/logo-hiero-strasbourg.jpg\",\"contentUrl\":\"https:\\\/\\\/hierostrasbourg.com\\\/wp-content\\\/uploads\\\/2026\\\/04\\\/logo-hiero-strasbourg.jpg\",\"width\":204,\"height\":192,\"caption\":\"F\u00e9d\u00e9ration Hi\u00e9ro Strasbourg\"},\"image\":{\"@id\":\"https:\\\/\\\/hierostrasbourg.com\\\/#\\\/schema\\\/logo\\\/image\\\/\"},\"sameAs\":[\"https:\\\/\\\/www.facebook.com\\\/fedehierostrasbourg\",\"https:\\\/\\\/x.com\\\/hierostrasbourg\"]}]}<\/script>\n<!-- \/ Yoast SEO plugin. -->","yoast_head_json":{"title":"La VILLE DE BISCHHEIM propose un stage \"Participer aux projets port\u00e9s par la Direction des Affaires Culturelles\" - HIERO STRASBOURG","robots":{"index":"index","follow":"follow","max-snippet":"max-snippet:-1","max-image-preview":"max-image-preview:large","max-video-preview":"max-video-preview:-1"},"canonical":"https:\/\/hierostrasbourg.com\/index.php\/2022\/12\/01\/la-ville-de-bischheim-propose-un-stage-participer-aux-projets-portes-par-la-direction-des-affaires-culturelles\/","og_locale":"fr_FR","og_type":"article","og_title":"La VILLE DE BISCHHEIM propose un stage \"Participer aux projets port\u00e9s par la Direction des Affaires Culturelles\" - HIERO STRASBOURG","og_description":"L\u2019\u00e9tudiant aura ainsi pour missions de : Finaliser le projet de politique culturelle de la Ville sur la base des \u00e9l\u00e9ments existants ; Participer aux r\u00e9unions li\u00e9es \u00e0 la mise en place de la politique culturelle (avec les \u00e9lus, associations, partenaires, etc\u2026) ; Contribuer \u00e0 la pr\u00e9paration et la diffusion des supports de communication de la direction ; Participer \u00e0 la pr\u00e9paration et \u00e0 l\u2019accueil des artistes, des publics lors des \u00e9v\u00e9nements de la saison culturelle ; Elaborer diff\u00e9rents documents [&hellip;]","og_url":"https:\/\/hierostrasbourg.com\/index.php\/2022\/12\/01\/la-ville-de-bischheim-propose-un-stage-participer-aux-projets-portes-par-la-direction-des-affaires-culturelles\/","og_site_name":"HIERO STRASBOURG","article_publisher":"https:\/\/www.facebook.com\/fedehierostrasbourg","article_published_time":"2022-12-01T19:37:30+00:00","twitter_card":"summary_large_image","twitter_creator":"@hierostrasbourg","twitter_site":"@hierostrasbourg","twitter_misc":{"Dur\u00e9e de lecture estim\u00e9e":"1 minute"},"schema":{"@context":"https:\/\/schema.org","@graph":[{"@type":"Article","@id":"https:\/\/hierostrasbourg.com\/index.php\/2022\/12\/01\/la-ville-de-bischheim-propose-un-stage-participer-aux-projets-portes-par-la-direction-des-affaires-culturelles\/#article","isPartOf":{"@id":"https:\/\/hierostrasbourg.com\/index.php\/2022\/12\/01\/la-ville-de-bischheim-propose-un-stage-participer-aux-projets-portes-par-la-direction-des-affaires-culturelles\/"},"author":{"name":"","@id":""},"headline":"La VILLE DE BISCHHEIM propose un stage \u00ab\u00a0Participer aux projets port\u00e9s par la Direction des Affaires Culturelles\u00a0\u00bb","datePublished":"2022-12-01T19:37:30+00:00","mainEntityOfPage":{"@id":"https:\/\/hierostrasbourg.com\/index.php\/2022\/12\/01\/la-ville-de-bischheim-propose-un-stage-participer-aux-projets-portes-par-la-direction-des-affaires-culturelles\/"},"wordCount":268,"publisher":{"@id":"https:\/\/hierostrasbourg.com\/#organization"},"inLanguage":"fr-FR"},{"@type":"WebPage","@id":"https:\/\/hierostrasbourg.com\/index.php\/2022\/12\/01\/la-ville-de-bischheim-propose-un-stage-participer-aux-projets-portes-par-la-direction-des-affaires-culturelles\/","url":"https:\/\/hierostrasbourg.com\/index.php\/2022\/12\/01\/la-ville-de-bischheim-propose-un-stage-participer-aux-projets-portes-par-la-direction-des-affaires-culturelles\/","name":"La VILLE DE BISCHHEIM propose un stage \"Participer aux projets port\u00e9s par la Direction des Affaires Culturelles\" - HIERO STRASBOURG","isPartOf":{"@id":"https:\/\/hierostrasbourg.com\/#website"},"datePublished":"2022-12-01T19:37:30+00:00","breadcrumb":{"@id":"https:\/\/hierostrasbourg.com\/index.php\/2022\/12\/01\/la-ville-de-bischheim-propose-un-stage-participer-aux-projets-portes-par-la-direction-des-affaires-culturelles\/#breadcrumb"},"inLanguage":"fr-FR","potentialAction":[{"@type":"ReadAction","target":["https:\/\/hierostrasbourg.com\/index.php\/2022\/12\/01\/la-ville-de-bischheim-propose-un-stage-participer-aux-projets-portes-par-la-direction-des-affaires-culturelles\/"]}]},{"@type":"BreadcrumbList","@id":"https:\/\/hierostrasbourg.com\/index.php\/2022\/12\/01\/la-ville-de-bischheim-propose-un-stage-participer-aux-projets-portes-par-la-direction-des-affaires-culturelles\/#breadcrumb","itemListElement":[{"@type":"ListItem","position":1,"name":"Accueil","item":"https:\/\/hierostrasbourg.com\/"},{"@type":"ListItem","position":2,"name":"La VILLE DE BISCHHEIM propose un stage &#8220;Participer aux projets port\u00e9s par la Direction des Affaires Culturelles&#8221;"}]},{"@type":"WebSite","@id":"https:\/\/hierostrasbourg.com\/#website","url":"https:\/\/hierostrasbourg.com\/","name":"HIERO STRASBOURG","description":"Centre de Ressources Musiques Actuelles","publisher":{"@id":"https:\/\/hierostrasbourg.com\/#organization"},"potentialAction":[{"@type":"SearchAction","target":{"@type":"EntryPoint","urlTemplate":"https:\/\/hierostrasbourg.com\/?s={search_term_string}"},"query-input":{"@type":"PropertyValueSpecification","valueRequired":true,"valueName":"search_term_string"}}],"inLanguage":"fr-FR"},{"@type":"Organization","@id":"https:\/\/hierostrasbourg.com\/#organization","name":"F\u00e9d\u00e9ration Hi\u00e9ro Strasbourg","url":"https:\/\/hierostrasbourg.com\/","logo":{"@type":"ImageObject","inLanguage":"fr-FR","@id":"https:\/\/hierostrasbourg.com\/#\/schema\/logo\/image\/","url":"https:\/\/hierostrasbourg.com\/wp-content\/uploads\/2026\/04\/logo-hiero-strasbourg.jpg","contentUrl":"https:\/\/hierostrasbourg.com\/wp-content\/uploads\/2026\/04\/logo-hiero-strasbourg.jpg","width":204,"height":192,"caption":"F\u00e9d\u00e9ration Hi\u00e9ro Strasbourg"},"image":{"@id":"https:\/\/hierostrasbourg.com\/#\/schema\/logo\/image\/"},"sameAs":["https:\/\/www.facebook.com\/fedehierostrasbourg","https:\/\/x.com\/hierostrasbourg"]}]}},"_links":{"self":[{"href":"https:\/\/hierostrasbourg.com\/index.php\/wp-json\/wp\/v2\/posts\/4190","targetHints":{"allow":["GET"]}}],"collection":[{"href":"https:\/\/hierostrasbourg.com\/index.php\/wp-json\/wp\/v2\/posts"}],"about":[{"href":"https:\/\/hierostrasbourg.com\/index.php\/wp-json\/wp\/v2\/types\/post"}],"replies":[{"embeddable":true,"href":"https:\/\/hierostrasbourg.com\/index.php\/wp-json\/wp\/v2\/comments?post=4190"}],"version-history":[{"count":0,"href":"https:\/\/hierostrasbourg.com\/index.php\/wp-json\/wp\/v2\/posts\/4190\/revisions"}],"wp:attachment":[{"href":"https:\/\/hierostrasbourg.com\/index.php\/wp-json\/wp\/v2\/media?parent=4190"}],"wp:term":[{"taxonomy":"category","embeddable":true,"href":"https:\/\/hierostrasbourg.com\/index.php\/wp-json\/wp\/v2\/categories?post=4190"},{"taxonomy":"post_tag","embeddable":true,"href":"https:\/\/hierostrasbourg.com\/index.php\/wp-json\/wp\/v2\/tags?post=4190"}],"curies":[{"name":"wp","href":"https:\/\/api.w.org\/{rel}","templated":true}]}}