{"id":4186,"date":"2022-11-30T12:36:10","date_gmt":"2022-11-30T11:36:10","guid":{"rendered":"https:\/\/hierostrasbourg.com\/index.php\/2022\/11\/30\/13e-sens-recrute-un-charge-de-communication-et-des-relations-avec-les-publics-f-h-2\/"},"modified":"2022-11-30T12:36:10","modified_gmt":"2022-11-30T11:36:10","slug":"13e-sens-recrute-un-charge-de-communication-et-des-relations-avec-les-publics-f-h-2","status":"publish","type":"post","link":"https:\/\/hierostrasbourg.com\/index.php\/2022\/11\/30\/13e-sens-recrute-un-charge-de-communication-et-des-relations-avec-les-publics-f-h-2\/","title":{"rendered":"13E SENS recrute un charg\u00e9 de communication et des relations avec les publics [F\/H]"},"content":{"rendered":"<p>Sous statut associatif, 13e sens, relais culturel d\u2019Obernai (environ 11 800 habitants), dispose d\u2019une salle de spectacle et<br \/>\nde cin\u00e9ma de 158 places, ainsi que d\u2019un chapiteau de 400 places.<br \/>\nL\u2019association dispose d\u2019un budget global d\u2019environ 700K\u20ac, d\u2019une \u00e9quipe de permanents et intermittents, et s\u2019appuie sur<br \/>\nun important r\u00e9seau de b\u00e9n\u00e9voles investi dans le projet associatif.<\/p>\n<p>La saison culturelle propose de septembre \u00e0 avril une quinzaine de spectacles pluridisciplinaires.<br \/>\nLe cin\u00e9ma, class\u00e9 Art et Essai, est labellis\u00e9 Jeune Public et Patrimoine, et totalise environ 20 000 entr\u00e9es annuelles.<br \/>\nLe festival de cirque annuel Pisteurs d\u2019\u00c9toiles est devenu depuis 1995 un \u00e9v\u00e8nement important \u00e0 l\u2019\u00e9chelle de la<br \/>\nr\u00e9gion Grand Est. Durant 9 jours, il pr\u00e9sente, principalement sous chapiteau, un \u00e9ventail des cr\u00e9ations circassiennes d\u2019envergure nationale, et accompagne des \u00e9quipes \u00e9mergentes.<\/p>\n<h2>Missions<\/h2>\n<p>Sous l\u2019autorit\u00e9 de la directrice, vous serez amen\u00e9(e) \u00e0 d\u00e9velopper deux axes majeurs de la structure, la communication<br \/>\net la relation aux publics. Ce poste est un poste clef au sein de l\u2019\u00e9quipe et du d\u00e9veloppement du projet artistique de la<br \/>\nstructure, notamment via le d\u00e9ploiement d\u2019actions de sensibilisation des publics autour de la programmation de la<br \/>\nstructure. Voici les missions principales confi\u00e9es :<\/p>\n<h4>Communication<\/h4>\n<p>\u00c9laborer et mettre en \u0153uvre la strat\u00e9gie de communication de la structure ;<br \/>\nCoordonner la conception, l\u2019impression et la distribution des supports de communication en lien avec les<br \/>\nprestataires ;<br \/>\nCr\u00e9er des supports de communication (contenu et visuel) ;<br \/>\nG\u00e9rer le budget communication ;<br \/>\nD\u00e9velopper la communication num\u00e9rique et animer les r\u00e9seaux sociaux ;<br \/>\nG\u00e9rer les relations presse et m\u00e9dias.<\/p>\n<h4>Relations avec les publics<\/h4>\n<p>D\u00e9velopper des actions de sensibilisation des publics, autour de la programmation de spectacle vivant et<br \/>\ncin\u00e9matographique ;<br \/>\nCoordonner les actions de sensibilisation des publics, dans le cadre de dispositifs (Gip-Acmisa projet<br \/>\nf\u00e9d\u00e9rateur, \u2026) et d\u2019appels \u00e0 projets (r\u00e9daction des dossiers de demandes et bilans, construction des budgets<br \/>\npar projet, \u2026) ;<br \/>\nTravailler avec les \u00e9quipes artistiques en r\u00e9sidence ou en diffusion, \u00e0 la mise en place d\u2019actions culturelles, et<br \/>\nde sensibilisation ;<br \/>\nG\u00e9rer le budget d\u00e9di\u00e9 ;<br \/>\nCoordonner l\u2019implication des b\u00e9n\u00e9voles dans les actions de sensibilisation des publics ;<\/p>\n<p>Participation \u00e0 la vie globale de la structure, notamment lors du festival Pisteurs d\u2019Etoiles<\/p>\n<h2>Profil recherch\u00e9<\/h2>\n<p>Niveau de formation Licence \u00e0 Bac + 5, en gestion de projets culturels, communication ou relations<br \/>\npubliques\/m\u00e9diation<br \/>\nExp\u00e9rience dans un poste similaire d\u2019au moins 3 ans.<br \/>\nInt\u00e9r\u00eat pour le montage de projets et d\u2019actions culturelles<br \/>\nConnaissance et int\u00e9r\u00eat pour le spectacle vivant et le cin\u00e9ma<br \/>\nBonne ma\u00eetrise d\u2019Indesign et des outils bureautiques<br \/>\nPermis B indispensable<br \/>\nTr\u00e8s bonnes capacit\u00e9s relationnelles et r\u00e9dactionnelles<br \/>\nRigueur, sens de l\u2019organisation et de l\u2019anticipation<br \/>\nDynamisme, curiosit\u00e9 et sens du travail en \u00e9quipe<\/p>\n<p>Date de prise de fonction : id\u00e9alement le 2 janvier 2023 ou au plus t\u00f4t<br \/>\nDate limite de candidature : mardi 13 d\u00e9cembre 2022, minuit<br \/>\nDate d\u2019entretien : Le 15, 16 ou 19 d\u00e9cembre 2022<\/p>\n<p>Conditions de travail : CDI<br \/>\nAnnualisation du temps de travail.<br \/>\nDisponibilit\u00e9 en soir\u00e9e et le week-end.<br \/>\nR\u00e9mun\u00e9ration<br \/>\nSelon grille CCNEAC \u2013 groupe 5. \u00c9chelon en fonction de l\u2019exp\u00e9rience.<br \/>\n13e mois. Prise en charge \u00e0 hauteur de 50 % du titre de transport.<\/p>\n<p><a href=\"https:\/\/www.13esens.com\/\">www.13esens.com<\/a><br \/><a href=\"https:\/\/www.pisteursdetoiles.com\/\">www.pisteursdetoiles.com<\/a><\/p>\n<p>Contact du recruteur<br \/>\nPour toute demande de renseignements compl\u00e9mentaires :<br \/>\nSabine HASENFRATZ :<br \/>\nadministration@13esens.com \/ 13e sens, Rue Athic, 67210 Obernai<\/p>\n<p>L\u2019article <a href=\"https:\/\/popburo.fr\/13e-sens-recrute-un-charge-de-communication-et-des-relations-avec-les-publics-f-h\/\">13E SENS recrute un charg\u00e9 de communication et des relations avec les publics [F\/H]<\/a> est apparu en premier sur <a href=\"https:\/\/popburo.fr\/\">POP B\u00dcRO<\/a>.<\/p>\n","protected":false},"excerpt":{"rendered":"<p>Sous statut associatif, 13e sens, relais culturel d\u2019Obernai (environ 11 800 habitants), dispose d\u2019une salle de spectacle et de cin\u00e9ma de 158 places, ainsi que d\u2019un chapiteau de 400 places. L\u2019association dispose d\u2019un budget global d\u2019environ 700K\u20ac, d\u2019une \u00e9quipe de permanents et intermittents, et s\u2019appuie sur un important r\u00e9seau de b\u00e9n\u00e9voles investi dans le projet associatif. La saison culturelle propose de septembre \u00e0 avril une quinzaine de spectacles pluridisciplinaires. Le cin\u00e9ma, class\u00e9 Art et Essai, est labellis\u00e9 Jeune Public et [&hellip;]<\/p>\n","protected":false},"author":0,"featured_media":0,"comment_status":"closed","ping_status":"open","sticky":false,"template":"","format":"standard","meta":{"footnotes":""},"categories":[1],"tags":[],"class_list":["post-4186","post","type-post","status-publish","format-standard","hentry","category-non-classe"],"yoast_head":"<!-- This site is optimized with the Yoast SEO plugin v27.5 - https:\/\/yoast.com\/product\/yoast-seo-wordpress\/ -->\n<title>13E SENS recrute un charg\u00e9 de communication et des relations avec les publics [F\/H] - HIERO STRASBOURG<\/title>\n<meta name=\"robots\" content=\"index, follow, max-snippet:-1, max-image-preview:large, max-video-preview:-1\" \/>\n<link rel=\"canonical\" href=\"https:\/\/hierostrasbourg.com\/index.php\/2022\/11\/30\/13e-sens-recrute-un-charge-de-communication-et-des-relations-avec-les-publics-f-h-2\/\" \/>\n<meta property=\"og:locale\" content=\"fr_FR\" \/>\n<meta property=\"og:type\" content=\"article\" \/>\n<meta property=\"og:title\" content=\"13E SENS recrute un charg\u00e9 de communication et des relations avec les publics [F\/H] - HIERO STRASBOURG\" \/>\n<meta property=\"og:description\" content=\"Sous statut associatif, 13e sens, relais culturel d\u2019Obernai (environ 11 800 habitants), dispose d\u2019une salle de spectacle et de cin\u00e9ma de 158 places, ainsi que d\u2019un chapiteau de 400 places. L\u2019association dispose d\u2019un budget global d\u2019environ 700K\u20ac, d\u2019une \u00e9quipe de permanents et intermittents, et s\u2019appuie sur un important r\u00e9seau de b\u00e9n\u00e9voles investi dans le projet associatif. La saison culturelle propose de septembre \u00e0 avril une quinzaine de spectacles pluridisciplinaires. Le cin\u00e9ma, class\u00e9 Art et Essai, est labellis\u00e9 Jeune Public et [&hellip;]\" \/>\n<meta property=\"og:url\" content=\"https:\/\/hierostrasbourg.com\/index.php\/2022\/11\/30\/13e-sens-recrute-un-charge-de-communication-et-des-relations-avec-les-publics-f-h-2\/\" \/>\n<meta property=\"og:site_name\" content=\"HIERO STRASBOURG\" \/>\n<meta property=\"article:publisher\" content=\"https:\/\/www.facebook.com\/fedehierostrasbourg\" \/>\n<meta property=\"article:published_time\" content=\"2022-11-30T11:36:10+00:00\" \/>\n<meta name=\"twitter:card\" content=\"summary_large_image\" \/>\n<meta name=\"twitter:creator\" content=\"@hierostrasbourg\" \/>\n<meta name=\"twitter:site\" content=\"@hierostrasbourg\" \/>\n<meta name=\"twitter:label1\" content=\"Dur\u00e9e de lecture estim\u00e9e\" \/>\n\t<meta name=\"twitter:data1\" content=\"3 minutes\" \/>\n<script type=\"application\/ld+json\" class=\"yoast-schema-graph\">{\"@context\":\"https:\\\/\\\/schema.org\",\"@graph\":[{\"@type\":\"Article\",\"@id\":\"https:\\\/\\\/hierostrasbourg.com\\\/index.php\\\/2022\\\/11\\\/30\\\/13e-sens-recrute-un-charge-de-communication-et-des-relations-avec-les-publics-f-h-2\\\/#article\",\"isPartOf\":{\"@id\":\"https:\\\/\\\/hierostrasbourg.com\\\/index.php\\\/2022\\\/11\\\/30\\\/13e-sens-recrute-un-charge-de-communication-et-des-relations-avec-les-publics-f-h-2\\\/\"},\"author\":{\"name\":\"\",\"@id\":\"\"},\"headline\":\"13E SENS recrute un charg\u00e9 de communication et des relations avec les publics [F\\\/H]\",\"datePublished\":\"2022-11-30T11:36:10+00:00\",\"mainEntityOfPage\":{\"@id\":\"https:\\\/\\\/hierostrasbourg.com\\\/index.php\\\/2022\\\/11\\\/30\\\/13e-sens-recrute-un-charge-de-communication-et-des-relations-avec-les-publics-f-h-2\\\/\"},\"wordCount\":614,\"publisher\":{\"@id\":\"https:\\\/\\\/hierostrasbourg.com\\\/#organization\"},\"inLanguage\":\"fr-FR\"},{\"@type\":\"WebPage\",\"@id\":\"https:\\\/\\\/hierostrasbourg.com\\\/index.php\\\/2022\\\/11\\\/30\\\/13e-sens-recrute-un-charge-de-communication-et-des-relations-avec-les-publics-f-h-2\\\/\",\"url\":\"https:\\\/\\\/hierostrasbourg.com\\\/index.php\\\/2022\\\/11\\\/30\\\/13e-sens-recrute-un-charge-de-communication-et-des-relations-avec-les-publics-f-h-2\\\/\",\"name\":\"13E SENS recrute un charg\u00e9 de communication et des relations avec les publics [F\\\/H] - HIERO STRASBOURG\",\"isPartOf\":{\"@id\":\"https:\\\/\\\/hierostrasbourg.com\\\/#website\"},\"datePublished\":\"2022-11-30T11:36:10+00:00\",\"breadcrumb\":{\"@id\":\"https:\\\/\\\/hierostrasbourg.com\\\/index.php\\\/2022\\\/11\\\/30\\\/13e-sens-recrute-un-charge-de-communication-et-des-relations-avec-les-publics-f-h-2\\\/#breadcrumb\"},\"inLanguage\":\"fr-FR\",\"potentialAction\":[{\"@type\":\"ReadAction\",\"target\":[\"https:\\\/\\\/hierostrasbourg.com\\\/index.php\\\/2022\\\/11\\\/30\\\/13e-sens-recrute-un-charge-de-communication-et-des-relations-avec-les-publics-f-h-2\\\/\"]}]},{\"@type\":\"BreadcrumbList\",\"@id\":\"https:\\\/\\\/hierostrasbourg.com\\\/index.php\\\/2022\\\/11\\\/30\\\/13e-sens-recrute-un-charge-de-communication-et-des-relations-avec-les-publics-f-h-2\\\/#breadcrumb\",\"itemListElement\":[{\"@type\":\"ListItem\",\"position\":1,\"name\":\"Accueil\",\"item\":\"https:\\\/\\\/hierostrasbourg.com\\\/\"},{\"@type\":\"ListItem\",\"position\":2,\"name\":\"13E SENS recrute un charg\u00e9 de communication et des relations avec les publics [F\\\/H]\"}]},{\"@type\":\"WebSite\",\"@id\":\"https:\\\/\\\/hierostrasbourg.com\\\/#website\",\"url\":\"https:\\\/\\\/hierostrasbourg.com\\\/\",\"name\":\"HIERO STRASBOURG\",\"description\":\"Centre de Ressources Musiques Actuelles\",\"publisher\":{\"@id\":\"https:\\\/\\\/hierostrasbourg.com\\\/#organization\"},\"potentialAction\":[{\"@type\":\"SearchAction\",\"target\":{\"@type\":\"EntryPoint\",\"urlTemplate\":\"https:\\\/\\\/hierostrasbourg.com\\\/?s={search_term_string}\"},\"query-input\":{\"@type\":\"PropertyValueSpecification\",\"valueRequired\":true,\"valueName\":\"search_term_string\"}}],\"inLanguage\":\"fr-FR\"},{\"@type\":\"Organization\",\"@id\":\"https:\\\/\\\/hierostrasbourg.com\\\/#organization\",\"name\":\"F\u00e9d\u00e9ration Hi\u00e9ro Strasbourg\",\"url\":\"https:\\\/\\\/hierostrasbourg.com\\\/\",\"logo\":{\"@type\":\"ImageObject\",\"inLanguage\":\"fr-FR\",\"@id\":\"https:\\\/\\\/hierostrasbourg.com\\\/#\\\/schema\\\/logo\\\/image\\\/\",\"url\":\"https:\\\/\\\/hierostrasbourg.com\\\/wp-content\\\/uploads\\\/2026\\\/04\\\/logo-hiero-strasbourg.jpg\",\"contentUrl\":\"https:\\\/\\\/hierostrasbourg.com\\\/wp-content\\\/uploads\\\/2026\\\/04\\\/logo-hiero-strasbourg.jpg\",\"width\":204,\"height\":192,\"caption\":\"F\u00e9d\u00e9ration Hi\u00e9ro Strasbourg\"},\"image\":{\"@id\":\"https:\\\/\\\/hierostrasbourg.com\\\/#\\\/schema\\\/logo\\\/image\\\/\"},\"sameAs\":[\"https:\\\/\\\/www.facebook.com\\\/fedehierostrasbourg\",\"https:\\\/\\\/x.com\\\/hierostrasbourg\"]}]}<\/script>\n<!-- \/ Yoast SEO plugin. -->","yoast_head_json":{"title":"13E SENS recrute un charg\u00e9 de communication et des relations avec les publics [F\/H] - HIERO STRASBOURG","robots":{"index":"index","follow":"follow","max-snippet":"max-snippet:-1","max-image-preview":"max-image-preview:large","max-video-preview":"max-video-preview:-1"},"canonical":"https:\/\/hierostrasbourg.com\/index.php\/2022\/11\/30\/13e-sens-recrute-un-charge-de-communication-et-des-relations-avec-les-publics-f-h-2\/","og_locale":"fr_FR","og_type":"article","og_title":"13E SENS recrute un charg\u00e9 de communication et des relations avec les publics [F\/H] - HIERO STRASBOURG","og_description":"Sous statut associatif, 13e sens, relais culturel d\u2019Obernai (environ 11 800 habitants), dispose d\u2019une salle de spectacle et de cin\u00e9ma de 158 places, ainsi que d\u2019un chapiteau de 400 places. L\u2019association dispose d\u2019un budget global d\u2019environ 700K\u20ac, d\u2019une \u00e9quipe de permanents et intermittents, et s\u2019appuie sur un important r\u00e9seau de b\u00e9n\u00e9voles investi dans le projet associatif. La saison culturelle propose de septembre \u00e0 avril une quinzaine de spectacles pluridisciplinaires. Le cin\u00e9ma, class\u00e9 Art et Essai, est labellis\u00e9 Jeune Public et [&hellip;]","og_url":"https:\/\/hierostrasbourg.com\/index.php\/2022\/11\/30\/13e-sens-recrute-un-charge-de-communication-et-des-relations-avec-les-publics-f-h-2\/","og_site_name":"HIERO STRASBOURG","article_publisher":"https:\/\/www.facebook.com\/fedehierostrasbourg","article_published_time":"2022-11-30T11:36:10+00:00","twitter_card":"summary_large_image","twitter_creator":"@hierostrasbourg","twitter_site":"@hierostrasbourg","twitter_misc":{"Dur\u00e9e de lecture estim\u00e9e":"3 minutes"},"schema":{"@context":"https:\/\/schema.org","@graph":[{"@type":"Article","@id":"https:\/\/hierostrasbourg.com\/index.php\/2022\/11\/30\/13e-sens-recrute-un-charge-de-communication-et-des-relations-avec-les-publics-f-h-2\/#article","isPartOf":{"@id":"https:\/\/hierostrasbourg.com\/index.php\/2022\/11\/30\/13e-sens-recrute-un-charge-de-communication-et-des-relations-avec-les-publics-f-h-2\/"},"author":{"name":"","@id":""},"headline":"13E SENS recrute un charg\u00e9 de communication et des relations avec les publics [F\/H]","datePublished":"2022-11-30T11:36:10+00:00","mainEntityOfPage":{"@id":"https:\/\/hierostrasbourg.com\/index.php\/2022\/11\/30\/13e-sens-recrute-un-charge-de-communication-et-des-relations-avec-les-publics-f-h-2\/"},"wordCount":614,"publisher":{"@id":"https:\/\/hierostrasbourg.com\/#organization"},"inLanguage":"fr-FR"},{"@type":"WebPage","@id":"https:\/\/hierostrasbourg.com\/index.php\/2022\/11\/30\/13e-sens-recrute-un-charge-de-communication-et-des-relations-avec-les-publics-f-h-2\/","url":"https:\/\/hierostrasbourg.com\/index.php\/2022\/11\/30\/13e-sens-recrute-un-charge-de-communication-et-des-relations-avec-les-publics-f-h-2\/","name":"13E SENS recrute un charg\u00e9 de communication et des relations avec les publics [F\/H] - HIERO STRASBOURG","isPartOf":{"@id":"https:\/\/hierostrasbourg.com\/#website"},"datePublished":"2022-11-30T11:36:10+00:00","breadcrumb":{"@id":"https:\/\/hierostrasbourg.com\/index.php\/2022\/11\/30\/13e-sens-recrute-un-charge-de-communication-et-des-relations-avec-les-publics-f-h-2\/#breadcrumb"},"inLanguage":"fr-FR","potentialAction":[{"@type":"ReadAction","target":["https:\/\/hierostrasbourg.com\/index.php\/2022\/11\/30\/13e-sens-recrute-un-charge-de-communication-et-des-relations-avec-les-publics-f-h-2\/"]}]},{"@type":"BreadcrumbList","@id":"https:\/\/hierostrasbourg.com\/index.php\/2022\/11\/30\/13e-sens-recrute-un-charge-de-communication-et-des-relations-avec-les-publics-f-h-2\/#breadcrumb","itemListElement":[{"@type":"ListItem","position":1,"name":"Accueil","item":"https:\/\/hierostrasbourg.com\/"},{"@type":"ListItem","position":2,"name":"13E SENS recrute un charg\u00e9 de communication et des relations avec les publics [F\/H]"}]},{"@type":"WebSite","@id":"https:\/\/hierostrasbourg.com\/#website","url":"https:\/\/hierostrasbourg.com\/","name":"HIERO STRASBOURG","description":"Centre de Ressources Musiques Actuelles","publisher":{"@id":"https:\/\/hierostrasbourg.com\/#organization"},"potentialAction":[{"@type":"SearchAction","target":{"@type":"EntryPoint","urlTemplate":"https:\/\/hierostrasbourg.com\/?s={search_term_string}"},"query-input":{"@type":"PropertyValueSpecification","valueRequired":true,"valueName":"search_term_string"}}],"inLanguage":"fr-FR"},{"@type":"Organization","@id":"https:\/\/hierostrasbourg.com\/#organization","name":"F\u00e9d\u00e9ration Hi\u00e9ro Strasbourg","url":"https:\/\/hierostrasbourg.com\/","logo":{"@type":"ImageObject","inLanguage":"fr-FR","@id":"https:\/\/hierostrasbourg.com\/#\/schema\/logo\/image\/","url":"https:\/\/hierostrasbourg.com\/wp-content\/uploads\/2026\/04\/logo-hiero-strasbourg.jpg","contentUrl":"https:\/\/hierostrasbourg.com\/wp-content\/uploads\/2026\/04\/logo-hiero-strasbourg.jpg","width":204,"height":192,"caption":"F\u00e9d\u00e9ration Hi\u00e9ro Strasbourg"},"image":{"@id":"https:\/\/hierostrasbourg.com\/#\/schema\/logo\/image\/"},"sameAs":["https:\/\/www.facebook.com\/fedehierostrasbourg","https:\/\/x.com\/hierostrasbourg"]}]}},"_links":{"self":[{"href":"https:\/\/hierostrasbourg.com\/index.php\/wp-json\/wp\/v2\/posts\/4186","targetHints":{"allow":["GET"]}}],"collection":[{"href":"https:\/\/hierostrasbourg.com\/index.php\/wp-json\/wp\/v2\/posts"}],"about":[{"href":"https:\/\/hierostrasbourg.com\/index.php\/wp-json\/wp\/v2\/types\/post"}],"replies":[{"embeddable":true,"href":"https:\/\/hierostrasbourg.com\/index.php\/wp-json\/wp\/v2\/comments?post=4186"}],"version-history":[{"count":0,"href":"https:\/\/hierostrasbourg.com\/index.php\/wp-json\/wp\/v2\/posts\/4186\/revisions"}],"wp:attachment":[{"href":"https:\/\/hierostrasbourg.com\/index.php\/wp-json\/wp\/v2\/media?parent=4186"}],"wp:term":[{"taxonomy":"category","embeddable":true,"href":"https:\/\/hierostrasbourg.com\/index.php\/wp-json\/wp\/v2\/categories?post=4186"},{"taxonomy":"post_tag","embeddable":true,"href":"https:\/\/hierostrasbourg.com\/index.php\/wp-json\/wp\/v2\/tags?post=4186"}],"curies":[{"name":"wp","href":"https:\/\/api.w.org\/{rel}","templated":true}]}}