{"id":4185,"date":"2022-11-30T12:36:10","date_gmt":"2022-11-30T11:36:10","guid":{"rendered":"https:\/\/hierostrasbourg.com\/index.php\/2022\/11\/30\/13e-sens-recrute-un-charge-de-communication-et-des-relations-avec-les-publics-f-h\/"},"modified":"2022-11-30T12:36:10","modified_gmt":"2022-11-30T11:36:10","slug":"13e-sens-recrute-un-charge-de-communication-et-des-relations-avec-les-publics-f-h","status":"publish","type":"post","link":"https:\/\/hierostrasbourg.com\/index.php\/2022\/11\/30\/13e-sens-recrute-un-charge-de-communication-et-des-relations-avec-les-publics-f-h\/","title":{"rendered":"13E SENS recrute un charg\u00e9 de communication et des relations avec les publics [F\/H]"},"content":{"rendered":"<p><a href=\"https:\/\/musiquesactuelles.alsace\/13e-sens-recrute-un-charge-de-communication-et-des-relations-avec-les-publics-f-h\/\" title=\"13E SENS recrute un charg\u00e9 de communication et des relations avec les publics [F\/H]\"><\/a><\/p>\n<p>Sous statut associatif, 13e sens, relais culturel d\u2019Obernai (environ 11 800 habitants), dispose d\u2019une salle de spectacle et de cin\u00e9ma de 158 places, ainsi que d\u2019un chapiteau de 400 places. L\u2019association dispose d\u2019un budget global d\u2019environ 700K\u20ac, d\u2019une \u00e9quipe de permanents et intermittents, et s\u2019appuie sur un important r\u00e9seau de b\u00e9n\u00e9voles investi dans le projet associatif. La saison culturelle propose de septembre \u00e0 avril une quinzaine de spectacles pluridisciplinaires. Le cin\u00e9ma, class\u00e9 Art et Essai, est labellis\u00e9 Jeune Public et [\u2026]<\/p>\n<p>L\u2019article <a href=\"https:\/\/musiquesactuelles.alsace\/13e-sens-recrute-un-charge-de-communication-et-des-relations-avec-les-publics-f-h\/\">13E SENS recrute un charg\u00e9 de communication et des relations avec les publics [F\/H]<\/a> est apparu en premier sur <a href=\"https:\/\/musiquesactuelles.alsace\/\">Musiques Actuelles en Alsace<\/a>.<\/p>\n<p>L\u2019article <a href=\"https:\/\/popburo.fr\/13e-sens-recrute-un-charge-de-communication-et-des-relations-avec-les-publics-f-h-2\/\">13E SENS recrute un charg\u00e9 de communication et des relations avec les publics [F\/H]<\/a> est apparu en premier sur <a href=\"https:\/\/popburo.fr\/\">POP B\u00dcRO<\/a>.<\/p>\n","protected":false},"excerpt":{"rendered":"<p>Sous statut associatif, 13e sens, relais culturel d\u2019Obernai (environ 11 800 habitants), dispose d\u2019une salle de spectacle et de cin\u00e9ma de 158 places, ainsi que d\u2019un chapiteau de 400 places. L\u2019association dispose d\u2019un budget global d\u2019environ 700K\u20ac, d\u2019une \u00e9quipe de permanents et intermittents, et s\u2019appuie sur un important r\u00e9seau de b\u00e9n\u00e9voles investi dans le projet associatif. La saison culturelle propose de septembre \u00e0 avril une quinzaine de spectacles pluridisciplinaires. Le cin\u00e9ma, class\u00e9 Art et Essai, est labellis\u00e9 Jeune Public et [&hellip;]<\/p>\n","protected":false},"author":0,"featured_media":0,"comment_status":"closed","ping_status":"open","sticky":false,"template":"","format":"standard","meta":{"footnotes":""},"categories":[1],"tags":[],"class_list":["post-4185","post","type-post","status-publish","format-standard","hentry","category-non-classe"],"yoast_head":"<!-- This site is optimized with the Yoast SEO plugin v27.5 - https:\/\/yoast.com\/product\/yoast-seo-wordpress\/ -->\n<title>13E SENS recrute un charg\u00e9 de communication et des relations avec les publics [F\/H] - HIERO STRASBOURG<\/title>\n<meta name=\"robots\" content=\"index, follow, max-snippet:-1, max-image-preview:large, max-video-preview:-1\" \/>\n<link rel=\"canonical\" href=\"https:\/\/hierostrasbourg.com\/index.php\/2022\/11\/30\/13e-sens-recrute-un-charge-de-communication-et-des-relations-avec-les-publics-f-h\/\" \/>\n<meta property=\"og:locale\" content=\"fr_FR\" \/>\n<meta property=\"og:type\" content=\"article\" \/>\n<meta property=\"og:title\" content=\"13E SENS recrute un charg\u00e9 de communication et des relations avec les publics [F\/H] - HIERO STRASBOURG\" \/>\n<meta property=\"og:description\" content=\"Sous statut associatif, 13e sens, relais culturel d\u2019Obernai (environ 11 800 habitants), dispose d\u2019une salle de spectacle et de cin\u00e9ma de 158 places, ainsi que d\u2019un chapiteau de 400 places. L\u2019association dispose d\u2019un budget global d\u2019environ 700K\u20ac, d\u2019une \u00e9quipe de permanents et intermittents, et s\u2019appuie sur un important r\u00e9seau de b\u00e9n\u00e9voles investi dans le projet associatif. La saison culturelle propose de septembre \u00e0 avril une quinzaine de spectacles pluridisciplinaires. Le cin\u00e9ma, class\u00e9 Art et Essai, est labellis\u00e9 Jeune Public et [&hellip;]\" \/>\n<meta property=\"og:url\" content=\"https:\/\/hierostrasbourg.com\/index.php\/2022\/11\/30\/13e-sens-recrute-un-charge-de-communication-et-des-relations-avec-les-publics-f-h\/\" \/>\n<meta property=\"og:site_name\" content=\"HIERO STRASBOURG\" \/>\n<meta property=\"article:publisher\" content=\"https:\/\/www.facebook.com\/fedehierostrasbourg\" \/>\n<meta property=\"article:published_time\" content=\"2022-11-30T11:36:10+00:00\" \/>\n<meta name=\"twitter:card\" content=\"summary_large_image\" \/>\n<meta name=\"twitter:creator\" content=\"@hierostrasbourg\" \/>\n<meta name=\"twitter:site\" content=\"@hierostrasbourg\" \/>\n<meta name=\"twitter:label1\" content=\"Dur\u00e9e de lecture estim\u00e9e\" \/>\n\t<meta name=\"twitter:data1\" content=\"1 minute\" \/>\n<script type=\"application\/ld+json\" class=\"yoast-schema-graph\">{\"@context\":\"https:\\\/\\\/schema.org\",\"@graph\":[{\"@type\":\"Article\",\"@id\":\"https:\\\/\\\/hierostrasbourg.com\\\/index.php\\\/2022\\\/11\\\/30\\\/13e-sens-recrute-un-charge-de-communication-et-des-relations-avec-les-publics-f-h\\\/#article\",\"isPartOf\":{\"@id\":\"https:\\\/\\\/hierostrasbourg.com\\\/index.php\\\/2022\\\/11\\\/30\\\/13e-sens-recrute-un-charge-de-communication-et-des-relations-avec-les-publics-f-h\\\/\"},\"author\":{\"name\":\"\",\"@id\":\"\"},\"headline\":\"13E SENS recrute un charg\u00e9 de communication et des relations avec les publics [F\\\/H]\",\"datePublished\":\"2022-11-30T11:36:10+00:00\",\"mainEntityOfPage\":{\"@id\":\"https:\\\/\\\/hierostrasbourg.com\\\/index.php\\\/2022\\\/11\\\/30\\\/13e-sens-recrute-un-charge-de-communication-et-des-relations-avec-les-publics-f-h\\\/\"},\"wordCount\":154,\"publisher\":{\"@id\":\"https:\\\/\\\/hierostrasbourg.com\\\/#organization\"},\"inLanguage\":\"fr-FR\"},{\"@type\":\"WebPage\",\"@id\":\"https:\\\/\\\/hierostrasbourg.com\\\/index.php\\\/2022\\\/11\\\/30\\\/13e-sens-recrute-un-charge-de-communication-et-des-relations-avec-les-publics-f-h\\\/\",\"url\":\"https:\\\/\\\/hierostrasbourg.com\\\/index.php\\\/2022\\\/11\\\/30\\\/13e-sens-recrute-un-charge-de-communication-et-des-relations-avec-les-publics-f-h\\\/\",\"name\":\"13E SENS recrute un charg\u00e9 de communication et des relations avec les publics [F\\\/H] - HIERO STRASBOURG\",\"isPartOf\":{\"@id\":\"https:\\\/\\\/hierostrasbourg.com\\\/#website\"},\"datePublished\":\"2022-11-30T11:36:10+00:00\",\"breadcrumb\":{\"@id\":\"https:\\\/\\\/hierostrasbourg.com\\\/index.php\\\/2022\\\/11\\\/30\\\/13e-sens-recrute-un-charge-de-communication-et-des-relations-avec-les-publics-f-h\\\/#breadcrumb\"},\"inLanguage\":\"fr-FR\",\"potentialAction\":[{\"@type\":\"ReadAction\",\"target\":[\"https:\\\/\\\/hierostrasbourg.com\\\/index.php\\\/2022\\\/11\\\/30\\\/13e-sens-recrute-un-charge-de-communication-et-des-relations-avec-les-publics-f-h\\\/\"]}]},{\"@type\":\"BreadcrumbList\",\"@id\":\"https:\\\/\\\/hierostrasbourg.com\\\/index.php\\\/2022\\\/11\\\/30\\\/13e-sens-recrute-un-charge-de-communication-et-des-relations-avec-les-publics-f-h\\\/#breadcrumb\",\"itemListElement\":[{\"@type\":\"ListItem\",\"position\":1,\"name\":\"Accueil\",\"item\":\"https:\\\/\\\/hierostrasbourg.com\\\/\"},{\"@type\":\"ListItem\",\"position\":2,\"name\":\"13E SENS recrute un charg\u00e9 de communication et des relations avec les publics [F\\\/H]\"}]},{\"@type\":\"WebSite\",\"@id\":\"https:\\\/\\\/hierostrasbourg.com\\\/#website\",\"url\":\"https:\\\/\\\/hierostrasbourg.com\\\/\",\"name\":\"HIERO STRASBOURG\",\"description\":\"Centre de Ressources Musiques Actuelles\",\"publisher\":{\"@id\":\"https:\\\/\\\/hierostrasbourg.com\\\/#organization\"},\"potentialAction\":[{\"@type\":\"SearchAction\",\"target\":{\"@type\":\"EntryPoint\",\"urlTemplate\":\"https:\\\/\\\/hierostrasbourg.com\\\/?s={search_term_string}\"},\"query-input\":{\"@type\":\"PropertyValueSpecification\",\"valueRequired\":true,\"valueName\":\"search_term_string\"}}],\"inLanguage\":\"fr-FR\"},{\"@type\":\"Organization\",\"@id\":\"https:\\\/\\\/hierostrasbourg.com\\\/#organization\",\"name\":\"F\u00e9d\u00e9ration Hi\u00e9ro Strasbourg\",\"url\":\"https:\\\/\\\/hierostrasbourg.com\\\/\",\"logo\":{\"@type\":\"ImageObject\",\"inLanguage\":\"fr-FR\",\"@id\":\"https:\\\/\\\/hierostrasbourg.com\\\/#\\\/schema\\\/logo\\\/image\\\/\",\"url\":\"https:\\\/\\\/hierostrasbourg.com\\\/wp-content\\\/uploads\\\/2026\\\/04\\\/logo-hiero-strasbourg.jpg\",\"contentUrl\":\"https:\\\/\\\/hierostrasbourg.com\\\/wp-content\\\/uploads\\\/2026\\\/04\\\/logo-hiero-strasbourg.jpg\",\"width\":204,\"height\":192,\"caption\":\"F\u00e9d\u00e9ration Hi\u00e9ro Strasbourg\"},\"image\":{\"@id\":\"https:\\\/\\\/hierostrasbourg.com\\\/#\\\/schema\\\/logo\\\/image\\\/\"},\"sameAs\":[\"https:\\\/\\\/www.facebook.com\\\/fedehierostrasbourg\",\"https:\\\/\\\/x.com\\\/hierostrasbourg\"]}]}<\/script>\n<!-- \/ Yoast SEO plugin. -->","yoast_head_json":{"title":"13E SENS recrute un charg\u00e9 de communication et des relations avec les publics [F\/H] - HIERO STRASBOURG","robots":{"index":"index","follow":"follow","max-snippet":"max-snippet:-1","max-image-preview":"max-image-preview:large","max-video-preview":"max-video-preview:-1"},"canonical":"https:\/\/hierostrasbourg.com\/index.php\/2022\/11\/30\/13e-sens-recrute-un-charge-de-communication-et-des-relations-avec-les-publics-f-h\/","og_locale":"fr_FR","og_type":"article","og_title":"13E SENS recrute un charg\u00e9 de communication et des relations avec les publics [F\/H] - HIERO STRASBOURG","og_description":"Sous statut associatif, 13e sens, relais culturel d\u2019Obernai (environ 11 800 habitants), dispose d\u2019une salle de spectacle et de cin\u00e9ma de 158 places, ainsi que d\u2019un chapiteau de 400 places. L\u2019association dispose d\u2019un budget global d\u2019environ 700K\u20ac, d\u2019une \u00e9quipe de permanents et intermittents, et s\u2019appuie sur un important r\u00e9seau de b\u00e9n\u00e9voles investi dans le projet associatif. La saison culturelle propose de septembre \u00e0 avril une quinzaine de spectacles pluridisciplinaires. Le cin\u00e9ma, class\u00e9 Art et Essai, est labellis\u00e9 Jeune Public et [&hellip;]","og_url":"https:\/\/hierostrasbourg.com\/index.php\/2022\/11\/30\/13e-sens-recrute-un-charge-de-communication-et-des-relations-avec-les-publics-f-h\/","og_site_name":"HIERO STRASBOURG","article_publisher":"https:\/\/www.facebook.com\/fedehierostrasbourg","article_published_time":"2022-11-30T11:36:10+00:00","twitter_card":"summary_large_image","twitter_creator":"@hierostrasbourg","twitter_site":"@hierostrasbourg","twitter_misc":{"Dur\u00e9e de lecture estim\u00e9e":"1 minute"},"schema":{"@context":"https:\/\/schema.org","@graph":[{"@type":"Article","@id":"https:\/\/hierostrasbourg.com\/index.php\/2022\/11\/30\/13e-sens-recrute-un-charge-de-communication-et-des-relations-avec-les-publics-f-h\/#article","isPartOf":{"@id":"https:\/\/hierostrasbourg.com\/index.php\/2022\/11\/30\/13e-sens-recrute-un-charge-de-communication-et-des-relations-avec-les-publics-f-h\/"},"author":{"name":"","@id":""},"headline":"13E SENS recrute un charg\u00e9 de communication et des relations avec les publics [F\/H]","datePublished":"2022-11-30T11:36:10+00:00","mainEntityOfPage":{"@id":"https:\/\/hierostrasbourg.com\/index.php\/2022\/11\/30\/13e-sens-recrute-un-charge-de-communication-et-des-relations-avec-les-publics-f-h\/"},"wordCount":154,"publisher":{"@id":"https:\/\/hierostrasbourg.com\/#organization"},"inLanguage":"fr-FR"},{"@type":"WebPage","@id":"https:\/\/hierostrasbourg.com\/index.php\/2022\/11\/30\/13e-sens-recrute-un-charge-de-communication-et-des-relations-avec-les-publics-f-h\/","url":"https:\/\/hierostrasbourg.com\/index.php\/2022\/11\/30\/13e-sens-recrute-un-charge-de-communication-et-des-relations-avec-les-publics-f-h\/","name":"13E SENS recrute un charg\u00e9 de communication et des relations avec les publics [F\/H] - HIERO STRASBOURG","isPartOf":{"@id":"https:\/\/hierostrasbourg.com\/#website"},"datePublished":"2022-11-30T11:36:10+00:00","breadcrumb":{"@id":"https:\/\/hierostrasbourg.com\/index.php\/2022\/11\/30\/13e-sens-recrute-un-charge-de-communication-et-des-relations-avec-les-publics-f-h\/#breadcrumb"},"inLanguage":"fr-FR","potentialAction":[{"@type":"ReadAction","target":["https:\/\/hierostrasbourg.com\/index.php\/2022\/11\/30\/13e-sens-recrute-un-charge-de-communication-et-des-relations-avec-les-publics-f-h\/"]}]},{"@type":"BreadcrumbList","@id":"https:\/\/hierostrasbourg.com\/index.php\/2022\/11\/30\/13e-sens-recrute-un-charge-de-communication-et-des-relations-avec-les-publics-f-h\/#breadcrumb","itemListElement":[{"@type":"ListItem","position":1,"name":"Accueil","item":"https:\/\/hierostrasbourg.com\/"},{"@type":"ListItem","position":2,"name":"13E SENS recrute un charg\u00e9 de communication et des relations avec les publics [F\/H]"}]},{"@type":"WebSite","@id":"https:\/\/hierostrasbourg.com\/#website","url":"https:\/\/hierostrasbourg.com\/","name":"HIERO STRASBOURG","description":"Centre de Ressources Musiques Actuelles","publisher":{"@id":"https:\/\/hierostrasbourg.com\/#organization"},"potentialAction":[{"@type":"SearchAction","target":{"@type":"EntryPoint","urlTemplate":"https:\/\/hierostrasbourg.com\/?s={search_term_string}"},"query-input":{"@type":"PropertyValueSpecification","valueRequired":true,"valueName":"search_term_string"}}],"inLanguage":"fr-FR"},{"@type":"Organization","@id":"https:\/\/hierostrasbourg.com\/#organization","name":"F\u00e9d\u00e9ration Hi\u00e9ro Strasbourg","url":"https:\/\/hierostrasbourg.com\/","logo":{"@type":"ImageObject","inLanguage":"fr-FR","@id":"https:\/\/hierostrasbourg.com\/#\/schema\/logo\/image\/","url":"https:\/\/hierostrasbourg.com\/wp-content\/uploads\/2026\/04\/logo-hiero-strasbourg.jpg","contentUrl":"https:\/\/hierostrasbourg.com\/wp-content\/uploads\/2026\/04\/logo-hiero-strasbourg.jpg","width":204,"height":192,"caption":"F\u00e9d\u00e9ration Hi\u00e9ro Strasbourg"},"image":{"@id":"https:\/\/hierostrasbourg.com\/#\/schema\/logo\/image\/"},"sameAs":["https:\/\/www.facebook.com\/fedehierostrasbourg","https:\/\/x.com\/hierostrasbourg"]}]}},"_links":{"self":[{"href":"https:\/\/hierostrasbourg.com\/index.php\/wp-json\/wp\/v2\/posts\/4185","targetHints":{"allow":["GET"]}}],"collection":[{"href":"https:\/\/hierostrasbourg.com\/index.php\/wp-json\/wp\/v2\/posts"}],"about":[{"href":"https:\/\/hierostrasbourg.com\/index.php\/wp-json\/wp\/v2\/types\/post"}],"replies":[{"embeddable":true,"href":"https:\/\/hierostrasbourg.com\/index.php\/wp-json\/wp\/v2\/comments?post=4185"}],"version-history":[{"count":0,"href":"https:\/\/hierostrasbourg.com\/index.php\/wp-json\/wp\/v2\/posts\/4185\/revisions"}],"wp:attachment":[{"href":"https:\/\/hierostrasbourg.com\/index.php\/wp-json\/wp\/v2\/media?parent=4185"}],"wp:term":[{"taxonomy":"category","embeddable":true,"href":"https:\/\/hierostrasbourg.com\/index.php\/wp-json\/wp\/v2\/categories?post=4185"},{"taxonomy":"post_tag","embeddable":true,"href":"https:\/\/hierostrasbourg.com\/index.php\/wp-json\/wp\/v2\/tags?post=4185"}],"curies":[{"name":"wp","href":"https:\/\/api.w.org\/{rel}","templated":true}]}}