{"id":4184,"date":"2022-11-29T23:36:15","date_gmt":"2022-11-29T22:36:15","guid":{"rendered":"https:\/\/hierostrasbourg.com\/index.php\/2022\/11\/29\/a-lenvers-nouvelle-video-de-outed-pop-strasbourg-2\/"},"modified":"2022-11-29T23:36:15","modified_gmt":"2022-11-29T22:36:15","slug":"a-lenvers-nouvelle-video-de-outed-pop-strasbourg-2","status":"publish","type":"post","link":"https:\/\/hierostrasbourg.com\/index.php\/2022\/11\/29\/a-lenvers-nouvelle-video-de-outed-pop-strasbourg-2\/","title":{"rendered":"\u201cA l\u2019envers\u201d, nouvelle vid\u00e9o de OUTED [pop \/ Strasbourg]"},"content":{"rendered":"<p><span>communiqu\u00e9<\/span><\/p>\n<p>D\u2019un c\u00f4t\u00e9, il y avait ce texte \u00e9crit et compos\u00e9e pour le prochain album \u00e0 para\u00eetre en mars et qui imagine ce que serait notre vie si nous la vivions \u00e0 l\u2019envers, en partant de sa mort et en remontant le temps jusqu\u2019\u00e0 sa naissance. La chanson, r\u00e9alis\u00e9e par S\u00e9bastien Hoog, est enregistr\u00e9e par OUTED en juillet 2022 avec Franck Bedez \u00e0 la basse, Ced Machi \u00e0 la batterie, David Linderer aux claviers, Florent Livet au mix et \u00c9milie Daelemans au mastering.<br \/>\nAu niveau production, l\u2019utilisation de Kalimbas africains vient appuyer le sujet en \u00e9voquant un retour aux sources et aux origines de l\u2019humanit\u00e9 sur les terres africaines. C\u2019est pourquoi on retrouve \u00e9galement des chants de fermiers Kenyans enregistr\u00e9s sur place pour l\u2019occasion.<\/p>\n<h4>A l\u2019envers \u2022 Nouveau clip du duo OUTED \u2022 R\u00e9alisation Ben BRAND<\/h4>\n<p>De l\u2019autre c\u00f4t\u00e9, RE-ENTRY, un court-m\u00e9trage particuli\u00e8rement ambitieux et profond tourn\u00e9 dans 5 pays sur 3 continents diff\u00e9rents et r\u00e9alis\u00e9 par Ben, bas\u00e9 sur une nouvelle d\u2019Andy Weir (The Egg \u2013 2009), auteur du best-seller \u00ab\u00a0Seul sur Mars\u00a0\u00bb \/ The Martian. Avec Maxime Desmet \u00e0 la photo et Isaka Sawadogo en tant qu\u2019acteur.<br \/>\nRe-Entry traite de th\u00e8mes universels et existentialistes abord\u00e9s par la philosophie et la religion depuis des milliers d\u2019ann\u00e9es : la vie, la mort, l\u2019identit\u00e9, l\u2019au-del\u00e0 et le but de l\u2019existence.<\/p>\n<h4>Une collaboration pleine de sens<\/h4>\n<p>Lors d\u2019une recherche d\u2019inspiration pour le clip de sa chanson, OUTED d\u00e9couvre et tombe litt\u00e9ralement sous le charme du court-m\u00e9trage de Ben.<br \/>\nLe propos r\u00e9sonne si bien avec leur chanson, qu\u2019ils d\u00e9cident de prendre contact avec le r\u00e9alisateur. Ben accepte rapidement une collaboration, enchant\u00e9 par l\u2019id\u00e9e et la chanson, que le couple \u00e0 traduite sp\u00e9cialement pour lui. Dans la foul\u00e9e, Ben d\u00e9bute l\u2019adaptation de son court-m\u00e9trage pour le clip \u00ab A l\u2019envers \u00bb.A l\u2019arriv\u00e9e, le regard d\u2019un r\u00e9alisateur talentueux, une video riche et profonde, une justesse dans le propos, des images superbes et surtout, une collaboration humaine et une rencontre pleine de sens.<\/p>\n<h4>Parcours<\/h4>\n<p>En 2010, Ben Brand a obtenu son dipl\u00f4me de r\u00e9alisateur \u00e0 la Dutch Film Academy d\u2019Amsterdam. Sa toute premi\u00e8re publicit\u00e9 pour le festival \u2018Young Director Award\u2019 \u00e0 Cannes a remport\u00e9 plusieurs prix dont le Golden Hammer en Lettonie, le Silver Drum en Slov\u00e9nie, un Cresta Award \u00e0 New York, a \u00e9t\u00e9 nomin\u00e9 deux fois pour les Cannes Lions et a cumul\u00e9 plus de 50.000.000 vues dans le monde entier.<br \/>\nDans la p\u00e9riode qui a suivi, Ben a r\u00e9alis\u00e9 plusieurs publicit\u00e9s pour Caviar Amsterdam ainsi que deux courts m\u00e9trages\u00a0; \u2018Life is Beautiful\u2019 (animation 3D) et \u201897%\u2019 (live action). Ces films ont \u00e9t\u00e9 projet\u00e9s dans plus de 150 festivals de films internationaux, cumulant plus de 2 500 000 vues en ligne et remportant de nombreux prix. 97% a \u00e9galement repr\u00e9sent\u00e9 les Pays-Bas dans la cat\u00e9gorie des courts m\u00e9trages d\u2019action en direct aux Oscars (2014).<br \/>\nEn 2017, le premier long m\u00e9trage de Ben \u201cFind this dumb little bitch and throw her into a river\u201d a re\u00e7u plusieurs prix lors de sa tourn\u00e9e mondiale de festivals, dont une Mention Sp\u00e9ciale au festival international du film de Varsovie, le Nouveau Prix des R\u00e9alisateurs au festival du film Kosmorama en Norv\u00e8ge et le Prix du Meilleur Film Narratif au festival international du film Greenwhich en Am\u00e9rique du Nord.<br \/>\nActuellement, Ben r\u00e9alise des publicit\u00e9s et des films partout dans le monde. Ses derniers courts m\u00e9trages sont Sea You, un court m\u00e9trage d\u2019animation pour Path\u00e9 Cinema aux Pays-Bas et Re-Entry, un film bas\u00e9 sur une nouvelle d\u2019Andy Weir (The Egg \u2013 2009), auteur du best-seller \u00ab\u00a0Seul sur Mars\u00a0\u00bb \/ The Martian et dont les images ont \u00e9t\u00e9 \u00e9galement utilis\u00e9e et remont\u00e9es sp\u00e9cialement pour le clip du titre A l\u2019envers du duo pop fran\u00e7ais OUTED.<\/p>\n<p><a href=\"https:\/\/www.outed.info\/\">www.outed.info<\/a><\/p>\n<p><span class=\"mce_SELRES_start\">\ufeff<\/span><\/p>\n<p>L\u2019article <a href=\"https:\/\/musiquesactuelles.net\/a-lenvers-nouvelle-video-de-outed-pop-strasbourg\/\">\u201cA l\u2019envers\u201d, nouvelle vid\u00e9o de OUTED [pop \/ Strasbourg]<\/a> est apparu en premier sur <a href=\"https:\/\/musiquesactuelles.net\/\">PLATE-FORME MUSIQUES ACTUELLES GRAND EST ALSACE CHAMPAGNE ARDENNE LORRAINE<\/a>.<\/p>\n<p>L\u2019article <a href=\"https:\/\/popburo.fr\/a-lenvers-nouvelle-video-de-outed-pop-strasbourg-2\/\">\u201cA l\u2019envers\u201d, nouvelle vid\u00e9o de OUTED [pop \/ Strasbourg]<\/a> est apparu en premier sur <a href=\"https:\/\/popburo.fr\/\">POP B\u00dcRO<\/a>.<\/p>\n","protected":false},"excerpt":{"rendered":"<p>communiqu\u00e9 D\u2019un c\u00f4t\u00e9, il y avait ce texte \u00e9crit et compos\u00e9e pour le prochain album \u00e0 para\u00eetre en mars et qui imagine ce que serait notre vie si nous la vivions \u00e0 l\u2019envers, en partant de sa mort et en remontant le temps jusqu\u2019\u00e0 sa naissance. La chanson, r\u00e9alis\u00e9e par S\u00e9bastien Hoog, est enregistr\u00e9e par OUTED en juillet 2022 avec Franck Bedez \u00e0 la basse, Ced Machi \u00e0 la batterie, David Linderer aux claviers, Florent Livet au mix et \u00c9milie [&hellip;]<\/p>\n","protected":false},"author":0,"featured_media":0,"comment_status":"closed","ping_status":"open","sticky":false,"template":"","format":"standard","meta":{"footnotes":""},"categories":[1],"tags":[],"class_list":["post-4184","post","type-post","status-publish","format-standard","hentry","category-non-classe"],"yoast_head":"<!-- This site is optimized with the Yoast SEO plugin v27.5 - https:\/\/yoast.com\/product\/yoast-seo-wordpress\/ -->\n<title>\u201cA l\u2019envers\u201d, nouvelle vid\u00e9o de OUTED [pop \/ Strasbourg] - HIERO STRASBOURG<\/title>\n<meta name=\"robots\" content=\"index, follow, max-snippet:-1, max-image-preview:large, max-video-preview:-1\" \/>\n<link rel=\"canonical\" href=\"https:\/\/hierostrasbourg.com\/index.php\/2022\/11\/29\/a-lenvers-nouvelle-video-de-outed-pop-strasbourg-2\/\" \/>\n<meta property=\"og:locale\" content=\"fr_FR\" \/>\n<meta property=\"og:type\" content=\"article\" \/>\n<meta property=\"og:title\" content=\"\u201cA l\u2019envers\u201d, nouvelle vid\u00e9o de OUTED [pop \/ Strasbourg] - HIERO STRASBOURG\" \/>\n<meta property=\"og:description\" content=\"communiqu\u00e9 D\u2019un c\u00f4t\u00e9, il y avait ce texte \u00e9crit et compos\u00e9e pour le prochain album \u00e0 para\u00eetre en mars et qui imagine ce que serait notre vie si nous la vivions \u00e0 l\u2019envers, en partant de sa mort et en remontant le temps jusqu\u2019\u00e0 sa naissance. La chanson, r\u00e9alis\u00e9e par S\u00e9bastien Hoog, est enregistr\u00e9e par OUTED en juillet 2022 avec Franck Bedez \u00e0 la basse, Ced Machi \u00e0 la batterie, David Linderer aux claviers, Florent Livet au mix et \u00c9milie [&hellip;]\" \/>\n<meta property=\"og:url\" content=\"https:\/\/hierostrasbourg.com\/index.php\/2022\/11\/29\/a-lenvers-nouvelle-video-de-outed-pop-strasbourg-2\/\" \/>\n<meta property=\"og:site_name\" content=\"HIERO STRASBOURG\" \/>\n<meta property=\"article:publisher\" content=\"https:\/\/www.facebook.com\/fedehierostrasbourg\" \/>\n<meta property=\"article:published_time\" content=\"2022-11-29T22:36:15+00:00\" \/>\n<meta name=\"twitter:card\" content=\"summary_large_image\" \/>\n<meta name=\"twitter:creator\" content=\"@hierostrasbourg\" \/>\n<meta name=\"twitter:site\" content=\"@hierostrasbourg\" \/>\n<meta name=\"twitter:label1\" content=\"Dur\u00e9e de lecture estim\u00e9e\" \/>\n\t<meta name=\"twitter:data1\" content=\"4 minutes\" \/>\n<script type=\"application\/ld+json\" class=\"yoast-schema-graph\">{\"@context\":\"https:\\\/\\\/schema.org\",\"@graph\":[{\"@type\":\"Article\",\"@id\":\"https:\\\/\\\/hierostrasbourg.com\\\/index.php\\\/2022\\\/11\\\/29\\\/a-lenvers-nouvelle-video-de-outed-pop-strasbourg-2\\\/#article\",\"isPartOf\":{\"@id\":\"https:\\\/\\\/hierostrasbourg.com\\\/index.php\\\/2022\\\/11\\\/29\\\/a-lenvers-nouvelle-video-de-outed-pop-strasbourg-2\\\/\"},\"author\":{\"name\":\"\",\"@id\":\"\"},\"headline\":\"\u201cA l\u2019envers\u201d, nouvelle vid\u00e9o de OUTED [pop \\\/ Strasbourg]\",\"datePublished\":\"2022-11-29T22:36:15+00:00\",\"mainEntityOfPage\":{\"@id\":\"https:\\\/\\\/hierostrasbourg.com\\\/index.php\\\/2022\\\/11\\\/29\\\/a-lenvers-nouvelle-video-de-outed-pop-strasbourg-2\\\/\"},\"wordCount\":725,\"publisher\":{\"@id\":\"https:\\\/\\\/hierostrasbourg.com\\\/#organization\"},\"inLanguage\":\"fr-FR\"},{\"@type\":\"WebPage\",\"@id\":\"https:\\\/\\\/hierostrasbourg.com\\\/index.php\\\/2022\\\/11\\\/29\\\/a-lenvers-nouvelle-video-de-outed-pop-strasbourg-2\\\/\",\"url\":\"https:\\\/\\\/hierostrasbourg.com\\\/index.php\\\/2022\\\/11\\\/29\\\/a-lenvers-nouvelle-video-de-outed-pop-strasbourg-2\\\/\",\"name\":\"\u201cA l\u2019envers\u201d, nouvelle vid\u00e9o de OUTED [pop \\\/ Strasbourg] - HIERO STRASBOURG\",\"isPartOf\":{\"@id\":\"https:\\\/\\\/hierostrasbourg.com\\\/#website\"},\"datePublished\":\"2022-11-29T22:36:15+00:00\",\"breadcrumb\":{\"@id\":\"https:\\\/\\\/hierostrasbourg.com\\\/index.php\\\/2022\\\/11\\\/29\\\/a-lenvers-nouvelle-video-de-outed-pop-strasbourg-2\\\/#breadcrumb\"},\"inLanguage\":\"fr-FR\",\"potentialAction\":[{\"@type\":\"ReadAction\",\"target\":[\"https:\\\/\\\/hierostrasbourg.com\\\/index.php\\\/2022\\\/11\\\/29\\\/a-lenvers-nouvelle-video-de-outed-pop-strasbourg-2\\\/\"]}]},{\"@type\":\"BreadcrumbList\",\"@id\":\"https:\\\/\\\/hierostrasbourg.com\\\/index.php\\\/2022\\\/11\\\/29\\\/a-lenvers-nouvelle-video-de-outed-pop-strasbourg-2\\\/#breadcrumb\",\"itemListElement\":[{\"@type\":\"ListItem\",\"position\":1,\"name\":\"Accueil\",\"item\":\"https:\\\/\\\/hierostrasbourg.com\\\/\"},{\"@type\":\"ListItem\",\"position\":2,\"name\":\"\u201cA l\u2019envers\u201d, nouvelle vid\u00e9o de OUTED [pop \\\/ Strasbourg]\"}]},{\"@type\":\"WebSite\",\"@id\":\"https:\\\/\\\/hierostrasbourg.com\\\/#website\",\"url\":\"https:\\\/\\\/hierostrasbourg.com\\\/\",\"name\":\"HIERO STRASBOURG\",\"description\":\"Centre de Ressources Musiques Actuelles\",\"publisher\":{\"@id\":\"https:\\\/\\\/hierostrasbourg.com\\\/#organization\"},\"potentialAction\":[{\"@type\":\"SearchAction\",\"target\":{\"@type\":\"EntryPoint\",\"urlTemplate\":\"https:\\\/\\\/hierostrasbourg.com\\\/?s={search_term_string}\"},\"query-input\":{\"@type\":\"PropertyValueSpecification\",\"valueRequired\":true,\"valueName\":\"search_term_string\"}}],\"inLanguage\":\"fr-FR\"},{\"@type\":\"Organization\",\"@id\":\"https:\\\/\\\/hierostrasbourg.com\\\/#organization\",\"name\":\"F\u00e9d\u00e9ration Hi\u00e9ro Strasbourg\",\"url\":\"https:\\\/\\\/hierostrasbourg.com\\\/\",\"logo\":{\"@type\":\"ImageObject\",\"inLanguage\":\"fr-FR\",\"@id\":\"https:\\\/\\\/hierostrasbourg.com\\\/#\\\/schema\\\/logo\\\/image\\\/\",\"url\":\"https:\\\/\\\/hierostrasbourg.com\\\/wp-content\\\/uploads\\\/2026\\\/04\\\/logo-hiero-strasbourg.jpg\",\"contentUrl\":\"https:\\\/\\\/hierostrasbourg.com\\\/wp-content\\\/uploads\\\/2026\\\/04\\\/logo-hiero-strasbourg.jpg\",\"width\":204,\"height\":192,\"caption\":\"F\u00e9d\u00e9ration Hi\u00e9ro Strasbourg\"},\"image\":{\"@id\":\"https:\\\/\\\/hierostrasbourg.com\\\/#\\\/schema\\\/logo\\\/image\\\/\"},\"sameAs\":[\"https:\\\/\\\/www.facebook.com\\\/fedehierostrasbourg\",\"https:\\\/\\\/x.com\\\/hierostrasbourg\"]}]}<\/script>\n<!-- \/ Yoast SEO plugin. -->","yoast_head_json":{"title":"\u201cA l\u2019envers\u201d, nouvelle vid\u00e9o de OUTED [pop \/ Strasbourg] - HIERO STRASBOURG","robots":{"index":"index","follow":"follow","max-snippet":"max-snippet:-1","max-image-preview":"max-image-preview:large","max-video-preview":"max-video-preview:-1"},"canonical":"https:\/\/hierostrasbourg.com\/index.php\/2022\/11\/29\/a-lenvers-nouvelle-video-de-outed-pop-strasbourg-2\/","og_locale":"fr_FR","og_type":"article","og_title":"\u201cA l\u2019envers\u201d, nouvelle vid\u00e9o de OUTED [pop \/ Strasbourg] - HIERO STRASBOURG","og_description":"communiqu\u00e9 D\u2019un c\u00f4t\u00e9, il y avait ce texte \u00e9crit et compos\u00e9e pour le prochain album \u00e0 para\u00eetre en mars et qui imagine ce que serait notre vie si nous la vivions \u00e0 l\u2019envers, en partant de sa mort et en remontant le temps jusqu\u2019\u00e0 sa naissance. La chanson, r\u00e9alis\u00e9e par S\u00e9bastien Hoog, est enregistr\u00e9e par OUTED en juillet 2022 avec Franck Bedez \u00e0 la basse, Ced Machi \u00e0 la batterie, David Linderer aux claviers, Florent Livet au mix et \u00c9milie [&hellip;]","og_url":"https:\/\/hierostrasbourg.com\/index.php\/2022\/11\/29\/a-lenvers-nouvelle-video-de-outed-pop-strasbourg-2\/","og_site_name":"HIERO STRASBOURG","article_publisher":"https:\/\/www.facebook.com\/fedehierostrasbourg","article_published_time":"2022-11-29T22:36:15+00:00","twitter_card":"summary_large_image","twitter_creator":"@hierostrasbourg","twitter_site":"@hierostrasbourg","twitter_misc":{"Dur\u00e9e de lecture estim\u00e9e":"4 minutes"},"schema":{"@context":"https:\/\/schema.org","@graph":[{"@type":"Article","@id":"https:\/\/hierostrasbourg.com\/index.php\/2022\/11\/29\/a-lenvers-nouvelle-video-de-outed-pop-strasbourg-2\/#article","isPartOf":{"@id":"https:\/\/hierostrasbourg.com\/index.php\/2022\/11\/29\/a-lenvers-nouvelle-video-de-outed-pop-strasbourg-2\/"},"author":{"name":"","@id":""},"headline":"\u201cA l\u2019envers\u201d, nouvelle vid\u00e9o de OUTED [pop \/ Strasbourg]","datePublished":"2022-11-29T22:36:15+00:00","mainEntityOfPage":{"@id":"https:\/\/hierostrasbourg.com\/index.php\/2022\/11\/29\/a-lenvers-nouvelle-video-de-outed-pop-strasbourg-2\/"},"wordCount":725,"publisher":{"@id":"https:\/\/hierostrasbourg.com\/#organization"},"inLanguage":"fr-FR"},{"@type":"WebPage","@id":"https:\/\/hierostrasbourg.com\/index.php\/2022\/11\/29\/a-lenvers-nouvelle-video-de-outed-pop-strasbourg-2\/","url":"https:\/\/hierostrasbourg.com\/index.php\/2022\/11\/29\/a-lenvers-nouvelle-video-de-outed-pop-strasbourg-2\/","name":"\u201cA l\u2019envers\u201d, nouvelle vid\u00e9o de OUTED [pop \/ Strasbourg] - HIERO STRASBOURG","isPartOf":{"@id":"https:\/\/hierostrasbourg.com\/#website"},"datePublished":"2022-11-29T22:36:15+00:00","breadcrumb":{"@id":"https:\/\/hierostrasbourg.com\/index.php\/2022\/11\/29\/a-lenvers-nouvelle-video-de-outed-pop-strasbourg-2\/#breadcrumb"},"inLanguage":"fr-FR","potentialAction":[{"@type":"ReadAction","target":["https:\/\/hierostrasbourg.com\/index.php\/2022\/11\/29\/a-lenvers-nouvelle-video-de-outed-pop-strasbourg-2\/"]}]},{"@type":"BreadcrumbList","@id":"https:\/\/hierostrasbourg.com\/index.php\/2022\/11\/29\/a-lenvers-nouvelle-video-de-outed-pop-strasbourg-2\/#breadcrumb","itemListElement":[{"@type":"ListItem","position":1,"name":"Accueil","item":"https:\/\/hierostrasbourg.com\/"},{"@type":"ListItem","position":2,"name":"\u201cA l\u2019envers\u201d, nouvelle vid\u00e9o de OUTED [pop \/ Strasbourg]"}]},{"@type":"WebSite","@id":"https:\/\/hierostrasbourg.com\/#website","url":"https:\/\/hierostrasbourg.com\/","name":"HIERO STRASBOURG","description":"Centre de Ressources Musiques Actuelles","publisher":{"@id":"https:\/\/hierostrasbourg.com\/#organization"},"potentialAction":[{"@type":"SearchAction","target":{"@type":"EntryPoint","urlTemplate":"https:\/\/hierostrasbourg.com\/?s={search_term_string}"},"query-input":{"@type":"PropertyValueSpecification","valueRequired":true,"valueName":"search_term_string"}}],"inLanguage":"fr-FR"},{"@type":"Organization","@id":"https:\/\/hierostrasbourg.com\/#organization","name":"F\u00e9d\u00e9ration Hi\u00e9ro Strasbourg","url":"https:\/\/hierostrasbourg.com\/","logo":{"@type":"ImageObject","inLanguage":"fr-FR","@id":"https:\/\/hierostrasbourg.com\/#\/schema\/logo\/image\/","url":"https:\/\/hierostrasbourg.com\/wp-content\/uploads\/2026\/04\/logo-hiero-strasbourg.jpg","contentUrl":"https:\/\/hierostrasbourg.com\/wp-content\/uploads\/2026\/04\/logo-hiero-strasbourg.jpg","width":204,"height":192,"caption":"F\u00e9d\u00e9ration Hi\u00e9ro Strasbourg"},"image":{"@id":"https:\/\/hierostrasbourg.com\/#\/schema\/logo\/image\/"},"sameAs":["https:\/\/www.facebook.com\/fedehierostrasbourg","https:\/\/x.com\/hierostrasbourg"]}]}},"_links":{"self":[{"href":"https:\/\/hierostrasbourg.com\/index.php\/wp-json\/wp\/v2\/posts\/4184","targetHints":{"allow":["GET"]}}],"collection":[{"href":"https:\/\/hierostrasbourg.com\/index.php\/wp-json\/wp\/v2\/posts"}],"about":[{"href":"https:\/\/hierostrasbourg.com\/index.php\/wp-json\/wp\/v2\/types\/post"}],"replies":[{"embeddable":true,"href":"https:\/\/hierostrasbourg.com\/index.php\/wp-json\/wp\/v2\/comments?post=4184"}],"version-history":[{"count":0,"href":"https:\/\/hierostrasbourg.com\/index.php\/wp-json\/wp\/v2\/posts\/4184\/revisions"}],"wp:attachment":[{"href":"https:\/\/hierostrasbourg.com\/index.php\/wp-json\/wp\/v2\/media?parent=4184"}],"wp:term":[{"taxonomy":"category","embeddable":true,"href":"https:\/\/hierostrasbourg.com\/index.php\/wp-json\/wp\/v2\/categories?post=4184"},{"taxonomy":"post_tag","embeddable":true,"href":"https:\/\/hierostrasbourg.com\/index.php\/wp-json\/wp\/v2\/tags?post=4184"}],"curies":[{"name":"wp","href":"https:\/\/api.w.org\/{rel}","templated":true}]}}