{"id":4183,"date":"2022-11-29T23:36:15","date_gmt":"2022-11-29T22:36:15","guid":{"rendered":"https:\/\/hierostrasbourg.com\/index.php\/2022\/11\/29\/transition-ecologique-la-culture-en-quete-de-solutions-concretes\/"},"modified":"2022-11-29T23:36:15","modified_gmt":"2022-11-29T22:36:15","slug":"transition-ecologique-la-culture-en-quete-de-solutions-concretes","status":"publish","type":"post","link":"https:\/\/hierostrasbourg.com\/index.php\/2022\/11\/29\/transition-ecologique-la-culture-en-quete-de-solutions-concretes\/","title":{"rendered":"Transition \u00e9cologique : la culture en qu\u00eate de solutions concr\u00e8tes"},"content":{"rendered":"<p><a href=\"https:\/\/musiquesactuelles.alsace\/transition-ecologique-la-culture-en-quete-de-solutions-concretes\/\" title=\"Transition \u00e9cologique : la culture en qu\u00eate de solutions concr\u00e8tes\"><\/a><\/p>\n<p>D\u00e9cid\u00e9s \u00e0 s\u2019engager dans la transition \u00e9cologique, les professionnels de la culture insistent sur la n\u00e9cessit\u00e9 de trouver ensemble, et avec les \u00e9lus, des solutions \u00e0 mettre en \u0153uvre, tout en les d\u00e9clinant en fonction des territoires. Le Salon des maires et des collectivit\u00e9s leur a donn\u00e9 l\u2019occasion de faire le point. Source \/ Lire la suite : Transition \u00e9cologique : la culture en qu\u00eate de solutions concr\u00e8tes<\/p>\n<p>L\u2019article <a href=\"https:\/\/musiquesactuelles.alsace\/transition-ecologique-la-culture-en-quete-de-solutions-concretes\/\">Transition \u00e9cologique : la culture en qu\u00eate de solutions concr\u00e8tes<\/a> est apparu en premier sur <a href=\"https:\/\/musiquesactuelles.alsace\/\">Musiques Actuelles en Alsace<\/a>.<\/p>\n<p>L\u2019article <a href=\"https:\/\/popburo.fr\/transition-ecologique-la-culture-en-quete-de-solutions-concretes\/\">Transition \u00e9cologique : la culture en qu\u00eate de solutions concr\u00e8tes<\/a> est apparu en premier sur <a href=\"https:\/\/popburo.fr\/\">POP B\u00dcRO<\/a>.<\/p>\n","protected":false},"excerpt":{"rendered":"<p>D\u00e9cid\u00e9s \u00e0 s\u2019engager dans la transition \u00e9cologique, les professionnels de la culture insistent sur la n\u00e9cessit\u00e9 de trouver ensemble, et avec les \u00e9lus, des solutions \u00e0 mettre en \u0153uvre, tout en les d\u00e9clinant en fonction des territoires. Le Salon des maires et des collectivit\u00e9s leur a donn\u00e9 l\u2019occasion de faire le point. Source \/ Lire la suite : Transition \u00e9cologique : la culture en qu\u00eate de solutions concr\u00e8tes L\u2019article Transition \u00e9cologique : la culture en qu\u00eate de solutions concr\u00e8tes est [&hellip;]<\/p>\n","protected":false},"author":0,"featured_media":0,"comment_status":"closed","ping_status":"open","sticky":false,"template":"","format":"standard","meta":{"footnotes":""},"categories":[1],"tags":[],"class_list":["post-4183","post","type-post","status-publish","format-standard","hentry","category-non-classe"],"yoast_head":"<!-- This site is optimized with the Yoast SEO plugin v27.5 - https:\/\/yoast.com\/product\/yoast-seo-wordpress\/ -->\n<title>Transition \u00e9cologique : la culture en qu\u00eate de solutions concr\u00e8tes - HIERO STRASBOURG<\/title>\n<meta name=\"robots\" content=\"index, follow, max-snippet:-1, max-image-preview:large, max-video-preview:-1\" \/>\n<link rel=\"canonical\" href=\"https:\/\/hierostrasbourg.com\/index.php\/2022\/11\/29\/transition-ecologique-la-culture-en-quete-de-solutions-concretes\/\" \/>\n<meta property=\"og:locale\" content=\"fr_FR\" \/>\n<meta property=\"og:type\" content=\"article\" \/>\n<meta property=\"og:title\" content=\"Transition \u00e9cologique : la culture en qu\u00eate de solutions concr\u00e8tes - HIERO STRASBOURG\" \/>\n<meta property=\"og:description\" content=\"D\u00e9cid\u00e9s \u00e0 s\u2019engager dans la transition \u00e9cologique, les professionnels de la culture insistent sur la n\u00e9cessit\u00e9 de trouver ensemble, et avec les \u00e9lus, des solutions \u00e0 mettre en \u0153uvre, tout en les d\u00e9clinant en fonction des territoires. Le Salon des maires et des collectivit\u00e9s leur a donn\u00e9 l\u2019occasion de faire le point. Source \/ Lire la suite : Transition \u00e9cologique : la culture en qu\u00eate de solutions concr\u00e8tes L\u2019article Transition \u00e9cologique : la culture en qu\u00eate de solutions concr\u00e8tes est [&hellip;]\" \/>\n<meta property=\"og:url\" content=\"https:\/\/hierostrasbourg.com\/index.php\/2022\/11\/29\/transition-ecologique-la-culture-en-quete-de-solutions-concretes\/\" \/>\n<meta property=\"og:site_name\" content=\"HIERO STRASBOURG\" \/>\n<meta property=\"article:publisher\" content=\"https:\/\/www.facebook.com\/fedehierostrasbourg\" \/>\n<meta property=\"article:published_time\" content=\"2022-11-29T22:36:15+00:00\" \/>\n<meta name=\"twitter:card\" content=\"summary_large_image\" \/>\n<meta name=\"twitter:creator\" content=\"@hierostrasbourg\" \/>\n<meta name=\"twitter:site\" content=\"@hierostrasbourg\" \/>\n<meta name=\"twitter:label1\" content=\"Dur\u00e9e de lecture estim\u00e9e\" \/>\n\t<meta name=\"twitter:data1\" content=\"1 minute\" \/>\n<script type=\"application\/ld+json\" class=\"yoast-schema-graph\">{\"@context\":\"https:\\\/\\\/schema.org\",\"@graph\":[{\"@type\":\"Article\",\"@id\":\"https:\\\/\\\/hierostrasbourg.com\\\/index.php\\\/2022\\\/11\\\/29\\\/transition-ecologique-la-culture-en-quete-de-solutions-concretes\\\/#article\",\"isPartOf\":{\"@id\":\"https:\\\/\\\/hierostrasbourg.com\\\/index.php\\\/2022\\\/11\\\/29\\\/transition-ecologique-la-culture-en-quete-de-solutions-concretes\\\/\"},\"author\":{\"name\":\"\",\"@id\":\"\"},\"headline\":\"Transition \u00e9cologique : la culture en qu\u00eate de solutions concr\u00e8tes\",\"datePublished\":\"2022-11-29T22:36:15+00:00\",\"mainEntityOfPage\":{\"@id\":\"https:\\\/\\\/hierostrasbourg.com\\\/index.php\\\/2022\\\/11\\\/29\\\/transition-ecologique-la-culture-en-quete-de-solutions-concretes\\\/\"},\"wordCount\":126,\"publisher\":{\"@id\":\"https:\\\/\\\/hierostrasbourg.com\\\/#organization\"},\"inLanguage\":\"fr-FR\"},{\"@type\":\"WebPage\",\"@id\":\"https:\\\/\\\/hierostrasbourg.com\\\/index.php\\\/2022\\\/11\\\/29\\\/transition-ecologique-la-culture-en-quete-de-solutions-concretes\\\/\",\"url\":\"https:\\\/\\\/hierostrasbourg.com\\\/index.php\\\/2022\\\/11\\\/29\\\/transition-ecologique-la-culture-en-quete-de-solutions-concretes\\\/\",\"name\":\"Transition \u00e9cologique : la culture en qu\u00eate de solutions concr\u00e8tes - HIERO STRASBOURG\",\"isPartOf\":{\"@id\":\"https:\\\/\\\/hierostrasbourg.com\\\/#website\"},\"datePublished\":\"2022-11-29T22:36:15+00:00\",\"breadcrumb\":{\"@id\":\"https:\\\/\\\/hierostrasbourg.com\\\/index.php\\\/2022\\\/11\\\/29\\\/transition-ecologique-la-culture-en-quete-de-solutions-concretes\\\/#breadcrumb\"},\"inLanguage\":\"fr-FR\",\"potentialAction\":[{\"@type\":\"ReadAction\",\"target\":[\"https:\\\/\\\/hierostrasbourg.com\\\/index.php\\\/2022\\\/11\\\/29\\\/transition-ecologique-la-culture-en-quete-de-solutions-concretes\\\/\"]}]},{\"@type\":\"BreadcrumbList\",\"@id\":\"https:\\\/\\\/hierostrasbourg.com\\\/index.php\\\/2022\\\/11\\\/29\\\/transition-ecologique-la-culture-en-quete-de-solutions-concretes\\\/#breadcrumb\",\"itemListElement\":[{\"@type\":\"ListItem\",\"position\":1,\"name\":\"Accueil\",\"item\":\"https:\\\/\\\/hierostrasbourg.com\\\/\"},{\"@type\":\"ListItem\",\"position\":2,\"name\":\"Transition \u00e9cologique : la culture en qu\u00eate de solutions concr\u00e8tes\"}]},{\"@type\":\"WebSite\",\"@id\":\"https:\\\/\\\/hierostrasbourg.com\\\/#website\",\"url\":\"https:\\\/\\\/hierostrasbourg.com\\\/\",\"name\":\"HIERO STRASBOURG\",\"description\":\"Centre de Ressources Musiques Actuelles\",\"publisher\":{\"@id\":\"https:\\\/\\\/hierostrasbourg.com\\\/#organization\"},\"potentialAction\":[{\"@type\":\"SearchAction\",\"target\":{\"@type\":\"EntryPoint\",\"urlTemplate\":\"https:\\\/\\\/hierostrasbourg.com\\\/?s={search_term_string}\"},\"query-input\":{\"@type\":\"PropertyValueSpecification\",\"valueRequired\":true,\"valueName\":\"search_term_string\"}}],\"inLanguage\":\"fr-FR\"},{\"@type\":\"Organization\",\"@id\":\"https:\\\/\\\/hierostrasbourg.com\\\/#organization\",\"name\":\"F\u00e9d\u00e9ration Hi\u00e9ro Strasbourg\",\"url\":\"https:\\\/\\\/hierostrasbourg.com\\\/\",\"logo\":{\"@type\":\"ImageObject\",\"inLanguage\":\"fr-FR\",\"@id\":\"https:\\\/\\\/hierostrasbourg.com\\\/#\\\/schema\\\/logo\\\/image\\\/\",\"url\":\"https:\\\/\\\/hierostrasbourg.com\\\/wp-content\\\/uploads\\\/2026\\\/04\\\/logo-hiero-strasbourg.jpg\",\"contentUrl\":\"https:\\\/\\\/hierostrasbourg.com\\\/wp-content\\\/uploads\\\/2026\\\/04\\\/logo-hiero-strasbourg.jpg\",\"width\":204,\"height\":192,\"caption\":\"F\u00e9d\u00e9ration Hi\u00e9ro Strasbourg\"},\"image\":{\"@id\":\"https:\\\/\\\/hierostrasbourg.com\\\/#\\\/schema\\\/logo\\\/image\\\/\"},\"sameAs\":[\"https:\\\/\\\/www.facebook.com\\\/fedehierostrasbourg\",\"https:\\\/\\\/x.com\\\/hierostrasbourg\"]}]}<\/script>\n<!-- \/ Yoast SEO plugin. -->","yoast_head_json":{"title":"Transition \u00e9cologique : la culture en qu\u00eate de solutions concr\u00e8tes - HIERO STRASBOURG","robots":{"index":"index","follow":"follow","max-snippet":"max-snippet:-1","max-image-preview":"max-image-preview:large","max-video-preview":"max-video-preview:-1"},"canonical":"https:\/\/hierostrasbourg.com\/index.php\/2022\/11\/29\/transition-ecologique-la-culture-en-quete-de-solutions-concretes\/","og_locale":"fr_FR","og_type":"article","og_title":"Transition \u00e9cologique : la culture en qu\u00eate de solutions concr\u00e8tes - HIERO STRASBOURG","og_description":"D\u00e9cid\u00e9s \u00e0 s\u2019engager dans la transition \u00e9cologique, les professionnels de la culture insistent sur la n\u00e9cessit\u00e9 de trouver ensemble, et avec les \u00e9lus, des solutions \u00e0 mettre en \u0153uvre, tout en les d\u00e9clinant en fonction des territoires. Le Salon des maires et des collectivit\u00e9s leur a donn\u00e9 l\u2019occasion de faire le point. Source \/ Lire la suite : Transition \u00e9cologique : la culture en qu\u00eate de solutions concr\u00e8tes L\u2019article Transition \u00e9cologique : la culture en qu\u00eate de solutions concr\u00e8tes est [&hellip;]","og_url":"https:\/\/hierostrasbourg.com\/index.php\/2022\/11\/29\/transition-ecologique-la-culture-en-quete-de-solutions-concretes\/","og_site_name":"HIERO STRASBOURG","article_publisher":"https:\/\/www.facebook.com\/fedehierostrasbourg","article_published_time":"2022-11-29T22:36:15+00:00","twitter_card":"summary_large_image","twitter_creator":"@hierostrasbourg","twitter_site":"@hierostrasbourg","twitter_misc":{"Dur\u00e9e de lecture estim\u00e9e":"1 minute"},"schema":{"@context":"https:\/\/schema.org","@graph":[{"@type":"Article","@id":"https:\/\/hierostrasbourg.com\/index.php\/2022\/11\/29\/transition-ecologique-la-culture-en-quete-de-solutions-concretes\/#article","isPartOf":{"@id":"https:\/\/hierostrasbourg.com\/index.php\/2022\/11\/29\/transition-ecologique-la-culture-en-quete-de-solutions-concretes\/"},"author":{"name":"","@id":""},"headline":"Transition \u00e9cologique : la culture en qu\u00eate de solutions concr\u00e8tes","datePublished":"2022-11-29T22:36:15+00:00","mainEntityOfPage":{"@id":"https:\/\/hierostrasbourg.com\/index.php\/2022\/11\/29\/transition-ecologique-la-culture-en-quete-de-solutions-concretes\/"},"wordCount":126,"publisher":{"@id":"https:\/\/hierostrasbourg.com\/#organization"},"inLanguage":"fr-FR"},{"@type":"WebPage","@id":"https:\/\/hierostrasbourg.com\/index.php\/2022\/11\/29\/transition-ecologique-la-culture-en-quete-de-solutions-concretes\/","url":"https:\/\/hierostrasbourg.com\/index.php\/2022\/11\/29\/transition-ecologique-la-culture-en-quete-de-solutions-concretes\/","name":"Transition \u00e9cologique : la culture en qu\u00eate de solutions concr\u00e8tes - HIERO STRASBOURG","isPartOf":{"@id":"https:\/\/hierostrasbourg.com\/#website"},"datePublished":"2022-11-29T22:36:15+00:00","breadcrumb":{"@id":"https:\/\/hierostrasbourg.com\/index.php\/2022\/11\/29\/transition-ecologique-la-culture-en-quete-de-solutions-concretes\/#breadcrumb"},"inLanguage":"fr-FR","potentialAction":[{"@type":"ReadAction","target":["https:\/\/hierostrasbourg.com\/index.php\/2022\/11\/29\/transition-ecologique-la-culture-en-quete-de-solutions-concretes\/"]}]},{"@type":"BreadcrumbList","@id":"https:\/\/hierostrasbourg.com\/index.php\/2022\/11\/29\/transition-ecologique-la-culture-en-quete-de-solutions-concretes\/#breadcrumb","itemListElement":[{"@type":"ListItem","position":1,"name":"Accueil","item":"https:\/\/hierostrasbourg.com\/"},{"@type":"ListItem","position":2,"name":"Transition \u00e9cologique : la culture en qu\u00eate de solutions concr\u00e8tes"}]},{"@type":"WebSite","@id":"https:\/\/hierostrasbourg.com\/#website","url":"https:\/\/hierostrasbourg.com\/","name":"HIERO STRASBOURG","description":"Centre de Ressources Musiques Actuelles","publisher":{"@id":"https:\/\/hierostrasbourg.com\/#organization"},"potentialAction":[{"@type":"SearchAction","target":{"@type":"EntryPoint","urlTemplate":"https:\/\/hierostrasbourg.com\/?s={search_term_string}"},"query-input":{"@type":"PropertyValueSpecification","valueRequired":true,"valueName":"search_term_string"}}],"inLanguage":"fr-FR"},{"@type":"Organization","@id":"https:\/\/hierostrasbourg.com\/#organization","name":"F\u00e9d\u00e9ration Hi\u00e9ro Strasbourg","url":"https:\/\/hierostrasbourg.com\/","logo":{"@type":"ImageObject","inLanguage":"fr-FR","@id":"https:\/\/hierostrasbourg.com\/#\/schema\/logo\/image\/","url":"https:\/\/hierostrasbourg.com\/wp-content\/uploads\/2026\/04\/logo-hiero-strasbourg.jpg","contentUrl":"https:\/\/hierostrasbourg.com\/wp-content\/uploads\/2026\/04\/logo-hiero-strasbourg.jpg","width":204,"height":192,"caption":"F\u00e9d\u00e9ration Hi\u00e9ro Strasbourg"},"image":{"@id":"https:\/\/hierostrasbourg.com\/#\/schema\/logo\/image\/"},"sameAs":["https:\/\/www.facebook.com\/fedehierostrasbourg","https:\/\/x.com\/hierostrasbourg"]}]}},"_links":{"self":[{"href":"https:\/\/hierostrasbourg.com\/index.php\/wp-json\/wp\/v2\/posts\/4183","targetHints":{"allow":["GET"]}}],"collection":[{"href":"https:\/\/hierostrasbourg.com\/index.php\/wp-json\/wp\/v2\/posts"}],"about":[{"href":"https:\/\/hierostrasbourg.com\/index.php\/wp-json\/wp\/v2\/types\/post"}],"replies":[{"embeddable":true,"href":"https:\/\/hierostrasbourg.com\/index.php\/wp-json\/wp\/v2\/comments?post=4183"}],"version-history":[{"count":0,"href":"https:\/\/hierostrasbourg.com\/index.php\/wp-json\/wp\/v2\/posts\/4183\/revisions"}],"wp:attachment":[{"href":"https:\/\/hierostrasbourg.com\/index.php\/wp-json\/wp\/v2\/media?parent=4183"}],"wp:term":[{"taxonomy":"category","embeddable":true,"href":"https:\/\/hierostrasbourg.com\/index.php\/wp-json\/wp\/v2\/categories?post=4183"},{"taxonomy":"post_tag","embeddable":true,"href":"https:\/\/hierostrasbourg.com\/index.php\/wp-json\/wp\/v2\/tags?post=4183"}],"curies":[{"name":"wp","href":"https:\/\/api.w.org\/{rel}","templated":true}]}}