{"id":4181,"date":"2022-11-29T15:36:18","date_gmt":"2022-11-29T14:36:18","guid":{"rendered":"https:\/\/hierostrasbourg.com\/index.php\/2022\/11\/29\/a-lenvers-nouvelle-video-de-outed-pop-strasbourg\/"},"modified":"2022-11-29T15:36:18","modified_gmt":"2022-11-29T14:36:18","slug":"a-lenvers-nouvelle-video-de-outed-pop-strasbourg","status":"publish","type":"post","link":"https:\/\/hierostrasbourg.com\/index.php\/2022\/11\/29\/a-lenvers-nouvelle-video-de-outed-pop-strasbourg\/","title":{"rendered":"\u201cA l\u2019envers\u201d, nouvelle vid\u00e9o de OUTED [pop \/ Strasbourg]"},"content":{"rendered":"<p><a href=\"https:\/\/musiquesactuelles.alsace\/a-lenvers-nouvelle-video-de-outed-pop-strasbourg\/\" title=\"&quot;A l'envers&quot;, nouvelle vid\u00e9o de OUTED [pop \/ Strasbourg]\"><\/a><\/p>\n<p>communiqu\u00e9 D\u2019un c\u00f4t\u00e9, il y avait ce texte \u00e9crit et compos\u00e9e pour le prochain album \u00e0 para\u00eetre en mars et qui imagine ce que serait notre vie si nous la vivions \u00e0 l\u2019envers, en partant de sa mort et en remontant le temps jusqu\u2019\u00e0 sa naissance. La chanson, r\u00e9alis\u00e9e par S\u00e9bastien Hoog, est enregistr\u00e9e par OUTED en juillet 2022 avec Franck Bedez \u00e0 la basse, Ced Machi \u00e0 la batterie, David Linderer aux claviers, Florent Livet au mix et \u00c9milie [\u2026]<\/p>\n<p>L\u2019article <a href=\"https:\/\/musiquesactuelles.alsace\/a-lenvers-nouvelle-video-de-outed-pop-strasbourg\/\">\u201cA l\u2019envers\u201d, nouvelle vid\u00e9o de OUTED [pop \/ Strasbourg]<\/a> est apparu en premier sur <a href=\"https:\/\/musiquesactuelles.alsace\/\">Musiques Actuelles en Alsace<\/a>.<\/p>\n<p>L\u2019article <a href=\"https:\/\/popburo.fr\/a-lenvers-nouvelle-video-de-outed-pop-strasbourg\/\">\u201cA l\u2019envers\u201d, nouvelle vid\u00e9o de OUTED [pop \/ Strasbourg]<\/a> est apparu en premier sur <a href=\"https:\/\/popburo.fr\/\">POP B\u00dcRO<\/a>.<\/p>\n","protected":false},"excerpt":{"rendered":"<p>communiqu\u00e9 D\u2019un c\u00f4t\u00e9, il y avait ce texte \u00e9crit et compos\u00e9e pour le prochain album \u00e0 para\u00eetre en mars et qui imagine ce que serait notre vie si nous la vivions \u00e0 l\u2019envers, en partant de sa mort et en remontant le temps jusqu\u2019\u00e0 sa naissance. La chanson, r\u00e9alis\u00e9e par S\u00e9bastien Hoog, est enregistr\u00e9e par OUTED en juillet 2022 avec Franck Bedez \u00e0 la basse, Ced Machi \u00e0 la batterie, David Linderer aux claviers, Florent Livet au mix et \u00c9milie [&hellip;]<\/p>\n","protected":false},"author":0,"featured_media":0,"comment_status":"closed","ping_status":"open","sticky":false,"template":"","format":"standard","meta":{"footnotes":""},"categories":[1],"tags":[],"class_list":["post-4181","post","type-post","status-publish","format-standard","hentry","category-non-classe"],"yoast_head":"<!-- This site is optimized with the Yoast SEO plugin v27.5 - https:\/\/yoast.com\/product\/yoast-seo-wordpress\/ -->\n<title>\u201cA l\u2019envers\u201d, nouvelle vid\u00e9o de OUTED [pop \/ Strasbourg] - HIERO STRASBOURG<\/title>\n<meta name=\"robots\" content=\"index, follow, max-snippet:-1, max-image-preview:large, max-video-preview:-1\" \/>\n<link rel=\"canonical\" href=\"https:\/\/hierostrasbourg.com\/index.php\/2022\/11\/29\/a-lenvers-nouvelle-video-de-outed-pop-strasbourg\/\" \/>\n<meta property=\"og:locale\" content=\"fr_FR\" \/>\n<meta property=\"og:type\" content=\"article\" \/>\n<meta property=\"og:title\" content=\"\u201cA l\u2019envers\u201d, nouvelle vid\u00e9o de OUTED [pop \/ Strasbourg] - HIERO STRASBOURG\" \/>\n<meta property=\"og:description\" content=\"communiqu\u00e9 D\u2019un c\u00f4t\u00e9, il y avait ce texte \u00e9crit et compos\u00e9e pour le prochain album \u00e0 para\u00eetre en mars et qui imagine ce que serait notre vie si nous la vivions \u00e0 l\u2019envers, en partant de sa mort et en remontant le temps jusqu\u2019\u00e0 sa naissance. La chanson, r\u00e9alis\u00e9e par S\u00e9bastien Hoog, est enregistr\u00e9e par OUTED en juillet 2022 avec Franck Bedez \u00e0 la basse, Ced Machi \u00e0 la batterie, David Linderer aux claviers, Florent Livet au mix et \u00c9milie [&hellip;]\" \/>\n<meta property=\"og:url\" content=\"https:\/\/hierostrasbourg.com\/index.php\/2022\/11\/29\/a-lenvers-nouvelle-video-de-outed-pop-strasbourg\/\" \/>\n<meta property=\"og:site_name\" content=\"HIERO STRASBOURG\" \/>\n<meta property=\"article:publisher\" content=\"https:\/\/www.facebook.com\/fedehierostrasbourg\" \/>\n<meta property=\"article:published_time\" content=\"2022-11-29T14:36:18+00:00\" \/>\n<meta name=\"twitter:card\" content=\"summary_large_image\" \/>\n<meta name=\"twitter:creator\" content=\"@hierostrasbourg\" \/>\n<meta name=\"twitter:site\" content=\"@hierostrasbourg\" \/>\n<meta name=\"twitter:label1\" content=\"Dur\u00e9e de lecture estim\u00e9e\" \/>\n\t<meta name=\"twitter:data1\" content=\"1 minute\" \/>\n<script type=\"application\/ld+json\" class=\"yoast-schema-graph\">{\"@context\":\"https:\\\/\\\/schema.org\",\"@graph\":[{\"@type\":\"Article\",\"@id\":\"https:\\\/\\\/hierostrasbourg.com\\\/index.php\\\/2022\\\/11\\\/29\\\/a-lenvers-nouvelle-video-de-outed-pop-strasbourg\\\/#article\",\"isPartOf\":{\"@id\":\"https:\\\/\\\/hierostrasbourg.com\\\/index.php\\\/2022\\\/11\\\/29\\\/a-lenvers-nouvelle-video-de-outed-pop-strasbourg\\\/\"},\"author\":{\"name\":\"\",\"@id\":\"\"},\"headline\":\"\u201cA l\u2019envers\u201d, nouvelle vid\u00e9o de OUTED [pop \\\/ Strasbourg]\",\"datePublished\":\"2022-11-29T14:36:18+00:00\",\"mainEntityOfPage\":{\"@id\":\"https:\\\/\\\/hierostrasbourg.com\\\/index.php\\\/2022\\\/11\\\/29\\\/a-lenvers-nouvelle-video-de-outed-pop-strasbourg\\\/\"},\"wordCount\":135,\"publisher\":{\"@id\":\"https:\\\/\\\/hierostrasbourg.com\\\/#organization\"},\"inLanguage\":\"fr-FR\"},{\"@type\":\"WebPage\",\"@id\":\"https:\\\/\\\/hierostrasbourg.com\\\/index.php\\\/2022\\\/11\\\/29\\\/a-lenvers-nouvelle-video-de-outed-pop-strasbourg\\\/\",\"url\":\"https:\\\/\\\/hierostrasbourg.com\\\/index.php\\\/2022\\\/11\\\/29\\\/a-lenvers-nouvelle-video-de-outed-pop-strasbourg\\\/\",\"name\":\"\u201cA l\u2019envers\u201d, nouvelle vid\u00e9o de OUTED [pop \\\/ Strasbourg] - HIERO STRASBOURG\",\"isPartOf\":{\"@id\":\"https:\\\/\\\/hierostrasbourg.com\\\/#website\"},\"datePublished\":\"2022-11-29T14:36:18+00:00\",\"breadcrumb\":{\"@id\":\"https:\\\/\\\/hierostrasbourg.com\\\/index.php\\\/2022\\\/11\\\/29\\\/a-lenvers-nouvelle-video-de-outed-pop-strasbourg\\\/#breadcrumb\"},\"inLanguage\":\"fr-FR\",\"potentialAction\":[{\"@type\":\"ReadAction\",\"target\":[\"https:\\\/\\\/hierostrasbourg.com\\\/index.php\\\/2022\\\/11\\\/29\\\/a-lenvers-nouvelle-video-de-outed-pop-strasbourg\\\/\"]}]},{\"@type\":\"BreadcrumbList\",\"@id\":\"https:\\\/\\\/hierostrasbourg.com\\\/index.php\\\/2022\\\/11\\\/29\\\/a-lenvers-nouvelle-video-de-outed-pop-strasbourg\\\/#breadcrumb\",\"itemListElement\":[{\"@type\":\"ListItem\",\"position\":1,\"name\":\"Accueil\",\"item\":\"https:\\\/\\\/hierostrasbourg.com\\\/\"},{\"@type\":\"ListItem\",\"position\":2,\"name\":\"\u201cA l\u2019envers\u201d, nouvelle vid\u00e9o de OUTED [pop \\\/ Strasbourg]\"}]},{\"@type\":\"WebSite\",\"@id\":\"https:\\\/\\\/hierostrasbourg.com\\\/#website\",\"url\":\"https:\\\/\\\/hierostrasbourg.com\\\/\",\"name\":\"HIERO STRASBOURG\",\"description\":\"Centre de Ressources Musiques Actuelles\",\"publisher\":{\"@id\":\"https:\\\/\\\/hierostrasbourg.com\\\/#organization\"},\"potentialAction\":[{\"@type\":\"SearchAction\",\"target\":{\"@type\":\"EntryPoint\",\"urlTemplate\":\"https:\\\/\\\/hierostrasbourg.com\\\/?s={search_term_string}\"},\"query-input\":{\"@type\":\"PropertyValueSpecification\",\"valueRequired\":true,\"valueName\":\"search_term_string\"}}],\"inLanguage\":\"fr-FR\"},{\"@type\":\"Organization\",\"@id\":\"https:\\\/\\\/hierostrasbourg.com\\\/#organization\",\"name\":\"F\u00e9d\u00e9ration Hi\u00e9ro Strasbourg\",\"url\":\"https:\\\/\\\/hierostrasbourg.com\\\/\",\"logo\":{\"@type\":\"ImageObject\",\"inLanguage\":\"fr-FR\",\"@id\":\"https:\\\/\\\/hierostrasbourg.com\\\/#\\\/schema\\\/logo\\\/image\\\/\",\"url\":\"https:\\\/\\\/hierostrasbourg.com\\\/wp-content\\\/uploads\\\/2026\\\/04\\\/logo-hiero-strasbourg.jpg\",\"contentUrl\":\"https:\\\/\\\/hierostrasbourg.com\\\/wp-content\\\/uploads\\\/2026\\\/04\\\/logo-hiero-strasbourg.jpg\",\"width\":204,\"height\":192,\"caption\":\"F\u00e9d\u00e9ration Hi\u00e9ro Strasbourg\"},\"image\":{\"@id\":\"https:\\\/\\\/hierostrasbourg.com\\\/#\\\/schema\\\/logo\\\/image\\\/\"},\"sameAs\":[\"https:\\\/\\\/www.facebook.com\\\/fedehierostrasbourg\",\"https:\\\/\\\/x.com\\\/hierostrasbourg\"]}]}<\/script>\n<!-- \/ Yoast SEO plugin. -->","yoast_head_json":{"title":"\u201cA l\u2019envers\u201d, nouvelle vid\u00e9o de OUTED [pop \/ Strasbourg] - HIERO STRASBOURG","robots":{"index":"index","follow":"follow","max-snippet":"max-snippet:-1","max-image-preview":"max-image-preview:large","max-video-preview":"max-video-preview:-1"},"canonical":"https:\/\/hierostrasbourg.com\/index.php\/2022\/11\/29\/a-lenvers-nouvelle-video-de-outed-pop-strasbourg\/","og_locale":"fr_FR","og_type":"article","og_title":"\u201cA l\u2019envers\u201d, nouvelle vid\u00e9o de OUTED [pop \/ Strasbourg] - HIERO STRASBOURG","og_description":"communiqu\u00e9 D\u2019un c\u00f4t\u00e9, il y avait ce texte \u00e9crit et compos\u00e9e pour le prochain album \u00e0 para\u00eetre en mars et qui imagine ce que serait notre vie si nous la vivions \u00e0 l\u2019envers, en partant de sa mort et en remontant le temps jusqu\u2019\u00e0 sa naissance. La chanson, r\u00e9alis\u00e9e par S\u00e9bastien Hoog, est enregistr\u00e9e par OUTED en juillet 2022 avec Franck Bedez \u00e0 la basse, Ced Machi \u00e0 la batterie, David Linderer aux claviers, Florent Livet au mix et \u00c9milie [&hellip;]","og_url":"https:\/\/hierostrasbourg.com\/index.php\/2022\/11\/29\/a-lenvers-nouvelle-video-de-outed-pop-strasbourg\/","og_site_name":"HIERO STRASBOURG","article_publisher":"https:\/\/www.facebook.com\/fedehierostrasbourg","article_published_time":"2022-11-29T14:36:18+00:00","twitter_card":"summary_large_image","twitter_creator":"@hierostrasbourg","twitter_site":"@hierostrasbourg","twitter_misc":{"Dur\u00e9e de lecture estim\u00e9e":"1 minute"},"schema":{"@context":"https:\/\/schema.org","@graph":[{"@type":"Article","@id":"https:\/\/hierostrasbourg.com\/index.php\/2022\/11\/29\/a-lenvers-nouvelle-video-de-outed-pop-strasbourg\/#article","isPartOf":{"@id":"https:\/\/hierostrasbourg.com\/index.php\/2022\/11\/29\/a-lenvers-nouvelle-video-de-outed-pop-strasbourg\/"},"author":{"name":"","@id":""},"headline":"\u201cA l\u2019envers\u201d, nouvelle vid\u00e9o de OUTED [pop \/ Strasbourg]","datePublished":"2022-11-29T14:36:18+00:00","mainEntityOfPage":{"@id":"https:\/\/hierostrasbourg.com\/index.php\/2022\/11\/29\/a-lenvers-nouvelle-video-de-outed-pop-strasbourg\/"},"wordCount":135,"publisher":{"@id":"https:\/\/hierostrasbourg.com\/#organization"},"inLanguage":"fr-FR"},{"@type":"WebPage","@id":"https:\/\/hierostrasbourg.com\/index.php\/2022\/11\/29\/a-lenvers-nouvelle-video-de-outed-pop-strasbourg\/","url":"https:\/\/hierostrasbourg.com\/index.php\/2022\/11\/29\/a-lenvers-nouvelle-video-de-outed-pop-strasbourg\/","name":"\u201cA l\u2019envers\u201d, nouvelle vid\u00e9o de OUTED [pop \/ Strasbourg] - HIERO STRASBOURG","isPartOf":{"@id":"https:\/\/hierostrasbourg.com\/#website"},"datePublished":"2022-11-29T14:36:18+00:00","breadcrumb":{"@id":"https:\/\/hierostrasbourg.com\/index.php\/2022\/11\/29\/a-lenvers-nouvelle-video-de-outed-pop-strasbourg\/#breadcrumb"},"inLanguage":"fr-FR","potentialAction":[{"@type":"ReadAction","target":["https:\/\/hierostrasbourg.com\/index.php\/2022\/11\/29\/a-lenvers-nouvelle-video-de-outed-pop-strasbourg\/"]}]},{"@type":"BreadcrumbList","@id":"https:\/\/hierostrasbourg.com\/index.php\/2022\/11\/29\/a-lenvers-nouvelle-video-de-outed-pop-strasbourg\/#breadcrumb","itemListElement":[{"@type":"ListItem","position":1,"name":"Accueil","item":"https:\/\/hierostrasbourg.com\/"},{"@type":"ListItem","position":2,"name":"\u201cA l\u2019envers\u201d, nouvelle vid\u00e9o de OUTED [pop \/ Strasbourg]"}]},{"@type":"WebSite","@id":"https:\/\/hierostrasbourg.com\/#website","url":"https:\/\/hierostrasbourg.com\/","name":"HIERO STRASBOURG","description":"Centre de Ressources Musiques Actuelles","publisher":{"@id":"https:\/\/hierostrasbourg.com\/#organization"},"potentialAction":[{"@type":"SearchAction","target":{"@type":"EntryPoint","urlTemplate":"https:\/\/hierostrasbourg.com\/?s={search_term_string}"},"query-input":{"@type":"PropertyValueSpecification","valueRequired":true,"valueName":"search_term_string"}}],"inLanguage":"fr-FR"},{"@type":"Organization","@id":"https:\/\/hierostrasbourg.com\/#organization","name":"F\u00e9d\u00e9ration Hi\u00e9ro Strasbourg","url":"https:\/\/hierostrasbourg.com\/","logo":{"@type":"ImageObject","inLanguage":"fr-FR","@id":"https:\/\/hierostrasbourg.com\/#\/schema\/logo\/image\/","url":"https:\/\/hierostrasbourg.com\/wp-content\/uploads\/2026\/04\/logo-hiero-strasbourg.jpg","contentUrl":"https:\/\/hierostrasbourg.com\/wp-content\/uploads\/2026\/04\/logo-hiero-strasbourg.jpg","width":204,"height":192,"caption":"F\u00e9d\u00e9ration Hi\u00e9ro Strasbourg"},"image":{"@id":"https:\/\/hierostrasbourg.com\/#\/schema\/logo\/image\/"},"sameAs":["https:\/\/www.facebook.com\/fedehierostrasbourg","https:\/\/x.com\/hierostrasbourg"]}]}},"_links":{"self":[{"href":"https:\/\/hierostrasbourg.com\/index.php\/wp-json\/wp\/v2\/posts\/4181","targetHints":{"allow":["GET"]}}],"collection":[{"href":"https:\/\/hierostrasbourg.com\/index.php\/wp-json\/wp\/v2\/posts"}],"about":[{"href":"https:\/\/hierostrasbourg.com\/index.php\/wp-json\/wp\/v2\/types\/post"}],"replies":[{"embeddable":true,"href":"https:\/\/hierostrasbourg.com\/index.php\/wp-json\/wp\/v2\/comments?post=4181"}],"version-history":[{"count":0,"href":"https:\/\/hierostrasbourg.com\/index.php\/wp-json\/wp\/v2\/posts\/4181\/revisions"}],"wp:attachment":[{"href":"https:\/\/hierostrasbourg.com\/index.php\/wp-json\/wp\/v2\/media?parent=4181"}],"wp:term":[{"taxonomy":"category","embeddable":true,"href":"https:\/\/hierostrasbourg.com\/index.php\/wp-json\/wp\/v2\/categories?post=4181"},{"taxonomy":"post_tag","embeddable":true,"href":"https:\/\/hierostrasbourg.com\/index.php\/wp-json\/wp\/v2\/tags?post=4181"}],"curies":[{"name":"wp","href":"https:\/\/api.w.org\/{rel}","templated":true}]}}