{"id":4176,"date":"2022-11-28T13:37:57","date_gmt":"2022-11-28T12:37:57","guid":{"rendered":"https:\/\/hierostrasbourg.com\/index.php\/2022\/11\/28\/avec-stage-deutsche-grammophon-mise-sur-son-nom\/"},"modified":"2022-11-28T13:37:57","modified_gmt":"2022-11-28T12:37:57","slug":"avec-stage-deutsche-grammophon-mise-sur-son-nom","status":"publish","type":"post","link":"https:\/\/hierostrasbourg.com\/index.php\/2022\/11\/28\/avec-stage-deutsche-grammophon-mise-sur-son-nom\/","title":{"rendered":"Avec Stage+, Deutsche Grammophon mise sur son nom !"},"content":{"rendered":"<p><a href=\"https:\/\/musiquesactuelles.alsace\/avec-stage-deutsche-grammophon-mise-sur-son-nom\/\" title=\"Avec Stage+, Deutsche Grammophon mise sur son nom !\"><\/a><\/p>\n<p>Cette semaine dans Explizik, Nous allons parler de Deutsche Grammophon, le label classique appartenant \u00e0 Universal, r\u00e9put\u00e9 plus vieux label du monde. Et bien pour un doyen il est dr\u00f4lement dynamique puisqu\u2019il vient de lancer un service de streaming permettant d\u2019acc\u00e9der \u00e0 son unique catalogue.<\/p>\n<p>L\u2019article <a href=\"https:\/\/musiquesactuelles.alsace\/avec-stage-deutsche-grammophon-mise-sur-son-nom\/\">Avec Stage+, Deutsche Grammophon mise sur son nom !<\/a> est apparu en premier sur <a href=\"https:\/\/musiquesactuelles.alsace\/\">Musiques Actuelles en Alsace<\/a>.<\/p>\n<p>L\u2019article <a href=\"https:\/\/popburo.fr\/avec-stage-deutsche-grammophon-mise-sur-son-nom\/\">Avec Stage+, Deutsche Grammophon mise sur son nom !<\/a> est apparu en premier sur <a href=\"https:\/\/popburo.fr\/\">POP B\u00dcRO<\/a>.<\/p>\n","protected":false},"excerpt":{"rendered":"<p>Cette semaine dans Explizik, Nous allons parler de Deutsche Grammophon, le label classique appartenant \u00e0 Universal, r\u00e9put\u00e9 plus vieux label du monde. Et bien pour un doyen il est dr\u00f4lement dynamique puisqu\u2019il vient de lancer un service de streaming permettant d\u2019acc\u00e9der \u00e0 son unique catalogue. L\u2019article Avec Stage+, Deutsche Grammophon mise sur son nom ! est apparu en premier sur Musiques Actuelles en Alsace. L\u2019article Avec Stage+, Deutsche Grammophon mise sur son nom ! est apparu en premier sur POP [&hellip;]<\/p>\n","protected":false},"author":0,"featured_media":0,"comment_status":"closed","ping_status":"open","sticky":false,"template":"","format":"standard","meta":{"footnotes":""},"categories":[1],"tags":[],"class_list":["post-4176","post","type-post","status-publish","format-standard","hentry","category-non-classe"],"yoast_head":"<!-- This site is optimized with the Yoast SEO plugin v27.5 - https:\/\/yoast.com\/product\/yoast-seo-wordpress\/ -->\n<title>Avec Stage+, Deutsche Grammophon mise sur son nom ! - HIERO STRASBOURG<\/title>\n<meta name=\"robots\" content=\"index, follow, max-snippet:-1, max-image-preview:large, max-video-preview:-1\" \/>\n<link rel=\"canonical\" href=\"https:\/\/hierostrasbourg.com\/index.php\/2022\/11\/28\/avec-stage-deutsche-grammophon-mise-sur-son-nom\/\" \/>\n<meta property=\"og:locale\" content=\"fr_FR\" \/>\n<meta property=\"og:type\" content=\"article\" \/>\n<meta property=\"og:title\" content=\"Avec Stage+, Deutsche Grammophon mise sur son nom ! - HIERO STRASBOURG\" \/>\n<meta property=\"og:description\" content=\"Cette semaine dans Explizik, Nous allons parler de Deutsche Grammophon, le label classique appartenant \u00e0 Universal, r\u00e9put\u00e9 plus vieux label du monde. Et bien pour un doyen il est dr\u00f4lement dynamique puisqu\u2019il vient de lancer un service de streaming permettant d\u2019acc\u00e9der \u00e0 son unique catalogue. L\u2019article Avec Stage+, Deutsche Grammophon mise sur son nom ! est apparu en premier sur Musiques Actuelles en Alsace. L\u2019article Avec Stage+, Deutsche Grammophon mise sur son nom ! est apparu en premier sur POP [&hellip;]\" \/>\n<meta property=\"og:url\" content=\"https:\/\/hierostrasbourg.com\/index.php\/2022\/11\/28\/avec-stage-deutsche-grammophon-mise-sur-son-nom\/\" \/>\n<meta property=\"og:site_name\" content=\"HIERO STRASBOURG\" \/>\n<meta property=\"article:publisher\" content=\"https:\/\/www.facebook.com\/fedehierostrasbourg\" \/>\n<meta property=\"article:published_time\" content=\"2022-11-28T12:37:57+00:00\" \/>\n<meta name=\"twitter:card\" content=\"summary_large_image\" \/>\n<meta name=\"twitter:creator\" content=\"@hierostrasbourg\" \/>\n<meta name=\"twitter:site\" content=\"@hierostrasbourg\" \/>\n<script type=\"application\/ld+json\" class=\"yoast-schema-graph\">{\"@context\":\"https:\\\/\\\/schema.org\",\"@graph\":[{\"@type\":\"Article\",\"@id\":\"https:\\\/\\\/hierostrasbourg.com\\\/index.php\\\/2022\\\/11\\\/28\\\/avec-stage-deutsche-grammophon-mise-sur-son-nom\\\/#article\",\"isPartOf\":{\"@id\":\"https:\\\/\\\/hierostrasbourg.com\\\/index.php\\\/2022\\\/11\\\/28\\\/avec-stage-deutsche-grammophon-mise-sur-son-nom\\\/\"},\"author\":{\"name\":\"\",\"@id\":\"\"},\"headline\":\"Avec Stage+, Deutsche Grammophon mise sur son nom !\",\"datePublished\":\"2022-11-28T12:37:57+00:00\",\"mainEntityOfPage\":{\"@id\":\"https:\\\/\\\/hierostrasbourg.com\\\/index.php\\\/2022\\\/11\\\/28\\\/avec-stage-deutsche-grammophon-mise-sur-son-nom\\\/\"},\"wordCount\":93,\"publisher\":{\"@id\":\"https:\\\/\\\/hierostrasbourg.com\\\/#organization\"},\"inLanguage\":\"fr-FR\"},{\"@type\":\"WebPage\",\"@id\":\"https:\\\/\\\/hierostrasbourg.com\\\/index.php\\\/2022\\\/11\\\/28\\\/avec-stage-deutsche-grammophon-mise-sur-son-nom\\\/\",\"url\":\"https:\\\/\\\/hierostrasbourg.com\\\/index.php\\\/2022\\\/11\\\/28\\\/avec-stage-deutsche-grammophon-mise-sur-son-nom\\\/\",\"name\":\"Avec Stage+, Deutsche Grammophon mise sur son nom ! - HIERO STRASBOURG\",\"isPartOf\":{\"@id\":\"https:\\\/\\\/hierostrasbourg.com\\\/#website\"},\"datePublished\":\"2022-11-28T12:37:57+00:00\",\"breadcrumb\":{\"@id\":\"https:\\\/\\\/hierostrasbourg.com\\\/index.php\\\/2022\\\/11\\\/28\\\/avec-stage-deutsche-grammophon-mise-sur-son-nom\\\/#breadcrumb\"},\"inLanguage\":\"fr-FR\",\"potentialAction\":[{\"@type\":\"ReadAction\",\"target\":[\"https:\\\/\\\/hierostrasbourg.com\\\/index.php\\\/2022\\\/11\\\/28\\\/avec-stage-deutsche-grammophon-mise-sur-son-nom\\\/\"]}]},{\"@type\":\"BreadcrumbList\",\"@id\":\"https:\\\/\\\/hierostrasbourg.com\\\/index.php\\\/2022\\\/11\\\/28\\\/avec-stage-deutsche-grammophon-mise-sur-son-nom\\\/#breadcrumb\",\"itemListElement\":[{\"@type\":\"ListItem\",\"position\":1,\"name\":\"Accueil\",\"item\":\"https:\\\/\\\/hierostrasbourg.com\\\/\"},{\"@type\":\"ListItem\",\"position\":2,\"name\":\"Avec Stage+, Deutsche Grammophon mise sur son nom !\"}]},{\"@type\":\"WebSite\",\"@id\":\"https:\\\/\\\/hierostrasbourg.com\\\/#website\",\"url\":\"https:\\\/\\\/hierostrasbourg.com\\\/\",\"name\":\"HIERO STRASBOURG\",\"description\":\"Centre de Ressources Musiques Actuelles\",\"publisher\":{\"@id\":\"https:\\\/\\\/hierostrasbourg.com\\\/#organization\"},\"potentialAction\":[{\"@type\":\"SearchAction\",\"target\":{\"@type\":\"EntryPoint\",\"urlTemplate\":\"https:\\\/\\\/hierostrasbourg.com\\\/?s={search_term_string}\"},\"query-input\":{\"@type\":\"PropertyValueSpecification\",\"valueRequired\":true,\"valueName\":\"search_term_string\"}}],\"inLanguage\":\"fr-FR\"},{\"@type\":\"Organization\",\"@id\":\"https:\\\/\\\/hierostrasbourg.com\\\/#organization\",\"name\":\"F\u00e9d\u00e9ration Hi\u00e9ro Strasbourg\",\"url\":\"https:\\\/\\\/hierostrasbourg.com\\\/\",\"logo\":{\"@type\":\"ImageObject\",\"inLanguage\":\"fr-FR\",\"@id\":\"https:\\\/\\\/hierostrasbourg.com\\\/#\\\/schema\\\/logo\\\/image\\\/\",\"url\":\"https:\\\/\\\/hierostrasbourg.com\\\/wp-content\\\/uploads\\\/2026\\\/04\\\/logo-hiero-strasbourg.jpg\",\"contentUrl\":\"https:\\\/\\\/hierostrasbourg.com\\\/wp-content\\\/uploads\\\/2026\\\/04\\\/logo-hiero-strasbourg.jpg\",\"width\":204,\"height\":192,\"caption\":\"F\u00e9d\u00e9ration Hi\u00e9ro Strasbourg\"},\"image\":{\"@id\":\"https:\\\/\\\/hierostrasbourg.com\\\/#\\\/schema\\\/logo\\\/image\\\/\"},\"sameAs\":[\"https:\\\/\\\/www.facebook.com\\\/fedehierostrasbourg\",\"https:\\\/\\\/x.com\\\/hierostrasbourg\"]}]}<\/script>\n<!-- \/ Yoast SEO plugin. -->","yoast_head_json":{"title":"Avec Stage+, Deutsche Grammophon mise sur son nom ! - HIERO STRASBOURG","robots":{"index":"index","follow":"follow","max-snippet":"max-snippet:-1","max-image-preview":"max-image-preview:large","max-video-preview":"max-video-preview:-1"},"canonical":"https:\/\/hierostrasbourg.com\/index.php\/2022\/11\/28\/avec-stage-deutsche-grammophon-mise-sur-son-nom\/","og_locale":"fr_FR","og_type":"article","og_title":"Avec Stage+, Deutsche Grammophon mise sur son nom ! - HIERO STRASBOURG","og_description":"Cette semaine dans Explizik, Nous allons parler de Deutsche Grammophon, le label classique appartenant \u00e0 Universal, r\u00e9put\u00e9 plus vieux label du monde. Et bien pour un doyen il est dr\u00f4lement dynamique puisqu\u2019il vient de lancer un service de streaming permettant d\u2019acc\u00e9der \u00e0 son unique catalogue. L\u2019article Avec Stage+, Deutsche Grammophon mise sur son nom ! est apparu en premier sur Musiques Actuelles en Alsace. L\u2019article Avec Stage+, Deutsche Grammophon mise sur son nom ! est apparu en premier sur POP [&hellip;]","og_url":"https:\/\/hierostrasbourg.com\/index.php\/2022\/11\/28\/avec-stage-deutsche-grammophon-mise-sur-son-nom\/","og_site_name":"HIERO STRASBOURG","article_publisher":"https:\/\/www.facebook.com\/fedehierostrasbourg","article_published_time":"2022-11-28T12:37:57+00:00","twitter_card":"summary_large_image","twitter_creator":"@hierostrasbourg","twitter_site":"@hierostrasbourg","schema":{"@context":"https:\/\/schema.org","@graph":[{"@type":"Article","@id":"https:\/\/hierostrasbourg.com\/index.php\/2022\/11\/28\/avec-stage-deutsche-grammophon-mise-sur-son-nom\/#article","isPartOf":{"@id":"https:\/\/hierostrasbourg.com\/index.php\/2022\/11\/28\/avec-stage-deutsche-grammophon-mise-sur-son-nom\/"},"author":{"name":"","@id":""},"headline":"Avec Stage+, Deutsche Grammophon mise sur son nom !","datePublished":"2022-11-28T12:37:57+00:00","mainEntityOfPage":{"@id":"https:\/\/hierostrasbourg.com\/index.php\/2022\/11\/28\/avec-stage-deutsche-grammophon-mise-sur-son-nom\/"},"wordCount":93,"publisher":{"@id":"https:\/\/hierostrasbourg.com\/#organization"},"inLanguage":"fr-FR"},{"@type":"WebPage","@id":"https:\/\/hierostrasbourg.com\/index.php\/2022\/11\/28\/avec-stage-deutsche-grammophon-mise-sur-son-nom\/","url":"https:\/\/hierostrasbourg.com\/index.php\/2022\/11\/28\/avec-stage-deutsche-grammophon-mise-sur-son-nom\/","name":"Avec Stage+, Deutsche Grammophon mise sur son nom ! - HIERO STRASBOURG","isPartOf":{"@id":"https:\/\/hierostrasbourg.com\/#website"},"datePublished":"2022-11-28T12:37:57+00:00","breadcrumb":{"@id":"https:\/\/hierostrasbourg.com\/index.php\/2022\/11\/28\/avec-stage-deutsche-grammophon-mise-sur-son-nom\/#breadcrumb"},"inLanguage":"fr-FR","potentialAction":[{"@type":"ReadAction","target":["https:\/\/hierostrasbourg.com\/index.php\/2022\/11\/28\/avec-stage-deutsche-grammophon-mise-sur-son-nom\/"]}]},{"@type":"BreadcrumbList","@id":"https:\/\/hierostrasbourg.com\/index.php\/2022\/11\/28\/avec-stage-deutsche-grammophon-mise-sur-son-nom\/#breadcrumb","itemListElement":[{"@type":"ListItem","position":1,"name":"Accueil","item":"https:\/\/hierostrasbourg.com\/"},{"@type":"ListItem","position":2,"name":"Avec Stage+, Deutsche Grammophon mise sur son nom !"}]},{"@type":"WebSite","@id":"https:\/\/hierostrasbourg.com\/#website","url":"https:\/\/hierostrasbourg.com\/","name":"HIERO STRASBOURG","description":"Centre de Ressources Musiques Actuelles","publisher":{"@id":"https:\/\/hierostrasbourg.com\/#organization"},"potentialAction":[{"@type":"SearchAction","target":{"@type":"EntryPoint","urlTemplate":"https:\/\/hierostrasbourg.com\/?s={search_term_string}"},"query-input":{"@type":"PropertyValueSpecification","valueRequired":true,"valueName":"search_term_string"}}],"inLanguage":"fr-FR"},{"@type":"Organization","@id":"https:\/\/hierostrasbourg.com\/#organization","name":"F\u00e9d\u00e9ration Hi\u00e9ro Strasbourg","url":"https:\/\/hierostrasbourg.com\/","logo":{"@type":"ImageObject","inLanguage":"fr-FR","@id":"https:\/\/hierostrasbourg.com\/#\/schema\/logo\/image\/","url":"https:\/\/hierostrasbourg.com\/wp-content\/uploads\/2026\/04\/logo-hiero-strasbourg.jpg","contentUrl":"https:\/\/hierostrasbourg.com\/wp-content\/uploads\/2026\/04\/logo-hiero-strasbourg.jpg","width":204,"height":192,"caption":"F\u00e9d\u00e9ration Hi\u00e9ro Strasbourg"},"image":{"@id":"https:\/\/hierostrasbourg.com\/#\/schema\/logo\/image\/"},"sameAs":["https:\/\/www.facebook.com\/fedehierostrasbourg","https:\/\/x.com\/hierostrasbourg"]}]}},"_links":{"self":[{"href":"https:\/\/hierostrasbourg.com\/index.php\/wp-json\/wp\/v2\/posts\/4176","targetHints":{"allow":["GET"]}}],"collection":[{"href":"https:\/\/hierostrasbourg.com\/index.php\/wp-json\/wp\/v2\/posts"}],"about":[{"href":"https:\/\/hierostrasbourg.com\/index.php\/wp-json\/wp\/v2\/types\/post"}],"replies":[{"embeddable":true,"href":"https:\/\/hierostrasbourg.com\/index.php\/wp-json\/wp\/v2\/comments?post=4176"}],"version-history":[{"count":0,"href":"https:\/\/hierostrasbourg.com\/index.php\/wp-json\/wp\/v2\/posts\/4176\/revisions"}],"wp:attachment":[{"href":"https:\/\/hierostrasbourg.com\/index.php\/wp-json\/wp\/v2\/media?parent=4176"}],"wp:term":[{"taxonomy":"category","embeddable":true,"href":"https:\/\/hierostrasbourg.com\/index.php\/wp-json\/wp\/v2\/categories?post=4176"},{"taxonomy":"post_tag","embeddable":true,"href":"https:\/\/hierostrasbourg.com\/index.php\/wp-json\/wp\/v2\/tags?post=4176"}],"curies":[{"name":"wp","href":"https:\/\/api.w.org\/{rel}","templated":true}]}}