{"id":4146,"date":"2022-11-24T00:36:00","date_gmt":"2022-11-23T23:36:00","guid":{"rendered":"https:\/\/hierostrasbourg.com\/index.php\/2022\/11\/24\/limpact-que-les-recessions-economiques-dans-le-monde-pourraient-avoir-sur-les-abonnements-a-la-musique-suscite-de-vives-inquietudes\/"},"modified":"2022-11-24T00:36:00","modified_gmt":"2022-11-23T23:36:00","slug":"limpact-que-les-recessions-economiques-dans-le-monde-pourraient-avoir-sur-les-abonnements-a-la-musique-suscite-de-vives-inquietudes","status":"publish","type":"post","link":"https:\/\/hierostrasbourg.com\/index.php\/2022\/11\/24\/limpact-que-les-recessions-economiques-dans-le-monde-pourraient-avoir-sur-les-abonnements-a-la-musique-suscite-de-vives-inquietudes\/","title":{"rendered":"L\u2019impact que les r\u00e9cessions \u00e9conomiques dans le monde pourraient avoir sur les abonnements \u00e0 la musique suscite de vives inqui\u00e9tudes."},"content":{"rendered":"<p><a href=\"https:\/\/musiquesactuelles.alsace\/limpact-que-les-recessions-economiques-dans-le-monde-pourraient-avoir-sur-les-abonnements-a-la-musique-suscite-de-vives-inquietudes\/\" title=\"L\u2019impact que les r\u00e9cessions \u00e9conomiques dans le monde pourraient avoir sur les abonnements \u00e0 la musique suscite de vives inqui\u00e9tudes.\"><\/a><\/p>\n<p>L\u2019impact que les r\u00e9cessions \u00e9conomiques dans le monde pourraient avoir sur les abonnements payants \u00e0 la musique suscite de vives inqui\u00e9tudes, comme l\u2019ont r\u00e9cemment mis en \u00e9vidence les donn\u00e9es de l\u2019 IFPI . Qu\u2019en est-il de la musique financ\u00e9e par la publicit\u00e9 ? Peut-\u00eatre y a-t-il un c\u00f4t\u00e9 positif pour ce secteur de l\u2019industrie. Source \/ Lire la suite ; L\u2019impact que les r\u00e9cessions \u00e9conomiques dans le monde pourraient avoir sur les abonnements \u00e0 la musique suscite de vives inqui\u00e9tudes.<\/p>\n<p>L\u2019article <a href=\"https:\/\/musiquesactuelles.alsace\/limpact-que-les-recessions-economiques-dans-le-monde-pourraient-avoir-sur-les-abonnements-a-la-musique-suscite-de-vives-inquietudes\/\">L\u2019impact que les r\u00e9cessions \u00e9conomiques dans le monde pourraient avoir sur les abonnements \u00e0 la musique suscite de vives inqui\u00e9tudes.<\/a> est apparu en premier sur <a href=\"https:\/\/musiquesactuelles.alsace\/\">Musiques Actuelles en Alsace<\/a>.<\/p>\n<p>L\u2019article <a href=\"https:\/\/popburo.fr\/limpact-que-les-recessions-economiques-dans-le-monde-pourraient-avoir-sur-les-abonnements-a-la-musique-suscite-de-vives-inquietudes\/\">L\u2019impact que les r\u00e9cessions \u00e9conomiques dans le monde pourraient avoir sur les abonnements \u00e0 la musique suscite de vives inqui\u00e9tudes.<\/a> est apparu en premier sur <a href=\"https:\/\/popburo.fr\/\">POP B\u00dcRO<\/a>.<\/p>\n","protected":false},"excerpt":{"rendered":"<p>L\u2019impact que les r\u00e9cessions \u00e9conomiques dans le monde pourraient avoir sur les abonnements payants \u00e0 la musique suscite de vives inqui\u00e9tudes, comme l\u2019ont r\u00e9cemment mis en \u00e9vidence les donn\u00e9es de l\u2019 IFPI . Qu\u2019en est-il de la musique financ\u00e9e par la publicit\u00e9 ? Peut-\u00eatre y a-t-il un c\u00f4t\u00e9 positif pour ce secteur de l\u2019industrie. Source \/ Lire la suite ; L\u2019impact que les r\u00e9cessions \u00e9conomiques dans le monde pourraient avoir sur les abonnements \u00e0 la musique suscite de vives inqui\u00e9tudes. [&hellip;]<\/p>\n","protected":false},"author":0,"featured_media":0,"comment_status":"closed","ping_status":"open","sticky":false,"template":"","format":"standard","meta":{"footnotes":""},"categories":[1],"tags":[],"class_list":["post-4146","post","type-post","status-publish","format-standard","hentry","category-non-classe"],"yoast_head":"<!-- This site is optimized with the Yoast SEO plugin v27.5 - https:\/\/yoast.com\/product\/yoast-seo-wordpress\/ -->\n<title>L\u2019impact que les r\u00e9cessions \u00e9conomiques dans le monde pourraient avoir sur les abonnements \u00e0 la musique suscite de vives inqui\u00e9tudes. - HIERO STRASBOURG<\/title>\n<meta name=\"robots\" content=\"index, follow, max-snippet:-1, max-image-preview:large, max-video-preview:-1\" \/>\n<link rel=\"canonical\" href=\"https:\/\/hierostrasbourg.com\/index.php\/2022\/11\/24\/limpact-que-les-recessions-economiques-dans-le-monde-pourraient-avoir-sur-les-abonnements-a-la-musique-suscite-de-vives-inquietudes\/\" \/>\n<meta property=\"og:locale\" content=\"fr_FR\" \/>\n<meta property=\"og:type\" content=\"article\" \/>\n<meta property=\"og:title\" content=\"L\u2019impact que les r\u00e9cessions \u00e9conomiques dans le monde pourraient avoir sur les abonnements \u00e0 la musique suscite de vives inqui\u00e9tudes. - HIERO STRASBOURG\" \/>\n<meta property=\"og:description\" content=\"L\u2019impact que les r\u00e9cessions \u00e9conomiques dans le monde pourraient avoir sur les abonnements payants \u00e0 la musique suscite de vives inqui\u00e9tudes, comme l\u2019ont r\u00e9cemment mis en \u00e9vidence les donn\u00e9es de l\u2019 IFPI . Qu\u2019en est-il de la musique financ\u00e9e par la publicit\u00e9 ? Peut-\u00eatre y a-t-il un c\u00f4t\u00e9 positif pour ce secteur de l\u2019industrie. Source \/ Lire la suite ; L\u2019impact que les r\u00e9cessions \u00e9conomiques dans le monde pourraient avoir sur les abonnements \u00e0 la musique suscite de vives inqui\u00e9tudes. [&hellip;]\" \/>\n<meta property=\"og:url\" content=\"https:\/\/hierostrasbourg.com\/index.php\/2022\/11\/24\/limpact-que-les-recessions-economiques-dans-le-monde-pourraient-avoir-sur-les-abonnements-a-la-musique-suscite-de-vives-inquietudes\/\" \/>\n<meta property=\"og:site_name\" content=\"HIERO STRASBOURG\" \/>\n<meta property=\"article:publisher\" content=\"https:\/\/www.facebook.com\/fedehierostrasbourg\" \/>\n<meta property=\"article:published_time\" content=\"2022-11-23T23:36:00+00:00\" \/>\n<meta name=\"twitter:card\" content=\"summary_large_image\" \/>\n<meta name=\"twitter:creator\" content=\"@hierostrasbourg\" \/>\n<meta name=\"twitter:site\" content=\"@hierostrasbourg\" \/>\n<meta name=\"twitter:label1\" content=\"Dur\u00e9e de lecture estim\u00e9e\" \/>\n\t<meta name=\"twitter:data1\" content=\"1 minute\" \/>\n<script type=\"application\/ld+json\" class=\"yoast-schema-graph\">{\"@context\":\"https:\\\/\\\/schema.org\",\"@graph\":[{\"@type\":\"Article\",\"@id\":\"https:\\\/\\\/hierostrasbourg.com\\\/index.php\\\/2022\\\/11\\\/24\\\/limpact-que-les-recessions-economiques-dans-le-monde-pourraient-avoir-sur-les-abonnements-a-la-musique-suscite-de-vives-inquietudes\\\/#article\",\"isPartOf\":{\"@id\":\"https:\\\/\\\/hierostrasbourg.com\\\/index.php\\\/2022\\\/11\\\/24\\\/limpact-que-les-recessions-economiques-dans-le-monde-pourraient-avoir-sur-les-abonnements-a-la-musique-suscite-de-vives-inquietudes\\\/\"},\"author\":{\"name\":\"\",\"@id\":\"\"},\"headline\":\"L\u2019impact que les r\u00e9cessions \u00e9conomiques dans le monde pourraient avoir sur les abonnements \u00e0 la musique suscite de vives inqui\u00e9tudes.\",\"datePublished\":\"2022-11-23T23:36:00+00:00\",\"mainEntityOfPage\":{\"@id\":\"https:\\\/\\\/hierostrasbourg.com\\\/index.php\\\/2022\\\/11\\\/24\\\/limpact-que-les-recessions-economiques-dans-le-monde-pourraient-avoir-sur-les-abonnements-a-la-musique-suscite-de-vives-inquietudes\\\/\"},\"wordCount\":175,\"publisher\":{\"@id\":\"https:\\\/\\\/hierostrasbourg.com\\\/#organization\"},\"inLanguage\":\"fr-FR\"},{\"@type\":\"WebPage\",\"@id\":\"https:\\\/\\\/hierostrasbourg.com\\\/index.php\\\/2022\\\/11\\\/24\\\/limpact-que-les-recessions-economiques-dans-le-monde-pourraient-avoir-sur-les-abonnements-a-la-musique-suscite-de-vives-inquietudes\\\/\",\"url\":\"https:\\\/\\\/hierostrasbourg.com\\\/index.php\\\/2022\\\/11\\\/24\\\/limpact-que-les-recessions-economiques-dans-le-monde-pourraient-avoir-sur-les-abonnements-a-la-musique-suscite-de-vives-inquietudes\\\/\",\"name\":\"L\u2019impact que les r\u00e9cessions \u00e9conomiques dans le monde pourraient avoir sur les abonnements \u00e0 la musique suscite de vives inqui\u00e9tudes. - HIERO STRASBOURG\",\"isPartOf\":{\"@id\":\"https:\\\/\\\/hierostrasbourg.com\\\/#website\"},\"datePublished\":\"2022-11-23T23:36:00+00:00\",\"breadcrumb\":{\"@id\":\"https:\\\/\\\/hierostrasbourg.com\\\/index.php\\\/2022\\\/11\\\/24\\\/limpact-que-les-recessions-economiques-dans-le-monde-pourraient-avoir-sur-les-abonnements-a-la-musique-suscite-de-vives-inquietudes\\\/#breadcrumb\"},\"inLanguage\":\"fr-FR\",\"potentialAction\":[{\"@type\":\"ReadAction\",\"target\":[\"https:\\\/\\\/hierostrasbourg.com\\\/index.php\\\/2022\\\/11\\\/24\\\/limpact-que-les-recessions-economiques-dans-le-monde-pourraient-avoir-sur-les-abonnements-a-la-musique-suscite-de-vives-inquietudes\\\/\"]}]},{\"@type\":\"BreadcrumbList\",\"@id\":\"https:\\\/\\\/hierostrasbourg.com\\\/index.php\\\/2022\\\/11\\\/24\\\/limpact-que-les-recessions-economiques-dans-le-monde-pourraient-avoir-sur-les-abonnements-a-la-musique-suscite-de-vives-inquietudes\\\/#breadcrumb\",\"itemListElement\":[{\"@type\":\"ListItem\",\"position\":1,\"name\":\"Accueil\",\"item\":\"https:\\\/\\\/hierostrasbourg.com\\\/\"},{\"@type\":\"ListItem\",\"position\":2,\"name\":\"L\u2019impact que les r\u00e9cessions \u00e9conomiques dans le monde pourraient avoir sur les abonnements \u00e0 la musique suscite de vives inqui\u00e9tudes.\"}]},{\"@type\":\"WebSite\",\"@id\":\"https:\\\/\\\/hierostrasbourg.com\\\/#website\",\"url\":\"https:\\\/\\\/hierostrasbourg.com\\\/\",\"name\":\"HIERO STRASBOURG\",\"description\":\"Centre de Ressources Musiques Actuelles\",\"publisher\":{\"@id\":\"https:\\\/\\\/hierostrasbourg.com\\\/#organization\"},\"potentialAction\":[{\"@type\":\"SearchAction\",\"target\":{\"@type\":\"EntryPoint\",\"urlTemplate\":\"https:\\\/\\\/hierostrasbourg.com\\\/?s={search_term_string}\"},\"query-input\":{\"@type\":\"PropertyValueSpecification\",\"valueRequired\":true,\"valueName\":\"search_term_string\"}}],\"inLanguage\":\"fr-FR\"},{\"@type\":\"Organization\",\"@id\":\"https:\\\/\\\/hierostrasbourg.com\\\/#organization\",\"name\":\"F\u00e9d\u00e9ration Hi\u00e9ro Strasbourg\",\"url\":\"https:\\\/\\\/hierostrasbourg.com\\\/\",\"logo\":{\"@type\":\"ImageObject\",\"inLanguage\":\"fr-FR\",\"@id\":\"https:\\\/\\\/hierostrasbourg.com\\\/#\\\/schema\\\/logo\\\/image\\\/\",\"url\":\"https:\\\/\\\/hierostrasbourg.com\\\/wp-content\\\/uploads\\\/2026\\\/04\\\/logo-hiero-strasbourg.jpg\",\"contentUrl\":\"https:\\\/\\\/hierostrasbourg.com\\\/wp-content\\\/uploads\\\/2026\\\/04\\\/logo-hiero-strasbourg.jpg\",\"width\":204,\"height\":192,\"caption\":\"F\u00e9d\u00e9ration Hi\u00e9ro Strasbourg\"},\"image\":{\"@id\":\"https:\\\/\\\/hierostrasbourg.com\\\/#\\\/schema\\\/logo\\\/image\\\/\"},\"sameAs\":[\"https:\\\/\\\/www.facebook.com\\\/fedehierostrasbourg\",\"https:\\\/\\\/x.com\\\/hierostrasbourg\"]}]}<\/script>\n<!-- \/ Yoast SEO plugin. -->","yoast_head_json":{"title":"L\u2019impact que les r\u00e9cessions \u00e9conomiques dans le monde pourraient avoir sur les abonnements \u00e0 la musique suscite de vives inqui\u00e9tudes. - HIERO STRASBOURG","robots":{"index":"index","follow":"follow","max-snippet":"max-snippet:-1","max-image-preview":"max-image-preview:large","max-video-preview":"max-video-preview:-1"},"canonical":"https:\/\/hierostrasbourg.com\/index.php\/2022\/11\/24\/limpact-que-les-recessions-economiques-dans-le-monde-pourraient-avoir-sur-les-abonnements-a-la-musique-suscite-de-vives-inquietudes\/","og_locale":"fr_FR","og_type":"article","og_title":"L\u2019impact que les r\u00e9cessions \u00e9conomiques dans le monde pourraient avoir sur les abonnements \u00e0 la musique suscite de vives inqui\u00e9tudes. - HIERO STRASBOURG","og_description":"L\u2019impact que les r\u00e9cessions \u00e9conomiques dans le monde pourraient avoir sur les abonnements payants \u00e0 la musique suscite de vives inqui\u00e9tudes, comme l\u2019ont r\u00e9cemment mis en \u00e9vidence les donn\u00e9es de l\u2019 IFPI . Qu\u2019en est-il de la musique financ\u00e9e par la publicit\u00e9 ? Peut-\u00eatre y a-t-il un c\u00f4t\u00e9 positif pour ce secteur de l\u2019industrie. Source \/ Lire la suite ; L\u2019impact que les r\u00e9cessions \u00e9conomiques dans le monde pourraient avoir sur les abonnements \u00e0 la musique suscite de vives inqui\u00e9tudes. [&hellip;]","og_url":"https:\/\/hierostrasbourg.com\/index.php\/2022\/11\/24\/limpact-que-les-recessions-economiques-dans-le-monde-pourraient-avoir-sur-les-abonnements-a-la-musique-suscite-de-vives-inquietudes\/","og_site_name":"HIERO STRASBOURG","article_publisher":"https:\/\/www.facebook.com\/fedehierostrasbourg","article_published_time":"2022-11-23T23:36:00+00:00","twitter_card":"summary_large_image","twitter_creator":"@hierostrasbourg","twitter_site":"@hierostrasbourg","twitter_misc":{"Dur\u00e9e de lecture estim\u00e9e":"1 minute"},"schema":{"@context":"https:\/\/schema.org","@graph":[{"@type":"Article","@id":"https:\/\/hierostrasbourg.com\/index.php\/2022\/11\/24\/limpact-que-les-recessions-economiques-dans-le-monde-pourraient-avoir-sur-les-abonnements-a-la-musique-suscite-de-vives-inquietudes\/#article","isPartOf":{"@id":"https:\/\/hierostrasbourg.com\/index.php\/2022\/11\/24\/limpact-que-les-recessions-economiques-dans-le-monde-pourraient-avoir-sur-les-abonnements-a-la-musique-suscite-de-vives-inquietudes\/"},"author":{"name":"","@id":""},"headline":"L\u2019impact que les r\u00e9cessions \u00e9conomiques dans le monde pourraient avoir sur les abonnements \u00e0 la musique suscite de vives inqui\u00e9tudes.","datePublished":"2022-11-23T23:36:00+00:00","mainEntityOfPage":{"@id":"https:\/\/hierostrasbourg.com\/index.php\/2022\/11\/24\/limpact-que-les-recessions-economiques-dans-le-monde-pourraient-avoir-sur-les-abonnements-a-la-musique-suscite-de-vives-inquietudes\/"},"wordCount":175,"publisher":{"@id":"https:\/\/hierostrasbourg.com\/#organization"},"inLanguage":"fr-FR"},{"@type":"WebPage","@id":"https:\/\/hierostrasbourg.com\/index.php\/2022\/11\/24\/limpact-que-les-recessions-economiques-dans-le-monde-pourraient-avoir-sur-les-abonnements-a-la-musique-suscite-de-vives-inquietudes\/","url":"https:\/\/hierostrasbourg.com\/index.php\/2022\/11\/24\/limpact-que-les-recessions-economiques-dans-le-monde-pourraient-avoir-sur-les-abonnements-a-la-musique-suscite-de-vives-inquietudes\/","name":"L\u2019impact que les r\u00e9cessions \u00e9conomiques dans le monde pourraient avoir sur les abonnements \u00e0 la musique suscite de vives inqui\u00e9tudes. - HIERO STRASBOURG","isPartOf":{"@id":"https:\/\/hierostrasbourg.com\/#website"},"datePublished":"2022-11-23T23:36:00+00:00","breadcrumb":{"@id":"https:\/\/hierostrasbourg.com\/index.php\/2022\/11\/24\/limpact-que-les-recessions-economiques-dans-le-monde-pourraient-avoir-sur-les-abonnements-a-la-musique-suscite-de-vives-inquietudes\/#breadcrumb"},"inLanguage":"fr-FR","potentialAction":[{"@type":"ReadAction","target":["https:\/\/hierostrasbourg.com\/index.php\/2022\/11\/24\/limpact-que-les-recessions-economiques-dans-le-monde-pourraient-avoir-sur-les-abonnements-a-la-musique-suscite-de-vives-inquietudes\/"]}]},{"@type":"BreadcrumbList","@id":"https:\/\/hierostrasbourg.com\/index.php\/2022\/11\/24\/limpact-que-les-recessions-economiques-dans-le-monde-pourraient-avoir-sur-les-abonnements-a-la-musique-suscite-de-vives-inquietudes\/#breadcrumb","itemListElement":[{"@type":"ListItem","position":1,"name":"Accueil","item":"https:\/\/hierostrasbourg.com\/"},{"@type":"ListItem","position":2,"name":"L\u2019impact que les r\u00e9cessions \u00e9conomiques dans le monde pourraient avoir sur les abonnements \u00e0 la musique suscite de vives inqui\u00e9tudes."}]},{"@type":"WebSite","@id":"https:\/\/hierostrasbourg.com\/#website","url":"https:\/\/hierostrasbourg.com\/","name":"HIERO STRASBOURG","description":"Centre de Ressources Musiques Actuelles","publisher":{"@id":"https:\/\/hierostrasbourg.com\/#organization"},"potentialAction":[{"@type":"SearchAction","target":{"@type":"EntryPoint","urlTemplate":"https:\/\/hierostrasbourg.com\/?s={search_term_string}"},"query-input":{"@type":"PropertyValueSpecification","valueRequired":true,"valueName":"search_term_string"}}],"inLanguage":"fr-FR"},{"@type":"Organization","@id":"https:\/\/hierostrasbourg.com\/#organization","name":"F\u00e9d\u00e9ration Hi\u00e9ro Strasbourg","url":"https:\/\/hierostrasbourg.com\/","logo":{"@type":"ImageObject","inLanguage":"fr-FR","@id":"https:\/\/hierostrasbourg.com\/#\/schema\/logo\/image\/","url":"https:\/\/hierostrasbourg.com\/wp-content\/uploads\/2026\/04\/logo-hiero-strasbourg.jpg","contentUrl":"https:\/\/hierostrasbourg.com\/wp-content\/uploads\/2026\/04\/logo-hiero-strasbourg.jpg","width":204,"height":192,"caption":"F\u00e9d\u00e9ration Hi\u00e9ro Strasbourg"},"image":{"@id":"https:\/\/hierostrasbourg.com\/#\/schema\/logo\/image\/"},"sameAs":["https:\/\/www.facebook.com\/fedehierostrasbourg","https:\/\/x.com\/hierostrasbourg"]}]}},"_links":{"self":[{"href":"https:\/\/hierostrasbourg.com\/index.php\/wp-json\/wp\/v2\/posts\/4146","targetHints":{"allow":["GET"]}}],"collection":[{"href":"https:\/\/hierostrasbourg.com\/index.php\/wp-json\/wp\/v2\/posts"}],"about":[{"href":"https:\/\/hierostrasbourg.com\/index.php\/wp-json\/wp\/v2\/types\/post"}],"replies":[{"embeddable":true,"href":"https:\/\/hierostrasbourg.com\/index.php\/wp-json\/wp\/v2\/comments?post=4146"}],"version-history":[{"count":0,"href":"https:\/\/hierostrasbourg.com\/index.php\/wp-json\/wp\/v2\/posts\/4146\/revisions"}],"wp:attachment":[{"href":"https:\/\/hierostrasbourg.com\/index.php\/wp-json\/wp\/v2\/media?parent=4146"}],"wp:term":[{"taxonomy":"category","embeddable":true,"href":"https:\/\/hierostrasbourg.com\/index.php\/wp-json\/wp\/v2\/categories?post=4146"},{"taxonomy":"post_tag","embeddable":true,"href":"https:\/\/hierostrasbourg.com\/index.php\/wp-json\/wp\/v2\/tags?post=4146"}],"curies":[{"name":"wp","href":"https:\/\/api.w.org\/{rel}","templated":true}]}}