{"id":414,"date":"2021-04-30T16:20:48","date_gmt":"2021-04-30T14:20:48","guid":{"rendered":"https:\/\/hierostrasbourg.com\/index.php\/2021\/04\/30\/ecartes-du-calendrier-de-deconfinement-les-gerants-de-discotheques-demandent-la-poursuite-du-soutien-de-letat\/"},"modified":"2021-04-30T16:20:48","modified_gmt":"2021-04-30T14:20:48","slug":"ecartes-du-calendrier-de-deconfinement-les-gerants-de-discotheques-demandent-la-poursuite-du-soutien-de-letat","status":"publish","type":"post","link":"https:\/\/hierostrasbourg.com\/index.php\/2021\/04\/30\/ecartes-du-calendrier-de-deconfinement-les-gerants-de-discotheques-demandent-la-poursuite-du-soutien-de-letat\/","title":{"rendered":"Ecart\u00e9s du calendrier de d\u00e9confinement, les g\u00e9rants de discoth\u00e8ques demandent la poursuite du soutien de l\u2019Etat"},"content":{"rendered":"<p><em>Sans possibilit\u00e9 de revendre des \u00e9tablissements d\u00e9valu\u00e9s apr\u00e8s les fermetures impos\u00e9es pour freiner l\u2019\u00e9pid\u00e9mie de Covid-19, les professionnels disent vouloir tenir mais sont d\u00e9pendants des aides publiques.<\/em><\/p>\n<p>Source \/ Lire la suite : <a href=\"https:\/\/www.lemonde.fr\/culture\/article\/2021\/04\/30\/ecartes-du-calendrier-de-deconfinement-les-gerants-de-discotheques-demandent-la-poursuite-du-soutien-de-l-etat_6078657_3246.html\">Ecart\u00e9s du calendrier de d\u00e9confinement, les g\u00e9rants de discoth\u00e8ques demandent la poursuite du soutien de l\u2019Etat<\/a><\/p>\n<p>L\u2019article <a href=\"https:\/\/popburo.fr\/ecartes-du-calendrier-de-deconfinement-les-gerants-de-discotheques-demandent-la-poursuite-du-soutien-de-letat\/\">Ecart\u00e9s du calendrier de d\u00e9confinement, les g\u00e9rants de discoth\u00e8ques demandent la poursuite du soutien de l\u2019Etat<\/a> est apparu en premier sur <a href=\"https:\/\/popburo.fr\/\">POP B\u00dcRO<\/a>.<\/p>\n","protected":false},"excerpt":{"rendered":"<p>Sans possibilit\u00e9 de revendre des \u00e9tablissements d\u00e9valu\u00e9s apr\u00e8s les fermetures impos\u00e9es pour freiner l\u2019\u00e9pid\u00e9mie de Covid-19, les professionnels disent vouloir tenir mais sont d\u00e9pendants des aides publiques. Source \/ Lire la suite : Ecart\u00e9s du calendrier de d\u00e9confinement, les g\u00e9rants de discoth\u00e8ques demandent la poursuite du soutien de l\u2019Etat L\u2019article Ecart\u00e9s du calendrier de d\u00e9confinement, les g\u00e9rants de discoth\u00e8ques demandent la poursuite du soutien de l\u2019Etat est apparu en premier sur POP B\u00dcRO.<\/p>\n","protected":false},"author":0,"featured_media":0,"comment_status":"closed","ping_status":"open","sticky":false,"template":"","format":"standard","meta":{"footnotes":""},"categories":[1],"tags":[],"class_list":["post-414","post","type-post","status-publish","format-standard","hentry","category-non-classe"],"yoast_head":"<!-- This site is optimized with the Yoast SEO plugin v27.5 - https:\/\/yoast.com\/product\/yoast-seo-wordpress\/ -->\n<title>Ecart\u00e9s du calendrier de d\u00e9confinement, les g\u00e9rants de discoth\u00e8ques demandent la poursuite du soutien de l\u2019Etat - HIERO STRASBOURG<\/title>\n<meta name=\"robots\" content=\"index, follow, max-snippet:-1, max-image-preview:large, max-video-preview:-1\" \/>\n<link rel=\"canonical\" href=\"https:\/\/hierostrasbourg.com\/index.php\/2021\/04\/30\/ecartes-du-calendrier-de-deconfinement-les-gerants-de-discotheques-demandent-la-poursuite-du-soutien-de-letat\/\" \/>\n<meta property=\"og:locale\" content=\"fr_FR\" \/>\n<meta property=\"og:type\" content=\"article\" \/>\n<meta property=\"og:title\" content=\"Ecart\u00e9s du calendrier de d\u00e9confinement, les g\u00e9rants de discoth\u00e8ques demandent la poursuite du soutien de l\u2019Etat - HIERO STRASBOURG\" \/>\n<meta property=\"og:description\" content=\"Sans possibilit\u00e9 de revendre des \u00e9tablissements d\u00e9valu\u00e9s apr\u00e8s les fermetures impos\u00e9es pour freiner l\u2019\u00e9pid\u00e9mie de Covid-19, les professionnels disent vouloir tenir mais sont d\u00e9pendants des aides publiques. Source \/ Lire la suite : Ecart\u00e9s du calendrier de d\u00e9confinement, les g\u00e9rants de discoth\u00e8ques demandent la poursuite du soutien de l\u2019Etat L\u2019article Ecart\u00e9s du calendrier de d\u00e9confinement, les g\u00e9rants de discoth\u00e8ques demandent la poursuite du soutien de l\u2019Etat est apparu en premier sur POP B\u00dcRO.\" \/>\n<meta property=\"og:url\" content=\"https:\/\/hierostrasbourg.com\/index.php\/2021\/04\/30\/ecartes-du-calendrier-de-deconfinement-les-gerants-de-discotheques-demandent-la-poursuite-du-soutien-de-letat\/\" \/>\n<meta property=\"og:site_name\" content=\"HIERO STRASBOURG\" \/>\n<meta property=\"article:publisher\" content=\"https:\/\/www.facebook.com\/fedehierostrasbourg\" \/>\n<meta property=\"article:published_time\" content=\"2021-04-30T14:20:48+00:00\" \/>\n<meta name=\"twitter:card\" content=\"summary_large_image\" \/>\n<meta name=\"twitter:creator\" content=\"@hierostrasbourg\" \/>\n<meta name=\"twitter:site\" content=\"@hierostrasbourg\" \/>\n<script type=\"application\/ld+json\" class=\"yoast-schema-graph\">{\"@context\":\"https:\\\/\\\/schema.org\",\"@graph\":[{\"@type\":\"Article\",\"@id\":\"https:\\\/\\\/hierostrasbourg.com\\\/index.php\\\/2021\\\/04\\\/30\\\/ecartes-du-calendrier-de-deconfinement-les-gerants-de-discotheques-demandent-la-poursuite-du-soutien-de-letat\\\/#article\",\"isPartOf\":{\"@id\":\"https:\\\/\\\/hierostrasbourg.com\\\/index.php\\\/2021\\\/04\\\/30\\\/ecartes-du-calendrier-de-deconfinement-les-gerants-de-discotheques-demandent-la-poursuite-du-soutien-de-letat\\\/\"},\"author\":{\"name\":\"\",\"@id\":\"\"},\"headline\":\"Ecart\u00e9s du calendrier de d\u00e9confinement, les g\u00e9rants de discoth\u00e8ques demandent la poursuite du soutien de l\u2019Etat\",\"datePublished\":\"2021-04-30T14:20:48+00:00\",\"mainEntityOfPage\":{\"@id\":\"https:\\\/\\\/hierostrasbourg.com\\\/index.php\\\/2021\\\/04\\\/30\\\/ecartes-du-calendrier-de-deconfinement-les-gerants-de-discotheques-demandent-la-poursuite-du-soutien-de-letat\\\/\"},\"wordCount\":111,\"publisher\":{\"@id\":\"https:\\\/\\\/hierostrasbourg.com\\\/#organization\"},\"inLanguage\":\"fr-FR\"},{\"@type\":\"WebPage\",\"@id\":\"https:\\\/\\\/hierostrasbourg.com\\\/index.php\\\/2021\\\/04\\\/30\\\/ecartes-du-calendrier-de-deconfinement-les-gerants-de-discotheques-demandent-la-poursuite-du-soutien-de-letat\\\/\",\"url\":\"https:\\\/\\\/hierostrasbourg.com\\\/index.php\\\/2021\\\/04\\\/30\\\/ecartes-du-calendrier-de-deconfinement-les-gerants-de-discotheques-demandent-la-poursuite-du-soutien-de-letat\\\/\",\"name\":\"Ecart\u00e9s du calendrier de d\u00e9confinement, les g\u00e9rants de discoth\u00e8ques demandent la poursuite du soutien de l\u2019Etat - HIERO STRASBOURG\",\"isPartOf\":{\"@id\":\"https:\\\/\\\/hierostrasbourg.com\\\/#website\"},\"datePublished\":\"2021-04-30T14:20:48+00:00\",\"breadcrumb\":{\"@id\":\"https:\\\/\\\/hierostrasbourg.com\\\/index.php\\\/2021\\\/04\\\/30\\\/ecartes-du-calendrier-de-deconfinement-les-gerants-de-discotheques-demandent-la-poursuite-du-soutien-de-letat\\\/#breadcrumb\"},\"inLanguage\":\"fr-FR\",\"potentialAction\":[{\"@type\":\"ReadAction\",\"target\":[\"https:\\\/\\\/hierostrasbourg.com\\\/index.php\\\/2021\\\/04\\\/30\\\/ecartes-du-calendrier-de-deconfinement-les-gerants-de-discotheques-demandent-la-poursuite-du-soutien-de-letat\\\/\"]}]},{\"@type\":\"BreadcrumbList\",\"@id\":\"https:\\\/\\\/hierostrasbourg.com\\\/index.php\\\/2021\\\/04\\\/30\\\/ecartes-du-calendrier-de-deconfinement-les-gerants-de-discotheques-demandent-la-poursuite-du-soutien-de-letat\\\/#breadcrumb\",\"itemListElement\":[{\"@type\":\"ListItem\",\"position\":1,\"name\":\"Accueil\",\"item\":\"https:\\\/\\\/hierostrasbourg.com\\\/\"},{\"@type\":\"ListItem\",\"position\":2,\"name\":\"Ecart\u00e9s du calendrier de d\u00e9confinement, les g\u00e9rants de discoth\u00e8ques demandent la poursuite du soutien de l\u2019Etat\"}]},{\"@type\":\"WebSite\",\"@id\":\"https:\\\/\\\/hierostrasbourg.com\\\/#website\",\"url\":\"https:\\\/\\\/hierostrasbourg.com\\\/\",\"name\":\"HIERO STRASBOURG\",\"description\":\"Centre de Ressources Musiques Actuelles\",\"publisher\":{\"@id\":\"https:\\\/\\\/hierostrasbourg.com\\\/#organization\"},\"potentialAction\":[{\"@type\":\"SearchAction\",\"target\":{\"@type\":\"EntryPoint\",\"urlTemplate\":\"https:\\\/\\\/hierostrasbourg.com\\\/?s={search_term_string}\"},\"query-input\":{\"@type\":\"PropertyValueSpecification\",\"valueRequired\":true,\"valueName\":\"search_term_string\"}}],\"inLanguage\":\"fr-FR\"},{\"@type\":\"Organization\",\"@id\":\"https:\\\/\\\/hierostrasbourg.com\\\/#organization\",\"name\":\"F\u00e9d\u00e9ration Hi\u00e9ro Strasbourg\",\"url\":\"https:\\\/\\\/hierostrasbourg.com\\\/\",\"logo\":{\"@type\":\"ImageObject\",\"inLanguage\":\"fr-FR\",\"@id\":\"https:\\\/\\\/hierostrasbourg.com\\\/#\\\/schema\\\/logo\\\/image\\\/\",\"url\":\"https:\\\/\\\/hierostrasbourg.com\\\/wp-content\\\/uploads\\\/2026\\\/04\\\/logo-hiero-strasbourg.jpg\",\"contentUrl\":\"https:\\\/\\\/hierostrasbourg.com\\\/wp-content\\\/uploads\\\/2026\\\/04\\\/logo-hiero-strasbourg.jpg\",\"width\":204,\"height\":192,\"caption\":\"F\u00e9d\u00e9ration Hi\u00e9ro Strasbourg\"},\"image\":{\"@id\":\"https:\\\/\\\/hierostrasbourg.com\\\/#\\\/schema\\\/logo\\\/image\\\/\"},\"sameAs\":[\"https:\\\/\\\/www.facebook.com\\\/fedehierostrasbourg\",\"https:\\\/\\\/x.com\\\/hierostrasbourg\"]}]}<\/script>\n<!-- \/ Yoast SEO plugin. -->","yoast_head_json":{"title":"Ecart\u00e9s du calendrier de d\u00e9confinement, les g\u00e9rants de discoth\u00e8ques demandent la poursuite du soutien de l\u2019Etat - HIERO STRASBOURG","robots":{"index":"index","follow":"follow","max-snippet":"max-snippet:-1","max-image-preview":"max-image-preview:large","max-video-preview":"max-video-preview:-1"},"canonical":"https:\/\/hierostrasbourg.com\/index.php\/2021\/04\/30\/ecartes-du-calendrier-de-deconfinement-les-gerants-de-discotheques-demandent-la-poursuite-du-soutien-de-letat\/","og_locale":"fr_FR","og_type":"article","og_title":"Ecart\u00e9s du calendrier de d\u00e9confinement, les g\u00e9rants de discoth\u00e8ques demandent la poursuite du soutien de l\u2019Etat - HIERO STRASBOURG","og_description":"Sans possibilit\u00e9 de revendre des \u00e9tablissements d\u00e9valu\u00e9s apr\u00e8s les fermetures impos\u00e9es pour freiner l\u2019\u00e9pid\u00e9mie de Covid-19, les professionnels disent vouloir tenir mais sont d\u00e9pendants des aides publiques. Source \/ Lire la suite : Ecart\u00e9s du calendrier de d\u00e9confinement, les g\u00e9rants de discoth\u00e8ques demandent la poursuite du soutien de l\u2019Etat L\u2019article Ecart\u00e9s du calendrier de d\u00e9confinement, les g\u00e9rants de discoth\u00e8ques demandent la poursuite du soutien de l\u2019Etat est apparu en premier sur POP B\u00dcRO.","og_url":"https:\/\/hierostrasbourg.com\/index.php\/2021\/04\/30\/ecartes-du-calendrier-de-deconfinement-les-gerants-de-discotheques-demandent-la-poursuite-du-soutien-de-letat\/","og_site_name":"HIERO STRASBOURG","article_publisher":"https:\/\/www.facebook.com\/fedehierostrasbourg","article_published_time":"2021-04-30T14:20:48+00:00","twitter_card":"summary_large_image","twitter_creator":"@hierostrasbourg","twitter_site":"@hierostrasbourg","schema":{"@context":"https:\/\/schema.org","@graph":[{"@type":"Article","@id":"https:\/\/hierostrasbourg.com\/index.php\/2021\/04\/30\/ecartes-du-calendrier-de-deconfinement-les-gerants-de-discotheques-demandent-la-poursuite-du-soutien-de-letat\/#article","isPartOf":{"@id":"https:\/\/hierostrasbourg.com\/index.php\/2021\/04\/30\/ecartes-du-calendrier-de-deconfinement-les-gerants-de-discotheques-demandent-la-poursuite-du-soutien-de-letat\/"},"author":{"name":"","@id":""},"headline":"Ecart\u00e9s du calendrier de d\u00e9confinement, les g\u00e9rants de discoth\u00e8ques demandent la poursuite du soutien de l\u2019Etat","datePublished":"2021-04-30T14:20:48+00:00","mainEntityOfPage":{"@id":"https:\/\/hierostrasbourg.com\/index.php\/2021\/04\/30\/ecartes-du-calendrier-de-deconfinement-les-gerants-de-discotheques-demandent-la-poursuite-du-soutien-de-letat\/"},"wordCount":111,"publisher":{"@id":"https:\/\/hierostrasbourg.com\/#organization"},"inLanguage":"fr-FR"},{"@type":"WebPage","@id":"https:\/\/hierostrasbourg.com\/index.php\/2021\/04\/30\/ecartes-du-calendrier-de-deconfinement-les-gerants-de-discotheques-demandent-la-poursuite-du-soutien-de-letat\/","url":"https:\/\/hierostrasbourg.com\/index.php\/2021\/04\/30\/ecartes-du-calendrier-de-deconfinement-les-gerants-de-discotheques-demandent-la-poursuite-du-soutien-de-letat\/","name":"Ecart\u00e9s du calendrier de d\u00e9confinement, les g\u00e9rants de discoth\u00e8ques demandent la poursuite du soutien de l\u2019Etat - HIERO STRASBOURG","isPartOf":{"@id":"https:\/\/hierostrasbourg.com\/#website"},"datePublished":"2021-04-30T14:20:48+00:00","breadcrumb":{"@id":"https:\/\/hierostrasbourg.com\/index.php\/2021\/04\/30\/ecartes-du-calendrier-de-deconfinement-les-gerants-de-discotheques-demandent-la-poursuite-du-soutien-de-letat\/#breadcrumb"},"inLanguage":"fr-FR","potentialAction":[{"@type":"ReadAction","target":["https:\/\/hierostrasbourg.com\/index.php\/2021\/04\/30\/ecartes-du-calendrier-de-deconfinement-les-gerants-de-discotheques-demandent-la-poursuite-du-soutien-de-letat\/"]}]},{"@type":"BreadcrumbList","@id":"https:\/\/hierostrasbourg.com\/index.php\/2021\/04\/30\/ecartes-du-calendrier-de-deconfinement-les-gerants-de-discotheques-demandent-la-poursuite-du-soutien-de-letat\/#breadcrumb","itemListElement":[{"@type":"ListItem","position":1,"name":"Accueil","item":"https:\/\/hierostrasbourg.com\/"},{"@type":"ListItem","position":2,"name":"Ecart\u00e9s du calendrier de d\u00e9confinement, les g\u00e9rants de discoth\u00e8ques demandent la poursuite du soutien de l\u2019Etat"}]},{"@type":"WebSite","@id":"https:\/\/hierostrasbourg.com\/#website","url":"https:\/\/hierostrasbourg.com\/","name":"HIERO STRASBOURG","description":"Centre de Ressources Musiques Actuelles","publisher":{"@id":"https:\/\/hierostrasbourg.com\/#organization"},"potentialAction":[{"@type":"SearchAction","target":{"@type":"EntryPoint","urlTemplate":"https:\/\/hierostrasbourg.com\/?s={search_term_string}"},"query-input":{"@type":"PropertyValueSpecification","valueRequired":true,"valueName":"search_term_string"}}],"inLanguage":"fr-FR"},{"@type":"Organization","@id":"https:\/\/hierostrasbourg.com\/#organization","name":"F\u00e9d\u00e9ration Hi\u00e9ro Strasbourg","url":"https:\/\/hierostrasbourg.com\/","logo":{"@type":"ImageObject","inLanguage":"fr-FR","@id":"https:\/\/hierostrasbourg.com\/#\/schema\/logo\/image\/","url":"https:\/\/hierostrasbourg.com\/wp-content\/uploads\/2026\/04\/logo-hiero-strasbourg.jpg","contentUrl":"https:\/\/hierostrasbourg.com\/wp-content\/uploads\/2026\/04\/logo-hiero-strasbourg.jpg","width":204,"height":192,"caption":"F\u00e9d\u00e9ration Hi\u00e9ro Strasbourg"},"image":{"@id":"https:\/\/hierostrasbourg.com\/#\/schema\/logo\/image\/"},"sameAs":["https:\/\/www.facebook.com\/fedehierostrasbourg","https:\/\/x.com\/hierostrasbourg"]}]}},"_links":{"self":[{"href":"https:\/\/hierostrasbourg.com\/index.php\/wp-json\/wp\/v2\/posts\/414","targetHints":{"allow":["GET"]}}],"collection":[{"href":"https:\/\/hierostrasbourg.com\/index.php\/wp-json\/wp\/v2\/posts"}],"about":[{"href":"https:\/\/hierostrasbourg.com\/index.php\/wp-json\/wp\/v2\/types\/post"}],"replies":[{"embeddable":true,"href":"https:\/\/hierostrasbourg.com\/index.php\/wp-json\/wp\/v2\/comments?post=414"}],"version-history":[{"count":0,"href":"https:\/\/hierostrasbourg.com\/index.php\/wp-json\/wp\/v2\/posts\/414\/revisions"}],"wp:attachment":[{"href":"https:\/\/hierostrasbourg.com\/index.php\/wp-json\/wp\/v2\/media?parent=414"}],"wp:term":[{"taxonomy":"category","embeddable":true,"href":"https:\/\/hierostrasbourg.com\/index.php\/wp-json\/wp\/v2\/categories?post=414"},{"taxonomy":"post_tag","embeddable":true,"href":"https:\/\/hierostrasbourg.com\/index.php\/wp-json\/wp\/v2\/tags?post=414"}],"curies":[{"name":"wp","href":"https:\/\/api.w.org\/{rel}","templated":true}]}}