{"id":4139,"date":"2022-11-22T14:41:10","date_gmt":"2022-11-22T13:41:10","guid":{"rendered":"https:\/\/hierostrasbourg.com\/index.php\/2022\/11\/22\/la-collectivite-europeenne-dalsace-recrute-un-charge-de-mission-education-artistique-et-culturelle-f-h-2\/"},"modified":"2022-11-22T14:41:10","modified_gmt":"2022-11-22T13:41:10","slug":"la-collectivite-europeenne-dalsace-recrute-un-charge-de-mission-education-artistique-et-culturelle-f-h-2","status":"publish","type":"post","link":"https:\/\/hierostrasbourg.com\/index.php\/2022\/11\/22\/la-collectivite-europeenne-dalsace-recrute-un-charge-de-mission-education-artistique-et-culturelle-f-h-2\/","title":{"rendered":"LA COLLECTIVIT\u00c9 EUROP\u00c9ENNE D&rsquo;ALSACE recrute un charg\u00e9 de mission \u00e9ducation artistique et culturelle [F\/H]"},"content":{"rendered":"<p>Dans le cadre d\u2019une Direction G\u00e9n\u00e9rale Adjointe \u201d Attractivit\u00e9 \u201d comprenant notamment les Directions de l\u2019Education-Jeunesse et des Sports-vie associative, Europe, Transfrontalier et Bilinguisme, la Direction de la Culture et du Patrimoine s\u2019organise autour des th\u00e9matiques du patrimoine, de la lecture publique, des archives et de la m\u00e9moire, de la fili\u00e8re castrale, de la culture scientifique, de la cr\u00e9ation-diffusion et des pratiques artistiques.<br \/>\nLa Direction de la Culture et du Patrimoine met en \u0153uvre les orientations strat\u00e9giques et les objectifs d\u2019une politique culturelle ambitieuse, de proximit\u00e9, cr\u00e9ative et cr\u00e9atrice de lien entre les territoires, entre les citoyens ; son action s\u2019inscrit \u00e0 l\u2019\u00e9chelle transfrontali\u00e8re et participe au rayonnement de l\u2019Alsace.<\/p>\n<p>Le P\u00f4le Cr\u00e9ation-diffusion et Pratiques artistiques (CDPA), a pour mission de r\u00e9pondre aux orientations strat\u00e9giques dans le cadre d\u2019une refondation des politiques dans les domaines de la cr\u00e9ation, de la diffusion et des pratiques artistiques. Pour ces diff\u00e9rents secteurs, qui croisent les enjeux de coh\u00e9sion sociale et territoriale, la collectivit\u00e9 europ\u00e9enne d\u2019Alsace a pour objectif de favoriser l\u2019acc\u00e8s \u00e0 la culture et aux pratiques artistiques tout au long de la vie de tous les publics, notamment ceux relevant des comp\u00e9tences d\u00e9partementales, et de contribuer au d\u00e9veloppement tant de la cr\u00e9ation artistique que d\u2019une offre culturelle diversifi\u00e9e irriguant les territoires.<\/p>\n<h2>MISSIONS<\/h2>\n<p>L\u2019Education artistique et culturelle (EAC), \u00e9rig\u00e9e en politique publique \u00e0 part enti\u00e8re depuis l\u2019annonce par l\u2019Etat en 2017 de l\u2019objectif de sa g\u00e9n\u00e9ralisation \u00e0 100 % des jeunes, est une comp\u00e9tence partag\u00e9e entre l\u2019Education Nationale, la DRAC et les collectivit\u00e9s territoriales.<br \/>\nLa Collectivit\u00e9 europ\u00e9enne d\u2019Alsace s\u2019inscrit fortement dans cette d\u00e9marche, confort\u00e9e par son souhait de rendre accessible la culture pour tous et tout au long de la vie.<\/p>\n<p>L\u2019EAC a pour objectif d\u2019encourager la participation de tous \u00e0 la vie artistique et culturelle, par l\u2019acquisition de connaissances, un rapport direct aux \u0153uvres, la rencontre avec des artistes et professionnels de la culture et une pratique artistique ou culturelle.<\/p>\n<p>En votre qualit\u00e9 de charg\u00e9 d\u2019Education artistique et culturelle, vous \u0153uvrez, au sein de l\u2019Unit\u00e9 \u201d Pratiques artistiques \u201d et sous l\u2019autorit\u00e9 de la responsable d\u2019Unit\u00e9, \u00e0 la g\u00e9n\u00e9ralisation de l\u2019EAC dans l\u2019objectif de proposer un parcours artistique de qualit\u00e9 \u00e0 tous les jeunes du territoire, en collaboration \u00e9troite avec les partenaires internes et externes.<\/p>\n<h4>VOS PRINCIPALES MISSIONS SONT LES SUIVANTES :<\/h4>\n<p><strong>1. Initier et piloter le d\u00e9veloppement d\u2019actions \u00e9ducatives et culturelles (\u00e9veil et \u00e9ducation artistique et culturelle)<\/strong><\/p>\n<p>Elaborer et mettre en \u0153uvre des dispositifs de soutien et des outils afin de d\u00e9velopper des projets envers le public jeune (de la petite enfance au coll\u00e8ge) ;<br \/>\nApporter ing\u00e9nierie et accompagnement aux projets de m\u00e9diation envers ces publics ;<br \/>\nAnalyser les projets, instruire les demandes de subventions dans le cadre de l\u2019enveloppe financi\u00e8re impartie et veiller \u00e0 leur suivi ;<br \/>\nR\u00e9aliser le bilan des actions men\u00e9es et proposer des \u00e9volutions \u00e9ventuelles adapt\u00e9es aux r\u00e9alit\u00e9s des acteurs et des publics concern\u00e9s ;<br \/>\nImpulser une transversalit\u00e9 dans les parcours EAC sur le territoire alsacien en lien avec les autres politiques de la Collectivit\u00e9 europ\u00e9enne d\u2019Alsace et les partenaires institutionnels (Gip-Acmisa, Rectorat, DRAC, collectivit\u00e9s\u2026) ;<br \/>\nAnimer, coordonner et\/ou participer \u00e0 des r\u00e9seaux d\u2019acteurs visant \u00e0 mutualiser et enrichir les parcours EAC et \u00e0 cr\u00e9er des espaces d\u2019interconnaissance, de rencontres et d\u2019\u00e9changes propices \u00e0 l\u2019\u00e9mergence de projets ;<br \/>\nContribuer \u00e0 l\u2019organisation de manifestations ponctuelles ou dans le cadre de la saison culturelle de la Collectivit\u00e9 ;<br \/>\nParticiper \u00e0 l\u2019\u00e9laboration et \u00e0 la r\u00e9daction du rapport sectoriel sur l\u2019\u00e9ducation artistique et culturelle dans le cadre de la refondation des politiques culturelles ;<br \/>\nAssurer une bonne communication et valorisation de ces actions, tant \u00e0 l\u2019interne qu\u2019\u00e0 l\u2019externe, aupr\u00e8s des partenaires et du public, en lien avec l\u2019Unit\u00e9 Communication de la DGA.<\/p>\n<p><strong>2. Ouvrer \u00e0 la transversalit\u00e9 entre les th\u00e9matiques relevant de l\u2019unit\u00e9 pratiques artistiques (Education artistique et culturelle, enseignement artistique et pratique amateur)<\/strong><\/p>\n<p>Participer \u00e0 des r\u00e9unions d\u2019unit\u00e9, apporter expertise, conseils pour d\u00e9velopper une approche transversale des projets ;<br \/>\nCollaborer \u00e0 l\u2019\u00e9laboration et \u00e0 l\u2019organisation de rencontres professionnelles en direction des acteurs de l\u2019\u00e9ducation artistique et culturelle, de la pratique amateur et de l\u2019enseignement artistique.<\/p>\n<p><strong>3. Dans le cade du pilotage de la Direction adjointe, participer \u00e0 des projets de revue de territoire concernant les th\u00e9matiques de l\u2019\u00e9ducation artistique et culturelle en territoire) :<\/strong><\/p>\n<p>Participer \u00e0 des revues de projet en lien avec le p\u00e9rim\u00e8tre de vos missions ;<br \/>\nR\u00e9diger des avis, faites du reporting, r\u00e9aliser du benchmarck\u2026Pour ces missions, il vous revient de<br \/>\n\u00a0R\u00e9diger les rapports pour les Commissions permanentes ou S\u00e9ances pl\u00e9ni\u00e8res et \u00e9ventuellement \u00e9laborer et assurer le suivi des conventions, ainsi que notes, courriers, compte-rendu de r\u00e9union en lien avec les dossiers ou th\u00e9matiques du p\u00e9rim\u00e8tre d\u2019intervention ;<br \/>\nEtre force de proposition et participer aux r\u00e9flexions au niveau de l\u2019unit\u00e9 et du P\u00f4le concernant les nouvelles orientations \u00e0 proposer dans le cadre de la refondation des politiques sectorielles dans les domaines des pratiques artistiques de la Collectivit\u00e9 europ\u00e9enne d\u2019Alsace ;<br \/>\nContribuer \u00e0 la valorisation des politiques d\u00e9partementales relevant du p\u00e9rim\u00e8tre du poste ;<br \/>\nCollaborer aux r\u00e9flexions sur les sujets transversaux du P\u00f4le.<\/p>\n<h2>PROFILS RECHERCH\u00c9S<\/h2>\n<p>Titulaire d\u2019un dipl\u00f4me de l\u2019enseignement sup\u00e9rieur, niveau minimum Bac +3,<br \/>\nExp\u00e9rience dans le domaine de l\u2019\u00e9ducation artistique et culturelle ;<br \/>\nConnaissance du cadre r\u00e8glementaire, des enjeux et des acteurs de l\u2019EAC ;<br \/>\nConnaissance du fonctionnement des collectivit\u00e9s publiques ;<br \/>\nSens du travail en \u00e9quipe, en partenariat et en r\u00e9seau ;<br \/>\nMa\u00eetrise de la conduite de projet interne, transversal et partenarial ;<br \/>\nAisance dans la communication orale et \u00e9crite ;<br \/>\nForce de proposition et esprit d\u2019initiative.<\/p>\n<p>Temps de travail : 35h00 hebdomadaire<br \/>\nPoste \u00e0 pourvoir le 01\/02\/2023<br \/>\nDate limite de candidature 21\/12\/2022<\/p>\n<p><strong>Informations compl\u00e9mentaires<\/strong><\/p>\n<p>Recrutement statutaire ou \u00e0 d\u00e9faut par voie contractuelle, sur le grade d\u2019attach\u00e9 territorial ;<br \/>\nR\u00e9sidence administrative situ\u00e9e \u00e0 Colmar ou \u00e0 Strasbourg ;<br \/>\nPoste \u00e0 temps complet ;<br \/>\nPermis B.<\/p>\n<p>Vous pouvez consulter l\u2019offre et faire acte de candidature sur le site de la CeA :\u00a0<a href=\"https:\/\/www.alsace.eu\/offres-d-emploi-et-stages\/?start=0&amp;rows=12&amp;fq=categories_ss:%22A%22\">www.alsace.eu<\/a><\/p>\n<p>\u00a0<\/p>\n<p><a class=\"maxbutton-1 maxbutton maxbutton-inscription\" href=\"https:\/\/www.alsace.eu\/offres-d-emploi-et-stages\/?start=0&amp;rows=12&amp;fq=categories_ss:\"><span class=\"mb-text\">POSTULEZ<\/span><\/a><\/p>\n<p>L\u2019article <a href=\"https:\/\/popburo.fr\/la-collectivite-europeenne-dalsace-recrute-un-charge-de-mission-education-artistique-et-culturelle-f-h\/\">LA COLLECTIVIT\u00c9 EUROP\u00c9ENNE D&rsquo;ALSACE recrute un charg\u00e9 de mission \u00e9ducation artistique et culturelle [F\/H]<\/a> est apparu en premier sur <a href=\"https:\/\/popburo.fr\/\">POP B\u00dcRO<\/a>.<\/p>\n","protected":false},"excerpt":{"rendered":"<p>Dans le cadre d\u2019une Direction G\u00e9n\u00e9rale Adjointe \u201d Attractivit\u00e9 \u201d comprenant notamment les Directions de l\u2019Education-Jeunesse et des Sports-vie associative, Europe, Transfrontalier et Bilinguisme, la Direction de la Culture et du Patrimoine s\u2019organise autour des th\u00e9matiques du patrimoine, de la lecture publique, des archives et de la m\u00e9moire, de la fili\u00e8re castrale, de la culture scientifique, de la cr\u00e9ation-diffusion et des pratiques artistiques. La Direction de la Culture et du Patrimoine met en \u0153uvre les orientations strat\u00e9giques et les objectifs [&hellip;]<\/p>\n","protected":false},"author":0,"featured_media":0,"comment_status":"closed","ping_status":"open","sticky":false,"template":"","format":"standard","meta":{"footnotes":""},"categories":[1],"tags":[],"class_list":["post-4139","post","type-post","status-publish","format-standard","hentry","category-non-classe"],"yoast_head":"<!-- This site is optimized with the Yoast SEO plugin v27.5 - https:\/\/yoast.com\/product\/yoast-seo-wordpress\/ -->\n<title>LA COLLECTIVIT\u00c9 EUROP\u00c9ENNE D&#039;ALSACE recrute un charg\u00e9 de mission \u00e9ducation artistique et culturelle [F\/H] - HIERO STRASBOURG<\/title>\n<meta name=\"robots\" content=\"index, follow, max-snippet:-1, max-image-preview:large, max-video-preview:-1\" \/>\n<link rel=\"canonical\" href=\"https:\/\/hierostrasbourg.com\/index.php\/2022\/11\/22\/la-collectivite-europeenne-dalsace-recrute-un-charge-de-mission-education-artistique-et-culturelle-f-h-2\/\" \/>\n<meta property=\"og:locale\" content=\"fr_FR\" \/>\n<meta property=\"og:type\" content=\"article\" \/>\n<meta property=\"og:title\" content=\"LA COLLECTIVIT\u00c9 EUROP\u00c9ENNE D&#039;ALSACE recrute un charg\u00e9 de mission \u00e9ducation artistique et culturelle [F\/H] - HIERO STRASBOURG\" \/>\n<meta property=\"og:description\" content=\"Dans le cadre d\u2019une Direction G\u00e9n\u00e9rale Adjointe \u201d Attractivit\u00e9 \u201d comprenant notamment les Directions de l\u2019Education-Jeunesse et des Sports-vie associative, Europe, Transfrontalier et Bilinguisme, la Direction de la Culture et du Patrimoine s\u2019organise autour des th\u00e9matiques du patrimoine, de la lecture publique, des archives et de la m\u00e9moire, de la fili\u00e8re castrale, de la culture scientifique, de la cr\u00e9ation-diffusion et des pratiques artistiques. La Direction de la Culture et du Patrimoine met en \u0153uvre les orientations strat\u00e9giques et les objectifs [&hellip;]\" \/>\n<meta property=\"og:url\" content=\"https:\/\/hierostrasbourg.com\/index.php\/2022\/11\/22\/la-collectivite-europeenne-dalsace-recrute-un-charge-de-mission-education-artistique-et-culturelle-f-h-2\/\" \/>\n<meta property=\"og:site_name\" content=\"HIERO STRASBOURG\" \/>\n<meta property=\"article:publisher\" content=\"https:\/\/www.facebook.com\/fedehierostrasbourg\" \/>\n<meta property=\"article:published_time\" content=\"2022-11-22T13:41:10+00:00\" \/>\n<meta name=\"twitter:card\" content=\"summary_large_image\" \/>\n<meta name=\"twitter:creator\" content=\"@hierostrasbourg\" \/>\n<meta name=\"twitter:site\" content=\"@hierostrasbourg\" \/>\n<meta name=\"twitter:label1\" content=\"Dur\u00e9e de lecture estim\u00e9e\" \/>\n\t<meta name=\"twitter:data1\" content=\"5 minutes\" \/>\n<script type=\"application\/ld+json\" class=\"yoast-schema-graph\">{\"@context\":\"https:\\\/\\\/schema.org\",\"@graph\":[{\"@type\":\"Article\",\"@id\":\"https:\\\/\\\/hierostrasbourg.com\\\/index.php\\\/2022\\\/11\\\/22\\\/la-collectivite-europeenne-dalsace-recrute-un-charge-de-mission-education-artistique-et-culturelle-f-h-2\\\/#article\",\"isPartOf\":{\"@id\":\"https:\\\/\\\/hierostrasbourg.com\\\/index.php\\\/2022\\\/11\\\/22\\\/la-collectivite-europeenne-dalsace-recrute-un-charge-de-mission-education-artistique-et-culturelle-f-h-2\\\/\"},\"author\":{\"name\":\"\",\"@id\":\"\"},\"headline\":\"LA COLLECTIVIT\u00c9 EUROP\u00c9ENNE D&rsquo;ALSACE recrute un charg\u00e9 de mission \u00e9ducation artistique et culturelle [F\\\/H]\",\"datePublished\":\"2022-11-22T13:41:10+00:00\",\"mainEntityOfPage\":{\"@id\":\"https:\\\/\\\/hierostrasbourg.com\\\/index.php\\\/2022\\\/11\\\/22\\\/la-collectivite-europeenne-dalsace-recrute-un-charge-de-mission-education-artistique-et-culturelle-f-h-2\\\/\"},\"wordCount\":1105,\"publisher\":{\"@id\":\"https:\\\/\\\/hierostrasbourg.com\\\/#organization\"},\"inLanguage\":\"fr-FR\"},{\"@type\":\"WebPage\",\"@id\":\"https:\\\/\\\/hierostrasbourg.com\\\/index.php\\\/2022\\\/11\\\/22\\\/la-collectivite-europeenne-dalsace-recrute-un-charge-de-mission-education-artistique-et-culturelle-f-h-2\\\/\",\"url\":\"https:\\\/\\\/hierostrasbourg.com\\\/index.php\\\/2022\\\/11\\\/22\\\/la-collectivite-europeenne-dalsace-recrute-un-charge-de-mission-education-artistique-et-culturelle-f-h-2\\\/\",\"name\":\"LA COLLECTIVIT\u00c9 EUROP\u00c9ENNE D'ALSACE recrute un charg\u00e9 de mission \u00e9ducation artistique et culturelle [F\\\/H] - HIERO STRASBOURG\",\"isPartOf\":{\"@id\":\"https:\\\/\\\/hierostrasbourg.com\\\/#website\"},\"datePublished\":\"2022-11-22T13:41:10+00:00\",\"breadcrumb\":{\"@id\":\"https:\\\/\\\/hierostrasbourg.com\\\/index.php\\\/2022\\\/11\\\/22\\\/la-collectivite-europeenne-dalsace-recrute-un-charge-de-mission-education-artistique-et-culturelle-f-h-2\\\/#breadcrumb\"},\"inLanguage\":\"fr-FR\",\"potentialAction\":[{\"@type\":\"ReadAction\",\"target\":[\"https:\\\/\\\/hierostrasbourg.com\\\/index.php\\\/2022\\\/11\\\/22\\\/la-collectivite-europeenne-dalsace-recrute-un-charge-de-mission-education-artistique-et-culturelle-f-h-2\\\/\"]}]},{\"@type\":\"BreadcrumbList\",\"@id\":\"https:\\\/\\\/hierostrasbourg.com\\\/index.php\\\/2022\\\/11\\\/22\\\/la-collectivite-europeenne-dalsace-recrute-un-charge-de-mission-education-artistique-et-culturelle-f-h-2\\\/#breadcrumb\",\"itemListElement\":[{\"@type\":\"ListItem\",\"position\":1,\"name\":\"Accueil\",\"item\":\"https:\\\/\\\/hierostrasbourg.com\\\/\"},{\"@type\":\"ListItem\",\"position\":2,\"name\":\"LA COLLECTIVIT\u00c9 EUROP\u00c9ENNE D&#8217;ALSACE recrute un charg\u00e9 de mission \u00e9ducation artistique et culturelle [F\\\/H]\"}]},{\"@type\":\"WebSite\",\"@id\":\"https:\\\/\\\/hierostrasbourg.com\\\/#website\",\"url\":\"https:\\\/\\\/hierostrasbourg.com\\\/\",\"name\":\"HIERO STRASBOURG\",\"description\":\"Centre de Ressources Musiques Actuelles\",\"publisher\":{\"@id\":\"https:\\\/\\\/hierostrasbourg.com\\\/#organization\"},\"potentialAction\":[{\"@type\":\"SearchAction\",\"target\":{\"@type\":\"EntryPoint\",\"urlTemplate\":\"https:\\\/\\\/hierostrasbourg.com\\\/?s={search_term_string}\"},\"query-input\":{\"@type\":\"PropertyValueSpecification\",\"valueRequired\":true,\"valueName\":\"search_term_string\"}}],\"inLanguage\":\"fr-FR\"},{\"@type\":\"Organization\",\"@id\":\"https:\\\/\\\/hierostrasbourg.com\\\/#organization\",\"name\":\"F\u00e9d\u00e9ration Hi\u00e9ro Strasbourg\",\"url\":\"https:\\\/\\\/hierostrasbourg.com\\\/\",\"logo\":{\"@type\":\"ImageObject\",\"inLanguage\":\"fr-FR\",\"@id\":\"https:\\\/\\\/hierostrasbourg.com\\\/#\\\/schema\\\/logo\\\/image\\\/\",\"url\":\"https:\\\/\\\/hierostrasbourg.com\\\/wp-content\\\/uploads\\\/2026\\\/04\\\/logo-hiero-strasbourg.jpg\",\"contentUrl\":\"https:\\\/\\\/hierostrasbourg.com\\\/wp-content\\\/uploads\\\/2026\\\/04\\\/logo-hiero-strasbourg.jpg\",\"width\":204,\"height\":192,\"caption\":\"F\u00e9d\u00e9ration Hi\u00e9ro Strasbourg\"},\"image\":{\"@id\":\"https:\\\/\\\/hierostrasbourg.com\\\/#\\\/schema\\\/logo\\\/image\\\/\"},\"sameAs\":[\"https:\\\/\\\/www.facebook.com\\\/fedehierostrasbourg\",\"https:\\\/\\\/x.com\\\/hierostrasbourg\"]}]}<\/script>\n<!-- \/ Yoast SEO plugin. -->","yoast_head_json":{"title":"LA COLLECTIVIT\u00c9 EUROP\u00c9ENNE D'ALSACE recrute un charg\u00e9 de mission \u00e9ducation artistique et culturelle [F\/H] - HIERO STRASBOURG","robots":{"index":"index","follow":"follow","max-snippet":"max-snippet:-1","max-image-preview":"max-image-preview:large","max-video-preview":"max-video-preview:-1"},"canonical":"https:\/\/hierostrasbourg.com\/index.php\/2022\/11\/22\/la-collectivite-europeenne-dalsace-recrute-un-charge-de-mission-education-artistique-et-culturelle-f-h-2\/","og_locale":"fr_FR","og_type":"article","og_title":"LA COLLECTIVIT\u00c9 EUROP\u00c9ENNE D'ALSACE recrute un charg\u00e9 de mission \u00e9ducation artistique et culturelle [F\/H] - HIERO STRASBOURG","og_description":"Dans le cadre d\u2019une Direction G\u00e9n\u00e9rale Adjointe \u201d Attractivit\u00e9 \u201d comprenant notamment les Directions de l\u2019Education-Jeunesse et des Sports-vie associative, Europe, Transfrontalier et Bilinguisme, la Direction de la Culture et du Patrimoine s\u2019organise autour des th\u00e9matiques du patrimoine, de la lecture publique, des archives et de la m\u00e9moire, de la fili\u00e8re castrale, de la culture scientifique, de la cr\u00e9ation-diffusion et des pratiques artistiques. La Direction de la Culture et du Patrimoine met en \u0153uvre les orientations strat\u00e9giques et les objectifs [&hellip;]","og_url":"https:\/\/hierostrasbourg.com\/index.php\/2022\/11\/22\/la-collectivite-europeenne-dalsace-recrute-un-charge-de-mission-education-artistique-et-culturelle-f-h-2\/","og_site_name":"HIERO STRASBOURG","article_publisher":"https:\/\/www.facebook.com\/fedehierostrasbourg","article_published_time":"2022-11-22T13:41:10+00:00","twitter_card":"summary_large_image","twitter_creator":"@hierostrasbourg","twitter_site":"@hierostrasbourg","twitter_misc":{"Dur\u00e9e de lecture estim\u00e9e":"5 minutes"},"schema":{"@context":"https:\/\/schema.org","@graph":[{"@type":"Article","@id":"https:\/\/hierostrasbourg.com\/index.php\/2022\/11\/22\/la-collectivite-europeenne-dalsace-recrute-un-charge-de-mission-education-artistique-et-culturelle-f-h-2\/#article","isPartOf":{"@id":"https:\/\/hierostrasbourg.com\/index.php\/2022\/11\/22\/la-collectivite-europeenne-dalsace-recrute-un-charge-de-mission-education-artistique-et-culturelle-f-h-2\/"},"author":{"name":"","@id":""},"headline":"LA COLLECTIVIT\u00c9 EUROP\u00c9ENNE D&rsquo;ALSACE recrute un charg\u00e9 de mission \u00e9ducation artistique et culturelle [F\/H]","datePublished":"2022-11-22T13:41:10+00:00","mainEntityOfPage":{"@id":"https:\/\/hierostrasbourg.com\/index.php\/2022\/11\/22\/la-collectivite-europeenne-dalsace-recrute-un-charge-de-mission-education-artistique-et-culturelle-f-h-2\/"},"wordCount":1105,"publisher":{"@id":"https:\/\/hierostrasbourg.com\/#organization"},"inLanguage":"fr-FR"},{"@type":"WebPage","@id":"https:\/\/hierostrasbourg.com\/index.php\/2022\/11\/22\/la-collectivite-europeenne-dalsace-recrute-un-charge-de-mission-education-artistique-et-culturelle-f-h-2\/","url":"https:\/\/hierostrasbourg.com\/index.php\/2022\/11\/22\/la-collectivite-europeenne-dalsace-recrute-un-charge-de-mission-education-artistique-et-culturelle-f-h-2\/","name":"LA COLLECTIVIT\u00c9 EUROP\u00c9ENNE D'ALSACE recrute un charg\u00e9 de mission \u00e9ducation artistique et culturelle [F\/H] - HIERO STRASBOURG","isPartOf":{"@id":"https:\/\/hierostrasbourg.com\/#website"},"datePublished":"2022-11-22T13:41:10+00:00","breadcrumb":{"@id":"https:\/\/hierostrasbourg.com\/index.php\/2022\/11\/22\/la-collectivite-europeenne-dalsace-recrute-un-charge-de-mission-education-artistique-et-culturelle-f-h-2\/#breadcrumb"},"inLanguage":"fr-FR","potentialAction":[{"@type":"ReadAction","target":["https:\/\/hierostrasbourg.com\/index.php\/2022\/11\/22\/la-collectivite-europeenne-dalsace-recrute-un-charge-de-mission-education-artistique-et-culturelle-f-h-2\/"]}]},{"@type":"BreadcrumbList","@id":"https:\/\/hierostrasbourg.com\/index.php\/2022\/11\/22\/la-collectivite-europeenne-dalsace-recrute-un-charge-de-mission-education-artistique-et-culturelle-f-h-2\/#breadcrumb","itemListElement":[{"@type":"ListItem","position":1,"name":"Accueil","item":"https:\/\/hierostrasbourg.com\/"},{"@type":"ListItem","position":2,"name":"LA COLLECTIVIT\u00c9 EUROP\u00c9ENNE D&#8217;ALSACE recrute un charg\u00e9 de mission \u00e9ducation artistique et culturelle [F\/H]"}]},{"@type":"WebSite","@id":"https:\/\/hierostrasbourg.com\/#website","url":"https:\/\/hierostrasbourg.com\/","name":"HIERO STRASBOURG","description":"Centre de Ressources Musiques Actuelles","publisher":{"@id":"https:\/\/hierostrasbourg.com\/#organization"},"potentialAction":[{"@type":"SearchAction","target":{"@type":"EntryPoint","urlTemplate":"https:\/\/hierostrasbourg.com\/?s={search_term_string}"},"query-input":{"@type":"PropertyValueSpecification","valueRequired":true,"valueName":"search_term_string"}}],"inLanguage":"fr-FR"},{"@type":"Organization","@id":"https:\/\/hierostrasbourg.com\/#organization","name":"F\u00e9d\u00e9ration Hi\u00e9ro Strasbourg","url":"https:\/\/hierostrasbourg.com\/","logo":{"@type":"ImageObject","inLanguage":"fr-FR","@id":"https:\/\/hierostrasbourg.com\/#\/schema\/logo\/image\/","url":"https:\/\/hierostrasbourg.com\/wp-content\/uploads\/2026\/04\/logo-hiero-strasbourg.jpg","contentUrl":"https:\/\/hierostrasbourg.com\/wp-content\/uploads\/2026\/04\/logo-hiero-strasbourg.jpg","width":204,"height":192,"caption":"F\u00e9d\u00e9ration Hi\u00e9ro Strasbourg"},"image":{"@id":"https:\/\/hierostrasbourg.com\/#\/schema\/logo\/image\/"},"sameAs":["https:\/\/www.facebook.com\/fedehierostrasbourg","https:\/\/x.com\/hierostrasbourg"]}]}},"_links":{"self":[{"href":"https:\/\/hierostrasbourg.com\/index.php\/wp-json\/wp\/v2\/posts\/4139","targetHints":{"allow":["GET"]}}],"collection":[{"href":"https:\/\/hierostrasbourg.com\/index.php\/wp-json\/wp\/v2\/posts"}],"about":[{"href":"https:\/\/hierostrasbourg.com\/index.php\/wp-json\/wp\/v2\/types\/post"}],"replies":[{"embeddable":true,"href":"https:\/\/hierostrasbourg.com\/index.php\/wp-json\/wp\/v2\/comments?post=4139"}],"version-history":[{"count":0,"href":"https:\/\/hierostrasbourg.com\/index.php\/wp-json\/wp\/v2\/posts\/4139\/revisions"}],"wp:attachment":[{"href":"https:\/\/hierostrasbourg.com\/index.php\/wp-json\/wp\/v2\/media?parent=4139"}],"wp:term":[{"taxonomy":"category","embeddable":true,"href":"https:\/\/hierostrasbourg.com\/index.php\/wp-json\/wp\/v2\/categories?post=4139"},{"taxonomy":"post_tag","embeddable":true,"href":"https:\/\/hierostrasbourg.com\/index.php\/wp-json\/wp\/v2\/tags?post=4139"}],"curies":[{"name":"wp","href":"https:\/\/api.w.org\/{rel}","templated":true}]}}