{"id":4130,"date":"2022-11-21T13:38:05","date_gmt":"2022-11-21T12:38:05","guid":{"rendered":"https:\/\/hierostrasbourg.com\/index.php\/2022\/11\/21\/ecoutez-le-workshop-organise-au-mama-par-pop-buro-les-groupements-demployeurs-dans-le-secteur-culturel\/"},"modified":"2022-11-21T13:38:05","modified_gmt":"2022-11-21T12:38:05","slug":"ecoutez-le-workshop-organise-au-mama-par-pop-buro-les-groupements-demployeurs-dans-le-secteur-culturel","status":"publish","type":"post","link":"https:\/\/hierostrasbourg.com\/index.php\/2022\/11\/21\/ecoutez-le-workshop-organise-au-mama-par-pop-buro-les-groupements-demployeurs-dans-le-secteur-culturel\/","title":{"rendered":"\u00c9coutez le workshop organis\u00e9 au MaMA par POP B\u00dcRO : \u201cLes groupements d\u2019employeurs dans le secteur culturel\u201d"},"content":{"rendered":"<h2>Les groupements d\u2019employeurs dans le secteur culturel<\/h2>\n<p>Le groupement d\u2019employeurs a pour but de mettre \u00e0 disposition de ses adh\u00e9rents des salari\u00e9\u00b7e\u00b7s li\u00e9\u00b7e\u00b7s au groupement par un contrat de travail.<\/p>\n<p>Le groupement apporte \u00e0 ses membres un accompagnement en mati\u00e8re d\u2019emploi ou de gestion des ressources humaines et donnent la possibilit\u00e9 aux salari\u00e9\u00b7e\u00b7s de s\u2019enrichir professionnellement gr\u00e2ce \u00e0 la diversit\u00e9 des exp\u00e9riences de travail, en gardant de la souplesse dans leurs emplois du temps. Le groupement permet \u00e9galement de travailler en r\u00e9seau avec d\u2019autres acteurs adh\u00e9rents d\u2019un territoire (associations, entreprises, collectivit\u00e9s territoriales) et de repenser collectivement les ressources humaines sur des fonctions supports (administration, comptabilit\u00e9, production, communication, accueil, billetterie\u2026) comme d\u2019autres qui peuvent \u00eatre consid\u00e9r\u00e9es comme plus concurrentielles (programmation, diffusion, m\u00e9diation culturelle\u0085). Cumulable avec d\u2019autres dispositifs d\u2019aide \u00e0 l\u2019emploi et d\u2019insertion professionnelle, le groupement d\u2019employeurs permet de r\u00e9pondre aux besoins des entreprises culturelles en exp\u00e9rimentant un outil pertinent pour un d\u00e9veloppement \u00e9conomique s\u00e9curis\u00e9 affili\u00e9 \u00e0 l\u2019\u00e9conomie sociale et solidaire.<\/p>\n<p>Ce dispositif de mutualisation des emplois, apparu dans les ann\u00e9es 80 dans le secteur agricole, reste encore \u00e0 la marge dans le secteur culturel. Pourtant, c\u2019est une alternative qui r\u00e9pond aux besoins de nos structures, sp\u00e9cialement aux TPE\/PME, fragilis\u00e9es \u00e9conomiquement et dans leurs mod\u00e8les structurels par la crise sanitaire.<\/p>\n<p>En effet on ne compte qu\u2019une quarantaine de groupements d\u2019employeurs Culture en France qui permettent pourtant de satisfaire aux besoins de ses adh\u00e9rents en personnel r\u00e9currents et \u00e0 temps partiel, ainsi que de s\u00e9curiser des parcours de salari\u00e9\u00b7e\u00b7s par la cr\u00e9ation d\u2019emplois stables, principalement en CDI et l\u2019acquisition de comp\u00e9tences et d\u2019exp\u00e9riences<\/p>\n<\/p>\n<p>L\u2019article <a href=\"https:\/\/popburo.fr\/les-groupements-demployeurs-dans-le-secteur-culturel\/\">\u00c9coutez le workshop organis\u00e9 au MaMA par POP B\u00dcRO : \u201cLes groupements d\u2019employeurs dans le secteur culturel\u201d<\/a> est apparu en premier sur <a href=\"https:\/\/popburo.fr\/\">POP B\u00dcRO<\/a>.<\/p>\n","protected":false},"excerpt":{"rendered":"<p>Les groupements d\u2019employeurs dans le secteur culturel Le groupement d\u2019employeurs a pour but de mettre \u00e0 disposition de ses adh\u00e9rents des salari\u00e9\u00b7e\u00b7s li\u00e9\u00b7e\u00b7s au groupement par un contrat de travail. Le groupement apporte \u00e0 ses membres un accompagnement en mati\u00e8re d\u2019emploi ou de gestion des ressources humaines et donnent la possibilit\u00e9 aux salari\u00e9\u00b7e\u00b7s de s\u2019enrichir professionnellement gr\u00e2ce \u00e0 la diversit\u00e9 des exp\u00e9riences de travail, en gardant de la souplesse dans leurs emplois du temps. Le groupement permet \u00e9galement de travailler [&hellip;]<\/p>\n","protected":false},"author":0,"featured_media":0,"comment_status":"closed","ping_status":"open","sticky":false,"template":"","format":"standard","meta":{"footnotes":""},"categories":[1],"tags":[],"class_list":["post-4130","post","type-post","status-publish","format-standard","hentry","category-non-classe"],"yoast_head":"<!-- This site is optimized with the Yoast SEO plugin v27.5 - https:\/\/yoast.com\/product\/yoast-seo-wordpress\/ -->\n<title>\u00c9coutez le workshop organis\u00e9 au MaMA par POP B\u00dcRO : \u201cLes groupements d\u2019employeurs dans le secteur culturel\u201d - HIERO STRASBOURG<\/title>\n<meta name=\"robots\" content=\"index, follow, max-snippet:-1, max-image-preview:large, max-video-preview:-1\" \/>\n<link rel=\"canonical\" href=\"https:\/\/hierostrasbourg.com\/index.php\/2022\/11\/21\/ecoutez-le-workshop-organise-au-mama-par-pop-buro-les-groupements-demployeurs-dans-le-secteur-culturel\/\" \/>\n<meta property=\"og:locale\" content=\"fr_FR\" \/>\n<meta property=\"og:type\" content=\"article\" \/>\n<meta property=\"og:title\" content=\"\u00c9coutez le workshop organis\u00e9 au MaMA par POP B\u00dcRO : \u201cLes groupements d\u2019employeurs dans le secteur culturel\u201d - HIERO STRASBOURG\" \/>\n<meta property=\"og:description\" content=\"Les groupements d\u2019employeurs dans le secteur culturel Le groupement d\u2019employeurs a pour but de mettre \u00e0 disposition de ses adh\u00e9rents des salari\u00e9\u00b7e\u00b7s li\u00e9\u00b7e\u00b7s au groupement par un contrat de travail. Le groupement apporte \u00e0 ses membres un accompagnement en mati\u00e8re d\u2019emploi ou de gestion des ressources humaines et donnent la possibilit\u00e9 aux salari\u00e9\u00b7e\u00b7s de s\u2019enrichir professionnellement gr\u00e2ce \u00e0 la diversit\u00e9 des exp\u00e9riences de travail, en gardant de la souplesse dans leurs emplois du temps. Le groupement permet \u00e9galement de travailler [&hellip;]\" \/>\n<meta property=\"og:url\" content=\"https:\/\/hierostrasbourg.com\/index.php\/2022\/11\/21\/ecoutez-le-workshop-organise-au-mama-par-pop-buro-les-groupements-demployeurs-dans-le-secteur-culturel\/\" \/>\n<meta property=\"og:site_name\" content=\"HIERO STRASBOURG\" \/>\n<meta property=\"article:publisher\" content=\"https:\/\/www.facebook.com\/fedehierostrasbourg\" \/>\n<meta property=\"article:published_time\" content=\"2022-11-21T12:38:05+00:00\" \/>\n<meta name=\"twitter:card\" content=\"summary_large_image\" \/>\n<meta name=\"twitter:creator\" content=\"@hierostrasbourg\" \/>\n<meta name=\"twitter:site\" content=\"@hierostrasbourg\" \/>\n<meta name=\"twitter:label1\" content=\"Dur\u00e9e de lecture estim\u00e9e\" \/>\n\t<meta name=\"twitter:data1\" content=\"2 minutes\" \/>\n<script type=\"application\/ld+json\" class=\"yoast-schema-graph\">{\"@context\":\"https:\\\/\\\/schema.org\",\"@graph\":[{\"@type\":\"Article\",\"@id\":\"https:\\\/\\\/hierostrasbourg.com\\\/index.php\\\/2022\\\/11\\\/21\\\/ecoutez-le-workshop-organise-au-mama-par-pop-buro-les-groupements-demployeurs-dans-le-secteur-culturel\\\/#article\",\"isPartOf\":{\"@id\":\"https:\\\/\\\/hierostrasbourg.com\\\/index.php\\\/2022\\\/11\\\/21\\\/ecoutez-le-workshop-organise-au-mama-par-pop-buro-les-groupements-demployeurs-dans-le-secteur-culturel\\\/\"},\"author\":{\"name\":\"\",\"@id\":\"\"},\"headline\":\"\u00c9coutez le workshop organis\u00e9 au MaMA par POP B\u00dcRO : \u201cLes groupements d\u2019employeurs dans le secteur culturel\u201d\",\"datePublished\":\"2022-11-21T12:38:05+00:00\",\"mainEntityOfPage\":{\"@id\":\"https:\\\/\\\/hierostrasbourg.com\\\/index.php\\\/2022\\\/11\\\/21\\\/ecoutez-le-workshop-organise-au-mama-par-pop-buro-les-groupements-demployeurs-dans-le-secteur-culturel\\\/\"},\"wordCount\":351,\"publisher\":{\"@id\":\"https:\\\/\\\/hierostrasbourg.com\\\/#organization\"},\"inLanguage\":\"fr-FR\"},{\"@type\":\"WebPage\",\"@id\":\"https:\\\/\\\/hierostrasbourg.com\\\/index.php\\\/2022\\\/11\\\/21\\\/ecoutez-le-workshop-organise-au-mama-par-pop-buro-les-groupements-demployeurs-dans-le-secteur-culturel\\\/\",\"url\":\"https:\\\/\\\/hierostrasbourg.com\\\/index.php\\\/2022\\\/11\\\/21\\\/ecoutez-le-workshop-organise-au-mama-par-pop-buro-les-groupements-demployeurs-dans-le-secteur-culturel\\\/\",\"name\":\"\u00c9coutez le workshop organis\u00e9 au MaMA par POP B\u00dcRO : \u201cLes groupements d\u2019employeurs dans le secteur culturel\u201d - HIERO STRASBOURG\",\"isPartOf\":{\"@id\":\"https:\\\/\\\/hierostrasbourg.com\\\/#website\"},\"datePublished\":\"2022-11-21T12:38:05+00:00\",\"breadcrumb\":{\"@id\":\"https:\\\/\\\/hierostrasbourg.com\\\/index.php\\\/2022\\\/11\\\/21\\\/ecoutez-le-workshop-organise-au-mama-par-pop-buro-les-groupements-demployeurs-dans-le-secteur-culturel\\\/#breadcrumb\"},\"inLanguage\":\"fr-FR\",\"potentialAction\":[{\"@type\":\"ReadAction\",\"target\":[\"https:\\\/\\\/hierostrasbourg.com\\\/index.php\\\/2022\\\/11\\\/21\\\/ecoutez-le-workshop-organise-au-mama-par-pop-buro-les-groupements-demployeurs-dans-le-secteur-culturel\\\/\"]}]},{\"@type\":\"BreadcrumbList\",\"@id\":\"https:\\\/\\\/hierostrasbourg.com\\\/index.php\\\/2022\\\/11\\\/21\\\/ecoutez-le-workshop-organise-au-mama-par-pop-buro-les-groupements-demployeurs-dans-le-secteur-culturel\\\/#breadcrumb\",\"itemListElement\":[{\"@type\":\"ListItem\",\"position\":1,\"name\":\"Accueil\",\"item\":\"https:\\\/\\\/hierostrasbourg.com\\\/\"},{\"@type\":\"ListItem\",\"position\":2,\"name\":\"\u00c9coutez le workshop organis\u00e9 au MaMA par POP B\u00dcRO : \u201cLes groupements d\u2019employeurs dans le secteur culturel\u201d\"}]},{\"@type\":\"WebSite\",\"@id\":\"https:\\\/\\\/hierostrasbourg.com\\\/#website\",\"url\":\"https:\\\/\\\/hierostrasbourg.com\\\/\",\"name\":\"HIERO STRASBOURG\",\"description\":\"Centre de Ressources Musiques Actuelles\",\"publisher\":{\"@id\":\"https:\\\/\\\/hierostrasbourg.com\\\/#organization\"},\"potentialAction\":[{\"@type\":\"SearchAction\",\"target\":{\"@type\":\"EntryPoint\",\"urlTemplate\":\"https:\\\/\\\/hierostrasbourg.com\\\/?s={search_term_string}\"},\"query-input\":{\"@type\":\"PropertyValueSpecification\",\"valueRequired\":true,\"valueName\":\"search_term_string\"}}],\"inLanguage\":\"fr-FR\"},{\"@type\":\"Organization\",\"@id\":\"https:\\\/\\\/hierostrasbourg.com\\\/#organization\",\"name\":\"F\u00e9d\u00e9ration Hi\u00e9ro Strasbourg\",\"url\":\"https:\\\/\\\/hierostrasbourg.com\\\/\",\"logo\":{\"@type\":\"ImageObject\",\"inLanguage\":\"fr-FR\",\"@id\":\"https:\\\/\\\/hierostrasbourg.com\\\/#\\\/schema\\\/logo\\\/image\\\/\",\"url\":\"https:\\\/\\\/hierostrasbourg.com\\\/wp-content\\\/uploads\\\/2026\\\/04\\\/logo-hiero-strasbourg.jpg\",\"contentUrl\":\"https:\\\/\\\/hierostrasbourg.com\\\/wp-content\\\/uploads\\\/2026\\\/04\\\/logo-hiero-strasbourg.jpg\",\"width\":204,\"height\":192,\"caption\":\"F\u00e9d\u00e9ration Hi\u00e9ro Strasbourg\"},\"image\":{\"@id\":\"https:\\\/\\\/hierostrasbourg.com\\\/#\\\/schema\\\/logo\\\/image\\\/\"},\"sameAs\":[\"https:\\\/\\\/www.facebook.com\\\/fedehierostrasbourg\",\"https:\\\/\\\/x.com\\\/hierostrasbourg\"]}]}<\/script>\n<!-- \/ Yoast SEO plugin. -->","yoast_head_json":{"title":"\u00c9coutez le workshop organis\u00e9 au MaMA par POP B\u00dcRO : \u201cLes groupements d\u2019employeurs dans le secteur culturel\u201d - HIERO STRASBOURG","robots":{"index":"index","follow":"follow","max-snippet":"max-snippet:-1","max-image-preview":"max-image-preview:large","max-video-preview":"max-video-preview:-1"},"canonical":"https:\/\/hierostrasbourg.com\/index.php\/2022\/11\/21\/ecoutez-le-workshop-organise-au-mama-par-pop-buro-les-groupements-demployeurs-dans-le-secteur-culturel\/","og_locale":"fr_FR","og_type":"article","og_title":"\u00c9coutez le workshop organis\u00e9 au MaMA par POP B\u00dcRO : \u201cLes groupements d\u2019employeurs dans le secteur culturel\u201d - HIERO STRASBOURG","og_description":"Les groupements d\u2019employeurs dans le secteur culturel Le groupement d\u2019employeurs a pour but de mettre \u00e0 disposition de ses adh\u00e9rents des salari\u00e9\u00b7e\u00b7s li\u00e9\u00b7e\u00b7s au groupement par un contrat de travail. Le groupement apporte \u00e0 ses membres un accompagnement en mati\u00e8re d\u2019emploi ou de gestion des ressources humaines et donnent la possibilit\u00e9 aux salari\u00e9\u00b7e\u00b7s de s\u2019enrichir professionnellement gr\u00e2ce \u00e0 la diversit\u00e9 des exp\u00e9riences de travail, en gardant de la souplesse dans leurs emplois du temps. Le groupement permet \u00e9galement de travailler [&hellip;]","og_url":"https:\/\/hierostrasbourg.com\/index.php\/2022\/11\/21\/ecoutez-le-workshop-organise-au-mama-par-pop-buro-les-groupements-demployeurs-dans-le-secteur-culturel\/","og_site_name":"HIERO STRASBOURG","article_publisher":"https:\/\/www.facebook.com\/fedehierostrasbourg","article_published_time":"2022-11-21T12:38:05+00:00","twitter_card":"summary_large_image","twitter_creator":"@hierostrasbourg","twitter_site":"@hierostrasbourg","twitter_misc":{"Dur\u00e9e de lecture estim\u00e9e":"2 minutes"},"schema":{"@context":"https:\/\/schema.org","@graph":[{"@type":"Article","@id":"https:\/\/hierostrasbourg.com\/index.php\/2022\/11\/21\/ecoutez-le-workshop-organise-au-mama-par-pop-buro-les-groupements-demployeurs-dans-le-secteur-culturel\/#article","isPartOf":{"@id":"https:\/\/hierostrasbourg.com\/index.php\/2022\/11\/21\/ecoutez-le-workshop-organise-au-mama-par-pop-buro-les-groupements-demployeurs-dans-le-secteur-culturel\/"},"author":{"name":"","@id":""},"headline":"\u00c9coutez le workshop organis\u00e9 au MaMA par POP B\u00dcRO : \u201cLes groupements d\u2019employeurs dans le secteur culturel\u201d","datePublished":"2022-11-21T12:38:05+00:00","mainEntityOfPage":{"@id":"https:\/\/hierostrasbourg.com\/index.php\/2022\/11\/21\/ecoutez-le-workshop-organise-au-mama-par-pop-buro-les-groupements-demployeurs-dans-le-secteur-culturel\/"},"wordCount":351,"publisher":{"@id":"https:\/\/hierostrasbourg.com\/#organization"},"inLanguage":"fr-FR"},{"@type":"WebPage","@id":"https:\/\/hierostrasbourg.com\/index.php\/2022\/11\/21\/ecoutez-le-workshop-organise-au-mama-par-pop-buro-les-groupements-demployeurs-dans-le-secteur-culturel\/","url":"https:\/\/hierostrasbourg.com\/index.php\/2022\/11\/21\/ecoutez-le-workshop-organise-au-mama-par-pop-buro-les-groupements-demployeurs-dans-le-secteur-culturel\/","name":"\u00c9coutez le workshop organis\u00e9 au MaMA par POP B\u00dcRO : \u201cLes groupements d\u2019employeurs dans le secteur culturel\u201d - HIERO STRASBOURG","isPartOf":{"@id":"https:\/\/hierostrasbourg.com\/#website"},"datePublished":"2022-11-21T12:38:05+00:00","breadcrumb":{"@id":"https:\/\/hierostrasbourg.com\/index.php\/2022\/11\/21\/ecoutez-le-workshop-organise-au-mama-par-pop-buro-les-groupements-demployeurs-dans-le-secteur-culturel\/#breadcrumb"},"inLanguage":"fr-FR","potentialAction":[{"@type":"ReadAction","target":["https:\/\/hierostrasbourg.com\/index.php\/2022\/11\/21\/ecoutez-le-workshop-organise-au-mama-par-pop-buro-les-groupements-demployeurs-dans-le-secteur-culturel\/"]}]},{"@type":"BreadcrumbList","@id":"https:\/\/hierostrasbourg.com\/index.php\/2022\/11\/21\/ecoutez-le-workshop-organise-au-mama-par-pop-buro-les-groupements-demployeurs-dans-le-secteur-culturel\/#breadcrumb","itemListElement":[{"@type":"ListItem","position":1,"name":"Accueil","item":"https:\/\/hierostrasbourg.com\/"},{"@type":"ListItem","position":2,"name":"\u00c9coutez le workshop organis\u00e9 au MaMA par POP B\u00dcRO : \u201cLes groupements d\u2019employeurs dans le secteur culturel\u201d"}]},{"@type":"WebSite","@id":"https:\/\/hierostrasbourg.com\/#website","url":"https:\/\/hierostrasbourg.com\/","name":"HIERO STRASBOURG","description":"Centre de Ressources Musiques Actuelles","publisher":{"@id":"https:\/\/hierostrasbourg.com\/#organization"},"potentialAction":[{"@type":"SearchAction","target":{"@type":"EntryPoint","urlTemplate":"https:\/\/hierostrasbourg.com\/?s={search_term_string}"},"query-input":{"@type":"PropertyValueSpecification","valueRequired":true,"valueName":"search_term_string"}}],"inLanguage":"fr-FR"},{"@type":"Organization","@id":"https:\/\/hierostrasbourg.com\/#organization","name":"F\u00e9d\u00e9ration Hi\u00e9ro Strasbourg","url":"https:\/\/hierostrasbourg.com\/","logo":{"@type":"ImageObject","inLanguage":"fr-FR","@id":"https:\/\/hierostrasbourg.com\/#\/schema\/logo\/image\/","url":"https:\/\/hierostrasbourg.com\/wp-content\/uploads\/2026\/04\/logo-hiero-strasbourg.jpg","contentUrl":"https:\/\/hierostrasbourg.com\/wp-content\/uploads\/2026\/04\/logo-hiero-strasbourg.jpg","width":204,"height":192,"caption":"F\u00e9d\u00e9ration Hi\u00e9ro Strasbourg"},"image":{"@id":"https:\/\/hierostrasbourg.com\/#\/schema\/logo\/image\/"},"sameAs":["https:\/\/www.facebook.com\/fedehierostrasbourg","https:\/\/x.com\/hierostrasbourg"]}]}},"_links":{"self":[{"href":"https:\/\/hierostrasbourg.com\/index.php\/wp-json\/wp\/v2\/posts\/4130","targetHints":{"allow":["GET"]}}],"collection":[{"href":"https:\/\/hierostrasbourg.com\/index.php\/wp-json\/wp\/v2\/posts"}],"about":[{"href":"https:\/\/hierostrasbourg.com\/index.php\/wp-json\/wp\/v2\/types\/post"}],"replies":[{"embeddable":true,"href":"https:\/\/hierostrasbourg.com\/index.php\/wp-json\/wp\/v2\/comments?post=4130"}],"version-history":[{"count":0,"href":"https:\/\/hierostrasbourg.com\/index.php\/wp-json\/wp\/v2\/posts\/4130\/revisions"}],"wp:attachment":[{"href":"https:\/\/hierostrasbourg.com\/index.php\/wp-json\/wp\/v2\/media?parent=4130"}],"wp:term":[{"taxonomy":"category","embeddable":true,"href":"https:\/\/hierostrasbourg.com\/index.php\/wp-json\/wp\/v2\/categories?post=4130"},{"taxonomy":"post_tag","embeddable":true,"href":"https:\/\/hierostrasbourg.com\/index.php\/wp-json\/wp\/v2\/tags?post=4130"}],"curies":[{"name":"wp","href":"https:\/\/api.w.org\/{rel}","templated":true}]}}